{"id":65358,"date":"2023-10-27T14:27:59","date_gmt":"2023-10-27T18:27:59","guid":{"rendered":"https:\/\/lasprimeras.com.do\/?p=65358"},"modified":"2023-10-27T14:28:00","modified_gmt":"2023-10-27T18:28:00","slug":"bomberos-aun-intentan-sofocar-incendio-en-fabrica-textil-de-santiago-vecinos-temen-que-se-propague","status":"publish","type":"post","link":"https:\/\/lasprimeras.com.do\/index.php\/2023\/10\/27\/bomberos-aun-intentan-sofocar-incendio-en-fabrica-textil-de-santiago-vecinos-temen-que-se-propague\/","title":{"rendered":"Bomberos a\u00fan intentan sofocar incendio en f\u00e1brica textil de Santiago: vecinos temen que se propague"},"content":{"rendered":"\n<p>Santiago.-Varias unidades del cuerpo de bomberos de la provincia de Santiago a\u00fan contin\u00faan en los esfuerzos por sofocar el incendio producido la madrugada de este viernes en la f\u00e1brica textil \u201cFashion Textil\u201d, ubicada en el sector Villa Liberaci\u00f3n, de la Otra Banda, en la zona Oeste.<\/p>\n\n\n\n<p>Mientras en las inmediaciones del lugar permanecen cientos de empleados que acudieron a trabajar, pero se encontraron con la situaci\u00f3n, los vecinos temen que las llamas se propaguen a la zona acotada de la localidad de Villa Liberaci\u00f3n.<\/p>\n\n\n\n<p>De acuerdo con Nathalio Abreu, el propietario, el fuego habr\u00eda sido provocado por un cortocircuito alrededor de las 10:00 de la noche de jueves, cuando lleg\u00f3 la energ\u00eda el\u00e9ctrica y se produjo la explosi\u00f3n que desencaden\u00f3 en el siniestro.<\/p>\n\n\n\n<p>M\u00e1s de 300 personas se han quedado sin empleos debido a la condici\u00f3n fatal de Fashion Textil.<\/p>\n","protected":false},"excerpt":{"rendered":"<p>Santiago.-Varias unidades del cuerpo de bomberos de la provincia de Santiago a\u00fan contin\u00faan en los esfuerzos por sofocar el incendio producido la madrugada de este viernes en la f\u00e1brica textil&hellip;<\/p>\n","protected":false},"author":3,"featured_media":65359,"comment_status":"open","ping_status":"open","sticky":false,"template":"","format":"standard","meta":{"content-type":"","jetpack_post_was_ever_published":false,"_jetpack_newsletter_access":"","_jetpack_dont_email_post_to_subs":false,"_jetpack_newsletter_tier_id":0,"_jetpack_memberships_contains_paywalled_content":false,"_jetpack_memberships_contains_paid_content":false,"footnotes":""},"categories":[25],"tags":[3921,1399,1049],"class_list":["post-65358","post","type-post","status-publish","format-standard","has-post-thumbnail","hentry","category-portada","tag-bomberos","tag-incendio","tag-santiago"],"jetpack_featured_media_url":"https:\/\/lasprimeras.com.do\/wp-content\/uploads\/2023\/10\/WhatsApp-Image-2023-10-27-at-10.33.57-AM.jpeg","jetpack-related-posts":[{"id":65330,"url":"https:\/\/lasprimeras.com.do\/index.php\/2023\/10\/27\/incendio-destruye-fabrica-textil-en-santiago\/","url_meta":{"origin":65358,"position":0},"title":"Incendio destruye f\u00e1brica textil en Santiago","author":"Nelson Feliz","date":"27 de octubre de 2023","format":false,"excerpt":"Unidades de los bomberos de varias localidades se suman para controlar el fuego. Desde la noche del viernes, unidades del Cuerpo de Bomberos de Santiago intentan apagar un incendio que afecta la instalaci\u00f3n de una zona franca especial, dedicada a la fabricaci\u00f3n de textiles, en Villa Liberaci\u00f3n, la Otra Banda\u2026","rel":"","context":"En \u00abNACIONALES\u00bb","block_context":{"text":"NACIONALES","link":"https:\/\/lasprimeras.com.do\/index.php\/category\/nacionales\/"},"img":{"alt_text":"","src":"https:\/\/i0.wp.com\/lasprimeras.com.do\/wp-content\/uploads\/2023\/10\/Incendio.jpeg?resize=350%2C200&ssl=1","width":350,"height":200,"srcset":"https:\/\/i0.wp.com\/lasprimeras.com.do\/wp-content\/uploads\/2023\/10\/Incendio.jpeg?resize=350%2C200&ssl=1 1x, https:\/\/i0.wp.com\/lasprimeras.com.do\/wp-content\/uploads\/2023\/10\/Incendio.jpeg?resize=525%2C300&ssl=1 1.5x, https:\/\/i0.wp.com\/lasprimeras.com.do\/wp-content\/uploads\/2023\/10\/Incendio.jpeg?resize=700%2C400&ssl=1 2x"},"classes":[]},{"id":89730,"url":"https:\/\/lasprimeras.com.do\/index.php\/2024\/10\/03\/911-sofoca-incendio-de-fabrica-en-zona-industrial-de-santiago\/","url_meta":{"origin":65358,"position":1},"title":"911 sofoca incendio de f\u00e1brica en zona industrial de Santiago","author":"Nelson Feliz","date":"3 de octubre de 2024","format":false,"excerpt":"El Sistema Nacional de Atenci\u00f3n a Emergencias y Seguridad 911 coordina la respuesta ante un incendio que se desat\u00f3 en una f\u00e1brica de pl\u00e1stico y papel, ubicada en el sector Pontezuela Arriba, municipio Santiago, la tarde de este jueves. El siniestro afect\u00f3 una nave industrial de dos niveles en la\u2026","rel":"","context":"En \u00abNACIONALES\u00bb","block_context":{"text":"NACIONALES","link":"https:\/\/lasprimeras.com.do\/index.php\/category\/nacionales\/"},"img":{"alt_text":"","src":"https:\/\/i0.wp.com\/lasprimeras.com.do\/wp-content\/uploads\/2024\/10\/incendio-3.jpg?resize=350%2C200&ssl=1","width":350,"height":200,"srcset":"https:\/\/i0.wp.com\/lasprimeras.com.do\/wp-content\/uploads\/2024\/10\/incendio-3.jpg?resize=350%2C200&ssl=1 1x, https:\/\/i0.wp.com\/lasprimeras.com.do\/wp-content\/uploads\/2024\/10\/incendio-3.jpg?resize=525%2C300&ssl=1 1.5x, https:\/\/i0.wp.com\/lasprimeras.com.do\/wp-content\/uploads\/2024\/10\/incendio-3.jpg?resize=700%2C400&ssl=1 2x"},"classes":[]},{"id":57856,"url":"https:\/\/lasprimeras.com.do\/index.php\/2023\/08\/16\/incendio-destruye-varios-locales-en-plaza-comercial-las-terrenas\/","url_meta":{"origin":65358,"position":2},"title":"Incendio destruye varios locales en plaza comercial Las Terrenas","author":"Nelson Feliz","date":"16 de agosto de 2023","format":false,"excerpt":"Un incendio afect\u00f3 este mi\u00e9rcoles a una plaza comercial de municipio de Las Terrenas, Saman\u00e1, quemando varios establecimientos, aunque el incendio se ha sofocado sin que se hayan registrados da\u00f1os personales, inform\u00f3 el alcalde la localidad, Eduardo Esteban. El funcionario se\u00f1al\u00f3 a EFE que el fuego se origin\u00f3 en la\u2026","rel":"","context":"En \u00abNACIONALES\u00bb","block_context":{"text":"NACIONALES","link":"https:\/\/lasprimeras.com.do\/index.php\/category\/nacionales\/"},"img":{"alt_text":"incendio","src":"https:\/\/i0.wp.com\/lasprimeras.com.do\/wp-content\/uploads\/2023\/08\/incendio.jpg?resize=350%2C200&ssl=1","width":350,"height":200,"srcset":"https:\/\/i0.wp.com\/lasprimeras.com.do\/wp-content\/uploads\/2023\/08\/incendio.jpg?resize=350%2C200&ssl=1 1x, https:\/\/i0.wp.com\/lasprimeras.com.do\/wp-content\/uploads\/2023\/08\/incendio.jpg?resize=525%2C300&ssl=1 1.5x"},"classes":[]},{"id":92443,"url":"https:\/\/lasprimeras.com.do\/index.php\/2025\/01\/04\/voraz-incendio-consume-en-su-totalidad-una-vivienda-en-san-juan\/","url_meta":{"origin":65358,"position":3},"title":"Voraz incendio consume en su totalidad una vivienda en San Juan","author":"Nelson Feliz","date":"4 de enero de 2025","format":false,"excerpt":"Un voraz incendio consumi\u00f3 en su totalidad una vivienda y parte de otra en el sector La Picantina, ubicado en Corbano Sur, de San Juan. El siniestro, que dej\u00f3 a una familia sin hogar y sin sus pertenencias, moviliz\u00f3 a tres unidades del Cuerpo de Bomberos, quienes lograron sofocar las\u2026","rel":"","context":"En \u00abNACIONALES\u00bb","block_context":{"text":"NACIONALES","link":"https:\/\/lasprimeras.com.do\/index.php\/category\/nacionales\/"},"img":{"alt_text":"","src":"https:\/\/i0.wp.com\/lasprimeras.com.do\/wp-content\/uploads\/2025\/01\/incendio.jpg?resize=350%2C200&ssl=1","width":350,"height":200,"srcset":"https:\/\/i0.wp.com\/lasprimeras.com.do\/wp-content\/uploads\/2025\/01\/incendio.jpg?resize=350%2C200&ssl=1 1x, https:\/\/i0.wp.com\/lasprimeras.com.do\/wp-content\/uploads\/2025\/01\/incendio.jpg?resize=525%2C300&ssl=1 1.5x"},"classes":[]},{"id":96970,"url":"https:\/\/lasprimeras.com.do\/index.php\/2025\/04\/10\/senpa-y-medio-ambiente-sofocan-incendio-forestal-en-valle-nuevo\/","url_meta":{"origin":65358,"position":4},"title":"SENPA y Medio Ambiente sofocan incendio forestal en Valle Nuevo","author":"Nelson Feliz","date":"10 de abril de 2025","format":false,"excerpt":"Miembros del Servicio Nacional de Protecci\u00f3n Ambiental (SENPA), bomberos forestales, en conjunto con el Ministerio de Medio Ambiente, lograron sofocar en un 90% un incendio en el Paraje Los Tramojos, del Parque Nacional Valle Nuevo, en San Jos\u00e9 de Ocoa. Este incendio afectaba \u00e1rboles, malezas y arbustos de diferentes especies\u2026","rel":"","context":"En \u00abNACIONALES\u00bb","block_context":{"text":"NACIONALES","link":"https:\/\/lasprimeras.com.do\/index.php\/category\/nacionales\/"},"img":{"alt_text":"","src":"https:\/\/i0.wp.com\/lasprimeras.com.do\/wp-content\/uploads\/2025\/04\/senpa-1.jpg?resize=350%2C200&ssl=1","width":350,"height":200,"srcset":"https:\/\/i0.wp.com\/lasprimeras.com.do\/wp-content\/uploads\/2025\/04\/senpa-1.jpg?resize=350%2C200&ssl=1 1x, https:\/\/i0.wp.com\/lasprimeras.com.do\/wp-content\/uploads\/2025\/04\/senpa-1.jpg?resize=525%2C300&ssl=1 1.5x"},"classes":[]},{"id":60744,"url":"https:\/\/lasprimeras.com.do\/index.php\/2023\/09\/18\/ocho-vehiculos-destruidos-y-otros-11-afectados-en-incendio-en-santiago\/","url_meta":{"origin":65358,"position":5},"title":"Ocho veh\u00edculos destruidos y otros 11 afectados en incendio en Santiago","author":"Nelson Feliz","date":"18 de septiembre de 2023","format":false,"excerpt":"No hay reportes de personas afectadas por el incendio ocurrido en parqueo subterr\u00e1neo. Ocho veh\u00edculos fueron destruidos y otros 11 resultaron afectados en un incendio que ocurri\u00f3 en el parqueo subterr\u00e1neo de un residencial en el sector El Dorado, al norte de Santiago. Los residentes del complejo habitacional Milhojas fueron\u2026","rel":"","context":"En \u00abNACIONALES\u00bb","block_context":{"text":"NACIONALES","link":"https:\/\/lasprimeras.com.do\/index.php\/category\/nacionales\/"},"img":{"alt_text":"incendio","src":"https:\/\/i0.wp.com\/lasprimeras.com.do\/wp-content\/uploads\/2023\/09\/incendio.jpg?resize=350%2C200&ssl=1","width":350,"height":200,"srcset":"https:\/\/i0.wp.com\/lasprimeras.com.do\/wp-content\/uploads\/2023\/09\/incendio.jpg?resize=350%2C200&ssl=1 1x, https:\/\/i0.wp.com\/lasprimeras.com.do\/wp-content\/uploads\/2023\/09\/incendio.jpg?resize=525%2C300&ssl=1 1.5x, https:\/\/i0.wp.com\/lasprimeras.com.do\/wp-content\/uploads\/2023\/09\/incendio.jpg?resize=700%2C400&ssl=1 2x"},"classes":[]}],"jetpack_sharing_enabled":true,"_links":{"self":[{"href":"https:\/\/lasprimeras.com.do\/index.php\/wp-json\/wp\/v2\/posts\/65358","targetHints":{"allow":["GET"]}}],"collection":[{"href":"https:\/\/lasprimeras.com.do\/index.php\/wp-json\/wp\/v2\/posts"}],"about":[{"href":"https:\/\/lasprimeras.com.do\/index.php\/wp-json\/wp\/v2\/types\/post"}],"author":[{"embeddable":true,"href":"https:\/\/lasprimeras.com.do\/index.php\/wp-json\/wp\/v2\/users\/3"}],"replies":[{"embeddable":true,"href":"https:\/\/lasprimeras.com.do\/index.php\/wp-json\/wp\/v2\/comments?post=65358"}],"version-history":[{"count":1,"href":"https:\/\/lasprimeras.com.do\/index.php\/wp-json\/wp\/v2\/posts\/65358\/revisions"}],"predecessor-version":[{"id":65360,"href":"https:\/\/lasprimeras.com.do\/index.php\/wp-json\/wp\/v2\/posts\/65358\/revisions\/65360"}],"wp:featuredmedia":[{"embeddable":true,"href":"https:\/\/lasprimeras.com.do\/index.php\/wp-json\/wp\/v2\/media\/65359"}],"wp:attachment":[{"href":"https:\/\/lasprimeras.com.do\/index.php\/wp-json\/wp\/v2\/media?parent=65358"}],"wp:term":[{"taxonomy":"category","embeddable":true,"href":"https:\/\/lasprimeras.com.do\/index.php\/wp-json\/wp\/v2\/categories?post=65358"},{"taxonomy":"post_tag","embeddable":true,"href":"https:\/\/lasprimeras.com.do\/index.php\/wp-json\/wp\/v2\/tags?post=65358"}],"curies":[{"name":"wp","href":"https:\/\/api.w.org\/{rel}","templated":true}]}}