{"id":65383,"date":"2023-10-27T14:51:46","date_gmt":"2023-10-27T18:51:46","guid":{"rendered":"https:\/\/lasprimeras.com.do\/?p=65383"},"modified":"2023-10-27T14:51:48","modified_gmt":"2023-10-27T18:51:48","slug":"ofreceran-concierto-en-hard-rock-cafe-santo-domingo-para-recordar-los-anos-dorados-del-merengue","status":"publish","type":"post","link":"https:\/\/lasprimeras.com.do\/index.php\/2023\/10\/27\/ofreceran-concierto-en-hard-rock-cafe-santo-domingo-para-recordar-los-anos-dorados-del-merengue\/","title":{"rendered":"Ofrecer\u00e1n concierto en Hard Rock Caf\u00e9 Santo Domingo para recordar Los A\u00f1os Dorados del Merengue"},"content":{"rendered":"\n<p>Santo Domingo.-Parte de las figuras m\u00e1s importantes del merengue dominicano se presentar\u00e1n este lunes 30 de octubre a partir de las 9 de la noche en el Hard Rock Caf\u00e9 Santo, Domingo, en lo que ha sido definido como un mega concierto.<\/p>\n\n\n\n<p>Para la ocasi\u00f3n subir\u00e1n a tarima con todo su repertorio connotadas figuras del merengue de la talla de Monchy Capricho, F\u00e9nix Ortiz, Koki Acosta, Carlos David, Kaki Vargas, quienes cantar\u00e1n bajo la direcci\u00f3n musical del maestro Joan Minaya.<\/p>\n\n\n\n<p>Alberto Bernab\u00e9 \u201cBebeto\u201d\u2018, productor del espect\u00e1culo manifest\u00f3 que con esta actividad del d\u00eda 30 se le dar\u00e1 la bienvenida oficial a las navidades a ritmo de buen merengue.<\/p>\n\n\n\n<p>Con relaci\u00f3n a los cantantes que son parte de la actividad, el reconocido productor de televisi\u00f3n se\u00f1al\u00f3 que los mismos estar\u00e1n en disposici\u00f3n de interpretar las canciones de sus respectivos repertorios que pida el p\u00fablico.<\/p>\n\n\n\n<p>Bebeto explic\u00f3 adem\u00e1s que los asistentes podr\u00e1n disfrutar de sancocho gratis, adem\u00e1s de que habr\u00e1 un especial de 2 por 1 en coctel desde las 5 de la tarde hasta las 9 de la noche.<\/p>\n\n\n\n<p>\u201cEs un evento ideal para compartir en familia en un lugar acogedor y que presenta todas las comodidades que requiere todo el que va a divertirse como es parqueos y seguridad\u201d, dijo Bebeto.<\/p>\n\n\n\n<p>Bebeto inform\u00f3 adem\u00e1s que las boletas pueden ser adquiridas en Uepa Tikets, CCN Jumbo y S\u00faper Mercado Nacional o llamando al tel\u00e9fono 849 739-3405.<\/p>\n","protected":false},"excerpt":{"rendered":"<p>Santo Domingo.-Parte de las figuras m\u00e1s importantes del merengue dominicano se presentar\u00e1n este lunes 30 de octubre a partir de las 9 de la noche en el Hard Rock Caf\u00e9&hellip;<\/p>\n","protected":false},"author":3,"featured_media":65384,"comment_status":"open","ping_status":"open","sticky":false,"template":"","format":"standard","meta":{"content-type":"","jetpack_post_was_ever_published":false,"_jetpack_newsletter_access":"","_jetpack_dont_email_post_to_subs":false,"_jetpack_newsletter_tier_id":0,"_jetpack_memberships_contains_paywalled_content":false,"_jetpack_memberships_contains_paid_content":false,"footnotes":""},"categories":[84],"tags":[],"class_list":["post-65383","post","type-post","status-publish","format-standard","has-post-thumbnail","hentry","category-entretenimiento"],"jetpack_featured_media_url":"https:\/\/lasprimeras.com.do\/wp-content\/uploads\/2023\/10\/WhatsApp-Image-2023-10-27-at-9.26.25-AM-2.jpeg","jetpack-related-posts":[{"id":66321,"url":"https:\/\/lasprimeras.com.do\/index.php\/2023\/11\/06\/marcel-piel-morena-anuncia-sold-out-para-su-concierto-del-viernes-en-hard-rock-cafe\/","url_meta":{"origin":65383,"position":0},"title":"Marcel Piel Morena anuncia &#8216;sold out&#8217; para su concierto del viernes en Hard Rock Caf\u00e9","author":"BIMARY DE JES\u00daS Matos","date":"6 de noviembre de 2023","format":false,"excerpt":"Santo Domingo.-Totalmente vendidas, est\u00e1n todas las boletas para el concierto \u201cTodo por la vida\u201d, que Marcel Piel Morena presentar\u00e1 este viernes, en Hard Rock Caf\u00e9 Santo Domingo. As\u00ed lo inform\u00f3 la popular artista, tras se\u00f1alar que las ventas de las mismas iniciaron hace tan solo un mes y se agotaron\u2026","rel":"","context":"En \u00abENTRETENIMIENTO\u00bb","block_context":{"text":"ENTRETENIMIENTO","link":"https:\/\/lasprimeras.com.do\/index.php\/category\/entretenimiento\/"},"img":{"alt_text":"","src":"https:\/\/i0.wp.com\/lasprimeras.com.do\/wp-content\/uploads\/2023\/11\/WhatsApp-Image-2023-11-04-at-7.05.43-PM.webp?resize=350%2C200&ssl=1","width":350,"height":200},"classes":[]},{"id":50586,"url":"https:\/\/lasprimeras.com.do\/index.php\/2023\/05\/22\/cantante-miguel-delgado-estrenara-su-disco-verano-con-concierto\/","url_meta":{"origin":65383,"position":1},"title":"Cantante Miguel Delgado estrenar\u00e1 su disco \u201cVerano\u201d con concierto","author":"prenxa100","date":"22 de mayo de 2023","format":false,"excerpt":"El cantante dominicano realizar\u00e1 su primer concierto en vivo el pr\u00f3ximo 30 de junio en Mecenas Caf\u00e9. SANTO DOMINGO. \u2013 El artista dominicano Miguel Delgado da grandes pasos en el mundo art\u00edstico con la presentaci\u00f3n de su EP, titulado, \u201cVerano\u201d, en el marco de su primer concierto en vivo el\u2026","rel":"","context":"En \u00abENTRETENIMIENTO\u00bb","block_context":{"text":"ENTRETENIMIENTO","link":"https:\/\/lasprimeras.com.do\/index.php\/category\/entretenimiento\/"},"img":{"alt_text":"","src":"","width":0,"height":0},"classes":[]},{"id":107755,"url":"https:\/\/lasprimeras.com.do\/index.php\/2025\/08\/30\/hector-gonz-celebra-20-anos-de-trayectoria-musical-con-un-concierto-inolvidable-en-hard-rock-cafe\/","url_meta":{"origin":65383,"position":2},"title":"H\u00e9ctor Gonz celebra 20 a\u00f1os de trayectoria musical con un concierto inolvidable en Hard Rock Caf\u00e9","author":"Nelson Feliz","date":"30 de agosto de 2025","format":false,"excerpt":"\u00a1Una noche para celebrar juntos el legado musical de un artista dominicano que ha conquistado el mundo! El pr\u00f3ximo 06 de septiembre, el escenario del Hard Rock Caf\u00e9 Santo Domingo se llenar\u00e1 de m\u00fasica, energ\u00eda y emociones para conmemorar los 20 a\u00f1os de carrera art\u00edstica de H\u00e9ctor Gonz, un dominicano\u2026","rel":"","context":"En \u00abENTRETENIMIENTO\u00bb","block_context":{"text":"ENTRETENIMIENTO","link":"https:\/\/lasprimeras.com.do\/index.php\/category\/entretenimiento\/"},"img":{"alt_text":"","src":"https:\/\/i0.wp.com\/lasprimeras.com.do\/wp-content\/uploads\/2025\/08\/Hector-Gonz.jpg?resize=350%2C200&ssl=1","width":350,"height":200,"srcset":"https:\/\/i0.wp.com\/lasprimeras.com.do\/wp-content\/uploads\/2025\/08\/Hector-Gonz.jpg?resize=350%2C200&ssl=1 1x, https:\/\/i0.wp.com\/lasprimeras.com.do\/wp-content\/uploads\/2025\/08\/Hector-Gonz.jpg?resize=525%2C300&ssl=1 1.5x, https:\/\/i0.wp.com\/lasprimeras.com.do\/wp-content\/uploads\/2025\/08\/Hector-Gonz.jpg?resize=700%2C400&ssl=1 2x"},"classes":[]},{"id":75288,"url":"https:\/\/lasprimeras.com.do\/index.php\/2024\/01\/31\/pena-suazo-ofrece-detalles-de-la-celebracion-de-sus-30-anos-en-el-arte\/","url_meta":{"origin":65383,"position":3},"title":"Pe\u00f1a Suazo ofrece detalles de la celebraci\u00f3n de sus 30 a\u00f1os en el arte","author":"BIMARY DE JES\u00daS Matos","date":"31 de enero de 2024","format":false,"excerpt":"SANTO DOMINGO.\u2013 Jos\u00e9 Virgilio Pe\u00f1a Suazo ofreci\u00f3 los pormenores del concierto \u201c30 a\u00f1os, mi historia musical\u201d, con el que celebrar\u00e1 las tres d\u00e9cadas de la Banda Gorda el mi\u00e9rcoles 14 de febrero en Hard Rock Caf\u00e9 Santo Domingo, de Blue Mall. El int\u00e9rprete de \u201cDios me tiene a m\u00ed lo\u2026","rel":"","context":"En \u00abENTRETENIMIENTO\u00bb","block_context":{"text":"ENTRETENIMIENTO","link":"https:\/\/lasprimeras.com.do\/index.php\/category\/entretenimiento\/"},"img":{"alt_text":"","src":"https:\/\/i0.wp.com\/lasprimeras.com.do\/wp-content\/uploads\/2024\/01\/CANDIDATO-A-REGIDOR-Justicia-Social-JOSUE-MENDEZ-APOYARA-A-DIO-ASTACIO-DEL-PRM-4.webp?resize=350%2C200&ssl=1","width":350,"height":200,"srcset":"https:\/\/i0.wp.com\/lasprimeras.com.do\/wp-content\/uploads\/2024\/01\/CANDIDATO-A-REGIDOR-Justicia-Social-JOSUE-MENDEZ-APOYARA-A-DIO-ASTACIO-DEL-PRM-4.webp?resize=350%2C200&ssl=1 1x, https:\/\/i0.wp.com\/lasprimeras.com.do\/wp-content\/uploads\/2024\/01\/CANDIDATO-A-REGIDOR-Justicia-Social-JOSUE-MENDEZ-APOYARA-A-DIO-ASTACIO-DEL-PRM-4.webp?resize=525%2C300&ssl=1 1.5x, https:\/\/i0.wp.com\/lasprimeras.com.do\/wp-content\/uploads\/2024\/01\/CANDIDATO-A-REGIDOR-Justicia-Social-JOSUE-MENDEZ-APOYARA-A-DIO-ASTACIO-DEL-PRM-4.webp?resize=700%2C400&ssl=1 2x, https:\/\/i0.wp.com\/lasprimeras.com.do\/wp-content\/uploads\/2024\/01\/CANDIDATO-A-REGIDOR-Justicia-Social-JOSUE-MENDEZ-APOYARA-A-DIO-ASTACIO-DEL-PRM-4.webp?resize=1050%2C600&ssl=1 3x, https:\/\/i0.wp.com\/lasprimeras.com.do\/wp-content\/uploads\/2024\/01\/CANDIDATO-A-REGIDOR-Justicia-Social-JOSUE-MENDEZ-APOYARA-A-DIO-ASTACIO-DEL-PRM-4.webp?resize=1400%2C800&ssl=1 4x"},"classes":[]},{"id":71247,"url":"https:\/\/lasprimeras.com.do\/index.php\/2023\/12\/18\/zeo-munoz-en-una-complicidad-romantica-con-su-publico-en-hard-rock-cafe\/","url_meta":{"origin":65383,"position":4},"title":"Zeo Mu\u00f1oz en una complicidad rom\u00e1ntica con su p\u00fablico en Hard Rock Caf\u00e9","author":"BIMARY DE JES\u00daS Matos","date":"18 de diciembre de 2023","format":false,"excerpt":"Santo Domingo.-El cantautor dominicano Zeo M\u00fa\u00f1oz repas\u00f3 su historia musical en Hard Rock Caf\u00e9 durante un concierto en el que mantuvo una conexi\u00f3n con sus seguidores entre an\u00e9cdotas, canciones y chistes que la fanaticada acogi\u00f3 con agrado. Durante aproximadamente dos horas, Zeo se hizo acompa\u00f1ar de seis m\u00fasicos y, en\u2026","rel":"","context":"En \u00abENTRETENIMIENTO\u00bb","block_context":{"text":"ENTRETENIMIENTO","link":"https:\/\/lasprimeras.com.do\/index.php\/category\/entretenimiento\/"},"img":{"alt_text":"","src":"https:\/\/i0.wp.com\/lasprimeras.com.do\/wp-content\/uploads\/2023\/12\/s-3-5.jpg?resize=350%2C200&ssl=1","width":350,"height":200,"srcset":"https:\/\/i0.wp.com\/lasprimeras.com.do\/wp-content\/uploads\/2023\/12\/s-3-5.jpg?resize=350%2C200&ssl=1 1x, https:\/\/i0.wp.com\/lasprimeras.com.do\/wp-content\/uploads\/2023\/12\/s-3-5.jpg?resize=525%2C300&ssl=1 1.5x, https:\/\/i0.wp.com\/lasprimeras.com.do\/wp-content\/uploads\/2023\/12\/s-3-5.jpg?resize=700%2C400&ssl=1 2x"},"classes":[]},{"id":67083,"url":"https:\/\/lasprimeras.com.do\/index.php\/2023\/11\/13\/manny-cruz-celebrara-dia-del-merengue-con-concierto-gratuito-en-el-anfiteatro-de-puerto-plata\/","url_meta":{"origin":65383,"position":5},"title":"Manny Cruz celebrar\u00e1 D\u00eda del Merengue con concierto gratuito en el Anfiteatro de Puerto Plata","author":"BIMARY DE JES\u00daS Matos","date":"13 de noviembre de 2023","format":false,"excerpt":"Santo Domingo.-El Anfiteatro de Puerto Plata bailar\u00e1 a ritmo de g\u00fcira y tambora el pr\u00f3ximo domingo 26 de noviembre para celebrar el D\u00eda Nacional del Merengue de la mano del artista dominicano Manny Cruz con su concierto \u201cDominicano de Coraz\u00f3n\u201d. Pautado para las 6:30 de la tarde en un evento\u2026","rel":"","context":"En \u00abENTRETENIMIENTO\u00bb","block_context":{"text":"ENTRETENIMIENTO","link":"https:\/\/lasprimeras.com.do\/index.php\/category\/entretenimiento\/"},"img":{"alt_text":"","src":"https:\/\/i0.wp.com\/lasprimeras.com.do\/wp-content\/uploads\/2023\/11\/WhatsApp-Image-2023-11-12-at-4.11.32-PM-1-5.jpeg?resize=350%2C200&ssl=1","width":350,"height":200,"srcset":"https:\/\/i0.wp.com\/lasprimeras.com.do\/wp-content\/uploads\/2023\/11\/WhatsApp-Image-2023-11-12-at-4.11.32-PM-1-5.jpeg?resize=350%2C200&ssl=1 1x, https:\/\/i0.wp.com\/lasprimeras.com.do\/wp-content\/uploads\/2023\/11\/WhatsApp-Image-2023-11-12-at-4.11.32-PM-1-5.jpeg?resize=525%2C300&ssl=1 1.5x"},"classes":[]}],"jetpack_sharing_enabled":true,"_links":{"self":[{"href":"https:\/\/lasprimeras.com.do\/index.php\/wp-json\/wp\/v2\/posts\/65383","targetHints":{"allow":["GET"]}}],"collection":[{"href":"https:\/\/lasprimeras.com.do\/index.php\/wp-json\/wp\/v2\/posts"}],"about":[{"href":"https:\/\/lasprimeras.com.do\/index.php\/wp-json\/wp\/v2\/types\/post"}],"author":[{"embeddable":true,"href":"https:\/\/lasprimeras.com.do\/index.php\/wp-json\/wp\/v2\/users\/3"}],"replies":[{"embeddable":true,"href":"https:\/\/lasprimeras.com.do\/index.php\/wp-json\/wp\/v2\/comments?post=65383"}],"version-history":[{"count":1,"href":"https:\/\/lasprimeras.com.do\/index.php\/wp-json\/wp\/v2\/posts\/65383\/revisions"}],"predecessor-version":[{"id":65385,"href":"https:\/\/lasprimeras.com.do\/index.php\/wp-json\/wp\/v2\/posts\/65383\/revisions\/65385"}],"wp:featuredmedia":[{"embeddable":true,"href":"https:\/\/lasprimeras.com.do\/index.php\/wp-json\/wp\/v2\/media\/65384"}],"wp:attachment":[{"href":"https:\/\/lasprimeras.com.do\/index.php\/wp-json\/wp\/v2\/media?parent=65383"}],"wp:term":[{"taxonomy":"category","embeddable":true,"href":"https:\/\/lasprimeras.com.do\/index.php\/wp-json\/wp\/v2\/categories?post=65383"},{"taxonomy":"post_tag","embeddable":true,"href":"https:\/\/lasprimeras.com.do\/index.php\/wp-json\/wp\/v2\/tags?post=65383"}],"curies":[{"name":"wp","href":"https:\/\/api.w.org\/{rel}","templated":true}]}}