{"id":65386,"date":"2023-10-27T14:53:23","date_gmt":"2023-10-27T18:53:23","guid":{"rendered":"https:\/\/lasprimeras.com.do\/?p=65386"},"modified":"2023-10-27T14:53:24","modified_gmt":"2023-10-27T18:53:24","slug":"jay-wheeler-se-atreve-con-el-trap-en-su-nuevo-album-pero-sin-dejar-atras-su-esencia-romantica","status":"publish","type":"post","link":"https:\/\/lasprimeras.com.do\/index.php\/2023\/10\/27\/jay-wheeler-se-atreve-con-el-trap-en-su-nuevo-album-pero-sin-dejar-atras-su-esencia-romantica\/","title":{"rendered":"Jay Wheeler se atreve con el trap en su nuevo \u00e1lbum, pero sin dejar atr\u00e1s su &#8220;esencia romantica&#8221;"},"content":{"rendered":"\n<p>Santo Domingo.-El artista urbano puertorrique\u00f1o Jay Wheeler presenta este viernes su nuevo \u00e1lbum, \u00abTRAPPii\u00bb, que muestra su vers\u00e1til estilo musical al combinar baladas rom\u00e1nticas con trap latino.<\/p>\n\n\n\n<p>El disco, que consta de 12 canciones y ya est\u00e1 disponible en las plataformas digitales, incluye \u00e9xitos como \u00abPacto Remix\u00bb, \u00abGangsta Luv\u00bb, \u00abRepeat\u00bb y \u00abLa \u00daltima Canci\u00f3n\u00bb.<\/p>\n\n\n\n<p>\u00abNunca dejar\u00e9 atr\u00e1s mi esencia ni la m\u00fasica rom\u00e1ntica. Eso es lo que me apasiona, lo que me hace feliz. Pero tambi\u00e9n hay que demostrar la versatilidad sin quitarle m\u00e9ritos a nadie. Quer\u00eda probar algo nuevo\u00bb, afirm\u00f3 Wheeler sobre su decisi\u00f3n de incursionar en el g\u00e9nero trap latino.<\/p>\n\n\n\n<p>El cantante explic\u00f3 en un comunicado que el \u00e9xito de su canci\u00f3n \u00abPacto\u00bb, que se convirti\u00f3 en una sensaci\u00f3n viral en TikTok con m\u00e1s de 700.000 v\u00eddeos creados por los usuarios, influy\u00f3 en su decisi\u00f3n de profundizar en el trap latino.<\/p>\n\n\n\n<p>\u00abPasaron muchas cosas incre\u00edbles con \u2018Pacto\u2019 y me encargu\u00e9 de seguir esa misma l\u00ednea en base a lo que mis fans me estaban pidiendo\u00bb, coment\u00f3.<\/p>\n\n\n\n<p>Para celebrar el lanzamiento del \u00e1lbum, Wheeler invit\u00f3 esta semana a los medios y fan\u00e1ticos a unas proyecciones exclusivas en Puerto Rico y Miami del cortometraje de \u00abTRAPPii\u00bb, dirigido por Jos\u00e9 Sagaro para FilmHeads.<\/p>\n","protected":false},"excerpt":{"rendered":"<p>Santo Domingo.-El artista urbano puertorrique\u00f1o Jay Wheeler presenta este viernes su nuevo \u00e1lbum, \u00abTRAPPii\u00bb, que muestra su vers\u00e1til estilo musical al combinar baladas rom\u00e1nticas con trap latino. El disco, que&hellip;<\/p>\n","protected":false},"author":3,"featured_media":65387,"comment_status":"open","ping_status":"open","sticky":false,"template":"","format":"standard","meta":{"content-type":"","jetpack_post_was_ever_published":false,"_jetpack_newsletter_access":"","_jetpack_dont_email_post_to_subs":false,"_jetpack_newsletter_tier_id":0,"_jetpack_memberships_contains_paywalled_content":false,"_jetpack_memberships_contains_paid_content":false,"footnotes":""},"categories":[84],"tags":[],"class_list":["post-65386","post","type-post","status-publish","format-standard","has-post-thumbnail","hentry","category-entretenimiento"],"jetpack_featured_media_url":"https:\/\/lasprimeras.com.do\/wp-content\/uploads\/2023\/10\/WhatsApp-Image-2023-10-26-at-6.18.01-PM-6.jpeg","jetpack-related-posts":[{"id":79057,"url":"https:\/\/lasprimeras.com.do\/index.php\/2024\/03\/23\/jay-wheeler-lanza-otro-mas-de-su-proximo-album-y-revela-fecha-de-su-concierto-en-santo-domingo\/","url_meta":{"origin":65386,"position":0},"title":"Jay Wheeler lanza \u00abOtro m\u00e1s\u00bb de su pr\u00f3ximo \u00e1lbum y revela fecha de su concierto en Santo Domingo","author":"BIMARY DE JES\u00daS Matos","date":"23 de marzo de 2024","format":false,"excerpt":"Jay Wheeler estren\u00f3 el viernes su nuevo sencillo \u201cOtro m\u00e1s\u201d, el segundo que estrena como pre\u00e1mbulo de lo que ser\u00e1 su pr\u00f3ximo \u00e1lbum de estudio. Al mismo tiempo que promociona sus nuevas canciones, el puertorrique\u00f1o se prepara para la gira de conciertos \u201cTRAPPii Tour\u201d, con la cual se presentar\u00e1 el\u2026","rel":"","context":"En \u00abENTRETENIMIENTO\u00bb","block_context":{"text":"ENTRETENIMIENTO","link":"https:\/\/lasprimeras.com.do\/index.php\/category\/entretenimiento\/"},"img":{"alt_text":"","src":"https:\/\/i0.wp.com\/lasprimeras.com.do\/wp-content\/uploads\/2024\/03\/WhatsApp-Image-2024-03-22-at-4.47.43-PM-2.jpeg?resize=350%2C200&ssl=1","width":350,"height":200,"srcset":"https:\/\/i0.wp.com\/lasprimeras.com.do\/wp-content\/uploads\/2024\/03\/WhatsApp-Image-2024-03-22-at-4.47.43-PM-2.jpeg?resize=350%2C200&ssl=1 1x, https:\/\/i0.wp.com\/lasprimeras.com.do\/wp-content\/uploads\/2024\/03\/WhatsApp-Image-2024-03-22-at-4.47.43-PM-2.jpeg?resize=525%2C300&ssl=1 1.5x, https:\/\/i0.wp.com\/lasprimeras.com.do\/wp-content\/uploads\/2024\/03\/WhatsApp-Image-2024-03-22-at-4.47.43-PM-2.jpeg?resize=700%2C400&ssl=1 2x"},"classes":[]},{"id":81798,"url":"https:\/\/lasprimeras.com.do\/index.php\/2024\/04\/25\/jay-wheeler-con-musica-buena-para-dias-malos-en-el-album-que-se-estrena-el-25-de-abril\/","url_meta":{"origin":65386,"position":1},"title":"Jay Wheeler con &#8220;M\u00fasica buena para d\u00edas malos&#8221; en el \u00e1lbum que se estrena el 25 de abril","author":"BIMARY DE JES\u00daS Matos","date":"25 de abril de 2024","format":false,"excerpt":"Aunque admite que el p\u00fablico tiene una cuota de responsabilidad de la rapidez en la que va la industria musical actualmente, Jay Wheeler tambi\u00e9n demuestra con hechos que se puede crear m\u00fasica de calidad en un tiempo prudente y cumplir con las exigencias de sus fan\u00e1ticos, sin fallarle a su\u2026","rel":"","context":"En \u00abENTRETENIMIENTO\u00bb","block_context":{"text":"ENTRETENIMIENTO","link":"https:\/\/lasprimeras.com.do\/index.php\/category\/entretenimiento\/"},"img":{"alt_text":"","src":"https:\/\/i0.wp.com\/lasprimeras.com.do\/wp-content\/uploads\/2024\/04\/6a0c8a05-4f4b-48f5-a1d9-1ad180753c4a-37.jpg?resize=350%2C200&ssl=1","width":350,"height":200,"srcset":"https:\/\/i0.wp.com\/lasprimeras.com.do\/wp-content\/uploads\/2024\/04\/6a0c8a05-4f4b-48f5-a1d9-1ad180753c4a-37.jpg?resize=350%2C200&ssl=1 1x, https:\/\/i0.wp.com\/lasprimeras.com.do\/wp-content\/uploads\/2024\/04\/6a0c8a05-4f4b-48f5-a1d9-1ad180753c4a-37.jpg?resize=525%2C300&ssl=1 1.5x, https:\/\/i0.wp.com\/lasprimeras.com.do\/wp-content\/uploads\/2024\/04\/6a0c8a05-4f4b-48f5-a1d9-1ad180753c4a-37.jpg?resize=700%2C400&ssl=1 2x"},"classes":[]},{"id":82363,"url":"https:\/\/lasprimeras.com.do\/index.php\/2024\/05\/02\/eladio-carrion-regresa-a-su-esencia-trap-con-el-ep-porque-puedo\/","url_meta":{"origin":65386,"position":2},"title":"Eladio Carri\u00f3n regresa a su esencia trap con el EP \u2018Porque Puedo\u2019","author":"BIMARY DE JES\u00daS Matos","date":"2 de mayo de 2024","format":false,"excerpt":"El cantante puertorrique\u00f1o Eladio Carri\u00f3n lanz\u00f3 este mi\u00e9rcoles el EP \u2018Porque Puedo\u2019, con el tema central de \u2018Heavyweight\u2019 y compuesto por cinco canciones en las que regresa a su esencia trap. \u201cComo \u2018Sol Mar\u00eda\u2019 era un \u00e1lbum m\u00e1s comercial, sent\u00ed que le deb\u00eda a mis fans algo trap. Como estaba\u2026","rel":"","context":"En \u00abENTRETENIMIENTO\u00bb","block_context":{"text":"ENTRETENIMIENTO","link":"https:\/\/lasprimeras.com.do\/index.php\/category\/entretenimiento\/"},"img":{"alt_text":"","src":"https:\/\/i0.wp.com\/lasprimeras.com.do\/wp-content\/uploads\/2024\/05\/WhatsApp-Image-2024-05-01-at-9.01.03-AM-1.webp?resize=350%2C200&ssl=1","width":350,"height":200,"srcset":"https:\/\/i0.wp.com\/lasprimeras.com.do\/wp-content\/uploads\/2024\/05\/WhatsApp-Image-2024-05-01-at-9.01.03-AM-1.webp?resize=350%2C200&ssl=1 1x, https:\/\/i0.wp.com\/lasprimeras.com.do\/wp-content\/uploads\/2024\/05\/WhatsApp-Image-2024-05-01-at-9.01.03-AM-1.webp?resize=525%2C300&ssl=1 1.5x, https:\/\/i0.wp.com\/lasprimeras.com.do\/wp-content\/uploads\/2024\/05\/WhatsApp-Image-2024-05-01-at-9.01.03-AM-1.webp?resize=700%2C400&ssl=1 2x, https:\/\/i0.wp.com\/lasprimeras.com.do\/wp-content\/uploads\/2024\/05\/WhatsApp-Image-2024-05-01-at-9.01.03-AM-1.webp?resize=1050%2C600&ssl=1 3x"},"classes":[]},{"id":92689,"url":"https:\/\/lasprimeras.com.do\/index.php\/2025\/01\/10\/rey-john-regresa-al-escenario-musical-con-su-nuevo-album-historia\/","url_meta":{"origin":65386,"position":3},"title":"Rey John regresa al escenario musical con su nuevo \u00e1lbum &#8220;Historia","author":"Nelson Feliz","date":"10 de enero de 2025","format":false,"excerpt":"Despu\u00e9s de una pausa de cinco a\u00f1os, el Rey de la Bachata Pop, Rey John, regresa con su tan esperado nuevo \u00e1lbum titulado \u201cHistoria. Edici\u00f3n I\u201d. Este regreso marca un hito importante en su carrera, consolidando su posici\u00f3n como uno de los artistas m\u00e1s destacados de la bachata contempor\u00e1nea. Trayectoria\u2026","rel":"","context":"En \u00abENTRETENIMIENTO\u00bb","block_context":{"text":"ENTRETENIMIENTO","link":"https:\/\/lasprimeras.com.do\/index.php\/category\/entretenimiento\/"},"img":{"alt_text":"","src":"https:\/\/i0.wp.com\/lasprimeras.com.do\/wp-content\/uploads\/2025\/01\/rey.jpg?resize=350%2C200&ssl=1","width":350,"height":200,"srcset":"https:\/\/i0.wp.com\/lasprimeras.com.do\/wp-content\/uploads\/2025\/01\/rey.jpg?resize=350%2C200&ssl=1 1x, https:\/\/i0.wp.com\/lasprimeras.com.do\/wp-content\/uploads\/2025\/01\/rey.jpg?resize=525%2C300&ssl=1 1.5x, https:\/\/i0.wp.com\/lasprimeras.com.do\/wp-content\/uploads\/2025\/01\/rey.jpg?resize=700%2C400&ssl=1 2x"},"classes":[]},{"id":65305,"url":"https:\/\/lasprimeras.com.do\/index.php\/2023\/10\/27\/reik-celebra-sus-20-anos-con-un-regreso-a-nuestro-pop\/","url_meta":{"origin":65386,"position":4},"title":"Reik celebra sus 20 a\u00f1os con un regreso &#8220;a nuestro pop&#8221;","author":"BIMARY DE JES\u00daS Matos","date":"27 de octubre de 2023","format":false,"excerpt":"EFE-La banda mexicana Reik celebra este 2023 sus primeras dos d\u00e9cadas con un \u00e1lbum en el que retoma el pop cl\u00e1sico que la caracteriz\u00f3 en sus inicios, y muestra de ello es su nuevo sencillo, \u00abEl correcto\u00bb, una colaboraci\u00f3n con su compatriota Carin Le\u00f3n, seg\u00fan dijeron sus integrantes en una\u2026","rel":"","context":"En \u00abENTRETENIMIENTO\u00bb","block_context":{"text":"ENTRETENIMIENTO","link":"https:\/\/lasprimeras.com.do\/index.php\/category\/entretenimiento\/"},"img":{"alt_text":"","src":"https:\/\/i0.wp.com\/lasprimeras.com.do\/wp-content\/uploads\/2023\/10\/WhatsApp-Image-2023-10-26-at-6.18.01-PM-5.jpeg?resize=350%2C200&ssl=1","width":350,"height":200,"srcset":"https:\/\/i0.wp.com\/lasprimeras.com.do\/wp-content\/uploads\/2023\/10\/WhatsApp-Image-2023-10-26-at-6.18.01-PM-5.jpeg?resize=350%2C200&ssl=1 1x, https:\/\/i0.wp.com\/lasprimeras.com.do\/wp-content\/uploads\/2023\/10\/WhatsApp-Image-2023-10-26-at-6.18.01-PM-5.jpeg?resize=525%2C300&ssl=1 1.5x"},"classes":[]},{"id":63017,"url":"https:\/\/lasprimeras.com.do\/index.php\/2023\/10\/09\/bad-bunny-anuncia-su-nuevo-album-y-se-filtra-la-lista-de-canciones\/","url_meta":{"origin":65386,"position":5},"title":"Bad Bunny anuncia su nuevo \u00e1lbum y se filtra la lista de canciones","author":"BIMARY DE JES\u00daS Matos","date":"9 de octubre de 2023","format":false,"excerpt":"Santo Domingo.-Al mediod\u00eda de este lunes, la estrella del trap Bad Bunny anunci\u00f3 el lanzamiento de su nueva producci\u00f3n discogr\u00e1fica con un video que incluye el siguiente mensaje segundos antes de terminar: \"Nadie sabe lo que va a pasar ma\u00f1ana, viernes 13, 2023\". En el audiovisual publicado en sus redes\u2026","rel":"","context":"En \u00abENTRETENIMIENTO\u00bb","block_context":{"text":"ENTRETENIMIENTO","link":"https:\/\/lasprimeras.com.do\/index.php\/category\/entretenimiento\/"},"img":{"alt_text":"","src":"https:\/\/i0.wp.com\/lasprimeras.com.do\/wp-content\/uploads\/2023\/10\/WhatsApp-Image-2023-10-09-at-2.37.38-PM-1.jpeg?resize=350%2C200&ssl=1","width":350,"height":200,"srcset":"https:\/\/i0.wp.com\/lasprimeras.com.do\/wp-content\/uploads\/2023\/10\/WhatsApp-Image-2023-10-09-at-2.37.38-PM-1.jpeg?resize=350%2C200&ssl=1 1x, https:\/\/i0.wp.com\/lasprimeras.com.do\/wp-content\/uploads\/2023\/10\/WhatsApp-Image-2023-10-09-at-2.37.38-PM-1.jpeg?resize=525%2C300&ssl=1 1.5x, https:\/\/i0.wp.com\/lasprimeras.com.do\/wp-content\/uploads\/2023\/10\/WhatsApp-Image-2023-10-09-at-2.37.38-PM-1.jpeg?resize=700%2C400&ssl=1 2x"},"classes":[]}],"jetpack_sharing_enabled":true,"_links":{"self":[{"href":"https:\/\/lasprimeras.com.do\/index.php\/wp-json\/wp\/v2\/posts\/65386","targetHints":{"allow":["GET"]}}],"collection":[{"href":"https:\/\/lasprimeras.com.do\/index.php\/wp-json\/wp\/v2\/posts"}],"about":[{"href":"https:\/\/lasprimeras.com.do\/index.php\/wp-json\/wp\/v2\/types\/post"}],"author":[{"embeddable":true,"href":"https:\/\/lasprimeras.com.do\/index.php\/wp-json\/wp\/v2\/users\/3"}],"replies":[{"embeddable":true,"href":"https:\/\/lasprimeras.com.do\/index.php\/wp-json\/wp\/v2\/comments?post=65386"}],"version-history":[{"count":1,"href":"https:\/\/lasprimeras.com.do\/index.php\/wp-json\/wp\/v2\/posts\/65386\/revisions"}],"predecessor-version":[{"id":65388,"href":"https:\/\/lasprimeras.com.do\/index.php\/wp-json\/wp\/v2\/posts\/65386\/revisions\/65388"}],"wp:featuredmedia":[{"embeddable":true,"href":"https:\/\/lasprimeras.com.do\/index.php\/wp-json\/wp\/v2\/media\/65387"}],"wp:attachment":[{"href":"https:\/\/lasprimeras.com.do\/index.php\/wp-json\/wp\/v2\/media?parent=65386"}],"wp:term":[{"taxonomy":"category","embeddable":true,"href":"https:\/\/lasprimeras.com.do\/index.php\/wp-json\/wp\/v2\/categories?post=65386"},{"taxonomy":"post_tag","embeddable":true,"href":"https:\/\/lasprimeras.com.do\/index.php\/wp-json\/wp\/v2\/tags?post=65386"}],"curies":[{"name":"wp","href":"https:\/\/api.w.org\/{rel}","templated":true}]}}