{"id":65408,"date":"2023-10-27T21:22:16","date_gmt":"2023-10-28T01:22:16","guid":{"rendered":"https:\/\/lasprimeras.com.do\/?p=65408"},"modified":"2023-10-27T21:22:17","modified_gmt":"2023-10-28T01:22:17","slug":"marcos-cross-pone-en-circulacion-notas-sobre-derecho-consular-experiencia-de-un-consul","status":"publish","type":"post","link":"https:\/\/lasprimeras.com.do\/index.php\/2023\/10\/27\/marcos-cross-pone-en-circulacion-notas-sobre-derecho-consular-experiencia-de-un-consul\/","title":{"rendered":"Marcos Cross pone en circulaci\u00f3n \u201cNotas sobre Derecho Consular, experiencia de un C\u00f3nsul\u201d"},"content":{"rendered":"\n<p>El profesor Marcos Cross puso en circulaci\u00f3n su \u00faltimo libro \u201cNotas sobre Derecho Consular, experiencia de un C\u00f3nsul\u201d, en la sede del Instituto Superior de Derecho y Econom\u00eda (ISDE) de Madrid.<\/p>\n\n\n\n<p>El acto de lanzamiento cont\u00f3 con la presencia de decenas de estudiantes del M\u00e1ster en Derecho Internacional, Diplom\u00e1tico y Consular, con menci\u00f3n en Comercio Exterior y profesionales invitados al evento.<\/p>\n\n\n\n<p>El libro fue expuesto por el jurista Gustavo Kolschinske y en la actividad estuvo presente la directora del M\u00e1ster Cintya Favero; el c\u00f3nsul &nbsp;general de la Rep\u00fablica Dominicana, Miguel V\u00e1squez Pe\u00f1a y Roberto Jim\u00e9nez, &nbsp;dise\u00f1ador del Sistema de Gesti\u00f3n Consular de la Rep\u00fablica Dominicana, entre otros dirigentes pol\u00edticos y miembros destacados de la comunidad dominicana y espa\u00f1ola.<\/p>\n\n\n\n<p>Notas sobre Derecho Consular, Experiencia de un C\u00f3nsul, se encuentra a la venta en la librer\u00eda MARCIAL PONS, de la calle B\u00e1rbara de Braganza, en Madrid y en Santo Domingo en Cuesta-Libros de la av. 27 de febrero con Abrahan Lincolh y la editorial Santuarios.<\/p>\n","protected":false},"excerpt":{"rendered":"<p>El profesor Marcos Cross puso en circulaci\u00f3n su \u00faltimo libro \u201cNotas sobre Derecho Consular, experiencia de un C\u00f3nsul\u201d, en la sede del Instituto Superior de Derecho y Econom\u00eda (ISDE) de&hellip;<\/p>\n","protected":false},"author":2,"featured_media":65409,"comment_status":"open","ping_status":"open","sticky":false,"template":"","format":"standard","meta":{"content-type":"","jetpack_post_was_ever_published":false,"_jetpack_newsletter_access":"","_jetpack_dont_email_post_to_subs":false,"_jetpack_newsletter_tier_id":0,"_jetpack_memberships_contains_paywalled_content":false,"_jetpack_memberships_contains_paid_content":false,"footnotes":""},"categories":[84],"tags":[5991],"class_list":["post-65408","post","type-post","status-publish","format-standard","has-post-thumbnail","hentry","category-entretenimiento","tag-marcos-cross"],"jetpack_featured_media_url":"https:\/\/lasprimeras.com.do\/wp-content\/uploads\/2023\/10\/Marcos-Cross-1.jpg","jetpack-related-posts":[{"id":57116,"url":"https:\/\/lasprimeras.com.do\/index.php\/2023\/08\/09\/marcos-cross-pone-en-circulacion-la-obra-notas-sobre-derecho-consular-experiencia-de-un-consul\/","url_meta":{"origin":65408,"position":0},"title":"Marcos Cross pone en circulaci\u00f3n la obra \u201cNotas sobre Derecho Consular, experiencia de un c\u00f3nsul\u201d","author":"Nelson Feliz","date":"9 de agosto de 2023","format":false,"excerpt":"El profesor Marcos Cross, exconsul y exdiputado de Ultramar, dej\u00f3 en circulaci\u00f3n el libro \u201cNotas sobre Derecho Consular, experiencia de un c\u00f3nsul\u201d, de la editorial Santuario, en la Librer\u00eda Casa Cuesta, con la participaci\u00f3n de los exconsul, Dra. Nidia Paulino, consultora internacional de comunicacion pol\u00edtica y diplom\u00e1tica dominicana y el\u2026","rel":"","context":"En \u00abENTRETENIMIENTO\u00bb","block_context":{"text":"ENTRETENIMIENTO","link":"https:\/\/lasprimeras.com.do\/index.php\/category\/entretenimiento\/"},"img":{"alt_text":"Marcos Cross","src":"https:\/\/i0.wp.com\/lasprimeras.com.do\/wp-content\/uploads\/2023\/08\/Marcos-Cross.jpg?resize=350%2C200&ssl=1","width":350,"height":200,"srcset":"https:\/\/i0.wp.com\/lasprimeras.com.do\/wp-content\/uploads\/2023\/08\/Marcos-Cross.jpg?resize=350%2C200&ssl=1 1x, https:\/\/i0.wp.com\/lasprimeras.com.do\/wp-content\/uploads\/2023\/08\/Marcos-Cross.jpg?resize=525%2C300&ssl=1 1.5x, https:\/\/i0.wp.com\/lasprimeras.com.do\/wp-content\/uploads\/2023\/08\/Marcos-Cross.jpg?resize=700%2C400&ssl=1 2x"},"classes":[]},{"id":90165,"url":"https:\/\/lasprimeras.com.do\/index.php\/2024\/10\/15\/marcos-cross-presenta-su-cuarto-libro-diputado-de-ultramar-voz-del-dominicano-en-el-exterior\/","url_meta":{"origin":65408,"position":1},"title":"Marcos Cross presenta su cuarto libro &#8220;Diputado de Ultramar, voz del dominicano en el exterior&#8221;","author":"Nelson Feliz","date":"15 de octubre de 2024","format":false,"excerpt":"La comunidad de Cabrera se reuni\u00f3 para celebrar la puesta en circulaci\u00f3n del libro \"Diputado de Ultramar, voz del dominicano en el exterior\", obra del destacado educador, diplom\u00e1tico y pol\u00edtico dominicano Marcos Cross S\u00e1nchez. Esta obra, la cuarta del autor, describe el rol y la importancia del diputado de ultramar,\u2026","rel":"","context":"En \u00abNACIONALES\u00bb","block_context":{"text":"NACIONALES","link":"https:\/\/lasprimeras.com.do\/index.php\/category\/nacionales\/"},"img":{"alt_text":"Marcos Cross","src":"https:\/\/i0.wp.com\/lasprimeras.com.do\/wp-content\/uploads\/2024\/10\/Marcos-Cross.jpg?resize=350%2C200&ssl=1","width":350,"height":200,"srcset":"https:\/\/i0.wp.com\/lasprimeras.com.do\/wp-content\/uploads\/2024\/10\/Marcos-Cross.jpg?resize=350%2C200&ssl=1 1x, https:\/\/i0.wp.com\/lasprimeras.com.do\/wp-content\/uploads\/2024\/10\/Marcos-Cross.jpg?resize=525%2C300&ssl=1 1.5x"},"classes":[]},{"id":94053,"url":"https:\/\/lasprimeras.com.do\/index.php\/2025\/02\/24\/consulado-de-la-republica-dominicana-en-barcelona-celebra-la-semana-del-orgullo-quisqueyano\/","url_meta":{"origin":65408,"position":2},"title":"Consulado de la Rep\u00fablica Dominicana en Barcelona celebra la Semana del Orgullo Quisqueyano","author":"Nelson Feliz","date":"24 de febrero de 2025","format":false,"excerpt":"Barcelona, Espa\u00f1a \u2013 El consulado general de la Rep\u00fablica Dominicana en Barcelona se complace en anunciar la celebraci\u00f3n de la Semana del Orgullo Quisqueyano, que tendr\u00e1 lugar del 24 de febrero al 01 de marzo de 2025. La iniciativa se llevar\u00e1 a cabo con el objetivo de resaltar la riqueza\u2026","rel":"","context":"En \u00abINTERNACIONALES\u00bb","block_context":{"text":"INTERNACIONALES","link":"https:\/\/lasprimeras.com.do\/index.php\/category\/sin-categoria\/internacionales\/"},"img":{"alt_text":"","src":"https:\/\/i0.wp.com\/lasprimeras.com.do\/wp-content\/uploads\/2025\/02\/CONSULADO.jpg?resize=350%2C200&ssl=1","width":350,"height":200,"srcset":"https:\/\/i0.wp.com\/lasprimeras.com.do\/wp-content\/uploads\/2025\/02\/CONSULADO.jpg?resize=350%2C200&ssl=1 1x, https:\/\/i0.wp.com\/lasprimeras.com.do\/wp-content\/uploads\/2025\/02\/CONSULADO.jpg?resize=525%2C300&ssl=1 1.5x, https:\/\/i0.wp.com\/lasprimeras.com.do\/wp-content\/uploads\/2025\/02\/CONSULADO.jpg?resize=700%2C400&ssl=1 2x"},"classes":[]},{"id":51394,"url":"https:\/\/lasprimeras.com.do\/index.php\/2023\/05\/30\/direccion-de-cultura-y-el-consulado-dominicano-de-nueva-jersey-apoyaran-la-feria-internacional-del-libro\/","url_meta":{"origin":65408,"position":3},"title":"Cultura y el Consulado de Nueva Jersey apoyar\u00e1n Feria Internacional del Libro","author":"prenxa100","date":"30 de mayo de 2023","format":false,"excerpt":"NUEVA YORK.-. La Direcci\u00f3n de Cultura Dominicana en Estados Unidos, bajo el enlace del Dr. Rey And\u00fajar y el C\u00f3nsul General de la Rep\u00fablica Dominicana en New Jersey, Ing. \u00c1ngel Pichardo, pactaron acuerdos para respaldar la 7ma Edici\u00f3n de la Feria Internacional del Libro en el Estado de Nueva Jersey.\u2026","rel":"","context":"En \u00abSin categor\u00eda\u00bb","block_context":{"text":"Sin categor\u00eda","link":"https:\/\/lasprimeras.com.do\/index.php\/category\/sin-categoria\/"},"img":{"alt_text":"","src":"","width":0,"height":0},"classes":[]},{"id":88600,"url":"https:\/\/lasprimeras.com.do\/index.php\/2024\/08\/31\/prm-ny-despide-a-eligio-jaquez-y-da-bienvenida-a-nuevo-consul-jesus-vazquez\/","url_meta":{"origin":65408,"position":4},"title":"PRM- NY despide a Eligio Jaquez y da bienvenida a nuevo c\u00f3nsul Jes\u00fas V\u00e1zquez","author":"Nelson Feliz","date":"31 de agosto de 2024","format":false,"excerpt":"Por Tom\u00e1s Aybar NUEVA YORK. -El Partido Revolucionario Moderno sessional Nueva York (PRM-NY), presidido por Julio C\u00e9sar (Yulin) Mateo, realiz\u00f3 un acto especial la noche de este s\u00e1bado para despedir a Eligio Jaquez y dar la bienvenida oficial a Jes\u00fas \u201c Chu \u201c V\u00e1zquez Mart\u00ednez que asume como nuevo C\u00f3nsul\u2026","rel":"","context":"En \u00abSin categor\u00eda\u00bb","block_context":{"text":"Sin categor\u00eda","link":"https:\/\/lasprimeras.com.do\/index.php\/category\/sin-categoria\/"},"img":{"alt_text":"","src":"https:\/\/i0.wp.com\/lasprimeras.com.do\/wp-content\/uploads\/2024\/08\/jesus-vasquez.jpg?resize=350%2C200&ssl=1","width":350,"height":200,"srcset":"https:\/\/i0.wp.com\/lasprimeras.com.do\/wp-content\/uploads\/2024\/08\/jesus-vasquez.jpg?resize=350%2C200&ssl=1 1x, https:\/\/i0.wp.com\/lasprimeras.com.do\/wp-content\/uploads\/2024\/08\/jesus-vasquez.jpg?resize=525%2C300&ssl=1 1.5x"},"classes":[]},{"id":71723,"url":"https:\/\/lasprimeras.com.do\/index.php\/2023\/12\/22\/consulado-de-rd-en-ny-no-estara-ofreciendo-servicios-el-25-de-diciembre-y-1-de-enero\/","url_meta":{"origin":65408,"position":5},"title":"Consulado de RD en NY no estar\u00e1 ofreciendo servicios el 25 de Diciembre y 1 de enero","author":"Nelson Feliz","date":"22 de diciembre de 2023","format":false,"excerpt":"Por Aquiles Rojas NUEVA YORK. -El Consulado General de la Rep\u00fablica dominicana en Nueva York anunci\u00f3 hoy que su sede central, como tambi\u00e9n las oficinas de operativos m\u00f3viles, las que operan en El Bronx, Alto Manhattan, Brooklyn, Connecticut y Long Island, no operaran los d\u00edas lunes 25 de diciembre ni\u2026","rel":"","context":"En \u00abSin categor\u00eda\u00bb","block_context":{"text":"Sin categor\u00eda","link":"https:\/\/lasprimeras.com.do\/index.php\/category\/sin-categoria\/"},"img":{"alt_text":"Eligio Jaquez","src":"https:\/\/i0.wp.com\/lasprimeras.com.do\/wp-content\/uploads\/2023\/07\/Eligio-Jaquez.jpg?resize=350%2C200&ssl=1","width":350,"height":200},"classes":[]}],"jetpack_sharing_enabled":true,"_links":{"self":[{"href":"https:\/\/lasprimeras.com.do\/index.php\/wp-json\/wp\/v2\/posts\/65408","targetHints":{"allow":["GET"]}}],"collection":[{"href":"https:\/\/lasprimeras.com.do\/index.php\/wp-json\/wp\/v2\/posts"}],"about":[{"href":"https:\/\/lasprimeras.com.do\/index.php\/wp-json\/wp\/v2\/types\/post"}],"author":[{"embeddable":true,"href":"https:\/\/lasprimeras.com.do\/index.php\/wp-json\/wp\/v2\/users\/2"}],"replies":[{"embeddable":true,"href":"https:\/\/lasprimeras.com.do\/index.php\/wp-json\/wp\/v2\/comments?post=65408"}],"version-history":[{"count":1,"href":"https:\/\/lasprimeras.com.do\/index.php\/wp-json\/wp\/v2\/posts\/65408\/revisions"}],"predecessor-version":[{"id":65410,"href":"https:\/\/lasprimeras.com.do\/index.php\/wp-json\/wp\/v2\/posts\/65408\/revisions\/65410"}],"wp:featuredmedia":[{"embeddable":true,"href":"https:\/\/lasprimeras.com.do\/index.php\/wp-json\/wp\/v2\/media\/65409"}],"wp:attachment":[{"href":"https:\/\/lasprimeras.com.do\/index.php\/wp-json\/wp\/v2\/media?parent=65408"}],"wp:term":[{"taxonomy":"category","embeddable":true,"href":"https:\/\/lasprimeras.com.do\/index.php\/wp-json\/wp\/v2\/categories?post=65408"},{"taxonomy":"post_tag","embeddable":true,"href":"https:\/\/lasprimeras.com.do\/index.php\/wp-json\/wp\/v2\/tags?post=65408"}],"curies":[{"name":"wp","href":"https:\/\/api.w.org\/{rel}","templated":true}]}}