{"id":65440,"date":"2023-10-28T09:48:52","date_gmt":"2023-10-28T13:48:52","guid":{"rendered":"https:\/\/lasprimeras.com.do\/?p=65440"},"modified":"2023-10-28T09:48:53","modified_gmt":"2023-10-28T13:48:53","slug":"partidos-oposicion-dominicanos-explican-ausencia-en-firma-pacto","status":"publish","type":"post","link":"https:\/\/lasprimeras.com.do\/index.php\/2023\/10\/28\/partidos-oposicion-dominicanos-explican-ausencia-en-firma-pacto\/","title":{"rendered":"Partidos oposici\u00f3n dominicanos explican ausencia en firma pacto"},"content":{"rendered":"\n<p>Santo Domingo.-Los principales partidos pol\u00edticos de oposici\u00f3n dominicanos coincidieron hoy en que las medidas adoptadas por el Gobierno sobre Hait\u00ed \u00abson su exclusividad\u00bb, y por esa raz\u00f3n desistieron de la firma del Pacto de Naci\u00f3n.<\/p>\n\n\n\n<p>interrogados sobre los motivos que los llevaron a separarse del referido Pacto suscrito la v\u00edspera por el presidente Luis Abinader y diferentes sectores sociales, Manolo Pichardo, secretario de Relaciones Internacionales de la Fuerza del Pueblo, sostuvo que el dignatario ha tratado la situaci\u00f3n con Hait\u00ed \u00abal margen de la v\u00eda diplom\u00e1tica\u00bb.<\/p>\n\n\n\n<p>Pichardo dijo que \u00ab\u2026.se vende la idea de una supuesta amenaza a nuestra soberan\u00eda e integridad territorial que nunca existi\u00f3\u00bb.<\/p>\n\n\n\n<p>Manifest\u00f3 que la Fuerza del Pueblo plante\u00f3 solucionar el conflicto con la vecina naci\u00f3n por la v\u00eda diplom\u00e1tica, pero no se tuvo en cuenta, \u00absin importar el da\u00f1o a la imagen del pa\u00eds y el perjuicio econ\u00f3mico a miles de productores y comerciantes con el cierre de la frontera\u00bb.<\/p>\n\n\n\n<p>Por su parte, el secretario de Asuntos Jur\u00eddicos del Partido de la Liberaci\u00f3n Dominicana (PLD), Jos\u00e9 Dant\u00e9s, expres\u00f3 que el mandatario, con ese pacto, quiere hacer corresponsables de lo que suceda a todas las fuerzas pol\u00edticas.<\/p>\n\n\n\n<p>En tanto, Yanet Camilo, del Partido Revolucionario Dominicano (PRD), apunt\u00f3 que esa organizaci\u00f3n acudi\u00f3 a una de las primeras reuniones, pero el Gobierno no tom\u00f3 en cuenta sus consideraciones, por lo que decidi\u00f3 no seguir en la Asamblea.<\/p>\n\n\n\n<p>La v\u00edspera el presidente Abinader firm\u00f3 el Pacto de la Naci\u00f3n, junto a 28 partidos y movimientos pol\u00edticos, pero sin las principales fuerzas de la oposici\u00f3n.<\/p>\n\n\n\n<p>Tambi\u00e9n una veintena de acad\u00e9micos e intelectuales suscribieron el acuerdo para la formulaci\u00f3n y ejecuci\u00f3n de pol\u00edticas de Estado frente a la situaci\u00f3n de inestabilidad que vive Hait\u00ed y a ra\u00edz del conflicto surgido por la construcci\u00f3n por civiles haitianos de un canal de riego en el r\u00edo Dajab\u00f3n, que Rep\u00fablica Dominicana considera ilegal.<\/p>\n\n\n\n<p>El Pacto de la Naci\u00f3n se basa en cuatro pilares fundamentales, a saber, Pol\u00edtica de Relaciones Exteriores, Pol\u00edtica Migratoria, Fronteriza y Econ\u00f3mica.<\/p>\n\n\n\n<p>Se trata de un acuerdo que en lo fundamental fija un estricto control migratorio frente a la significativa inmigraci\u00f3n haitiana y deja claro la disposici\u00f3n de Santo Domingo a respaldar a la comunidad internacional en el esfuerzo de reconstrucci\u00f3n de la vecina naci\u00f3n.<\/p>\n\n\n\n<p>Tambi\u00e9n defiende el principio de la debida regulaci\u00f3n del ingreso y tr\u00e1nsito a trav\u00e9s de sus fronteras, y el compromiso de los dominicanos de salvaguardar la integridad de la zona lim\u00edtrofe, as\u00ed como la convivencia en la misma.<\/p>\n","protected":false},"excerpt":{"rendered":"<p>Santo Domingo.-Los principales partidos pol\u00edticos de oposici\u00f3n dominicanos coincidieron hoy en que las medidas adoptadas por el Gobierno sobre Hait\u00ed \u00abson su exclusividad\u00bb, y por esa raz\u00f3n desistieron de la&hellip;<\/p>\n","protected":false},"author":3,"featured_media":65441,"comment_status":"open","ping_status":"open","sticky":false,"template":"","format":"standard","meta":{"content-type":"","jetpack_post_was_ever_published":false,"_jetpack_newsletter_access":"","_jetpack_dont_email_post_to_subs":false,"_jetpack_newsletter_tier_id":0,"_jetpack_memberships_contains_paywalled_content":false,"_jetpack_memberships_contains_paid_content":false,"footnotes":""},"categories":[1],"tags":[341,718],"class_list":["post-65440","post","type-post","status-publish","format-standard","has-post-thumbnail","hentry","category-sin-categoria","tag-oposicion","tag-partidos"],"jetpack_featured_media_url":"https:\/\/lasprimeras.com.do\/wp-content\/uploads\/2023\/10\/8_Nacionales_15_1p01-4.jpg","jetpack-related-posts":[{"id":65344,"url":"https:\/\/lasprimeras.com.do\/index.php\/2023\/10\/27\/prm-califica-como-un-error-que-la-oposicion-no-haya-firmado-el-pacto-por-haiti\/","url_meta":{"origin":65440,"position":0},"title":"PRM califica como &#8220;un error&#8221; que la oposici\u00f3n no haya firmado el Pacto por Hait\u00ed","author":"Nelson Feliz","date":"27 de octubre de 2023","format":false,"excerpt":"El vicepresidente del partido, Eddy Olivares afirm\u00f3 que estas organizaciones antepusieron el inter\u00e9s de la naci\u00f3n por razones electorales. El vicepresidente del Partido Revolucionario Moderno (PRM), Eddy Olivares, afirm\u00f3 que \"es un error\" la abstenci\u00f3n de los partidos Fuerza del Pueblo (FP), de la Liberaci\u00f3n Dominicana (PLD) y Revolucionario Dominicano\u2026","rel":"","context":"En \u00abPORTADA\u00bb","block_context":{"text":"PORTADA","link":"https:\/\/lasprimeras.com.do\/index.php\/category\/portada\/"},"img":{"alt_text":"Eddy Olivares","src":"https:\/\/i0.wp.com\/lasprimeras.com.do\/wp-content\/uploads\/2023\/10\/Eddy-Olivares.jpg?resize=350%2C200&ssl=1","width":350,"height":200,"srcset":"https:\/\/i0.wp.com\/lasprimeras.com.do\/wp-content\/uploads\/2023\/10\/Eddy-Olivares.jpg?resize=350%2C200&ssl=1 1x, https:\/\/i0.wp.com\/lasprimeras.com.do\/wp-content\/uploads\/2023\/10\/Eddy-Olivares.jpg?resize=525%2C300&ssl=1 1.5x, https:\/\/i0.wp.com\/lasprimeras.com.do\/wp-content\/uploads\/2023\/10\/Eddy-Olivares.jpg?resize=700%2C400&ssl=1 2x"},"classes":[]},{"id":97505,"url":"https:\/\/lasprimeras.com.do\/index.php\/2025\/04\/22\/abinader-llama-al-pld-y-a-la-fp-a-unirse-al-pacto-nacional-contra-la-inmigracion-ilegal\/","url_meta":{"origin":65440,"position":1},"title":"Abinader llama al PLD y a la FP a unirse al pacto nacional contra la inmigraci\u00f3n ilegal","author":"Nelson Feliz","date":"22 de abril de 2025","format":false,"excerpt":"El presidente Luis Abinader reiter\u00f3 este lunes su llamado a los partidos Fuerza del Pueblo y de la Liberaci\u00f3n Dominicana (PLD) para que se integren al pacto nacional propuesto por el Gobierno con el objetivo de enfrentar la inmigraci\u00f3n ilegal y fortalecer la soberan\u00eda nacional. \u201cVuelvo a hacer un llamado\u2026","rel":"","context":"En \u00abPOLITICA\u00bb","block_context":{"text":"POLITICA","link":"https:\/\/lasprimeras.com.do\/index.php\/category\/politica\/"},"img":{"alt_text":"LUIS ABINADER","src":"https:\/\/i0.wp.com\/lasprimeras.com.do\/wp-content\/uploads\/2025\/04\/LUIS-ABINADER-PC.jpg?resize=350%2C200&ssl=1","width":350,"height":200,"srcset":"https:\/\/i0.wp.com\/lasprimeras.com.do\/wp-content\/uploads\/2025\/04\/LUIS-ABINADER-PC.jpg?resize=350%2C200&ssl=1 1x, https:\/\/i0.wp.com\/lasprimeras.com.do\/wp-content\/uploads\/2025\/04\/LUIS-ABINADER-PC.jpg?resize=525%2C300&ssl=1 1.5x, https:\/\/i0.wp.com\/lasprimeras.com.do\/wp-content\/uploads\/2025\/04\/LUIS-ABINADER-PC.jpg?resize=700%2C400&ssl=1 2x"},"classes":[]},{"id":65208,"url":"https:\/\/lasprimeras.com.do\/index.php\/2023\/10\/26\/abinader-y-28-partidos-firman-un-pacto-para-lidiar-con-crisis-haiti\/","url_meta":{"origin":65440,"position":2},"title":"Abinader y 28 partidos firman un pacto para lidiar con crisis Hait\u00ed","author":"BIMARY DE JES\u00daS Matos","date":"26 de octubre de 2023","format":false,"excerpt":"SANTO DOMINGO.- El Gobierno y 20 intelectuales y representantes de partidos pol\u00edticos firmaron el Pacto Nacional para la Formulaci\u00f3n y Ejecuci\u00f3n de Pol\u00edticas de Estado para hacer frente a los efectos en el pa\u00eds de la crisis en Hait\u00ed. En la firma del acuerdo, que abarca las pol\u00edticas de Relaciones\u2026","rel":"","context":"En \u00abPORTADA\u00bb","block_context":{"text":"PORTADA","link":"https:\/\/lasprimeras.com.do\/index.php\/category\/portada\/"},"img":{"alt_text":"","src":"https:\/\/i0.wp.com\/lasprimeras.com.do\/wp-content\/uploads\/2023\/10\/WhatsApp-Image-2023-10-26-at-11.41.06-AM.webp?resize=350%2C200&ssl=1","width":350,"height":200,"srcset":"https:\/\/i0.wp.com\/lasprimeras.com.do\/wp-content\/uploads\/2023\/10\/WhatsApp-Image-2023-10-26-at-11.41.06-AM.webp?resize=350%2C200&ssl=1 1x, https:\/\/i0.wp.com\/lasprimeras.com.do\/wp-content\/uploads\/2023\/10\/WhatsApp-Image-2023-10-26-at-11.41.06-AM.webp?resize=525%2C300&ssl=1 1.5x, https:\/\/i0.wp.com\/lasprimeras.com.do\/wp-content\/uploads\/2023\/10\/WhatsApp-Image-2023-10-26-at-11.41.06-AM.webp?resize=700%2C400&ssl=1 2x"},"classes":[]},{"id":65247,"url":"https:\/\/lasprimeras.com.do\/index.php\/2023\/10\/26\/presidente-abinader-firma-pacto-de-nacion-por-crisis-haitiana\/","url_meta":{"origin":65440,"position":3},"title":"Presidente Abinader firma pacto de Naci\u00f3n por Crisis haitiana","author":"Nelson Feliz","date":"26 de octubre de 2023","format":false,"excerpt":"-Mandatario hace llamado a partidos pol\u00edticos ausentes a participar con un sentido nacional y patri\u00f3tico. -En el Pacto trabajaron y firmaron 28 partidos pol\u00edticos y 23 acad\u00e9micos e intelectuales, incluyendo siete rectores de universidades. El presidente Luis Abinader firm\u00f3 al pa\u00eds el Pacto de Naci\u00f3n por la crisis de Hait\u00ed,\u2026","rel":"","context":"En \u00abNACIONALES\u00bb","block_context":{"text":"NACIONALES","link":"https:\/\/lasprimeras.com.do\/index.php\/category\/nacionales\/"},"img":{"alt_text":"Luis Abinader","src":"https:\/\/i0.wp.com\/lasprimeras.com.do\/wp-content\/uploads\/2023\/10\/Luis-Abinader-3-2.jpg?resize=350%2C200&ssl=1","width":350,"height":200,"srcset":"https:\/\/i0.wp.com\/lasprimeras.com.do\/wp-content\/uploads\/2023\/10\/Luis-Abinader-3-2.jpg?resize=350%2C200&ssl=1 1x, https:\/\/i0.wp.com\/lasprimeras.com.do\/wp-content\/uploads\/2023\/10\/Luis-Abinader-3-2.jpg?resize=525%2C300&ssl=1 1.5x, https:\/\/i0.wp.com\/lasprimeras.com.do\/wp-content\/uploads\/2023\/10\/Luis-Abinader-3-2.jpg?resize=700%2C400&ssl=1 2x"},"classes":[]},{"id":65437,"url":"https:\/\/lasprimeras.com.do\/index.php\/2023\/10\/28\/duartianos-gobierno-demuestre-cumplimiento-ley-migracion-rd\/","url_meta":{"origin":65440,"position":4},"title":"Duartianos: \u00abGobierno demuestre cumplimiento Ley Migraci\u00f3n RD\u00bb","author":"BIMARY DE JES\u00daS Matos","date":"28 de octubre de 2023","format":false,"excerpt":"SANTO DOMINGO.- Si el Gobierno quiere sumar los sectores representativos y los principales partidos de la oposici\u00f3n tiene que dar muestra concreta de que est\u00e1 dispuesto a cumplir y hacer cumplir las normas migratorias de Rep\u00fablica Dominicana, opin\u00f3 el Instituto Duartiano. Wilson G\u00f3mez, presidente de la entidad, dijo reconocer que\u2026","rel":"","context":"En \u00abSin categor\u00eda\u00bb","block_context":{"text":"Sin categor\u00eda","link":"https:\/\/lasprimeras.com.do\/index.php\/category\/sin-categoria\/"},"img":{"alt_text":"","src":"","width":0,"height":0},"classes":[]},{"id":54645,"url":"https:\/\/lasprimeras.com.do\/index.php\/2023\/07\/12\/este-jueves-continuan-las-firmas-de-acuerdos-electorales-con-la-fuerza-del-pueblo\/","url_meta":{"origin":65440,"position":5},"title":"Este jueves contin\u00faan las firmas de acuerdos electorales con la Fuerza del Pueblo","author":"Nelson Feliz","date":"12 de julio de 2023","format":false,"excerpt":"Avanza la consolidaci\u00f3n del gran frente opositor. El partido Fuerza del Pueblo contin\u00faa este jueves 13 de julio, con la presentaci\u00f3n y firma de acuerdos electorales con otras organizaciones pol\u00edticas, con el objetivo de consolidaci\u00f3n de un gran frente opositor. Este es un nuevo pacto electoral que se agrega entre\u2026","rel":"","context":"En \u00abPORTADA\u00bb","block_context":{"text":"PORTADA","link":"https:\/\/lasprimeras.com.do\/index.php\/category\/portada\/"},"img":{"alt_text":"Leonel Fernandez","src":"https:\/\/i0.wp.com\/lasprimeras.com.do\/wp-content\/uploads\/2023\/07\/Leonel-Fernandez-3.jpg?resize=350%2C200&ssl=1","width":350,"height":200,"srcset":"https:\/\/i0.wp.com\/lasprimeras.com.do\/wp-content\/uploads\/2023\/07\/Leonel-Fernandez-3.jpg?resize=350%2C200&ssl=1 1x, https:\/\/i0.wp.com\/lasprimeras.com.do\/wp-content\/uploads\/2023\/07\/Leonel-Fernandez-3.jpg?resize=525%2C300&ssl=1 1.5x, https:\/\/i0.wp.com\/lasprimeras.com.do\/wp-content\/uploads\/2023\/07\/Leonel-Fernandez-3.jpg?resize=700%2C400&ssl=1 2x"},"classes":[]}],"jetpack_sharing_enabled":true,"_links":{"self":[{"href":"https:\/\/lasprimeras.com.do\/index.php\/wp-json\/wp\/v2\/posts\/65440","targetHints":{"allow":["GET"]}}],"collection":[{"href":"https:\/\/lasprimeras.com.do\/index.php\/wp-json\/wp\/v2\/posts"}],"about":[{"href":"https:\/\/lasprimeras.com.do\/index.php\/wp-json\/wp\/v2\/types\/post"}],"author":[{"embeddable":true,"href":"https:\/\/lasprimeras.com.do\/index.php\/wp-json\/wp\/v2\/users\/3"}],"replies":[{"embeddable":true,"href":"https:\/\/lasprimeras.com.do\/index.php\/wp-json\/wp\/v2\/comments?post=65440"}],"version-history":[{"count":1,"href":"https:\/\/lasprimeras.com.do\/index.php\/wp-json\/wp\/v2\/posts\/65440\/revisions"}],"predecessor-version":[{"id":65442,"href":"https:\/\/lasprimeras.com.do\/index.php\/wp-json\/wp\/v2\/posts\/65440\/revisions\/65442"}],"wp:featuredmedia":[{"embeddable":true,"href":"https:\/\/lasprimeras.com.do\/index.php\/wp-json\/wp\/v2\/media\/65441"}],"wp:attachment":[{"href":"https:\/\/lasprimeras.com.do\/index.php\/wp-json\/wp\/v2\/media?parent=65440"}],"wp:term":[{"taxonomy":"category","embeddable":true,"href":"https:\/\/lasprimeras.com.do\/index.php\/wp-json\/wp\/v2\/categories?post=65440"},{"taxonomy":"post_tag","embeddable":true,"href":"https:\/\/lasprimeras.com.do\/index.php\/wp-json\/wp\/v2\/tags?post=65440"}],"curies":[{"name":"wp","href":"https:\/\/api.w.org\/{rel}","templated":true}]}}