{"id":65446,"date":"2023-10-28T09:51:54","date_gmt":"2023-10-28T13:51:54","guid":{"rendered":"https:\/\/lasprimeras.com.do\/?p=65446"},"modified":"2023-10-28T09:51:55","modified_gmt":"2023-10-28T13:51:55","slug":"eeuu-biden-muestra-su-apoyo-a-mexico-tras-el-paso-huracan-otis","status":"publish","type":"post","link":"https:\/\/lasprimeras.com.do\/index.php\/2023\/10\/28\/eeuu-biden-muestra-su-apoyo-a-mexico-tras-el-paso-huracan-otis\/","title":{"rendered":"EEUU: Biden muestra su apoyo a M\u00e9xico tras el paso hurac\u00e1n Otis"},"content":{"rendered":"\n<p>WASHINGTON.- El presidente de Estados Unidos, Joe Biden, ha mostrado su apoyo a M\u00e9xico tras la \u00abp\u00e9rdida de vidas y la devastaci\u00f3n causada por el hurac\u00e1n Otis\u00bb y ha asegurado que su Administraci\u00f3n va a trabajar \u00abestrechamente\u00bb con su vecino.<\/p>\n\n\n\n<p>\u00abMe entristece profundamente la p\u00e9rdida de vidas y la devastaci\u00f3n causada por el hurac\u00e1n Otis esta semana en M\u00e9xico. Nuestros corazones est\u00e1n con todos los afectados por esta terrible tormenta\u00bb, ha asegurado Biden en un comunicado publicado por la Casa Blanca.<\/p>\n\n\n\n<p>Ha a\u00f1adido que ha ordenado a su Administraci\u00f3n \u00abtrabaje estrechamente\u00bb con sus \u00absocios en el Gobierno de M\u00e9xico para ofrecer nuestro pleno apoyo\u00bb. \u00abTambi\u00e9n estamos trabajando para garantizar la seguridad de los ciudadanos estadounidenses en Acapulco y sus alrededores\u00bb, ha garantizado.<\/p>\n\n\n\n<p>\u00abEstados Unidos apoya a M\u00e9xico, nuestro vecino y nuestro amigo, en este momento dif\u00edcil\u00bb, ha zanjado.<\/p>\n\n\n\n<p>Al menos 27 personas han muerto y otras cuatro est\u00e1n desaparecidas por el paso del hurac\u00e1n \u2018Otis\u2019, que entr\u00f3 el mi\u00e9rcoles de madrugada en M\u00e9xico como un cicl\u00f3n de categor\u00eda cinco y despu\u00e9s de una r\u00e1pida y repentina consolidaci\u00f3n en aguas del Atl\u00e1ntico, seg\u00fan el balance de v\u00edctimas dado por el Gobierno mexicano.<\/p>\n\n\n\n<p><\/p>\n","protected":false},"excerpt":{"rendered":"<p>WASHINGTON.- El presidente de Estados Unidos, Joe Biden, ha mostrado su apoyo a M\u00e9xico tras la \u00abp\u00e9rdida de vidas y la devastaci\u00f3n causada por el hurac\u00e1n Otis\u00bb y ha asegurado&hellip;<\/p>\n","protected":false},"author":3,"featured_media":65447,"comment_status":"open","ping_status":"open","sticky":false,"template":"","format":"standard","meta":{"content-type":"","jetpack_post_was_ever_published":false,"_jetpack_newsletter_access":"","_jetpack_dont_email_post_to_subs":false,"_jetpack_newsletter_tier_id":0,"_jetpack_memberships_contains_paywalled_content":false,"_jetpack_memberships_contains_paid_content":false,"footnotes":""},"categories":[1],"tags":[2768,1343],"class_list":["post-65446","post","type-post","status-publish","format-standard","has-post-thumbnail","hentry","category-sin-categoria","tag-ee-uu-3","tag-joe-biden"],"jetpack_featured_media_url":"https:\/\/lasprimeras.com.do\/wp-content\/uploads\/2023\/10\/8_Nacionales_15_1p01-6.jpg","jetpack-related-posts":[{"id":65025,"url":"https:\/\/lasprimeras.com.do\/index.php\/2023\/10\/25\/el-huracan-otis-se-debilita-a-tormenta-de-categoria-4-mientras-fuertes-lluvias-e-inundaciones-repentinas-azotan-el-sur-de-mexico\/","url_meta":{"origin":65446,"position":0},"title":"El hurac\u00e1n Otis se debilita a tormenta de categor\u00eda 4 mientras fuertes lluvias e inundaciones repentinas azotan el sur de M\u00e9xico","author":"Nelson Feliz","date":"25 de octubre de 2023","format":false,"excerpt":"POR JOS\u00c9 ANTONIO RIVERA Y MAR\u00cdA VERZA ACAPULCO, M\u00e9xico (AP) \u2014 El hurac\u00e1n Otis azot\u00f3 la costa sur del Pac\u00edfico de M\u00e9xico como un catastr\u00f3fico hurac\u00e1n de categor\u00eda 5 la madrugada del mi\u00e9rcoles, provocando vientos peligrosos y fuertes lluvias en Acapulco y las ciudades circundantes, evocando recuerdos de una tormenta\u2026","rel":"","context":"En \u00abSin categor\u00eda\u00bb","block_context":{"text":"Sin categor\u00eda","link":"https:\/\/lasprimeras.com.do\/index.php\/category\/sin-categoria\/"},"img":{"alt_text":"","src":"https:\/\/i0.wp.com\/lasprimeras.com.do\/wp-content\/uploads\/2023\/10\/TURISTAS.jpg?resize=350%2C200&ssl=1","width":350,"height":200,"srcset":"https:\/\/i0.wp.com\/lasprimeras.com.do\/wp-content\/uploads\/2023\/10\/TURISTAS.jpg?resize=350%2C200&ssl=1 1x, https:\/\/i0.wp.com\/lasprimeras.com.do\/wp-content\/uploads\/2023\/10\/TURISTAS.jpg?resize=525%2C300&ssl=1 1.5x, https:\/\/i0.wp.com\/lasprimeras.com.do\/wp-content\/uploads\/2023\/10\/TURISTAS.jpg?resize=700%2C400&ssl=1 2x"},"classes":[]},{"id":65579,"url":"https:\/\/lasprimeras.com.do\/index.php\/2023\/10\/30\/mexico-suman-48-los-fallecidos-por-el-paso-del-huracan-otis\/","url_meta":{"origin":65446,"position":1},"title":"M\u00c9XICO: Suman 48 los fallecidos por el paso del hurac\u00e1n \u2018Otis\u2019","author":"BIMARY DE JES\u00daS Matos","date":"30 de octubre de 2023","format":false,"excerpt":"M\u00c9XICO .- Las autoridades mexicanas han confirmado que son ya 48 los fallecidos por el paso del el hurac\u00e1n \u2018Otis\u2019 por el sur de M\u00e9xico, de las cuales 43 corresponden a Acapulco y 5 a Coyuca de Ben\u00edtez. Hay seis personas desaparecidas. Las autoridades han contabilizado adem\u00e1s 273.844 viviendas afectadas\u2026","rel":"","context":"En \u00abSin categor\u00eda\u00bb","block_context":{"text":"Sin categor\u00eda","link":"https:\/\/lasprimeras.com.do\/index.php\/category\/sin-categoria\/"},"img":{"alt_text":"","src":"https:\/\/i0.wp.com\/lasprimeras.com.do\/wp-content\/uploads\/2023\/10\/WhatsApp-Image-2023-10-29-at-4.17.21-PM-1-3.jpeg?resize=350%2C200&ssl=1","width":350,"height":200},"classes":[]},{"id":65712,"url":"https:\/\/lasprimeras.com.do\/index.php\/2023\/10\/31\/mexico-son-47-desaparecidos-y-45-los-muertos-por-huracan-otis\/","url_meta":{"origin":65446,"position":2},"title":"M\u00c9XICO: Son 47 desaparecidos y 45 los muertos por hurac\u00e1n \u2018Otis\u2019","author":"BIMARY DE JES\u00daS Matos","date":"31 de octubre de 2023","format":false,"excerpt":"M\u00c9XICO.- La gobernadora de Guerrero, Evelyn Salgado, ha informado de que son 47 los desaparecidos por el paso del hurac\u00e1n \u2018Otis\u2019 por el sur de M\u00e9xico, una cifra muy superior a los seis de los que se hab\u00eda informado previamente. Salgado ha aclarado adem\u00e1s que son 45 las personas fallecidas,\u2026","rel":"","context":"En \u00abSin categor\u00eda\u00bb","block_context":{"text":"Sin categor\u00eda","link":"https:\/\/lasprimeras.com.do\/index.php\/category\/sin-categoria\/"},"img":{"alt_text":"","src":"","width":0,"height":0},"classes":[]},{"id":89871,"url":"https:\/\/lasprimeras.com.do\/index.php\/2024\/10\/06\/biden-ordena-el-envio-de-otros-500-soldados-para-las-labores-de-recuperacion-de-helene\/","url_meta":{"origin":65446,"position":3},"title":"Biden ordena el env\u00edo de otros 500 soldados para las labores de recuperaci\u00f3n de Helene","author":"Nelson Feliz","date":"6 de octubre de 2024","format":false,"excerpt":"Washington, (EFE).- El presidente estadounidense, Joe Biden, orden\u00f3 este domingo el env\u00edo de otros 500 soldados al oeste de Carolina del Norte para trabajar en las labores de recuperaci\u00f3n de la devastaci\u00f3n dejada por el hurac\u00e1n Helene. A trav\u00e9s de un comunicado, Biden inform\u00f3 que los efectivos se suman a\u2026","rel":"","context":"En \u00abSin categor\u00eda\u00bb","block_context":{"text":"Sin categor\u00eda","link":"https:\/\/lasprimeras.com.do\/index.php\/category\/sin-categoria\/"},"img":{"alt_text":"Roy Cooper","src":"https:\/\/i0.wp.com\/lasprimeras.com.do\/wp-content\/uploads\/2024\/10\/Roy-Cooper.jpg?resize=350%2C200&ssl=1","width":350,"height":200,"srcset":"https:\/\/i0.wp.com\/lasprimeras.com.do\/wp-content\/uploads\/2024\/10\/Roy-Cooper.jpg?resize=350%2C200&ssl=1 1x, https:\/\/i0.wp.com\/lasprimeras.com.do\/wp-content\/uploads\/2024\/10\/Roy-Cooper.jpg?resize=525%2C300&ssl=1 1.5x, https:\/\/i0.wp.com\/lasprimeras.com.do\/wp-content\/uploads\/2024\/10\/Roy-Cooper.jpg?resize=700%2C400&ssl=1 2x"},"classes":[]},{"id":65324,"url":"https:\/\/lasprimeras.com.do\/index.php\/2023\/10\/27\/los-supervivientes-del-mortal-huracan-otis-se-desesperan-por-conseguir-alimentos-y-ayuda\/","url_meta":{"origin":65446,"position":4},"title":"Los supervivientes del mortal hurac\u00e1n Otis se desesperan por conseguir alimentos y ayuda","author":"Nelson Feliz","date":"27 de octubre de 2023","format":false,"excerpt":"POR MARK STEVENSON ACAPULCO, M\u00e9xico (AP) \u2014 Los sobrevivientes de la tormenta de categor\u00eda 5 que mat\u00f3 al menos a 27 personas y devast\u00f3 la ciudad tur\u00edstica de Acapulco en M\u00e9xico se est\u00e1n desesperando en medio de una lenta respuesta del gobierno, preocupados de que el enfoque seguir\u00e1 en reparar\u2026","rel":"","context":"En \u00abSin categor\u00eda\u00bb","block_context":{"text":"Sin categor\u00eda","link":"https:\/\/lasprimeras.com.do\/index.php\/category\/sin-categoria\/"},"img":{"alt_text":"","src":"https:\/\/i0.wp.com\/lasprimeras.com.do\/wp-content\/uploads\/2023\/10\/TURIS.jpg?resize=350%2C200&ssl=1","width":350,"height":200,"srcset":"https:\/\/i0.wp.com\/lasprimeras.com.do\/wp-content\/uploads\/2023\/10\/TURIS.jpg?resize=350%2C200&ssl=1 1x, https:\/\/i0.wp.com\/lasprimeras.com.do\/wp-content\/uploads\/2023\/10\/TURIS.jpg?resize=525%2C300&ssl=1 1.5x, https:\/\/i0.wp.com\/lasprimeras.com.do\/wp-content\/uploads\/2023\/10\/TURIS.jpg?resize=700%2C400&ssl=1 2x"},"classes":[]},{"id":89929,"url":"https:\/\/lasprimeras.com.do\/index.php\/2024\/10\/08\/biden-avisa-que-milton-podria-ser-el-peor-huracan-en-golpear-florida-en-100-anos\/","url_meta":{"origin":65446,"position":5},"title":"Biden avisa que Milton podr\u00eda ser el peor hurac\u00e1n en golpear Florida en 100 a\u00f1os","author":"Nelson Feliz","date":"8 de octubre de 2024","format":false,"excerpt":"Washington, (EFE).- El presidente de Estados Unidos, Joe Biden, advirti\u00f3 este martes que el hurac\u00e1n Milton podr\u00eda ser el \"peor\" en golpear el estado de Florida en un siglo y pidi\u00f3 a las personas que se encuentran en la trayectoria de la tormenta que evacuen lo antes posible. \"Podr\u00eda ser\u2026","rel":"","context":"En \u00abSin categor\u00eda\u00bb","block_context":{"text":"Sin categor\u00eda","link":"https:\/\/lasprimeras.com.do\/index.php\/category\/sin-categoria\/"},"img":{"alt_text":"","src":"https:\/\/i0.wp.com\/lasprimeras.com.do\/wp-content\/uploads\/2024\/10\/Joe-Biden-2.jpg?resize=350%2C200&ssl=1","width":350,"height":200,"srcset":"https:\/\/i0.wp.com\/lasprimeras.com.do\/wp-content\/uploads\/2024\/10\/Joe-Biden-2.jpg?resize=350%2C200&ssl=1 1x, https:\/\/i0.wp.com\/lasprimeras.com.do\/wp-content\/uploads\/2024\/10\/Joe-Biden-2.jpg?resize=525%2C300&ssl=1 1.5x"},"classes":[]}],"jetpack_sharing_enabled":true,"_links":{"self":[{"href":"https:\/\/lasprimeras.com.do\/index.php\/wp-json\/wp\/v2\/posts\/65446","targetHints":{"allow":["GET"]}}],"collection":[{"href":"https:\/\/lasprimeras.com.do\/index.php\/wp-json\/wp\/v2\/posts"}],"about":[{"href":"https:\/\/lasprimeras.com.do\/index.php\/wp-json\/wp\/v2\/types\/post"}],"author":[{"embeddable":true,"href":"https:\/\/lasprimeras.com.do\/index.php\/wp-json\/wp\/v2\/users\/3"}],"replies":[{"embeddable":true,"href":"https:\/\/lasprimeras.com.do\/index.php\/wp-json\/wp\/v2\/comments?post=65446"}],"version-history":[{"count":1,"href":"https:\/\/lasprimeras.com.do\/index.php\/wp-json\/wp\/v2\/posts\/65446\/revisions"}],"predecessor-version":[{"id":65448,"href":"https:\/\/lasprimeras.com.do\/index.php\/wp-json\/wp\/v2\/posts\/65446\/revisions\/65448"}],"wp:featuredmedia":[{"embeddable":true,"href":"https:\/\/lasprimeras.com.do\/index.php\/wp-json\/wp\/v2\/media\/65447"}],"wp:attachment":[{"href":"https:\/\/lasprimeras.com.do\/index.php\/wp-json\/wp\/v2\/media?parent=65446"}],"wp:term":[{"taxonomy":"category","embeddable":true,"href":"https:\/\/lasprimeras.com.do\/index.php\/wp-json\/wp\/v2\/categories?post=65446"},{"taxonomy":"post_tag","embeddable":true,"href":"https:\/\/lasprimeras.com.do\/index.php\/wp-json\/wp\/v2\/tags?post=65446"}],"curies":[{"name":"wp","href":"https:\/\/api.w.org\/{rel}","templated":true}]}}