{"id":65449,"date":"2023-10-28T09:54:32","date_gmt":"2023-10-28T13:54:32","guid":{"rendered":"https:\/\/lasprimeras.com.do\/?p=65449"},"modified":"2023-10-28T09:54:33","modified_gmt":"2023-10-28T13:54:33","slug":"abinader-dispone-remodelacion-del-centro-cultural-mauricio-baez","status":"publish","type":"post","link":"https:\/\/lasprimeras.com.do\/index.php\/2023\/10\/28\/abinader-dispone-remodelacion-del-centro-cultural-mauricio-baez\/","title":{"rendered":"Abinader dispone remodelaci\u00f3n del Centro Cultural Mauricio B\u00e1ez"},"content":{"rendered":"\n<p>SANTO DOMINGO.- El presidente de la Rep\u00fablica Dominicana, Luis Abinader, dispuso el desembolso de los recursos que servir\u00e1n para la remodelaci\u00f3n del Centro Cultural Mauricio B\u00e1ez, entidad enclavada en el sector capitalino de Villa Juana.<\/p>\n\n\n\n<p>La informaci\u00f3n fue revelada la noche del mi\u00e9rcoles por Joel Santos, ministro de la Presidencia, por orden del presidente Abinader, mientras se entregaba la corona de campeones del Torneo de Baloncesto Superior del Distrito Nacional 2023 a los jugadores y ejecutivos del Club Mauricio B\u00e1ez.<\/p>\n\n\n\n<p>\u201cBoy\u00f3n Dom\u00ednguez, en los pr\u00f3ximos d\u00edas se les entregar\u00e1n los recursos destinados para la remodelaci\u00f3n del Centro Cultural Mauricio B\u00e1ez\u201d, dijo el funcionario palaciego.<\/p>\n\n\n\n<p>Santos se\u00f1al\u00f3 que el primer mandatario prest\u00f3 atenci\u00f3n a una solicitud que le realizaron hace unas semanas los directivos mauricianos, C\u00e9sar Heredia Guerra, presidente de la Fundaci\u00f3n Mauricio B\u00e1ez; Jos\u00e9 \u2013Boy\u00f3n- Dom\u00ednguez, titular del club, as\u00ed como por el periodista Leo Corpor\u00e1n, asesor y fundador de la entidad.<\/p>\n\n\n\n<p>\u201cEstamos accediendo a una petici\u00f3n que ustedes realizaron, mediante una carta, donde le ped\u00edan al presidente la remodelaci\u00f3n de tan importante instalaci\u00f3n para los residentes de Villa Juana y zonas aleda\u00f1as\u201d, manifest\u00f3 el funcionario palaciego.<\/p>\n\n\n\n<p>Los directivos del Mauricio B\u00e1ez emitieron un despacho de prensa en el que se mostraron agradecidos con la disposici\u00f3n del gobernante.<\/p>\n\n\n\n<p>Una comisi\u00f3n del club Mauricio B\u00e1ez, conformada por Heredia Guerra, Boy\u00f3n Dom\u00ednguez y Leo Corpor\u00e1n, acompa\u00f1ados por el periodista Jos\u00e9 P. Monegro, se reuni\u00f3 con el presidente Abinader en su despacho del Palacio Nacional, para entregarle la solicitud.<\/p>\n\n\n\n<p>En ese encuentro trataron adem\u00e1s con el mandatario sobre la terminaci\u00f3n del Centro de Atenci\u00f3n Primaria en las instalaciones de los mauricianos.<\/p>\n\n\n\n<p>Los directivos del Club y la Fundaci\u00f3n Mauricio B\u00e1ez se han estado reuniendo adem\u00e1s con el doctor Mario Lama, director ejecutivo del Servicio Nacional de Salud (SNS) para coordinar todo lo relativo al funcionamiento del Centro de Atenci\u00f3n Primaria.<\/p>\n\n\n\n<p>\u201cPara nosotros es m\u00e1s que satisfactorio que el presidente Luis Abinader haya atendido nuestra petici\u00f3n. Es m\u00e1s que oportuna la ocasi\u00f3n, al celebrar nuestro 60 aniversario de fundaci\u00f3n, que se une a nuestra novena corona como campeones del baloncesto del Distrito Nacional\u201d, se\u00f1ala el comunicado firmado por C\u00e9sar Heredia Guerra, Jos\u00e9 \u2013Boy\u00f3n- Dom\u00ednguez y Leo Corpor\u00e1n.<\/p>\n","protected":false},"excerpt":{"rendered":"<p>SANTO DOMINGO.- El presidente de la Rep\u00fablica Dominicana, Luis Abinader, dispuso el desembolso de los recursos que servir\u00e1n para la remodelaci\u00f3n del Centro Cultural Mauricio B\u00e1ez, entidad enclavada en el&hellip;<\/p>\n","protected":false},"author":3,"featured_media":65450,"comment_status":"open","ping_status":"open","sticky":false,"template":"","format":"standard","meta":{"content-type":"","jetpack_post_was_ever_published":false,"_jetpack_newsletter_access":"","_jetpack_dont_email_post_to_subs":false,"_jetpack_newsletter_tier_id":0,"_jetpack_memberships_contains_paywalled_content":false,"_jetpack_memberships_contains_paid_content":false,"footnotes":""},"categories":[1],"tags":[67],"class_list":["post-65449","post","type-post","status-publish","format-standard","has-post-thumbnail","hentry","category-sin-categoria","tag-luis-abinader"],"jetpack_featured_media_url":"https:\/\/lasprimeras.com.do\/wp-content\/uploads\/2023\/10\/8_Nacionales_15_1p01-1.webp","jetpack-related-posts":[{"id":65749,"url":"https:\/\/lasprimeras.com.do\/index.php\/2023\/10\/31\/jose-paliza-entrega-20-mm-para-remodelar-el-centro-cultural-y-fundacion-mauricio-baez\/","url_meta":{"origin":65449,"position":0},"title":"Jos\u00e9 Paliza entrega 20 MM para remodelar el Centro Cultural y Fundaci\u00f3n Mauricio B\u00e1ez","author":"Nelson Feliz","date":"31 de octubre de 2023","format":false,"excerpt":"La entidad celebr\u00f3 recientemente el 60 aniversario trabajando en favor de los ni\u00f1os y j\u00f3venes de Villa Juana y zonas aleda\u00f1as. El ministro Administrativo de la Presidencia, Jos\u00e9 Ignacio Paliza, entreg\u00f3 hoy un aporte por RD 20 millones de pesos para los trabajos de remodelaci\u00f3n del Centro Cultural y el\u2026","rel":"","context":"En \u00abECONOM\u00cdA\u00bb","block_context":{"text":"ECONOM\u00cdA","link":"https:\/\/lasprimeras.com.do\/index.php\/category\/economia\/"},"img":{"alt_text":"Jos\u00e9 Ignacio Paliza","src":"https:\/\/i0.wp.com\/lasprimeras.com.do\/wp-content\/uploads\/2023\/10\/Jose-Ignacio-Paliza.jpg?resize=350%2C200&ssl=1","width":350,"height":200,"srcset":"https:\/\/i0.wp.com\/lasprimeras.com.do\/wp-content\/uploads\/2023\/10\/Jose-Ignacio-Paliza.jpg?resize=350%2C200&ssl=1 1x, https:\/\/i0.wp.com\/lasprimeras.com.do\/wp-content\/uploads\/2023\/10\/Jose-Ignacio-Paliza.jpg?resize=525%2C300&ssl=1 1.5x, https:\/\/i0.wp.com\/lasprimeras.com.do\/wp-content\/uploads\/2023\/10\/Jose-Ignacio-Paliza.jpg?resize=700%2C400&ssl=1 2x"},"classes":[]},{"id":65223,"url":"https:\/\/lasprimeras.com.do\/index.php\/2023\/10\/26\/club-mauricio-baez-conquista-su-historico-noveno-titulo-tbs-dn\/","url_meta":{"origin":65449,"position":1},"title":"Club Mauricio B\u00e1ez conquista su hist\u00f3rico noveno t\u00edtulo TBS DN","author":"BIMARY DE JES\u00daS Matos","date":"26 de octubre de 2023","format":false,"excerpt":"SANTO DOMINGO.- El club Mauricio B\u00e1ez conquist\u00f3 este mi\u00e9rcoles el noveno t\u00edtulo de campe\u00f3n de toda su historia en el baloncesto superior del Distrito Nacional al disponer del club Rafael Barias 90-72, en la versi\u00f3n 47 y en un sexto partido de una final pactada a un 7-4. Con este\u2026","rel":"","context":"En \u00abSin categor\u00eda\u00bb","block_context":{"text":"Sin categor\u00eda","link":"https:\/\/lasprimeras.com.do\/index.php\/category\/sin-categoria\/"},"img":{"alt_text":"","src":"https:\/\/i0.wp.com\/lasprimeras.com.do\/wp-content\/uploads\/2023\/10\/WhatsApp-Image-2023-10-26-at-11.41.06-AM-3.jpeg?resize=350%2C200&ssl=1","width":350,"height":200,"srcset":"https:\/\/i0.wp.com\/lasprimeras.com.do\/wp-content\/uploads\/2023\/10\/WhatsApp-Image-2023-10-26-at-11.41.06-AM-3.jpeg?resize=350%2C200&ssl=1 1x, https:\/\/i0.wp.com\/lasprimeras.com.do\/wp-content\/uploads\/2023\/10\/WhatsApp-Image-2023-10-26-at-11.41.06-AM-3.jpeg?resize=525%2C300&ssl=1 1.5x, https:\/\/i0.wp.com\/lasprimeras.com.do\/wp-content\/uploads\/2023\/10\/WhatsApp-Image-2023-10-26-at-11.41.06-AM-3.jpeg?resize=700%2C400&ssl=1 2x, https:\/\/i0.wp.com\/lasprimeras.com.do\/wp-content\/uploads\/2023\/10\/WhatsApp-Image-2023-10-26-at-11.41.06-AM-3.jpeg?resize=1050%2C600&ssl=1 3x"},"classes":[]},{"id":61757,"url":"https:\/\/lasprimeras.com.do\/index.php\/2023\/09\/30\/mauricio-baez-conquista-serie-regular-al-disponer-de-san-lazaro-en-tbs-distrito-2023\/","url_meta":{"origin":65449,"position":2},"title":"Mauricio B\u00e1ez conquista serie regular al disponer de San L\u00e1zaro en TBS Distrito 2023","author":"Nelson Feliz","date":"30 de septiembre de 2023","format":false,"excerpt":"Marca invicta 6-0 lo hace propietario absoluto primer lugar; Williams 24 y Bautista 18 La serie regular del 47 Torneo de Baloncesto Superior del Distrito Nacional (TBS Distrito 2023) tiene definido un \u00fanico propietario, el club Mauricio B\u00e1ez, que dispuso este viernes 88-84 sobre el combinado de San L\u00e1zaro. El\u2026","rel":"","context":"En \u00abSin categor\u00eda\u00bb","block_context":{"text":"Sin categor\u00eda","link":"https:\/\/lasprimeras.com.do\/index.php\/category\/sin-categoria\/"},"img":{"alt_text":"","src":"https:\/\/i0.wp.com\/lasprimeras.com.do\/wp-content\/uploads\/2023\/09\/WhatsApp-Image-2023-09-30-at-1.18.07-AM.jpeg?resize=350%2C200&ssl=1","width":350,"height":200,"srcset":"https:\/\/i0.wp.com\/lasprimeras.com.do\/wp-content\/uploads\/2023\/09\/WhatsApp-Image-2023-09-30-at-1.18.07-AM.jpeg?resize=350%2C200&ssl=1 1x, https:\/\/i0.wp.com\/lasprimeras.com.do\/wp-content\/uploads\/2023\/09\/WhatsApp-Image-2023-09-30-at-1.18.07-AM.jpeg?resize=525%2C300&ssl=1 1.5x, https:\/\/i0.wp.com\/lasprimeras.com.do\/wp-content\/uploads\/2023\/09\/WhatsApp-Image-2023-09-30-at-1.18.07-AM.jpeg?resize=700%2C400&ssl=1 2x, https:\/\/i0.wp.com\/lasprimeras.com.do\/wp-content\/uploads\/2023\/09\/WhatsApp-Image-2023-09-30-at-1.18.07-AM.jpeg?resize=1050%2C600&ssl=1 3x"},"classes":[]},{"id":73122,"url":"https:\/\/lasprimeras.com.do\/index.php\/2024\/01\/06\/mauricio-baez-y-el-caliche-avanzan-a-semifinal-clasico-baloncesto-boyon-dominguez\/","url_meta":{"origin":65449,"position":3},"title":"Mauricio B\u00e1ez y el Caliche avanzan a semifinal cl\u00e1sico baloncesto Boy\u00f3n Dom\u00ednguez","author":"BIMARY DE JES\u00daS Matos","date":"6 de enero de 2024","format":false,"excerpt":"SANTO DOMINGO, RD.- Los clubes El Caliche y Mauricio B\u00e1ez avanzaron la noche del jueves a la serie semifinal del Cl\u00e1sico de Baloncesto Boy\u00f3n Dom\u00ednguez, en el que se disputa la Copa Banreservas y tiene una dedicaci\u00f3n especial al ministro de Interior y Polic\u00eda, Jes\u00fas -Chu- V\u00e1squez Mart\u00ednez. Miguel Brito,\u2026","rel":"","context":"En \u00abSin categor\u00eda\u00bb","block_context":{"text":"Sin categor\u00eda","link":"https:\/\/lasprimeras.com.do\/index.php\/category\/sin-categoria\/"},"img":{"alt_text":"","src":"https:\/\/i0.wp.com\/lasprimeras.com.do\/wp-content\/uploads\/2024\/01\/Noticias-de-energia-2024-01-04T183445.722-2.webp?resize=350%2C200&ssl=1","width":350,"height":200,"srcset":"https:\/\/i0.wp.com\/lasprimeras.com.do\/wp-content\/uploads\/2024\/01\/Noticias-de-energia-2024-01-04T183445.722-2.webp?resize=350%2C200&ssl=1 1x, https:\/\/i0.wp.com\/lasprimeras.com.do\/wp-content\/uploads\/2024\/01\/Noticias-de-energia-2024-01-04T183445.722-2.webp?resize=525%2C300&ssl=1 1.5x"},"classes":[]},{"id":63851,"url":"https:\/\/lasprimeras.com.do\/index.php\/2023\/10\/16\/mauricio-baez-y-rafael-barias-disputaran-la-final-del-tbs-distrito\/","url_meta":{"origin":65449,"position":4},"title":"Mauricio B\u00e1ez y Rafael Barias disputar\u00e1n la final del TBS Distrito","author":"Nelson Feliz","date":"16 de octubre de 2023","format":false,"excerpt":"El club Mauricio B\u00e1ez complet\u00f3 este domingo los dos equipos finalistas que disputar\u00e1n el t\u00edtulo de campe\u00f3n del 47 Torneo de Basket Superior del Distrito Nacional (TBS Distrito 2023), al conseguir un triunfo 80-73 sobre la escuadra de San Carlos. El Mauricio se uni\u00f3 al club Rafael Barias, que se\u2026","rel":"","context":"En \u00abSin categor\u00eda\u00bb","block_context":{"text":"Sin categor\u00eda","link":"https:\/\/lasprimeras.com.do\/index.php\/category\/sin-categoria\/"},"img":{"alt_text":"","src":"https:\/\/i0.wp.com\/lasprimeras.com.do\/wp-content\/uploads\/2023\/10\/Mauricio-Baez-y-Rafael-Barias.jpg?resize=350%2C200&ssl=1","width":350,"height":200},"classes":[]},{"id":51376,"url":"https:\/\/lasprimeras.com.do\/index.php\/2023\/05\/30\/aguilas-guachupita-vencen-a-mauricio-baez-77-72-y-empatan-final-del-superior-femenino\/","url_meta":{"origin":65449,"position":5},"title":"\u00c1guilas Guachupita vencen a Mauricio B\u00e1ez 77-72 y empatan final del Superior Femenino","author":"prenxa100","date":"30 de mayo de 2023","format":false,"excerpt":"SANTO DOMINGO.-.Las \u00c1guilas de Guachupita vencieron 77 por 72 anoche al Club Mauricio B\u00e1ez en un emocionante partido de la final del Torneo Superior Femenino que organiza la Asociaci\u00f3n de Baloncesto del Distrito Nacional (abadina), en opci\u00f3n a la Copa Seaboard y con dedicatoria especial a la regidora Liz Mieses.\u2026","rel":"","context":"En \u00abSin categor\u00eda\u00bb","block_context":{"text":"Sin categor\u00eda","link":"https:\/\/lasprimeras.com.do\/index.php\/category\/sin-categoria\/"},"img":{"alt_text":"","src":"","width":0,"height":0},"classes":[]}],"jetpack_sharing_enabled":true,"_links":{"self":[{"href":"https:\/\/lasprimeras.com.do\/index.php\/wp-json\/wp\/v2\/posts\/65449","targetHints":{"allow":["GET"]}}],"collection":[{"href":"https:\/\/lasprimeras.com.do\/index.php\/wp-json\/wp\/v2\/posts"}],"about":[{"href":"https:\/\/lasprimeras.com.do\/index.php\/wp-json\/wp\/v2\/types\/post"}],"author":[{"embeddable":true,"href":"https:\/\/lasprimeras.com.do\/index.php\/wp-json\/wp\/v2\/users\/3"}],"replies":[{"embeddable":true,"href":"https:\/\/lasprimeras.com.do\/index.php\/wp-json\/wp\/v2\/comments?post=65449"}],"version-history":[{"count":1,"href":"https:\/\/lasprimeras.com.do\/index.php\/wp-json\/wp\/v2\/posts\/65449\/revisions"}],"predecessor-version":[{"id":65451,"href":"https:\/\/lasprimeras.com.do\/index.php\/wp-json\/wp\/v2\/posts\/65449\/revisions\/65451"}],"wp:featuredmedia":[{"embeddable":true,"href":"https:\/\/lasprimeras.com.do\/index.php\/wp-json\/wp\/v2\/media\/65450"}],"wp:attachment":[{"href":"https:\/\/lasprimeras.com.do\/index.php\/wp-json\/wp\/v2\/media?parent=65449"}],"wp:term":[{"taxonomy":"category","embeddable":true,"href":"https:\/\/lasprimeras.com.do\/index.php\/wp-json\/wp\/v2\/categories?post=65449"},{"taxonomy":"post_tag","embeddable":true,"href":"https:\/\/lasprimeras.com.do\/index.php\/wp-json\/wp\/v2\/tags?post=65449"}],"curies":[{"name":"wp","href":"https:\/\/api.w.org\/{rel}","templated":true}]}}