{"id":65467,"date":"2023-10-28T15:56:14","date_gmt":"2023-10-28T19:56:14","guid":{"rendered":"https:\/\/lasprimeras.com.do\/?p=65467"},"modified":"2023-10-28T15:56:15","modified_gmt":"2023-10-28T19:56:15","slug":"dictan-cadena-perpetua-en-eeuu-para-exmilitar-colombiano-por-el-magnicidio-de-haiti","status":"publish","type":"post","link":"https:\/\/lasprimeras.com.do\/index.php\/2023\/10\/28\/dictan-cadena-perpetua-en-eeuu-para-exmilitar-colombiano-por-el-magnicidio-de-haiti\/","title":{"rendered":"Dictan cadena perpetua en EEUU para exmilitar colombiano por el magnicidio de Hait\u00ed"},"content":{"rendered":"\n<p>Miami, (EFE).- El exmilitar colombiano Germ\u00e1n Alejandro Rivera Garc\u00eda, detenido en Estados Unidos junto a un grupo de sospechosos de participar en el magnicidio del presidente de Hait\u00ed, Jovenel Moise, en 2021, fue condenado este viernes en una corte federal de Miami a cadena perpetua, seg\u00fan documentos judiciales.<\/p>\n\n\n\n<p>Rivera, de 44 a\u00f1os, se hab\u00eda declarado culpable el pasado mes de cuatro cargos por conspiraci\u00f3n para realizar homicidio y secuestro.<\/p>\n\n\n\n<p>Durante la sentencia, que tuvo lugar este viernes en una corte federal de Miami ante el juez Jos\u00e9 E. Mart\u00ednez, un \u00abint\u00e9rprete jur\u00f3 y el acusado fue posteriormente sentenciado\u00bb, seg\u00fan documentos judiciales a los que tuvo acceso EFE.<\/p>\n\n\n\n<p>El colombiano hab\u00eda comparecido ante la Justicia en Miami junto a los haitianos-estadounidenses James Solages, Joseph Vincent y Christian Sanon.<\/p>\n\n\n\n<p>Los cuatro hab\u00edan sido trasladados a comienzos de a\u00f1o desde Puerto Pr\u00edncipe, la capital Hait\u00ed, a Miami, donde, a excepci\u00f3n de Sanon, afrontaban un cargo de conspiraci\u00f3n para cometer un asesinato o secuestro de una persona fuera de Estados Unidos.<\/p>\n\n\n\n<p>Moise fue acribillado a tiros por un comando con armas y equipo militar que irrumpi\u00f3 en su residencia a las afueras de Puerto Pr\u00edncipe el 7 de julio de 2021, el cual tambi\u00e9n hiri\u00f3 de gravedad a su esposa, Marine Moise.<\/p>\n\n\n\n<p>De acuerdo con la Fiscal\u00eda del Distrito Sur de Florida, los tres haitianos-estadounidenses se reunieron en abril de 2021 en el sur de este estado para discutir c\u00f3mo promover un cambio en la Presidencia de la naci\u00f3n caribe\u00f1a y, tras el encuentro, se elabor\u00f3 una lista con equipo y armamento que inclu\u00eda rifles, ametralladoras, gases lacrim\u00f3genos, granadas, municiones y chalecos antibalas.<\/p>\n\n\n\n<p>El 10 de junio de 2021, Sanon envi\u00f3 desde el sur de Florida 20 chalecos bal\u00edsticos para sus fuerzas militares privadas, sin las licencias de exportaci\u00f3n correspondientes.<\/p>\n\n\n\n<p>D\u00edas despu\u00e9s, Solages, Vincent, Rivera y otros intentaron sin \u00e9xito arrestar al presidente y secuestrarlo, tras lo cual el 28 de junio de 2021 Solages viaj\u00f3 desde Hait\u00ed al sur de Florida para cerrar la operaci\u00f3n contra Moise y luego, el 1 de julio, regres\u00f3 a la isla para presuntamente participar en el asesinato.<\/p>\n\n\n\n<p>El 6 de julio, Solages, Vincent, Rivera y otros se reunieron en una casa cercana a la residencia del presidente Moise, en la que \u00abSolages anunci\u00f3 que la misi\u00f3n era matar al presidente Moise\u00bb y se procedi\u00f3 a la distribuci\u00f3n de armas de fuego y chalecos antibalas, seg\u00fan la Fiscal\u00eda estadounidense.<\/p>\n\n\n\n<p>Otros que fueron detenidos por este caso son el colombiano Mario Antonio Palacios Palacios, el empresario haitiano-chileno Rodolphe Jaar y el exsenador haitiano Joseph Joel John, arrestados el a\u00f1o pasado.<\/p>\n\n\n\n<p>Jaar se declar\u00f3 culpable en marzo de brindar apoyo al comando que perpetr\u00f3 el asesinato del presidente haitiano y en junio pasado tambi\u00e9n fue sentenciado por un juez federal de Miami (Florida) a cadena perpetua.<\/p>\n\n\n\n<p>Sobre Rivera, el tribunal recomendar\u00e1 que sea designado a una instalaci\u00f3n federal ubicada \u00abel sur de Florida o lo m\u00e1s cerca posible de ella\u00bb, seg\u00fan indica la sentencia.<\/p>\n","protected":false},"excerpt":{"rendered":"<p>Miami, (EFE).- El exmilitar colombiano Germ\u00e1n Alejandro Rivera Garc\u00eda, detenido en Estados Unidos junto a un grupo de sospechosos de participar en el magnicidio del presidente de Hait\u00ed, Jovenel Moise,&hellip;<\/p>\n","protected":false},"author":3,"featured_media":65468,"comment_status":"open","ping_status":"open","sticky":false,"template":"","format":"standard","meta":{"content-type":"","jetpack_post_was_ever_published":false,"_jetpack_newsletter_access":"","_jetpack_dont_email_post_to_subs":false,"_jetpack_newsletter_tier_id":0,"_jetpack_memberships_contains_paywalled_content":false,"_jetpack_memberships_contains_paid_content":false,"footnotes":""},"categories":[1],"tags":[2768,419],"class_list":["post-65467","post","type-post","status-publish","format-standard","has-post-thumbnail","hentry","category-sin-categoria","tag-ee-uu-3","tag-magnicidio"],"jetpack_featured_media_url":"https:\/\/lasprimeras.com.do\/wp-content\/uploads\/2023\/10\/WhatsApp-Image-2023-10-28-at-2.43.07-PM-1.webp","jetpack-related-posts":[{"id":65421,"url":"https:\/\/lasprimeras.com.do\/index.php\/2023\/10\/27\/cadena-perpetua-para-militar-colombiano-implicado-en-asesinato-del-presidente-de-haiti\/","url_meta":{"origin":65467,"position":0},"title":"Cadena perpetua para militar colombiano implicado en asesinato del presidente de Hait\u00ed","author":"Nelson Feliz","date":"27 de octubre de 2023","format":false,"excerpt":"Un militar colombiano retirado fue condenado este viernes a cadena perpetua, en un tribunal de Miami (Florida), por participar en el asesinato del presidente de Hait\u00ed Jovenel Mo\u00efse, el 7 de julio de 2021, un magnicidio que hundi\u00f3 el pa\u00eds caribe\u00f1o en el caos. Germ\u00e1n Rivera, considerado uno de los\u2026","rel":"","context":"En \u00abSin categor\u00eda\u00bb","block_context":{"text":"Sin categor\u00eda","link":"https:\/\/lasprimeras.com.do\/index.php\/category\/sin-categoria\/"},"img":{"alt_text":"","src":"https:\/\/i0.wp.com\/lasprimeras.com.do\/wp-content\/uploads\/2023\/10\/Jovenel-Moise.png?resize=350%2C200&ssl=1","width":350,"height":200,"srcset":"https:\/\/i0.wp.com\/lasprimeras.com.do\/wp-content\/uploads\/2023\/10\/Jovenel-Moise.png?resize=350%2C200&ssl=1 1x, https:\/\/i0.wp.com\/lasprimeras.com.do\/wp-content\/uploads\/2023\/10\/Jovenel-Moise.png?resize=525%2C300&ssl=1 1.5x"},"classes":[]},{"id":51719,"url":"https:\/\/lasprimeras.com.do\/index.php\/2023\/06\/02\/condenan-a-prision-perpetua-empresario-por-participar-en-asesinato-de-jovenel-moise\/","url_meta":{"origin":65467,"position":1},"title":"Condenan a prisi\u00f3n perpetua empresario por participar en asesinato de Jovenel Mo\u00efse","author":"prenxa100","date":"2 de junio de 2023","format":false,"excerpt":"Miami, AP.-. Un empresario de doble nacionalidad haitiana y chilena que ayud\u00f3 a exsoldados colombianos a conseguir armas para asesinar al presidente haitiano Jovenel Mo\u00efse en 2021 fue condenado el viernes a prisi\u00f3n perpetua en Estados Unidos, casi dos meses despu\u00e9s de haber admitido su participaci\u00f3n en el magnicidio. Rodolphe\u2026","rel":"","context":"En \u00abSin categor\u00eda\u00bb","block_context":{"text":"Sin categor\u00eda","link":"https:\/\/lasprimeras.com.do\/index.php\/category\/sin-categoria\/"},"img":{"alt_text":"","src":"","width":0,"height":0},"classes":[]},{"id":75413,"url":"https:\/\/lasprimeras.com.do\/index.php\/2024\/02\/01\/caso-de-jovenel-moise-cuantos-exmilitares-colombianos-estan-detendios-por-el-asesinato-presidencial-en-haiti\/","url_meta":{"origin":65467,"position":2},"title":"Caso de Jovenel Mo\u00efse: cu\u00e1ntos exmilitares colombianos est\u00e1n detendios por el asesinato presidencial en Hait\u00ed","author":"Nelson Feliz","date":"1 de febrero de 2024","format":false,"excerpt":"Las autoridades locales llevan a cabo la investigaci\u00f3n sobre el magnicidio, con el respaldo de Estados Unidos y Colombia, tras dos a\u00f1os y medio desde el tr\u00e1gico suceso. Por Katherine Lancheros El asesinato del presidente haitiano, Jovenel Mo\u00efse, ocurrido en julio de 2021, sigue generando titulares y captando la atenci\u00f3n\u2026","rel":"","context":"En \u00abSin categor\u00eda\u00bb","block_context":{"text":"Sin categor\u00eda","link":"https:\/\/lasprimeras.com.do\/index.php\/category\/sin-categoria\/"},"img":{"alt_text":"Jovenel Mo\u00efse","src":"https:\/\/i0.wp.com\/lasprimeras.com.do\/wp-content\/uploads\/2024\/02\/jovenel.jpg?resize=350%2C200&ssl=1","width":350,"height":200,"srcset":"https:\/\/i0.wp.com\/lasprimeras.com.do\/wp-content\/uploads\/2024\/02\/jovenel.jpg?resize=350%2C200&ssl=1 1x, https:\/\/i0.wp.com\/lasprimeras.com.do\/wp-content\/uploads\/2024\/02\/jovenel.jpg?resize=525%2C300&ssl=1 1.5x, https:\/\/i0.wp.com\/lasprimeras.com.do\/wp-content\/uploads\/2024\/02\/jovenel.jpg?resize=700%2C400&ssl=1 2x"},"classes":[]},{"id":62368,"url":"https:\/\/lasprimeras.com.do\/index.php\/2023\/10\/04\/martelly-es-interrogado-4-horas-por-juez-investiga-asesinato-moise\/","url_meta":{"origin":65467,"position":3},"title":"Martelly es interrogado 4 horas por juez investiga asesinato Moise","author":"BIMARY DE JES\u00daS Matos","date":"4 de octubre de 2023","format":false,"excerpt":"Puerto Pr\u00edncipe.- El expresidente de Hait\u00ed, Michel Martelly, acudi\u00f3 este martes ante el juez de la Instrucci\u00f3n Walther Wesser Voltaire, quien investiga el asesinato del presidente Jovenel Moise, y permaneci\u00f3 durante cuatro horas respondiendo las preguntas del magistrado. Martelly, quien no ofreci\u00f3 declaraciones a los medios tras salir del interrogatorio,\u2026","rel":"","context":"En \u00abPORTADA\u00bb","block_context":{"text":"PORTADA","link":"https:\/\/lasprimeras.com.do\/index.php\/category\/portada\/"},"img":{"alt_text":"","src":"https:\/\/i0.wp.com\/lasprimeras.com.do\/wp-content\/uploads\/2023\/10\/WhatsApp-Image-2023-10-04-at-7.55.08-AM-9.jpeg?resize=350%2C200&ssl=1","width":350,"height":200,"srcset":"https:\/\/i0.wp.com\/lasprimeras.com.do\/wp-content\/uploads\/2023\/10\/WhatsApp-Image-2023-10-04-at-7.55.08-AM-9.jpeg?resize=350%2C200&ssl=1 1x, https:\/\/i0.wp.com\/lasprimeras.com.do\/wp-content\/uploads\/2023\/10\/WhatsApp-Image-2023-10-04-at-7.55.08-AM-9.jpeg?resize=525%2C300&ssl=1 1.5x"},"classes":[]},{"id":77338,"url":"https:\/\/lasprimeras.com.do\/index.php\/2024\/02\/20\/imputacion-de-la-viuda-del-presidente-de-haiti-abre-nuevo-capitulo-en-caso-de-magnicidio\/","url_meta":{"origin":65467,"position":4},"title":"Imputaci\u00f3n de la viuda del presidente de Hait\u00ed abre nuevo cap\u00edtulo en caso de magnicidio","author":"BIMARY DE JES\u00daS Matos","date":"20 de febrero de 2024","format":false,"excerpt":"Hait\u00ed.-La imputaci\u00f3n por asesinato a\u00a0Martine Mo\u00efse,\u00a0viuda del presidente haitiano\u00a0Jovenel Mo\u00efse, abre un nuevo cap\u00edtulo en la investigaci\u00f3n de este\u00a0magnicidio,\u00a0un caso por el que cinco personas ya se han declarado culpables ante la justicia de Estados Unidos, donde se planific\u00f3 y financi\u00f3 el complot. Mo\u00efse fue\u00a0torturado y asesinado\u00a0la madrugada del 7\u2026","rel":"","context":"En \u00abNACIONALES\u00bb","block_context":{"text":"NACIONALES","link":"https:\/\/lasprimeras.com.do\/index.php\/category\/nacionales\/"},"img":{"alt_text":"","src":"https:\/\/i0.wp.com\/lasprimeras.com.do\/wp-content\/uploads\/2024\/02\/image_content_7844288_20170207152647-focus-0-0-375-240.jpg?resize=350%2C200&ssl=1","width":350,"height":200},"classes":[]},{"id":103362,"url":"https:\/\/lasprimeras.com.do\/index.php\/2025\/07\/15\/hijo-de-asesinado-jovenel-moise-el-sabia-que-habia-un-complot-pero-desconocia-los-detalles\/","url_meta":{"origin":65467,"position":5},"title":"Hijo de asesinado Jovenel Mo\u00efse: &#8220;\u00c9l sab\u00eda que hab\u00eda un complot, pero desconoc\u00eda los detalles&#8221;","author":"Nelson Feliz","date":"15 de julio de 2025","format":false,"excerpt":"Joverlein Mo\u00efse, hijo del mandatario, dijo que su padre se encontraba \"aislado\" como una medida de protecci\u00f3n. Al cumplirse esta semana cuatro a\u00f1os del asesinato del presidente de Hait\u00ed, Jovenel Mo\u00efse, su hijo se refiri\u00f3 al complot que llev\u00f3 al tr\u00e1gico desenlace de su padre y a los obst\u00e1culos judiciales\u2026","rel":"","context":"En \u00abINTERNACIONALES\u00bb","block_context":{"text":"INTERNACIONALES","link":"https:\/\/lasprimeras.com.do\/index.php\/category\/sin-categoria\/internacionales\/"},"img":{"alt_text":"","src":"https:\/\/i0.wp.com\/lasprimeras.com.do\/wp-content\/uploads\/2025\/07\/Joverlein-Moise-1.jpg?resize=350%2C200&ssl=1","width":350,"height":200,"srcset":"https:\/\/i0.wp.com\/lasprimeras.com.do\/wp-content\/uploads\/2025\/07\/Joverlein-Moise-1.jpg?resize=350%2C200&ssl=1 1x, https:\/\/i0.wp.com\/lasprimeras.com.do\/wp-content\/uploads\/2025\/07\/Joverlein-Moise-1.jpg?resize=525%2C300&ssl=1 1.5x, https:\/\/i0.wp.com\/lasprimeras.com.do\/wp-content\/uploads\/2025\/07\/Joverlein-Moise-1.jpg?resize=700%2C400&ssl=1 2x, https:\/\/i0.wp.com\/lasprimeras.com.do\/wp-content\/uploads\/2025\/07\/Joverlein-Moise-1.jpg?resize=1050%2C600&ssl=1 3x, https:\/\/i0.wp.com\/lasprimeras.com.do\/wp-content\/uploads\/2025\/07\/Joverlein-Moise-1.jpg?resize=1400%2C800&ssl=1 4x"},"classes":[]}],"jetpack_sharing_enabled":true,"_links":{"self":[{"href":"https:\/\/lasprimeras.com.do\/index.php\/wp-json\/wp\/v2\/posts\/65467","targetHints":{"allow":["GET"]}}],"collection":[{"href":"https:\/\/lasprimeras.com.do\/index.php\/wp-json\/wp\/v2\/posts"}],"about":[{"href":"https:\/\/lasprimeras.com.do\/index.php\/wp-json\/wp\/v2\/types\/post"}],"author":[{"embeddable":true,"href":"https:\/\/lasprimeras.com.do\/index.php\/wp-json\/wp\/v2\/users\/3"}],"replies":[{"embeddable":true,"href":"https:\/\/lasprimeras.com.do\/index.php\/wp-json\/wp\/v2\/comments?post=65467"}],"version-history":[{"count":1,"href":"https:\/\/lasprimeras.com.do\/index.php\/wp-json\/wp\/v2\/posts\/65467\/revisions"}],"predecessor-version":[{"id":65469,"href":"https:\/\/lasprimeras.com.do\/index.php\/wp-json\/wp\/v2\/posts\/65467\/revisions\/65469"}],"wp:featuredmedia":[{"embeddable":true,"href":"https:\/\/lasprimeras.com.do\/index.php\/wp-json\/wp\/v2\/media\/65468"}],"wp:attachment":[{"href":"https:\/\/lasprimeras.com.do\/index.php\/wp-json\/wp\/v2\/media?parent=65467"}],"wp:term":[{"taxonomy":"category","embeddable":true,"href":"https:\/\/lasprimeras.com.do\/index.php\/wp-json\/wp\/v2\/categories?post=65467"},{"taxonomy":"post_tag","embeddable":true,"href":"https:\/\/lasprimeras.com.do\/index.php\/wp-json\/wp\/v2\/tags?post=65467"}],"curies":[{"name":"wp","href":"https:\/\/api.w.org\/{rel}","templated":true}]}}