{"id":65479,"date":"2023-10-29T11:46:34","date_gmt":"2023-10-29T15:46:34","guid":{"rendered":"https:\/\/lasprimeras.com.do\/?p=65479"},"modified":"2023-10-29T11:46:36","modified_gmt":"2023-10-29T15:46:36","slug":"fuego-afecta-barcaza-que-opera-en-los-negros-en-azua","status":"publish","type":"post","link":"https:\/\/lasprimeras.com.do\/index.php\/2023\/10\/29\/fuego-afecta-barcaza-que-opera-en-los-negros-en-azua\/","title":{"rendered":"Fuego afecta barcaza que opera en Los Negros, en Azua"},"content":{"rendered":"\n<p>Un fuego se registr\u00f3 la ma\u00f1ana de este domingo en la barcaza que opera la empresa Karpowership Dominicana, en Pueblo Viejo de Azua, seg\u00fan denunci\u00f3 el dirigente de grupos ambientalistas de la zona.<\/p>\n\n\n\n<p>El incendio, cuyas im\u00e1genes circulan en un video en las redes sociales, ya fue sofocado por personal interno de la empresa, inform\u00f3 Juan Alberto P\u00e9rez, dirigente comunitario y uno de los voceros de la Uni\u00f3n Antibarcaza.<\/p>\n\n\n\n<p>P\u00e9rez, llam\u00f3 a la central del cuerpo de bomberos de Azua donde informaron que no ten\u00edan conocimiento del fuego.<\/p>\n\n\n\n<p>Reiter\u00f3 que ese proyecto de generaci\u00f3n de electricidad no es viable en esa zona protegida, por considerar que da\u00f1a los manglares de Pueblo Viejo, donde habitan manat\u00edes, tortugas y otras especies.<\/p>\n\n\n\n<p>Adem\u00e1s, insisti\u00f3 en que as\u00ed como da\u00f1a la flora y la fauna, la barcaza afecta la salud de los moradores de esa provincia del sur del pa\u00eds.<\/p>\n\n\n\n<p>\u201cAzua no merece ser tratada de esa manera y ese proyecto no es viable en una zona protegida\u201d, dijo el dirigente comunitario al ser contactado v\u00eda telef\u00f3nica.<\/p>\n\n\n\n<p>Pidi\u00f3 al presidente Luis Abinader tomar cartas en el asunto, ya que ese proyecto \u201ces una estafa contra el Estado Dominicano\u201d.<\/p>\n\n\n\n<p>Puntualiz\u00f3 que este es el segundo incendio que ocurre en la barcaza, que solo tiene seis meses operando, adem\u00e1s, de que se produjo un derrame de combustible y en junio pasado murieron decenas de peces en la playa Los Negros.<\/p>\n\n\n\n<p>Fuente List\u00edn Diario<\/p>\n","protected":false},"excerpt":{"rendered":"<p>Un fuego se registr\u00f3 la ma\u00f1ana de este domingo en la barcaza que opera la empresa Karpowership Dominicana, en Pueblo Viejo de Azua, seg\u00fan denunci\u00f3 el dirigente de grupos ambientalistas&hellip;<\/p>\n","protected":false},"author":2,"featured_media":65480,"comment_status":"open","ping_status":"open","sticky":false,"template":"","format":"standard","meta":{"content-type":"","jetpack_post_was_ever_published":false,"_jetpack_newsletter_access":"","_jetpack_dont_email_post_to_subs":false,"_jetpack_newsletter_tier_id":0,"_jetpack_memberships_contains_paywalled_content":false,"_jetpack_memberships_contains_paid_content":false,"footnotes":""},"categories":[35,25],"tags":[1296,3032,56,3887],"class_list":["post-65479","post","type-post","status-publish","format-standard","has-post-thumbnail","hentry","category-nacionales","category-portada","tag-azua","tag-barcaza","tag-fuego","tag-los-negros"],"jetpack_featured_media_url":"https:\/\/lasprimeras.com.do\/wp-content\/uploads\/2023\/10\/barcaza.jpeg","jetpack-related-posts":[{"id":91592,"url":"https:\/\/lasprimeras.com.do\/index.php\/2024\/11\/28\/pld-acompana-comunidades-afectadas-por-dano-ambiental-que-genera-barcazas-en-azua\/","url_meta":{"origin":65479,"position":0},"title":"PLD acompa\u00f1a comunidades afectadas por da\u00f1o ambiental que genera Barcazas en Azua","author":"Nelson Feliz","date":"28 de noviembre de 2024","format":false,"excerpt":"Una representaci\u00f3n de miembros y dirigentes del Partido de la Liberaci\u00f3n Dominicana (PLD) orientados por la Secretar\u00eda de Medio Ambiente y Recursos Naturales de la organizaci\u00f3n acompa\u00f1aron a las comunidades y activistas que exigen justicia ante el da\u00f1o ambiental provocados dos por las Barcazas generadoras de electricidad en Azua. La\u2026","rel":"","context":"En \u00abPORTADA\u00bb","block_context":{"text":"PORTADA","link":"https:\/\/lasprimeras.com.do\/index.php\/category\/portada\/"},"img":{"alt_text":"Protestas PGR por Barcaza Los Negros Azua","src":"https:\/\/i0.wp.com\/lasprimeras.com.do\/wp-content\/uploads\/2024\/11\/Protestas-PGR-por-Barcaza-Los-Negros-Azua-1.jpg?resize=350%2C200&ssl=1","width":350,"height":200,"srcset":"https:\/\/i0.wp.com\/lasprimeras.com.do\/wp-content\/uploads\/2024\/11\/Protestas-PGR-por-Barcaza-Los-Negros-Azua-1.jpg?resize=350%2C200&ssl=1 1x, https:\/\/i0.wp.com\/lasprimeras.com.do\/wp-content\/uploads\/2024\/11\/Protestas-PGR-por-Barcaza-Los-Negros-Azua-1.jpg?resize=525%2C300&ssl=1 1.5x"},"classes":[]},{"id":109300,"url":"https:\/\/lasprimeras.com.do\/index.php\/2025\/09\/16\/karpowership-solicita-permiso-ambiental-para-operar-tercera-barcaza-de-generacion-electrica-en-azua\/","url_meta":{"origin":65479,"position":1},"title":"Karpowership solicita permiso ambiental para operar tercera barcaza de generaci\u00f3n el\u00e9ctrica en Azua","author":"Nelson Feliz","date":"16 de septiembre de 2025","format":false,"excerpt":"El Ministerio de Medio Ambiente eval\u00faa una propuesta de modificaci\u00f3n de la licencia ambiental que posee la empresa Karpowership, que opera dos barcazas ubicadas en Azua, para expandir ese sistema con una nueva central el\u00e9ctrica dentro del pol\u00edgono autorizado por las autoridades. As\u00ed lo inform\u00f3 el viceministro de Gesti\u00f3n Ambiental\u2026","rel":"","context":"En \u00abNACIONALES\u00bb","block_context":{"text":"NACIONALES","link":"https:\/\/lasprimeras.com.do\/index.php\/category\/nacionales\/"},"img":{"alt_text":"","src":"https:\/\/i0.wp.com\/lasprimeras.com.do\/wp-content\/uploads\/2025\/09\/Una-tercera-barcaza.jpg?resize=350%2C200&ssl=1","width":350,"height":200,"srcset":"https:\/\/i0.wp.com\/lasprimeras.com.do\/wp-content\/uploads\/2025\/09\/Una-tercera-barcaza.jpg?resize=350%2C200&ssl=1 1x, https:\/\/i0.wp.com\/lasprimeras.com.do\/wp-content\/uploads\/2025\/09\/Una-tercera-barcaza.jpg?resize=525%2C300&ssl=1 1.5x, https:\/\/i0.wp.com\/lasprimeras.com.do\/wp-content\/uploads\/2025\/09\/Una-tercera-barcaza.jpg?resize=700%2C400&ssl=1 2x"},"classes":[]},{"id":88118,"url":"https:\/\/lasprimeras.com.do\/index.php\/2024\/08\/22\/buque-anclado-cerca-del-malecon-es-propiedad-de-empresa-que-opera-barcazas-en-azua\/","url_meta":{"origin":65479,"position":2},"title":"Buque anclado cerca del Malec\u00f3n es propiedad de empresa que opera barcazas en Azua","author":"Nelson Feliz","date":"22 de agosto de 2024","format":false,"excerpt":"Desde el pasado 9 de agosto se encuentra anclado en territorio nacional, pr\u00f3ximo al Malec\u00f3n de Santo Domingo espec\u00edficamente, el buque Karmol LNGT Powership Europe, propiedad de la empresa Karpowership, que opera las barcazas de generaci\u00f3n el\u00e9ctrica apostadas en Azua. Sin embargo, contrario a las embarcaciones ubicadas en el distrito\u2026","rel":"","context":"En \u00abNACIONALES\u00bb","block_context":{"text":"NACIONALES","link":"https:\/\/lasprimeras.com.do\/index.php\/category\/nacionales\/"},"img":{"alt_text":"El buque Karmol, que almacena gas natural, est\u00e1 anclado en aguas de Santo Domingo. (EDDY VITTINI)","src":"https:\/\/i0.wp.com\/lasprimeras.com.do\/wp-content\/uploads\/2024\/08\/El-buque-Karmol-scaled.jpg?resize=350%2C200&ssl=1","width":350,"height":200,"srcset":"https:\/\/i0.wp.com\/lasprimeras.com.do\/wp-content\/uploads\/2024\/08\/El-buque-Karmol-scaled.jpg?resize=350%2C200&ssl=1 1x, https:\/\/i0.wp.com\/lasprimeras.com.do\/wp-content\/uploads\/2024\/08\/El-buque-Karmol-scaled.jpg?resize=525%2C300&ssl=1 1.5x, https:\/\/i0.wp.com\/lasprimeras.com.do\/wp-content\/uploads\/2024\/08\/El-buque-Karmol-scaled.jpg?resize=700%2C400&ssl=1 2x, https:\/\/i0.wp.com\/lasprimeras.com.do\/wp-content\/uploads\/2024\/08\/El-buque-Karmol-scaled.jpg?resize=1050%2C600&ssl=1 3x, https:\/\/i0.wp.com\/lasprimeras.com.do\/wp-content\/uploads\/2024\/08\/El-buque-Karmol-scaled.jpg?resize=1400%2C800&ssl=1 4x"},"classes":[]},{"id":59181,"url":"https:\/\/lasprimeras.com.do\/index.php\/2023\/08\/31\/medio-ambiente-investiga-derrame-de-combustible-en-la-planta-electrica-que-opera-en-azua\/","url_meta":{"origin":65479,"position":3},"title":"Medio Ambiente investiga derrame de combustible en la planta el\u00e9ctrica que opera en Azua","author":"Nelson Feliz","date":"31 de agosto de 2023","format":false,"excerpt":"Un equipo t\u00e9cnico del Ministerio de Medio Ambiente y Recursos Naturales realiz\u00f3 una inspecci\u00f3n a la barcaza de la empresa Karpowership que opera en Puerto Viejo de Azua, luego que la dependencia oficial recibiera una denuncia sobre un derrame de combustible. \u201cNuestros t\u00e9cnicos realizan una evaluaci\u00f3n de la situaci\u00f3n. Medio\u2026","rel":"","context":"En \u00abNACIONALES\u00bb","block_context":{"text":"NACIONALES","link":"https:\/\/lasprimeras.com.do\/index.php\/category\/nacionales\/"},"img":{"alt_text":"Barcaza en Los Negros, provincia Azua","src":"https:\/\/i0.wp.com\/lasprimeras.com.do\/wp-content\/uploads\/2023\/08\/Barcaza-en-Los-Negros-provincia-Azua.jpg?resize=350%2C200&ssl=1","width":350,"height":200,"srcset":"https:\/\/i0.wp.com\/lasprimeras.com.do\/wp-content\/uploads\/2023\/08\/Barcaza-en-Los-Negros-provincia-Azua.jpg?resize=350%2C200&ssl=1 1x, https:\/\/i0.wp.com\/lasprimeras.com.do\/wp-content\/uploads\/2023\/08\/Barcaza-en-Los-Negros-provincia-Azua.jpg?resize=525%2C300&ssl=1 1.5x, https:\/\/i0.wp.com\/lasprimeras.com.do\/wp-content\/uploads\/2023\/08\/Barcaza-en-Los-Negros-provincia-Azua.jpg?resize=700%2C400&ssl=1 2x"},"classes":[]},{"id":59830,"url":"https:\/\/lasprimeras.com.do\/index.php\/2023\/09\/07\/mpresa-dice-implementa-medidas-adicionales-tras-derrame-en-barcazas-de-azua\/","url_meta":{"origin":65479,"position":4},"title":"mpresa dice implementa &#8220;medidas adicionales&#8221; tras derrame en barcazas de Azua","author":"Nelson Feliz","date":"7 de septiembre de 2023","format":false,"excerpt":"La empresa Karadeniz Powership, encargada de las operaciones de las barcazas ubicadas en Los Negros, provincia Azua, inform\u00f3 que ha implementado medidas adicionales en sus instalaciones, tras el derrame registrado la semana pasada en la planta. \"Tras realizar un detallado an\u00e1lisis del incidente, hemos implementado medidas adicionales en nuestras instalaciones.\u2026","rel":"","context":"En \u00abNACIONALES\u00bb","block_context":{"text":"NACIONALES","link":"https:\/\/lasprimeras.com.do\/index.php\/category\/nacionales\/"},"img":{"alt_text":"","src":"https:\/\/i0.wp.com\/lasprimeras.com.do\/wp-content\/uploads\/2023\/09\/barcaza.jpg?resize=350%2C200&ssl=1","width":350,"height":200,"srcset":"https:\/\/i0.wp.com\/lasprimeras.com.do\/wp-content\/uploads\/2023\/09\/barcaza.jpg?resize=350%2C200&ssl=1 1x, https:\/\/i0.wp.com\/lasprimeras.com.do\/wp-content\/uploads\/2023\/09\/barcaza.jpg?resize=525%2C300&ssl=1 1.5x, https:\/\/i0.wp.com\/lasprimeras.com.do\/wp-content\/uploads\/2023\/09\/barcaza.jpg?resize=700%2C400&ssl=1 2x"},"classes":[]},{"id":53294,"url":"https:\/\/lasprimeras.com.do\/index.php\/2023\/06\/25\/red-socio-ambiental-respalda-lucha-incansable-de-los-negros-azua-contra-las-barcazas\/","url_meta":{"origin":65479,"position":5},"title":"Red Socio ambiental: \u00a1Respalda lucha incansable de Los Negros, Azua, contra las barcazas!","author":"Nelson Feliz","date":"25 de junio de 2023","format":false,"excerpt":"Una coalici\u00f3n de organizaciones dedicadas a la justicia Socio Ambiental, expres\u00f3 su respaldo a la comunidad de Los Negros, Azua, en su lucha valiente y persistente contra las barcazas y las t\u00e1cticas enga\u00f1osas utilizadas por las corporaciones y el Estado para oprimir al pueblo. La Red Socio ambiental se solidariz\u00f3\u2026","rel":"","context":"En \u00abNACIONALES\u00bb","block_context":{"text":"NACIONALES","link":"https:\/\/lasprimeras.com.do\/index.php\/category\/nacionales\/"},"img":{"alt_text":"Red Socio ambiental","src":"https:\/\/i0.wp.com\/lasprimeras.com.do\/wp-content\/uploads\/2023\/06\/barcazas.jpg?resize=350%2C200&ssl=1","width":350,"height":200,"srcset":"https:\/\/i0.wp.com\/lasprimeras.com.do\/wp-content\/uploads\/2023\/06\/barcazas.jpg?resize=350%2C200&ssl=1 1x, https:\/\/i0.wp.com\/lasprimeras.com.do\/wp-content\/uploads\/2023\/06\/barcazas.jpg?resize=525%2C300&ssl=1 1.5x, https:\/\/i0.wp.com\/lasprimeras.com.do\/wp-content\/uploads\/2023\/06\/barcazas.jpg?resize=700%2C400&ssl=1 2x"},"classes":[]}],"jetpack_sharing_enabled":true,"_links":{"self":[{"href":"https:\/\/lasprimeras.com.do\/index.php\/wp-json\/wp\/v2\/posts\/65479","targetHints":{"allow":["GET"]}}],"collection":[{"href":"https:\/\/lasprimeras.com.do\/index.php\/wp-json\/wp\/v2\/posts"}],"about":[{"href":"https:\/\/lasprimeras.com.do\/index.php\/wp-json\/wp\/v2\/types\/post"}],"author":[{"embeddable":true,"href":"https:\/\/lasprimeras.com.do\/index.php\/wp-json\/wp\/v2\/users\/2"}],"replies":[{"embeddable":true,"href":"https:\/\/lasprimeras.com.do\/index.php\/wp-json\/wp\/v2\/comments?post=65479"}],"version-history":[{"count":1,"href":"https:\/\/lasprimeras.com.do\/index.php\/wp-json\/wp\/v2\/posts\/65479\/revisions"}],"predecessor-version":[{"id":65481,"href":"https:\/\/lasprimeras.com.do\/index.php\/wp-json\/wp\/v2\/posts\/65479\/revisions\/65481"}],"wp:featuredmedia":[{"embeddable":true,"href":"https:\/\/lasprimeras.com.do\/index.php\/wp-json\/wp\/v2\/media\/65480"}],"wp:attachment":[{"href":"https:\/\/lasprimeras.com.do\/index.php\/wp-json\/wp\/v2\/media?parent=65479"}],"wp:term":[{"taxonomy":"category","embeddable":true,"href":"https:\/\/lasprimeras.com.do\/index.php\/wp-json\/wp\/v2\/categories?post=65479"},{"taxonomy":"post_tag","embeddable":true,"href":"https:\/\/lasprimeras.com.do\/index.php\/wp-json\/wp\/v2\/tags?post=65479"}],"curies":[{"name":"wp","href":"https:\/\/api.w.org\/{rel}","templated":true}]}}