{"id":65482,"date":"2023-10-29T12:16:36","date_gmt":"2023-10-29T16:16:36","guid":{"rendered":"https:\/\/lasprimeras.com.do\/?p=65482"},"modified":"2023-10-29T12:16:38","modified_gmt":"2023-10-29T16:16:38","slug":"unos-20-mil-eventos-cardiovasculares-ocurren-en-el-pais-cada-ano-y-el-80-queda-con-discapacidad","status":"publish","type":"post","link":"https:\/\/lasprimeras.com.do\/index.php\/2023\/10\/29\/unos-20-mil-eventos-cardiovasculares-ocurren-en-el-pais-cada-ano-y-el-80-queda-con-discapacidad\/","title":{"rendered":"Unos 20 mil eventos cardiovasculares ocurren en el pa\u00eds cada a\u00f1o y el 80% queda con discapacidad"},"content":{"rendered":"\n<p><strong>Especialista insta a intervenci\u00f3n r\u00e1pida y oportuna de los eventos cardiovasculares.<\/strong><\/p>\n\n\n\n<p>Entre el 80% y un 90% de las personas que sufren eventos cardiovasculares (ECV) en el pa\u00eds quedan con alg\u00fan grado de discapacidad, lo que representa un alto gasto de bolsillo familiar y para los sistemas de salud.<\/p>\n\n\n\n<p>De ah\u00ed la importancia de la atenci\u00f3n oportuna de esos eventos, sobre todo tomando en cuenta que en el pa\u00eds se registran unos 20 mil eventos cardiovasculares al a\u00f1o, lo cual es muy alto, dejando secuelas de discapacidad, muertes y alta carga familiar.<\/p>\n\n\n\n<p>As\u00ed lo alerta el doctor Cleto Ram\u00edrez, presidente de la Sociedad Dominicana de Neurolog\u00eda y Neurocirug\u00eda y director de CECANOT, al dar a conocer el inicio en el pa\u00eds del XXXI Congreso Internacional de Neurolog\u00eda y Neurocirug\u00eda, que re\u00fane a especialistas de 21 pa\u00edses, dedicado este a\u00f1o al doctor Jos\u00e9 Joaqu\u00edn Puello.<\/p>\n\n\n\n<p>Dijo que un paciente con discapacidad, fruto de un evento cerebrovascular descontrola el desenvolvimiento familiar, porque si es la persona que est\u00e1 en su vida productiva, sale del mercado familiar y a eso se suma que requiere de cuidados especiales, luego de salir del hospital, requiere ser atendido en la casa.<\/p>\n\n\n\n<p>El especialista de la neurocirug\u00eda se\u00f1al\u00f3 que ese tema ser\u00e1 discutido ampliamente durante la actividad cient\u00edfica que se lleva a cabo en Punta Cana, debido a que es preocupante la carga familiar que implica tener una persona con discapacidad parcial o total fruto de ese tipo de eventos cardiovasculares, lo que empeora, porque muchas veces ocurre en la persona que lleva el sustento al hogar.<\/p>\n\n\n\n<p><strong>Evento cient\u00edfico<\/strong><\/p>\n\n\n\n<p>Al referirse al XXXI Congreso Internacional de Neurolog\u00eda y Neurocirug\u00eda, que culmin\u00f3 el s\u00e1bado, el doctor Ram\u00edrez, explic\u00f3 que tiene como tema central la Neurociencia: Conocimiento, Experiencia y Tecnolog\u00eda al Servicio de la Humanidad y que coincide con el 55 aniversario de la creaci\u00f3n de la sociedad.<\/p>\n\n\n\n<p>Entre los temas a tratar cit\u00f3 los eventos cerebrovasculares, las enfermedades neurodegenerativas, la neuropediatr\u00eda y neuropsicolog\u00eda, los movimientos involuntarios, las enfermedades de la columna vertebral, los tumores cerebrales, entre otros.<\/p>\n\n\n\n<p><strong>En el evento cient\u00edfico participan expertos de 21 pa\u00edses.<\/strong><\/p>\n\n\n\n<p>El doctor Ram\u00edrez destac\u00f3 que la entidad m\u00e9dica tiene registrados alrededor de 300 neur\u00f3logos y unos 100 neurocirujanos, suficientes para la demanda nacional, pero que como ocurre con las dem\u00e1s especialidades m\u00e9dicas, la mayor\u00eda se concentra en Santo Domingo y las grandes ciudades.<\/p>\n\n\n\n<p>Destac\u00f3 que en el pa\u00eds se est\u00e1 desarrollando un programa de eventos o accidentes cerebrovasculares para la atenci\u00f3n oportuna, que incluye un helipuerto en la Ciudad Sanitaria Luis Eduardo Aybar, para el traslado de pacientes que presenten eventos de esa naturaleza en lugares apartados donde las condiciones no le permiten recibir la atenci\u00f3n especializada.<\/p>\n\n\n\n<p>Dijo que paciente con presi\u00f3n descontrolada tiene un alto riesgo de presentar un accidente cerebrovascular.<\/p>\n","protected":false},"excerpt":{"rendered":"<p>Especialista insta a intervenci\u00f3n r\u00e1pida y oportuna de los eventos cardiovasculares. Entre el 80% y un 90% de las personas que sufren eventos cardiovasculares (ECV) en el pa\u00eds quedan con&hellip;<\/p>\n","protected":false},"author":2,"featured_media":65483,"comment_status":"open","ping_status":"open","sticky":false,"template":"","format":"standard","meta":{"content-type":"","jetpack_post_was_ever_published":false,"_jetpack_newsletter_access":"","_jetpack_dont_email_post_to_subs":false,"_jetpack_newsletter_tier_id":0,"_jetpack_memberships_contains_paywalled_content":false,"_jetpack_memberships_contains_paid_content":false,"footnotes":""},"categories":[25],"tags":[703,4191,813],"class_list":["post-65482","post","type-post","status-publish","format-standard","has-post-thumbnail","hentry","category-portada","tag-cardiovasculares","tag-discapacidad","tag-salud"],"jetpack_featured_media_url":"https:\/\/lasprimeras.com.do\/wp-content\/uploads\/2023\/10\/cardio.jpeg","jetpack-related-posts":[{"id":61660,"url":"https:\/\/lasprimeras.com.do\/index.php\/2023\/09\/29\/enfermedades-cardiovasculares-principal-causa-de-muerte-en-el-mundo-aqui-7-recomendaciones\/","url_meta":{"origin":65482,"position":0},"title":"Enfermedades cardiovasculares principal causa de muerte en el mundo; aqu\u00ed 7 recomendaciones","author":"Nelson Feliz","date":"29 de septiembre de 2023","format":false,"excerpt":"Las enfermedades cardiovasculares (ECV) son la principal causa de muerte en todo el mundo. La mayor\u00eda de estas afecciones pueden prevenirse siguiendo siete recomendaciones principales como: no fumar, hacer ejercicio, seguir una dieta saludable, controlar el peso, dormir lo suficiente, controlar el estr\u00e9s y acudir a revisiones m\u00e9dicas peri\u00f3dicas. Seg\u00fan\u2026","rel":"","context":"En \u00abPORTADA\u00bb","block_context":{"text":"PORTADA","link":"https:\/\/lasprimeras.com.do\/index.php\/category\/portada\/"},"img":{"alt_text":"Aneyis Alc\u00e1ntara","src":"https:\/\/i0.wp.com\/lasprimeras.com.do\/wp-content\/uploads\/2023\/09\/Aneyis-Alcantara.jpg?resize=350%2C200&ssl=1","width":350,"height":200,"srcset":"https:\/\/i0.wp.com\/lasprimeras.com.do\/wp-content\/uploads\/2023\/09\/Aneyis-Alcantara.jpg?resize=350%2C200&ssl=1 1x, https:\/\/i0.wp.com\/lasprimeras.com.do\/wp-content\/uploads\/2023\/09\/Aneyis-Alcantara.jpg?resize=525%2C300&ssl=1 1.5x"},"classes":[]},{"id":116781,"url":"https:\/\/lasprimeras.com.do\/index.php\/2025\/12\/03\/presidente-de-fundacam-advierte-al-gobierno-sobre-crisis-en-salud-preventiva-tras-muerte-de-dirigente-choferil\/","url_meta":{"origin":65482,"position":1},"title":"Presidente de Fundacam advierte al Gobierno sobre crisis en salud preventiva tras muerte de dirigente choferil","author":"Nelson Feliz","date":"3 de diciembre de 2025","format":false,"excerpt":"El presidente de la Fundaci\u00f3n Nacional de Cardiolog\u00eda y Asistencia M\u00e9dica (Fundacam), doctor Tirso Roa, demand\u00f3 del Gobierno prestar atenci\u00f3n urgente a la prevenci\u00f3n para evitar que m\u00e1s ciudadanos contin\u00faen perdiendo la vida por infartos fulminantes, derrames cerebrales y otros eventos cardiovasculares totalmente prevenibles. Roa lament\u00f3 el fallecimiento del dirigente\u2026","rel":"","context":"En \u00abSALUD\u00bb","block_context":{"text":"SALUD","link":"https:\/\/lasprimeras.com.do\/index.php\/category\/salud\/"},"img":{"alt_text":"Tirso Roa","src":"https:\/\/i0.wp.com\/lasprimeras.com.do\/wp-content\/uploads\/2025\/12\/Tirso-Ro.jpeg?resize=350%2C200&ssl=1","width":350,"height":200,"srcset":"https:\/\/i0.wp.com\/lasprimeras.com.do\/wp-content\/uploads\/2025\/12\/Tirso-Ro.jpeg?resize=350%2C200&ssl=1 1x, https:\/\/i0.wp.com\/lasprimeras.com.do\/wp-content\/uploads\/2025\/12\/Tirso-Ro.jpeg?resize=525%2C300&ssl=1 1.5x, https:\/\/i0.wp.com\/lasprimeras.com.do\/wp-content\/uploads\/2025\/12\/Tirso-Ro.jpeg?resize=700%2C400&ssl=1 2x, https:\/\/i0.wp.com\/lasprimeras.com.do\/wp-content\/uploads\/2025\/12\/Tirso-Ro.jpeg?resize=1050%2C600&ssl=1 3x"},"classes":[]},{"id":94285,"url":"https:\/\/lasprimeras.com.do\/index.php\/2025\/02\/27\/el-presidente-abinader-pasa-balance-al-sector-salud\/","url_meta":{"origin":65482,"position":2},"title":"El presidente Abinader pasa balance al sector salud","author":"Nelson Feliz","date":"27 de febrero de 2025","format":false,"excerpt":"Asimismo, el Gobierno prev\u00e9 disminuir las enfermedades cardiovasculares y las asociadas a la diabetes en un 30 % Al hacer un informe sobre sus logros en el sector salud durante su quinto discurso de rendici\u00f3n de cuentas, el presidente Luis Abinader manifest\u00f3 que el objetivo de Gobierno es disminuir la\u2026","rel":"","context":"En \u00abSALUD\u00bb","block_context":{"text":"SALUD","link":"https:\/\/lasprimeras.com.do\/index.php\/category\/salud\/"},"img":{"alt_text":"","src":"https:\/\/i0.wp.com\/lasprimeras.com.do\/wp-content\/uploads\/2025\/02\/Luis-Abinader-10.jpg?resize=350%2C200&ssl=1","width":350,"height":200,"srcset":"https:\/\/i0.wp.com\/lasprimeras.com.do\/wp-content\/uploads\/2025\/02\/Luis-Abinader-10.jpg?resize=350%2C200&ssl=1 1x, https:\/\/i0.wp.com\/lasprimeras.com.do\/wp-content\/uploads\/2025\/02\/Luis-Abinader-10.jpg?resize=525%2C300&ssl=1 1.5x, https:\/\/i0.wp.com\/lasprimeras.com.do\/wp-content\/uploads\/2025\/02\/Luis-Abinader-10.jpg?resize=700%2C400&ssl=1 2x"},"classes":[]},{"id":49032,"url":"https:\/\/lasprimeras.com.do\/index.php\/2023\/05\/07\/doctor-puello-el-covid-19-aumento-diagnostico-de-cancer-diabetes-trastornos-cardiovasculares-e-hipertension-en-rd\/","url_meta":{"origin":65482,"position":3},"title":"Doctor Puello: \u201cEl COVID-19 aument\u00f3 diagn\u00f3stico de c\u00e1ncer, diabetes, trastornos cardiovasculares e hipertensi\u00f3n en RD","author":"prenxa100","date":"7 de mayo de 2023","format":false,"excerpt":"Presidente de la Ciudad Sanitaria afirma que el COVID-19 atac\u00f3 de manera \u201cinmisericorde\u201d el sistema inmunol\u00f3gico de todos los dominicanos. Santo Domingo.-. A pesar de que la\u00a0 Organizaci\u00f3n Mundial de la Salud (OMS) se\u00f1al\u00f3 el viernes que el COVID-19 ya no califica como una emergencia global, marcando un final simb\u00f3lico\u2026","rel":"","context":"En \u00abPORTADA\u00bb","block_context":{"text":"PORTADA","link":"https:\/\/lasprimeras.com.do\/index.php\/category\/portada\/"},"img":{"alt_text":"","src":"","width":0,"height":0},"classes":[]},{"id":106495,"url":"https:\/\/lasprimeras.com.do\/index.php\/2025\/08\/15\/el-corazon-mata-mas-de-23-mil-neoyorkinos-al-ano-figuran-cientos-de-dominicanos\/","url_meta":{"origin":65482,"position":4},"title":"El coraz\u00f3n mata m\u00e1s de 23 mil neoyorkinos al a\u00f1o, figuran cientos de dominicanos","author":"Nelson Feliz","date":"15 de agosto de 2025","format":false,"excerpt":"Por Ram\u00f3n Mercedes NUEVA YORK.- M\u00e1s de 23,000 decesos de neoyorkinos se producen por a\u00f1o en esta ciudad, entre ellos cientos de dominicanos, por problemas cardiacos y otras afecciones relacionadas con la dieta, la falta de ejercicio y lo peor de la situaci\u00f3n es que anualmente aumentan las muertes. Cientos\u2026","rel":"","context":"En \u00abINTERNACIONALES\u00bb","block_context":{"text":"INTERNACIONALES","link":"https:\/\/lasprimeras.com.do\/index.php\/category\/sin-categoria\/internacionales\/"},"img":{"alt_text":"","src":"https:\/\/i0.wp.com\/lasprimeras.com.do\/wp-content\/uploads\/2025\/08\/WhatsApp-Image-2025-08-15-at-6.18.25-AM-3.jpeg?resize=350%2C200&ssl=1","width":350,"height":200,"srcset":"https:\/\/i0.wp.com\/lasprimeras.com.do\/wp-content\/uploads\/2025\/08\/WhatsApp-Image-2025-08-15-at-6.18.25-AM-3.jpeg?resize=350%2C200&ssl=1 1x, https:\/\/i0.wp.com\/lasprimeras.com.do\/wp-content\/uploads\/2025\/08\/WhatsApp-Image-2025-08-15-at-6.18.25-AM-3.jpeg?resize=525%2C300&ssl=1 1.5x"},"classes":[]},{"id":88877,"url":"https:\/\/lasprimeras.com.do\/index.php\/2024\/09\/08\/periodistas-de-la-salud-debaten-sobre-ventajas-etiquetado-frontal-en-alimentos\/","url_meta":{"origin":65482,"position":5},"title":"Periodistas de la salud debaten sobre ventajas Etiquetado Frontal en alimentos","author":"Nelson Feliz","date":"8 de septiembre de 2024","format":false,"excerpt":"La Coalici\u00f3n Etiquetado Frontal RD realiz\u00f3 un conversatorio con los miembros del C\u00edrculo de Periodistas de la Salud (CIPESA) sobre Etiquetado Frontal de Advertencia Nutricional (EFAN) y manifiesta respaldo al proyecto de ley que obliga industrias de productos procesados a mostrar en octagonales negros las cantidades excesivas de az\u00facares, grasas\u2026","rel":"","context":"En \u00abSin categor\u00eda\u00bb","block_context":{"text":"Sin categor\u00eda","link":"https:\/\/lasprimeras.com.do\/index.php\/category\/sin-categoria\/"},"img":{"alt_text":"","src":"https:\/\/i0.wp.com\/lasprimeras.com.do\/wp-content\/uploads\/2024\/09\/CIPESA.jpg?resize=350%2C200&ssl=1","width":350,"height":200,"srcset":"https:\/\/i0.wp.com\/lasprimeras.com.do\/wp-content\/uploads\/2024\/09\/CIPESA.jpg?resize=350%2C200&ssl=1 1x, https:\/\/i0.wp.com\/lasprimeras.com.do\/wp-content\/uploads\/2024\/09\/CIPESA.jpg?resize=525%2C300&ssl=1 1.5x, https:\/\/i0.wp.com\/lasprimeras.com.do\/wp-content\/uploads\/2024\/09\/CIPESA.jpg?resize=700%2C400&ssl=1 2x"},"classes":[]}],"jetpack_sharing_enabled":true,"_links":{"self":[{"href":"https:\/\/lasprimeras.com.do\/index.php\/wp-json\/wp\/v2\/posts\/65482","targetHints":{"allow":["GET"]}}],"collection":[{"href":"https:\/\/lasprimeras.com.do\/index.php\/wp-json\/wp\/v2\/posts"}],"about":[{"href":"https:\/\/lasprimeras.com.do\/index.php\/wp-json\/wp\/v2\/types\/post"}],"author":[{"embeddable":true,"href":"https:\/\/lasprimeras.com.do\/index.php\/wp-json\/wp\/v2\/users\/2"}],"replies":[{"embeddable":true,"href":"https:\/\/lasprimeras.com.do\/index.php\/wp-json\/wp\/v2\/comments?post=65482"}],"version-history":[{"count":1,"href":"https:\/\/lasprimeras.com.do\/index.php\/wp-json\/wp\/v2\/posts\/65482\/revisions"}],"predecessor-version":[{"id":65484,"href":"https:\/\/lasprimeras.com.do\/index.php\/wp-json\/wp\/v2\/posts\/65482\/revisions\/65484"}],"wp:featuredmedia":[{"embeddable":true,"href":"https:\/\/lasprimeras.com.do\/index.php\/wp-json\/wp\/v2\/media\/65483"}],"wp:attachment":[{"href":"https:\/\/lasprimeras.com.do\/index.php\/wp-json\/wp\/v2\/media?parent=65482"}],"wp:term":[{"taxonomy":"category","embeddable":true,"href":"https:\/\/lasprimeras.com.do\/index.php\/wp-json\/wp\/v2\/categories?post=65482"},{"taxonomy":"post_tag","embeddable":true,"href":"https:\/\/lasprimeras.com.do\/index.php\/wp-json\/wp\/v2\/tags?post=65482"}],"curies":[{"name":"wp","href":"https:\/\/api.w.org\/{rel}","templated":true}]}}