{"id":65485,"date":"2023-10-29T12:21:48","date_gmt":"2023-10-29T16:21:48","guid":{"rendered":"https:\/\/lasprimeras.com.do\/?p=65485"},"modified":"2023-10-29T12:22:00","modified_gmt":"2023-10-29T16:22:00","slug":"estrellas-continuan-en-la-ruta-hoy-juegan-en-san-francisco-de-macoris","status":"publish","type":"post","link":"https:\/\/lasprimeras.com.do\/index.php\/2023\/10\/29\/estrellas-continuan-en-la-ruta-hoy-juegan-en-san-francisco-de-macoris\/","title":{"rendered":"Estrellas contin\u00faan en la ruta, hoy juegan en San Francisco de Macor\u00eds"},"content":{"rendered":"\n<p><strong>Ser\u00e1 el segundo encuentro entre los del Macor\u00eds del Monte frente a los del Macor\u00eds del Mar, EN el enfrentamiento anterior, los de la ciudad del \u201cJaya\u201d salieron airosos con marcador 6-5.<\/strong><\/p>\n\n\n\n<p>Las Estrellas Orientales jugar\u00e1n este domingo contra los Gigantes del Cibao su segundo partido de tres en la ruta a partir de las 4:00 de la tarde en el Estadio Juli\u00e1n Javier de esta ciudad.<\/p>\n\n\n\n<p>El encuentro se celebrar\u00e1 en el Estadio Juli\u00e1n Javier de San Francisco de Macor\u00eds en partido correspondiente al torneo de b\u00e9isbol oto\u00f1o-invernal 2023-2024.<\/p>\n\n\n\n<p>Ser\u00e1 el segundo encuentro entre los del Macor\u00eds del Monte frente a los del Macor\u00eds del Mar, EN el enfrentamiento anterior, los de la ciudad del \u201cJaya\u201d salieron airosos con marcador 6-5.<\/p>\n\n\n\n<p>El estadounidense R\u00edo G\u00f3mez (0-0, 0.00), estar\u00e1 haciendo su segunda salida en el actual torneo que lleva especial dedicatoria a la veterana cronista Onfalia Morillo, en opci\u00f3n a la Copa Banreservas.<\/p>\n\n\n\n<p>En su salida anterior, el zurdo nacido en Miami, se enfrent\u00f3 a los Toros del Este el pasado lunes en el Estadio Francisco Micheli de La Romana.<\/p>\n\n\n\n<p>Trabaj\u00f3 en tres entradas y un tercio de cuatro hits y cuatro ponches. Las Estrellas ganaron ese encuentro 5-3 en diez entradas.<\/p>\n","protected":false},"excerpt":{"rendered":"<p>Ser\u00e1 el segundo encuentro entre los del Macor\u00eds del Monte frente a los del Macor\u00eds del Mar, EN el enfrentamiento anterior, los de la ciudad del \u201cJaya\u201d salieron airosos con&hellip;<\/p>\n","protected":false},"author":2,"featured_media":65486,"comment_status":"open","ping_status":"open","sticky":false,"template":"","format":"standard","meta":{"content-type":"","jetpack_post_was_ever_published":false,"_jetpack_newsletter_access":"","_jetpack_dont_email_post_to_subs":false,"_jetpack_newsletter_tier_id":0,"_jetpack_memberships_contains_paywalled_content":false,"_jetpack_memberships_contains_paid_content":false,"footnotes":""},"categories":[1],"tags":[6221,8983,1497,3530],"class_list":["post-65485","post","type-post","status-publish","format-standard","has-post-thumbnail","hentry","category-sin-categoria","tag-estrellas","tag-juegan","tag-ruta","tag-san-francisco-de-macoris"],"jetpack_featured_media_url":"https:\/\/lasprimeras.com.do\/wp-content\/uploads\/2023\/10\/Estadio-Julian-Javier-SFM.jpg","jetpack-related-posts":[{"id":65180,"url":"https:\/\/lasprimeras.com.do\/index.php\/2023\/10\/26\/suspendido-por-lluvia-el-juego-en-san-francisco-de-macoris\/","url_meta":{"origin":65485,"position":0},"title":"Suspendido por lluvia el juego en San Francisco de Macor\u00eds","author":"Nelson Feliz","date":"26 de octubre de 2023","format":false,"excerpt":"Esta fue la primera vez que se suspende un encuentro de la pelota dominicana este invierno por lluvia desde que las Estrellas y los Toros cancelaron su encuentro el domingo pasado. La primera visita de los Leones del Escogido a los Gigantes del Cibao, tercero del Estadio Juli\u00e1n Javier, este\u2026","rel":"","context":"En \u00abSin categor\u00eda\u00bb","block_context":{"text":"Sin categor\u00eda","link":"https:\/\/lasprimeras.com.do\/index.php\/category\/sin-categoria\/"},"img":{"alt_text":"","src":"https:\/\/i0.wp.com\/lasprimeras.com.do\/wp-content\/uploads\/2023\/10\/Suspendido.jpg?resize=350%2C200&ssl=1","width":350,"height":200,"srcset":"https:\/\/i0.wp.com\/lasprimeras.com.do\/wp-content\/uploads\/2023\/10\/Suspendido.jpg?resize=350%2C200&ssl=1 1x, https:\/\/i0.wp.com\/lasprimeras.com.do\/wp-content\/uploads\/2023\/10\/Suspendido.jpg?resize=525%2C300&ssl=1 1.5x, https:\/\/i0.wp.com\/lasprimeras.com.do\/wp-content\/uploads\/2023\/10\/Suspendido.jpg?resize=700%2C400&ssl=1 2x"},"classes":[]},{"id":114728,"url":"https:\/\/lasprimeras.com.do\/index.php\/2025\/11\/16\/ministerio-de-educacion-exhibe-talento-estudiantil-en-la-ruta-del-arte-en-san-francisco-de-macoris\/","url_meta":{"origin":65485,"position":1},"title":"Ministerio de Educaci\u00f3n exhibe talento estudiantil en la Ruta del Arte en San Francisco de Macor\u00eds","author":"Nelson Feliz","date":"16 de noviembre de 2025","format":false,"excerpt":"El Ministerio de Educaci\u00f3n de la Rep\u00fablica Dominicana (MINERD), liderado por el ministro Luis Miguel De Camps, celebr\u00f3 la Ruta del Arte en San Francisco de Macor\u00eds, una muestra art\u00edstico-cultural que reuni\u00f3 a decenas de estudiantes de las Regionales 07 y 16 en el Parque de la Villa Ol\u00edmpica, en\u2026","rel":"","context":"En \u00abNACIONALES\u00bb","block_context":{"text":"NACIONALES","link":"https:\/\/lasprimeras.com.do\/index.php\/category\/nacionales\/"},"img":{"alt_text":"","src":"https:\/\/i0.wp.com\/lasprimeras.com.do\/wp-content\/uploads\/2025\/11\/arte-1.jpg?resize=350%2C200&ssl=1","width":350,"height":200,"srcset":"https:\/\/i0.wp.com\/lasprimeras.com.do\/wp-content\/uploads\/2025\/11\/arte-1.jpg?resize=350%2C200&ssl=1 1x, https:\/\/i0.wp.com\/lasprimeras.com.do\/wp-content\/uploads\/2025\/11\/arte-1.jpg?resize=525%2C300&ssl=1 1.5x, https:\/\/i0.wp.com\/lasprimeras.com.do\/wp-content\/uploads\/2025\/11\/arte-1.jpg?resize=700%2C400&ssl=1 2x"},"classes":[]},{"id":66698,"url":"https:\/\/lasprimeras.com.do\/index.php\/2023\/11\/09\/nelson-cruz-todas-las-despedidas-son-dificiles-pero-tiene-que-llegar\/","url_meta":{"origin":65485,"position":2},"title":"Nelson Cruz: \u201cTodas las despedidas son dif\u00edciles, pero tiene que llegar\u201d","author":"Nelson Feliz","date":"9 de noviembre de 2023","format":false,"excerpt":"Los Gigantes ganaron su juego n\u00famero doce de la temporada, su quinto consecutivo y su noveno en la carretera al vencer por 10-1 sobre los Toros en el Estadio Francisco Micheli. Nelson Cruz llega a este mi\u00e9rcoles a su \u00faltimo juego de su Gira de Despedida en el Estadio Juli\u00e1n\u2026","rel":"","context":"En \u00abSin categor\u00eda\u00bb","block_context":{"text":"Sin categor\u00eda","link":"https:\/\/lasprimeras.com.do\/index.php\/category\/sin-categoria\/"},"img":{"alt_text":"NELSON CRUZ","src":"https:\/\/i0.wp.com\/lasprimeras.com.do\/wp-content\/uploads\/2023\/11\/NELSON-CRUZ-1.jpg?resize=350%2C200&ssl=1","width":350,"height":200,"srcset":"https:\/\/i0.wp.com\/lasprimeras.com.do\/wp-content\/uploads\/2023\/11\/NELSON-CRUZ-1.jpg?resize=350%2C200&ssl=1 1x, https:\/\/i0.wp.com\/lasprimeras.com.do\/wp-content\/uploads\/2023\/11\/NELSON-CRUZ-1.jpg?resize=525%2C300&ssl=1 1.5x, https:\/\/i0.wp.com\/lasprimeras.com.do\/wp-content\/uploads\/2023\/11\/NELSON-CRUZ-1.jpg?resize=700%2C400&ssl=1 2x"},"classes":[]},{"id":64346,"url":"https:\/\/lasprimeras.com.do\/index.php\/2023\/10\/19\/gigantes-anuncian-ultimos-juegos-de-nelson-cruz-en-el-beisbol-rd\/","url_meta":{"origin":65485,"position":3},"title":"Gigantes anuncian \u00faltimos juegos de Nelson Cruz en el b\u00e9isbol RD","author":"BIMARY DE JES\u00daS Matos","date":"19 de octubre de 2023","format":false,"excerpt":"SAN FRANCISCO DE MACORIS.- Los Gigantes del Cibao anunciaron las fechas y sedes de los \u00faltimos seis juegos que disputar\u00e1 el estelar toletero Nelson Cruz, en su retiro de la Liga de B\u00e9isbol Profesional de la Rep\u00fablica Dominicana. Cruz ha revelado que disputar\u00e1 un encuentro ante cada rival y en\u2026","rel":"","context":"En \u00abSin categor\u00eda\u00bb","block_context":{"text":"Sin categor\u00eda","link":"https:\/\/lasprimeras.com.do\/index.php\/category\/sin-categoria\/"},"img":{"alt_text":"","src":"https:\/\/i0.wp.com\/lasprimeras.com.do\/wp-content\/uploads\/2023\/10\/WhatsApp-Image-2023-10-18-at-9.33.42-PM-5.jpeg?resize=350%2C200&ssl=1","width":350,"height":200,"srcset":"https:\/\/i0.wp.com\/lasprimeras.com.do\/wp-content\/uploads\/2023\/10\/WhatsApp-Image-2023-10-18-at-9.33.42-PM-5.jpeg?resize=350%2C200&ssl=1 1x, https:\/\/i0.wp.com\/lasprimeras.com.do\/wp-content\/uploads\/2023\/10\/WhatsApp-Image-2023-10-18-at-9.33.42-PM-5.jpeg?resize=525%2C300&ssl=1 1.5x, https:\/\/i0.wp.com\/lasprimeras.com.do\/wp-content\/uploads\/2023\/10\/WhatsApp-Image-2023-10-18-at-9.33.42-PM-5.jpeg?resize=700%2C400&ssl=1 2x"},"classes":[]},{"id":92578,"url":"https:\/\/lasprimeras.com.do\/index.php\/2025\/01\/08\/barrero-y-castro-guian-a-las-estrellas-al-triunfo-y-escalan-al-primer-lugar\/","url_meta":{"origin":65485,"position":4},"title":"Barrero y Castro gu\u00edan a las Estrellas al triunfo y escalan al primer lugar","author":"Nelson Feliz","date":"8 de enero de 2025","format":false,"excerpt":"Las Estrellas escalaron al primer lugar de la tabla de posiciones de la serie semifinal del torneo de b\u00e9isbol oto\u00f1o-invernal 2024-2025 al blanquear 6-0 a las \u00c1guilas Cibae\u00f1as en partido celebrado en el Estadio Cibao de esta ciudad. Por segunda noche seguida, Jos\u00e9 Barrero fue el \u201cJugador Estrella de las\u2026","rel":"","context":"En \u00abDEPORTES\u00bb","block_context":{"text":"DEPORTES","link":"https:\/\/lasprimeras.com.do\/index.php\/category\/deportes\/"},"img":{"alt_text":"","src":"https:\/\/i0.wp.com\/lasprimeras.com.do\/wp-content\/uploads\/2025\/01\/Robinson-Cano.jpeg?resize=350%2C200&ssl=1","width":350,"height":200,"srcset":"https:\/\/i0.wp.com\/lasprimeras.com.do\/wp-content\/uploads\/2025\/01\/Robinson-Cano.jpeg?resize=350%2C200&ssl=1 1x, https:\/\/i0.wp.com\/lasprimeras.com.do\/wp-content\/uploads\/2025\/01\/Robinson-Cano.jpeg?resize=525%2C300&ssl=1 1.5x, https:\/\/i0.wp.com\/lasprimeras.com.do\/wp-content\/uploads\/2025\/01\/Robinson-Cano.jpeg?resize=700%2C400&ssl=1 2x"},"classes":[]},{"id":118007,"url":"https:\/\/lasprimeras.com.do\/index.php\/2025\/12\/19\/prision-preventiva-a-implicado-en-asesinato-de-testigo-frente-al-palacio-de-justicia-de-sfm\/","url_meta":{"origin":65485,"position":5},"title":"Prisi\u00f3n preventiva a implicado en asesinato de testigo frente al palacio de justicia de SFM","author":"Nelson Feliz","date":"19 de diciembre de 2025","format":false,"excerpt":"Un juez del tribunal de Atenci\u00f3n Permanente de la provincia Duarte impuso tres meses de prisi\u00f3n preventiva, como medida de coerci\u00f3n, a un hombre vinculado al asesinato de un testigo, hecho registrado frente al Palacio de Justicia de San Francisco de Macor\u00eds, el pasado 26 de agosto. La medida fue\u2026","rel":"","context":"En \u00abJUSTICIA\u00bb","block_context":{"text":"JUSTICIA","link":"https:\/\/lasprimeras.com.do\/index.php\/category\/justicia\/"},"img":{"alt_text":"","src":"https:\/\/i0.wp.com\/lasprimeras.com.do\/wp-content\/uploads\/2025\/12\/implicado.jpg?resize=350%2C200&ssl=1","width":350,"height":200},"classes":[]}],"jetpack_sharing_enabled":true,"_links":{"self":[{"href":"https:\/\/lasprimeras.com.do\/index.php\/wp-json\/wp\/v2\/posts\/65485","targetHints":{"allow":["GET"]}}],"collection":[{"href":"https:\/\/lasprimeras.com.do\/index.php\/wp-json\/wp\/v2\/posts"}],"about":[{"href":"https:\/\/lasprimeras.com.do\/index.php\/wp-json\/wp\/v2\/types\/post"}],"author":[{"embeddable":true,"href":"https:\/\/lasprimeras.com.do\/index.php\/wp-json\/wp\/v2\/users\/2"}],"replies":[{"embeddable":true,"href":"https:\/\/lasprimeras.com.do\/index.php\/wp-json\/wp\/v2\/comments?post=65485"}],"version-history":[{"count":1,"href":"https:\/\/lasprimeras.com.do\/index.php\/wp-json\/wp\/v2\/posts\/65485\/revisions"}],"predecessor-version":[{"id":65487,"href":"https:\/\/lasprimeras.com.do\/index.php\/wp-json\/wp\/v2\/posts\/65485\/revisions\/65487"}],"wp:featuredmedia":[{"embeddable":true,"href":"https:\/\/lasprimeras.com.do\/index.php\/wp-json\/wp\/v2\/media\/65486"}],"wp:attachment":[{"href":"https:\/\/lasprimeras.com.do\/index.php\/wp-json\/wp\/v2\/media?parent=65485"}],"wp:term":[{"taxonomy":"category","embeddable":true,"href":"https:\/\/lasprimeras.com.do\/index.php\/wp-json\/wp\/v2\/categories?post=65485"},{"taxonomy":"post_tag","embeddable":true,"href":"https:\/\/lasprimeras.com.do\/index.php\/wp-json\/wp\/v2\/tags?post=65485"}],"curies":[{"name":"wp","href":"https:\/\/api.w.org\/{rel}","templated":true}]}}