{"id":65509,"date":"2023-10-29T13:32:42","date_gmt":"2023-10-29T17:32:42","guid":{"rendered":"https:\/\/lasprimeras.com.do\/?p=65509"},"modified":"2023-10-29T13:32:43","modified_gmt":"2023-10-29T17:32:43","slug":"hombre-resulta-herido-tras-colisionar-su-motocicleta-con-camioneta-en-barahona","status":"publish","type":"post","link":"https:\/\/lasprimeras.com.do\/index.php\/2023\/10\/29\/hombre-resulta-herido-tras-colisionar-su-motocicleta-con-camioneta-en-barahona\/","title":{"rendered":"Hombre resulta herido tras colisionar su motocicleta con camioneta en Barahona"},"content":{"rendered":"\n<p>Un hombre result\u00f3 con golpes y heridas en ambas piernas tras colisionar su motocicleta con una camioneta momento que se desplazaba por la carretera que conduce al cruce de Cabral, con el municipio cabecera Santa Cruz, en Barahona.<\/p>\n\n\n\n<p>La v\u00edctima fue identificada como Carlos Feliz, alias Carlito de unos 35 a\u00f1os de edad, residente en la secci\u00f3n de Habanero.<\/p>\n\n\n\n<p>Al momento del accidente, Feliz se desplazaba abordo de la motocicleta marca Loncin 125, de color blanco.<\/p>\n\n\n\n<p>El mismo fue conducido en una unidad Sistema Nacional de Atenci\u00f3n a Emergencias y Seguridad 9-1-1 al Hospital Regional Universitario Dr. Jaime Mota, donde recibe atenci\u00f3n m\u00e9dica.<\/p>\n\n\n\n<p>La camioneta involucradas des marca Nissan Frontier, de color blanco, placa EL07487, perteneciente al Instituto Nacional de Recursos Hidr\u00e1ulicos (Indrhi), cuyo conductor a\u00fan no ha sido identificado.<\/p>\n\n\n\n<p>El choque ocurri\u00f3 pasada las 12:00 mediod\u00eda al frente del edificio que aloja la oficina del (Indrhi) ubicada en dicho tramo carretero.<\/p>\n","protected":false},"excerpt":{"rendered":"<p>Un hombre result\u00f3 con golpes y heridas en ambas piernas tras colisionar su motocicleta con una camioneta momento que se desplazaba por la carretera que conduce al cruce de Cabral,&hellip;<\/p>\n","protected":false},"author":2,"featured_media":65510,"comment_status":"open","ping_status":"open","sticky":false,"template":"","format":"standard","meta":{"content-type":"","jetpack_post_was_ever_published":false,"_jetpack_newsletter_access":"","_jetpack_dont_email_post_to_subs":false,"_jetpack_newsletter_tier_id":0,"_jetpack_memberships_contains_paywalled_content":false,"_jetpack_memberships_contains_paid_content":false,"footnotes":""},"categories":[35],"tags":[265,648,307,46,2274],"class_list":["post-65509","post","type-post","status-publish","format-standard","has-post-thumbnail","hentry","category-nacionales","tag-barahona","tag-camioneta","tag-herido","tag-hombre","tag-motocicleta"],"jetpack_featured_media_url":"https:\/\/lasprimeras.com.do\/wp-content\/uploads\/2023\/10\/CAASD-4.jpg","jetpack-related-posts":[{"id":65512,"url":"https:\/\/lasprimeras.com.do\/index.php\/2023\/10\/29\/tres-personas-resultaron-heridas-al-volcarse-camioneta-en-la-carretera-hato-mayor-spm\/","url_meta":{"origin":65509,"position":0},"title":"Tres personas resultaron heridas al volcarse camioneta en la carretera Hato Mayor-SPM","author":"Nelson Feliz","date":"29 de octubre de 2023","format":false,"excerpt":"Por Irentoni Vega@viphatomayor Al menos tres personas resultaron heridas al volcarse la camioneta en que se desplazaban en la carretera Hato Mayor-San Pedro de Macor\u00eds, espec\u00edficamente en el batey Jalonga. Los lesionados fueron identificados como Rub\u00e9n Dario Cueto Rivera, de 53 a\u00f1os, Isabel Pacheco, 48 a\u00f1os y Beato Geraldino Amparo\u2026","rel":"","context":"En \u00abNACIONALES\u00bb","block_context":{"text":"NACIONALES","link":"https:\/\/lasprimeras.com.do\/index.php\/category\/nacionales\/"},"img":{"alt_text":"Heridos","src":"https:\/\/i0.wp.com\/lasprimeras.com.do\/wp-content\/uploads\/2023\/10\/Heridos-1.jpg?resize=350%2C200&ssl=1","width":350,"height":200,"srcset":"https:\/\/i0.wp.com\/lasprimeras.com.do\/wp-content\/uploads\/2023\/10\/Heridos-1.jpg?resize=350%2C200&ssl=1 1x, https:\/\/i0.wp.com\/lasprimeras.com.do\/wp-content\/uploads\/2023\/10\/Heridos-1.jpg?resize=525%2C300&ssl=1 1.5x"},"classes":[]},{"id":72677,"url":"https:\/\/lasprimeras.com.do\/index.php\/2024\/01\/02\/dos-muertos-y-un-herido-en-accidente-de-transito-en-la-autopista-del-coral\/","url_meta":{"origin":65509,"position":1},"title":"Dos muertos y un herido en accidente de tr\u00e1nsito en la Autopista del Coral","author":"Nelson Feliz","date":"2 de enero de 2024","format":false,"excerpt":"La colisi\u00f3n ocurri\u00f3 entre dos veh\u00edculos y una motocicleta. Dos personas murieron y una result\u00f3 herida en un accidente de tr\u00e1nsito ocurrido en la Autopista del Coral, pr\u00f3ximo al cruce de Bayah\u00edbe, este primero de enero de 2024, el cual involucr\u00f3 a dos veh\u00edculos y una motocicleta. La colisi\u00f3n ocurri\u00f3\u2026","rel":"","context":"En \u00abNACIONALES\u00bb","block_context":{"text":"NACIONALES","link":"https:\/\/lasprimeras.com.do\/index.php\/category\/nacionales\/"},"img":{"alt_text":"accidente de tr\u00e1nsito","src":"https:\/\/i0.wp.com\/lasprimeras.com.do\/wp-content\/uploads\/2024\/01\/accidente-de-transito.jpg?resize=350%2C200&ssl=1","width":350,"height":200,"srcset":"https:\/\/i0.wp.com\/lasprimeras.com.do\/wp-content\/uploads\/2024\/01\/accidente-de-transito.jpg?resize=350%2C200&ssl=1 1x, https:\/\/i0.wp.com\/lasprimeras.com.do\/wp-content\/uploads\/2024\/01\/accidente-de-transito.jpg?resize=525%2C300&ssl=1 1.5x, https:\/\/i0.wp.com\/lasprimeras.com.do\/wp-content\/uploads\/2024\/01\/accidente-de-transito.jpg?resize=700%2C400&ssl=1 2x"},"classes":[]},{"id":85988,"url":"https:\/\/lasprimeras.com.do\/index.php\/2024\/07\/14\/un-muerto-y-un-herido-en-choque-de-motocicletas-en-los-arroyos\/","url_meta":{"origin":65509,"position":2},"title":"Un muerto y un herido en choque de motocicletas en Los Arroyos","author":"Nelson Feliz","date":"14 de julio de 2024","format":false,"excerpt":"Un hombre perdi\u00f3 la vida y otro result\u00f3 gravemente herido en un tr\u00e1gico accidente de motocicletas ocurrido en la avenida Presidente Antonio Guzm\u00e1n Fern\u00e1ndez, a su paso por la comunidad de Los Arroyos del Distrito Municipal Cenovi. La v\u00edctima fatal fue identificada como Jos\u00e9 Andr\u00e9s Grullat Sosa, conocido como \"El\u2026","rel":"","context":"En \u00abNACIONALES\u00bb","block_context":{"text":"NACIONALES","link":"https:\/\/lasprimeras.com.do\/index.php\/category\/nacionales\/"},"img":{"alt_text":"accidentes de motocicletas","src":"https:\/\/i0.wp.com\/lasprimeras.com.do\/wp-content\/uploads\/2024\/03\/accidentes-de-motocicletas.jpeg?resize=350%2C200&ssl=1","width":350,"height":200,"srcset":"https:\/\/i0.wp.com\/lasprimeras.com.do\/wp-content\/uploads\/2024\/03\/accidentes-de-motocicletas.jpeg?resize=350%2C200&ssl=1 1x, https:\/\/i0.wp.com\/lasprimeras.com.do\/wp-content\/uploads\/2024\/03\/accidentes-de-motocicletas.jpeg?resize=525%2C300&ssl=1 1.5x, https:\/\/i0.wp.com\/lasprimeras.com.do\/wp-content\/uploads\/2024\/03\/accidentes-de-motocicletas.jpeg?resize=700%2C400&ssl=1 2x"},"classes":[]},{"id":112224,"url":"https:\/\/lasprimeras.com.do\/index.php\/2025\/10\/19\/joven-muere-tras-chocar-motocicleta-con-camioneta-en-carretera-hato-mayor-el-valle\/","url_meta":{"origin":65509,"position":3},"title":"Joven muere tras chocar motocicleta con camioneta en carretera Hato Mayor\u2013El Valle","author":"Nelson Feliz","date":"19 de octubre de 2025","format":false,"excerpt":"Un joven de 28 a\u00f1os perdi\u00f3 la vida la tarde de ayer s\u00e1bado tras impactar la motocicleta que conduc\u00eda con una camioneta en la carretera Hato Mayor\u2013El Valle, a la altura del kil\u00f3metro 23, pr\u00f3ximo a Sabana de la Mar. La v\u00edctima fue identificada como Jhonatan Santana Santana, dominicano y\u2026","rel":"","context":"En \u00abSin categor\u00eda\u00bb","block_context":{"text":"Sin categor\u00eda","link":"https:\/\/lasprimeras.com.do\/index.php\/category\/sin-categoria\/"},"img":{"alt_text":"","src":"https:\/\/i0.wp.com\/lasprimeras.com.do\/wp-content\/uploads\/2025\/10\/moto.jpg?resize=350%2C200&ssl=1","width":350,"height":200,"srcset":"https:\/\/i0.wp.com\/lasprimeras.com.do\/wp-content\/uploads\/2025\/10\/moto.jpg?resize=350%2C200&ssl=1 1x, https:\/\/i0.wp.com\/lasprimeras.com.do\/wp-content\/uploads\/2025\/10\/moto.jpg?resize=525%2C300&ssl=1 1.5x, https:\/\/i0.wp.com\/lasprimeras.com.do\/wp-content\/uploads\/2025\/10\/moto.jpg?resize=700%2C400&ssl=1 2x"},"classes":[]},{"id":92427,"url":"https:\/\/lasprimeras.com.do\/index.php\/2025\/01\/04\/hombre-muere-tras-sufrir-infarto-mientras-conducia-e-impactar-vehiculo-en-spm\/","url_meta":{"origin":65509,"position":4},"title":"Hombre muere tras sufrir infarto mientras conduc\u00eda e impactar veh\u00edculo en SPM","author":"Nelson Feliz","date":"4 de enero de 2025","format":false,"excerpt":"Un hombre perdi\u00f3 la vida luego de que sufriera un infarto que lo hizo impactar el veh\u00edculo que conduc\u00eda, en un hecho registrado en la avenida Laureano Canto, frente al parque Los Restauradores, en San Pedro de Macor\u00eds. La v\u00edctima fue identificada como Julio C\u00e9sar Derrick, quien manejaba una yipeta\u2026","rel":"","context":"En \u00abNACIONALES\u00bb","block_context":{"text":"NACIONALES","link":"https:\/\/lasprimeras.com.do\/index.php\/category\/nacionales\/"},"img":{"alt_text":"","src":"https:\/\/i0.wp.com\/lasprimeras.com.do\/wp-content\/uploads\/2025\/01\/Julio-Cesar-Derrick.jpg?resize=350%2C200&ssl=1","width":350,"height":200},"classes":[]},{"id":79806,"url":"https:\/\/lasprimeras.com.do\/index.php\/2024\/03\/30\/hombre-muere-al-impactar-su-motocicleta-contra-un-autobus-en-bavaro\/","url_meta":{"origin":65509,"position":5},"title":"Hombre muere al impactar su motocicleta contra un autob\u00fas en B\u00e1varo","author":"Nelson Feliz","date":"30 de marzo de 2024","format":false,"excerpt":"Por Irentoni Vega Un hombre muri\u00f3 la madrugada del S\u00e1bado Santo en una colisi\u00f3n entre una motocicleta y un autob\u00fas de transporte, el lamentable hecho ocurri\u00f3 en la Avenida Barcel\u00f3, del distrito municipal Ver\u00f3n-Punta Cana. La v\u00edctima fue identificada como \u00c1ngel Midio Vicente Montero, de 28 a\u00f1os de edad, seg\u00fan\u2026","rel":"","context":"En \u00abNACIONALES\u00bb","block_context":{"text":"NACIONALES","link":"https:\/\/lasprimeras.com.do\/index.php\/category\/nacionales\/"},"img":{"alt_text":"\u00c1ngel Midio Vicente Montero","src":"https:\/\/i0.wp.com\/lasprimeras.com.do\/wp-content\/uploads\/2024\/03\/Angel-Midio-Vicente-Montero.jpg?resize=350%2C200&ssl=1","width":350,"height":200},"classes":[]}],"jetpack_sharing_enabled":true,"_links":{"self":[{"href":"https:\/\/lasprimeras.com.do\/index.php\/wp-json\/wp\/v2\/posts\/65509","targetHints":{"allow":["GET"]}}],"collection":[{"href":"https:\/\/lasprimeras.com.do\/index.php\/wp-json\/wp\/v2\/posts"}],"about":[{"href":"https:\/\/lasprimeras.com.do\/index.php\/wp-json\/wp\/v2\/types\/post"}],"author":[{"embeddable":true,"href":"https:\/\/lasprimeras.com.do\/index.php\/wp-json\/wp\/v2\/users\/2"}],"replies":[{"embeddable":true,"href":"https:\/\/lasprimeras.com.do\/index.php\/wp-json\/wp\/v2\/comments?post=65509"}],"version-history":[{"count":1,"href":"https:\/\/lasprimeras.com.do\/index.php\/wp-json\/wp\/v2\/posts\/65509\/revisions"}],"predecessor-version":[{"id":65511,"href":"https:\/\/lasprimeras.com.do\/index.php\/wp-json\/wp\/v2\/posts\/65509\/revisions\/65511"}],"wp:featuredmedia":[{"embeddable":true,"href":"https:\/\/lasprimeras.com.do\/index.php\/wp-json\/wp\/v2\/media\/65510"}],"wp:attachment":[{"href":"https:\/\/lasprimeras.com.do\/index.php\/wp-json\/wp\/v2\/media?parent=65509"}],"wp:term":[{"taxonomy":"category","embeddable":true,"href":"https:\/\/lasprimeras.com.do\/index.php\/wp-json\/wp\/v2\/categories?post=65509"},{"taxonomy":"post_tag","embeddable":true,"href":"https:\/\/lasprimeras.com.do\/index.php\/wp-json\/wp\/v2\/tags?post=65509"}],"curies":[{"name":"wp","href":"https:\/\/api.w.org\/{rel}","templated":true}]}}