{"id":65524,"date":"2023-10-28T19:47:00","date_gmt":"2023-10-28T23:47:00","guid":{"rendered":"https:\/\/lasprimeras.com.do\/?p=65524"},"modified":"2023-10-29T19:53:01","modified_gmt":"2023-10-29T23:53:01","slug":"uasd-inviste-3547-nuevos-profesionales-durante-celebracion-del-485-aniversario-de-su-fundacion","status":"publish","type":"post","link":"https:\/\/lasprimeras.com.do\/index.php\/2023\/10\/28\/uasd-inviste-3547-nuevos-profesionales-durante-celebracion-del-485-aniversario-de-su-fundacion\/","title":{"rendered":"UASD inviste 3,547 nuevos profesionales durante celebraci\u00f3n del 485 aniversario de su fundaci\u00f3n"},"content":{"rendered":"\n<p><strong>\u201cEl rector de la Academia, maestro Editrudis Beltr\u00e1n Cris\u00f3stomo, destaca el proceso transformador de la instituci\u00f3n\u201d.<\/strong><\/p>\n\n\n\n<p>La Universidad Aut\u00f3noma de Santo Domingo (UASD) invisti\u00f3 a 3 mil 547 profesionales en el nivel de grado, pertenecientes a distintas \u00e1reas del saber, durante una ceremonia enmarcada dentro de la celebraci\u00f3n este 28 de octubre del aniversario 485 de esa casa del altos estudios.<\/p>\n\n\n\n<p>El rector de la Primada de Am\u00e9rica, maestro Beltr\u00e1n Cris\u00f3stomo, acompa\u00f1ado de los dem\u00e1s miembros del Consejo Universitario, encabez\u00f3 la investidura desarrollada en la Plaza H\u00e9roes de Abril, escenario que aprovech\u00f3 para felicitar a los nuevos profesionales y destacar su compromiso con la excelencia acad\u00e9mica.<\/p>\n\n\n\n<p>Se\u00f1al\u00f3 que a 15 a\u00f1os del quinto centenario de la Universidad estatal, la gesti\u00f3n que encabeza y toda la comunidad universitaria celebra con orgullo el 485 aniversario de la UASD.<\/p>\n\n\n\n<p>&#8220;Tres mil 547 nuevos profesionales. Esta cifra se dice f\u00e1cil, pero lleva consigo el esfuerzo, dedicaci\u00f3n y entrega de toda la comunidad universitaria, que cada vez goza de una Academia m\u00e1s cercana a la gente e inmersa en el mayor proceso de expansi\u00f3n de su historia&#8221;, proclam\u00f3 Beltr\u00e1n Cris\u00f3stomo.<\/p>\n\n\n\n<p>Agreg\u00f3 igualmente que la nueva imagen que empieza a mostrar la UASD, es el producto de una profunda transformaci\u00f3n en lo curricular y en la forma de administrar los recursos con los que cuenta la Academia, centrada desde inicios de su gesti\u00f3n en optimizar el gasto, priorizando especialmente todo lo relacionado a la docencia.<\/p>\n\n\n\n<p><strong>Los nuevos profesionales<\/strong><\/p>\n\n\n\n<p>Del total de graduandos, mil 130 obtuvieron lauros acad\u00e9micos, entre quienes 190 alcanzaron la categor\u00eda Magna Cum Laude, al obtener m\u00e1s del 90 % en el promedio de sus calificaciones, mientras que 939 lograron la categor\u00eda Cum Laude, cuyo promedio super\u00f3 m\u00e1s del 85 % en sus evaluaciones.<\/p>\n\n\n\n<p>La graduanda Martha N\u00fa\u00f1ez Rodr\u00edguez se invisti\u00f3 en la categor\u00eda Summa Cum Laude, al alcanzar la mayor calificaci\u00f3n en Licenciatura en M\u00fasica Menci\u00f3n Teor\u00eda y Educaci\u00f3n.<\/p>\n\n\n\n<p>De los profesionales investidos, 772 pertenecen a la Facultad de Humanidades, 64 a Ciencias, 698 a Ciencias Econ\u00f3micas y Sociales, 234 a Ciencias Jur\u00eddicas y Pol\u00edticas y 303 a Ingenier\u00eda y Arquitectura.<\/p>\n\n\n\n<p>Mientras que 932 graduandos pertenecen a Ciencias de la Salud, 135 a Artes, 386 a Ciencias de la Educaci\u00f3n y 23 a Ciencias Agron\u00f3micas y Veterinarias.<\/p>\n","protected":false},"excerpt":{"rendered":"<p>\u201cEl rector de la Academia, maestro Editrudis Beltr\u00e1n Cris\u00f3stomo, destaca el proceso transformador de la instituci\u00f3n\u201d. La Universidad Aut\u00f3noma de Santo Domingo (UASD) invisti\u00f3 a 3 mil 547 profesionales en&hellip;<\/p>\n","protected":false},"author":2,"featured_media":65525,"comment_status":"open","ping_status":"open","sticky":false,"template":"","format":"standard","meta":{"content-type":"","jetpack_post_was_ever_published":false,"_jetpack_newsletter_access":"","_jetpack_dont_email_post_to_subs":false,"_jetpack_newsletter_tier_id":0,"_jetpack_memberships_contains_paywalled_content":false,"_jetpack_memberships_contains_paid_content":false,"footnotes":""},"categories":[35,25],"tags":[1320,1326,3461,9002,1884,1765],"class_list":["post-65524","post","type-post","status-publish","format-standard","has-post-thumbnail","hentry","category-nacionales","category-portada","tag-aniversario","tag-celebracion","tag-fundacion","tag-inviste","tag-profesionales","tag-uasd"],"jetpack_featured_media_url":"https:\/\/lasprimeras.com.do\/wp-content\/uploads\/2023\/10\/Editrudis-Beltran-Crisostomo-1.jpg","jetpack-related-posts":[{"id":94143,"url":"https:\/\/lasprimeras.com.do\/index.php\/2025\/02\/25\/uasd-inviste-2558-nuevos-profesionales-en-conmemoracion-aniversario-de-mella-y-de-la-independencia-nacional\/","url_meta":{"origin":65524,"position":0},"title":"UASD inviste 2,558 nuevos profesionales en conmemoraci\u00f3n aniversario de Mella y de la Independencia Nacional","author":"Nelson Feliz","date":"25 de febrero de 2025","format":false,"excerpt":"El rector de la academia estatal, Editrudis Beltr\u00e1n Cris\u00f3stomo resalta el impacto del v\u00ednculo UASD-ESTADO La Universidad Aut\u00f3noma de Santo Domingo (UASD) entreg\u00f3 al pa\u00eds dos mil quinientos cincuenta y ocho nuevos profesionales de grado y postgrado, como parte de las actividades conmemorativas del 209 aniversario del natalicio del patricio\u2026","rel":"","context":"En \u00abNACIONALES\u00bb","block_context":{"text":"NACIONALES","link":"https:\/\/lasprimeras.com.do\/index.php\/category\/nacionales\/"},"img":{"alt_text":"","src":"https:\/\/i0.wp.com\/lasprimeras.com.do\/wp-content\/uploads\/2025\/02\/uasd-2.jpg?resize=350%2C200&ssl=1","width":350,"height":200,"srcset":"https:\/\/i0.wp.com\/lasprimeras.com.do\/wp-content\/uploads\/2025\/02\/uasd-2.jpg?resize=350%2C200&ssl=1 1x, https:\/\/i0.wp.com\/lasprimeras.com.do\/wp-content\/uploads\/2025\/02\/uasd-2.jpg?resize=525%2C300&ssl=1 1.5x, https:\/\/i0.wp.com\/lasprimeras.com.do\/wp-content\/uploads\/2025\/02\/uasd-2.jpg?resize=700%2C400&ssl=1 2x"},"classes":[]},{"id":97664,"url":"https:\/\/lasprimeras.com.do\/index.php\/2025\/04\/24\/uasd-conmemora-revolucion-de-abril-invistiendo-2507-profesionales-de-grado-y-postgrado\/","url_meta":{"origin":65524,"position":1},"title":"UASD conmemora Revoluci\u00f3n de Abril invistiendo 2,507 profesionales de grado y postgrado","author":"Nelson Feliz","date":"24 de abril de 2025","format":false,"excerpt":"\u00a0-\u00a0Rector Editrudis Beltr\u00e1n Cris\u00f3stomo anuncia nuevas obras e implementaci\u00f3n programas de estudios, basados en un enfoque por competencias.\u00a0La Universidad Aut\u00f3noma de Santo Domingo (UASD) entreg\u00f3 al pa\u00eds 1956 nuevos profesionales de grado y 551 de postgrado, incluidos dos doctores, para un total de 2,507 investidos, en el marco de las\u2026","rel":"","context":"En \u00abNACIONALES\u00bb","block_context":{"text":"NACIONALES","link":"https:\/\/lasprimeras.com.do\/index.php\/category\/nacionales\/"},"img":{"alt_text":"","src":"https:\/\/i0.wp.com\/lasprimeras.com.do\/wp-content\/uploads\/2025\/04\/uasd.jpg?resize=350%2C200&ssl=1","width":350,"height":200,"srcset":"https:\/\/i0.wp.com\/lasprimeras.com.do\/wp-content\/uploads\/2025\/04\/uasd.jpg?resize=350%2C200&ssl=1 1x, https:\/\/i0.wp.com\/lasprimeras.com.do\/wp-content\/uploads\/2025\/04\/uasd.jpg?resize=525%2C300&ssl=1 1.5x, https:\/\/i0.wp.com\/lasprimeras.com.do\/wp-content\/uploads\/2025\/04\/uasd.jpg?resize=700%2C400&ssl=1 2x"},"classes":[]},{"id":107001,"url":"https:\/\/lasprimeras.com.do\/index.php\/2025\/08\/21\/uasd-otorga-titulo-de-profesor-honorario-al-doctor-rafael-sanchez-espanol\/","url_meta":{"origin":65524,"position":2},"title":"UASD otorga t\u00edtulo de \u201cProfesor Honorario\u201d al doctor Rafael S\u00e1nchez Espa\u00f1ol","author":"Nelson Feliz","date":"21 de agosto de 2025","format":false,"excerpt":"La Universidad Aut\u00f3noma de Santo Domingo (UASD) otorg\u00f3 el t\u00edtulo de \u201cProfesor Honorario\u201d de la Facultad de Ciencias de la Salud (FCS), al doctor Rafael S\u00e1nchez Espa\u00f1ol, por sus significativas contribuciones al desarrollo de la medicina dominicana, siendo pionero en cirug\u00eda laparosc\u00f3pica y rob\u00f3tica en el pa\u00eds. El acto de\u2026","rel":"","context":"En \u00abNACIONALES\u00bb","block_context":{"text":"NACIONALES","link":"https:\/\/lasprimeras.com.do\/index.php\/category\/nacionales\/"},"img":{"alt_text":"","src":"https:\/\/i0.wp.com\/lasprimeras.com.do\/wp-content\/uploads\/2025\/08\/editrudis.jpg?resize=350%2C200&ssl=1","width":350,"height":200,"srcset":"https:\/\/i0.wp.com\/lasprimeras.com.do\/wp-content\/uploads\/2025\/08\/editrudis.jpg?resize=350%2C200&ssl=1 1x, https:\/\/i0.wp.com\/lasprimeras.com.do\/wp-content\/uploads\/2025\/08\/editrudis.jpg?resize=525%2C300&ssl=1 1.5x, https:\/\/i0.wp.com\/lasprimeras.com.do\/wp-content\/uploads\/2025\/08\/editrudis.jpg?resize=700%2C400&ssl=1 2x"},"classes":[]},{"id":84844,"url":"https:\/\/lasprimeras.com.do\/index.php\/2024\/06\/14\/uasd-inviste-2048-profesionales-en-santiago-con-motivo-del-65-aniversario-de-la-expedicion-del-14-de-junio\/","url_meta":{"origin":65524,"position":3},"title":"UASD inviste 2,048 profesionales en Santiago con motivo del 65 aniversario de la Expedici\u00f3n del 14 de junio","author":"Nelson Feliz","date":"14 de junio de 2024","format":false,"excerpt":"\u201cRector de la Academia destaca el crecimiento de la matr\u00edcula estudiantil y anuncia nuevas aulas inteligentes para el Recinto UASD Santiago\u201d. La Universidad Aut\u00f3noma de Santo Domingo (UASD) invisti\u00f3 a 2,048 profesionales de grado y posgrado durante el acto de graduaci\u00f3n de la regi\u00f3n Norte, realizada en el Recinto UASD-Santiago,\u2026","rel":"","context":"En \u00abNACIONALES\u00bb","block_context":{"text":"NACIONALES","link":"https:\/\/lasprimeras.com.do\/index.php\/category\/nacionales\/"},"img":{"alt_text":"","src":"https:\/\/i0.wp.com\/lasprimeras.com.do\/wp-content\/uploads\/2024\/06\/Editrudis-Beltran-Crisostomo.jpg?resize=350%2C200&ssl=1","width":350,"height":200,"srcset":"https:\/\/i0.wp.com\/lasprimeras.com.do\/wp-content\/uploads\/2024\/06\/Editrudis-Beltran-Crisostomo.jpg?resize=350%2C200&ssl=1 1x, https:\/\/i0.wp.com\/lasprimeras.com.do\/wp-content\/uploads\/2024\/06\/Editrudis-Beltran-Crisostomo.jpg?resize=525%2C300&ssl=1 1.5x, https:\/\/i0.wp.com\/lasprimeras.com.do\/wp-content\/uploads\/2024\/06\/Editrudis-Beltran-Crisostomo.jpg?resize=700%2C400&ssl=1 2x"},"classes":[]},{"id":102980,"url":"https:\/\/lasprimeras.com.do\/index.php\/2025\/07\/10\/tres-anos-de-espera-concejo-de-regidores-de-asdn-aun-no-entrega-reconocimiento-al-rector-de-la-uasd\/","url_meta":{"origin":65524,"position":4},"title":"&#8220;Tres a\u00f1os de espera&#8221;: Concejo de Regidores de ASDN a\u00fan no entrega reconocimiento al rector de la UASD","author":"Nelson Feliz","date":"10 de julio de 2025","format":false,"excerpt":"La propuesta que declara como \u201cHijo distinguido y meritorio\u201d a Editrudis Beltr\u00e1n Cris\u00f3stomo fue sometida por el ex regidor del Partido Revolucionario Moderno (PRM), Jos\u00e9 Manuel L\u00f3pez. Tres a\u00f1os ya han transcurrido de que el Concejo de Regidores de la Alcald\u00eda de este municipio, aprob\u00f3 declarar como \u201cHijo distinguido y\u2026","rel":"","context":"En \u00abSin categor\u00eda\u00bb","block_context":{"text":"Sin categor\u00eda","link":"https:\/\/lasprimeras.com.do\/index.php\/category\/sin-categoria\/"},"img":{"alt_text":"","src":"https:\/\/i0.wp.com\/lasprimeras.com.do\/wp-content\/uploads\/2025\/07\/ASDN.jpg?resize=350%2C200&ssl=1","width":350,"height":200,"srcset":"https:\/\/i0.wp.com\/lasprimeras.com.do\/wp-content\/uploads\/2025\/07\/ASDN.jpg?resize=350%2C200&ssl=1 1x, https:\/\/i0.wp.com\/lasprimeras.com.do\/wp-content\/uploads\/2025\/07\/ASDN.jpg?resize=525%2C300&ssl=1 1.5x, https:\/\/i0.wp.com\/lasprimeras.com.do\/wp-content\/uploads\/2025\/07\/ASDN.jpg?resize=700%2C400&ssl=1 2x"},"classes":[]},{"id":102444,"url":"https:\/\/lasprimeras.com.do\/index.php\/2025\/07\/04\/uasd-y-el-mem-desarrollaran-planes-de-estudios-en-energia-nuclear-e-hidrocarburos\/","url_meta":{"origin":65524,"position":5},"title":"UASD y el MEM desarrollar\u00e1n planes de estudios en energ\u00eda nuclear e hidrocarburos","author":"Nelson Feliz","date":"4 de julio de 2025","format":false,"excerpt":"Rector Beltr\u00e1n Cris\u00f3stomo y ministro Joel Santos resaltan trascendencia hist\u00f3rica del proyecto. La Universidad Aut\u00f3noma de Santo Domingo (UASD) y el Ministerio de Energ\u00eda y Minas (MEM) suscribieron un convenio de colaboraci\u00f3n interinstitucional destinado a proponer y apoyar programas de educaci\u00f3n continua, de grado y postgrado, en el \u00e1mbito de\u2026","rel":"","context":"En \u00abNACIONALES\u00bb","block_context":{"text":"NACIONALES","link":"https:\/\/lasprimeras.com.do\/index.php\/category\/nacionales\/"},"img":{"alt_text":"Joel Santos y Beltr\u00e1n Cris\u00f3stomo","src":"https:\/\/i0.wp.com\/lasprimeras.com.do\/wp-content\/uploads\/2025\/07\/Joel-Santos-y-Beltran-Crisostomo.jpg?resize=350%2C200&ssl=1","width":350,"height":200,"srcset":"https:\/\/i0.wp.com\/lasprimeras.com.do\/wp-content\/uploads\/2025\/07\/Joel-Santos-y-Beltran-Crisostomo.jpg?resize=350%2C200&ssl=1 1x, https:\/\/i0.wp.com\/lasprimeras.com.do\/wp-content\/uploads\/2025\/07\/Joel-Santos-y-Beltran-Crisostomo.jpg?resize=525%2C300&ssl=1 1.5x, https:\/\/i0.wp.com\/lasprimeras.com.do\/wp-content\/uploads\/2025\/07\/Joel-Santos-y-Beltran-Crisostomo.jpg?resize=700%2C400&ssl=1 2x"},"classes":[]}],"jetpack_sharing_enabled":true,"_links":{"self":[{"href":"https:\/\/lasprimeras.com.do\/index.php\/wp-json\/wp\/v2\/posts\/65524","targetHints":{"allow":["GET"]}}],"collection":[{"href":"https:\/\/lasprimeras.com.do\/index.php\/wp-json\/wp\/v2\/posts"}],"about":[{"href":"https:\/\/lasprimeras.com.do\/index.php\/wp-json\/wp\/v2\/types\/post"}],"author":[{"embeddable":true,"href":"https:\/\/lasprimeras.com.do\/index.php\/wp-json\/wp\/v2\/users\/2"}],"replies":[{"embeddable":true,"href":"https:\/\/lasprimeras.com.do\/index.php\/wp-json\/wp\/v2\/comments?post=65524"}],"version-history":[{"count":1,"href":"https:\/\/lasprimeras.com.do\/index.php\/wp-json\/wp\/v2\/posts\/65524\/revisions"}],"predecessor-version":[{"id":65526,"href":"https:\/\/lasprimeras.com.do\/index.php\/wp-json\/wp\/v2\/posts\/65524\/revisions\/65526"}],"wp:featuredmedia":[{"embeddable":true,"href":"https:\/\/lasprimeras.com.do\/index.php\/wp-json\/wp\/v2\/media\/65525"}],"wp:attachment":[{"href":"https:\/\/lasprimeras.com.do\/index.php\/wp-json\/wp\/v2\/media?parent=65524"}],"wp:term":[{"taxonomy":"category","embeddable":true,"href":"https:\/\/lasprimeras.com.do\/index.php\/wp-json\/wp\/v2\/categories?post=65524"},{"taxonomy":"post_tag","embeddable":true,"href":"https:\/\/lasprimeras.com.do\/index.php\/wp-json\/wp\/v2\/tags?post=65524"}],"curies":[{"name":"wp","href":"https:\/\/api.w.org\/{rel}","templated":true}]}}