{"id":65594,"date":"2023-10-28T19:21:00","date_gmt":"2023-10-28T23:21:00","guid":{"rendered":"https:\/\/lasprimeras.com.do\/?p=65594"},"modified":"2023-10-30T07:27:10","modified_gmt":"2023-10-30T11:27:10","slug":"abinader-dice-pena-gomez-balaguer-y-bosch-estarian-satisfechos-por-su-gestion-de-gobierno","status":"publish","type":"post","link":"https:\/\/lasprimeras.com.do\/index.php\/2023\/10\/28\/abinader-dice-pena-gomez-balaguer-y-bosch-estarian-satisfechos-por-su-gestion-de-gobierno\/","title":{"rendered":"Abinader dice Pe\u00f1a G\u00f3mez, Balaguer y Bosch estar\u00edan satisfechos por su gesti\u00f3n de Gobierno"},"content":{"rendered":"\n<p><strong>El mandatario resalt\u00f3 los logros de su gobierno en programas sociales y obras de infraestructuras.<\/strong><\/p>\n\n\n\n<p>El presidente Luis Abinader fue proclamado como el candidato presidencial del partido Justicia Social, el cual encabeza el exsenador de Santiago Julio C\u00e9sar Valent\u00edn, ofici\u00e1ndose as\u00ed un pacto entre esa entidad pol\u00edtica y el Partido Revolucionario Moderno (PRM).<\/p>\n\n\n\n<p>Abinader resalt\u00f3 los logros de su gobierno en programas sociales y obras de infraestructuras, por lo que expres\u00f3 que, con esta alianza, el partido Justicia Social est\u00e1 siendo coherente con sus ideas y su pensamiento.<\/p>\n\n\n\n<p>Adem\u00e1s, en medio de ataques realizados desde diferentes frentes de la oposici\u00f3n por su accionar de Gobierno, el mandatario aprovech\u00f3 la ocasi\u00f3n para resaltar que el l\u00edder perredeista Jos\u00e9 Francisco Pe\u00f1a G\u00f3mez estar\u00eda \u201ccontento\u201d por la inversiones realizadas en \u201cla mejor\u00eda de la calidad de vida de la gente que, como una acci\u00f3n de justicia social, ejecuta desde el gobierno\u201d, lo mismo que Juan Bosch, expresidente de la Rep\u00fablica y quien es considerado como figura patricia de los tres partidos que hoy encabezan la oposici\u00f3n pol\u00edtica (PLD, FP, PRD) por la \u201ctransformaci\u00f3n en la institucionalidad con la independencia del Ministerio P\u00fablico\u201d y Joaqu\u00edn Balaguer, tambi\u00e9n exmandatario y referencia hist\u00f3rica del Partido Reformista Social Cristiano (PRSC), por la \u201cinversi\u00f3n en infraestructura que se ejecuta en Santiago y el Cibao con el telef\u00e9rico, el monorriel y la ampliaci\u00f3n de la autopista Duarte\u201d.<\/p>\n\n\n\n<p>\u201cEstamos integrados en una causa patri\u00f3tica, una causa a favor de los intereses de los dominicanos y dominicanas. Aqu\u00ed se sabe a d\u00f3nde vamos, y para seguir trabajando con pasi\u00f3n y ah\u00ednco, \u00a1el cambio vive!\u201d, expres\u00f3 Abinader.<\/p>\n\n\n\n<p>El presidente y candidato a la misma posici\u00f3n por el PRM indic\u00f3 de que en el gobierno que preside se ha invertido m\u00e1s que cualquier otro presidente; en lo que concierne al programa sup\u00e9rate a redoblado el monto y el doble de dominicanos que la recib\u00edan y al mismo tiempo destac\u00f3 el aumento de los m\u00e1s de 2 millones 500 seguros m\u00e9dicos que han sido entregados.<\/p>\n\n\n\n<p>\u201cHemos implementado significativamente el gasto social y por eso tenemos despu\u00e9s de haber pasado la pandemia de haber sobrevivido de la guerra entre Rusia y Ucrania, por lo que los \u00faltimos tres trimestres hemos disminuido la pobreza a los menores nivele que se haya vivido en el pa\u00eds\u201d, manifest\u00f3 el Presidente.<\/p>\n\n\n\n<p>El pasado fin de semana proclamaron a Abinader los partidos de Acci\u00f3n Liberal (PAL), Democrata Popular (PDP), C\u00edvico Renovador (PCR), Nacional Voluntad Ciudadana, (PNVC) y Uni\u00f3n Democr\u00e1tica Cristiana, (UDC). Con anterioridad lo hicieron semana hicieron el Democr\u00e1tico Alternativo (Moda) y el Socialista Verde (Pasove).<\/p>\n\n\n\n<p>La proclamaci\u00f3n de Abinader por parte de Justicia Social se produjo en cumplimiento al mandato de la Convenci\u00f3n Nacional de Dirigentes del pasado 21 de octubre, en la cual se aprob\u00f3 postular al candidato del PRM y otros aspirantes a distintos puestos de elecci\u00f3n popular en los comicios municipales y congresuales de febrero y mayo de 2024.<\/p>\n\n\n\n<p>Acompa\u00f1aron al candidato Abinader, la dirigente nacional del PRM Raquel Pe\u00f1a; el presidente del PRM, Jos\u00e9 Ignacio Paliza; la secretaria general, Carolina Mej\u00eda; la presidenta del PRM en la provincia Santiago, Rosa Santos y el presidente del PRM en Puerto Plata, Igor Rodr\u00edguez.<\/p>\n","protected":false},"excerpt":{"rendered":"<p>El mandatario resalt\u00f3 los logros de su gobierno en programas sociales y obras de infraestructuras. El presidente Luis Abinader fue proclamado como el candidato presidencial del partido Justicia Social, el&hellip;<\/p>\n","protected":false},"author":2,"featured_media":65595,"comment_status":"open","ping_status":"open","sticky":false,"template":"","format":"standard","meta":{"content-type":"","jetpack_post_was_ever_published":false,"_jetpack_newsletter_access":"","_jetpack_dont_email_post_to_subs":false,"_jetpack_newsletter_tier_id":0,"_jetpack_memberships_contains_paywalled_content":false,"_jetpack_memberships_contains_paid_content":false,"footnotes":""},"categories":[25],"tags":[67],"class_list":["post-65594","post","type-post","status-publish","format-standard","has-post-thumbnail","hentry","category-portada","tag-luis-abinader"],"jetpack_featured_media_url":"https:\/\/lasprimeras.com.do\/wp-content\/uploads\/2023\/10\/Luis-Abinader.jpeg","jetpack-related-posts":[{"id":125277,"url":"https:\/\/lasprimeras.com.do\/index.php\/2026\/03\/21\/abinader-encabeza-renombramiento-de-la-avenida-ecologica-como-jose-fco-pena-gomez-en-santo-domingo-este\/","url_meta":{"origin":65594,"position":0},"title":"Abinader encabeza renombramiento de la avenida Ecol\u00f3gica como Jos\u00e9 Fco. Pe\u00f1a G\u00f3mez en Santo Domingo Este","author":"Nelson Feliz","date":"21 de marzo de 2026","format":false,"excerpt":"Mandatario dice que, si bien es importante honrar la memoria de Pe\u00f1a G\u00f3mez a trav\u00e9s de una obra de infraestructura que lleva su nombre, el verdadero reconocimiento tambi\u00e9n se materializa en las acciones de gobierno de atenci\u00f3n social, reducci\u00f3n de la pobreza y el impulso de un desarrollo econ\u00f3mico m\u00e1s\u2026","rel":"","context":"En \u00abNACIONALES\u00bb","block_context":{"text":"NACIONALES","link":"https:\/\/lasprimeras.com.do\/index.php\/category\/nacionales\/"},"img":{"alt_text":"","src":"https:\/\/i0.wp.com\/lasprimeras.com.do\/wp-content\/uploads\/2026\/03\/Luis-Abinader-10.jpg?resize=350%2C200&ssl=1","width":350,"height":200,"srcset":"https:\/\/i0.wp.com\/lasprimeras.com.do\/wp-content\/uploads\/2026\/03\/Luis-Abinader-10.jpg?resize=350%2C200&ssl=1 1x, https:\/\/i0.wp.com\/lasprimeras.com.do\/wp-content\/uploads\/2026\/03\/Luis-Abinader-10.jpg?resize=525%2C300&ssl=1 1.5x, https:\/\/i0.wp.com\/lasprimeras.com.do\/wp-content\/uploads\/2026\/03\/Luis-Abinader-10.jpg?resize=700%2C400&ssl=1 2x"},"classes":[]},{"id":104750,"url":"https:\/\/lasprimeras.com.do\/index.php\/2025\/07\/27\/garcia-fermin-resalta-logros-de-abinader-y-aboga-por-unidad-en-el-prm\/","url_meta":{"origin":65594,"position":1},"title":"Garc\u00eda Ferm\u00edn resalta logros de Abinader y aboga por unidad en el PRM","author":"Nelson Feliz","date":"27 de julio de 2025","format":false,"excerpt":"El ministro de Educaci\u00f3n Superior, Ciencia y Tecnolog\u00eda, Franklin Garc\u00eda Ferm\u00edn, encabez\u00f3 la puesta en circulaci\u00f3n del op\u00fasculo \u201cEl Camino para Profundizar el Cambio y Mantenernos en el Poder\", en San Juan de la Maguana, donde destac\u00f3 los principales logros del presidente Luis Abinader y exhort\u00f3 a consolidar el proceso\u2026","rel":"","context":"En \u00abPOLITICA\u00bb","block_context":{"text":"POLITICA","link":"https:\/\/lasprimeras.com.do\/index.php\/category\/politica\/"},"img":{"alt_text":"","src":"https:\/\/i0.wp.com\/lasprimeras.com.do\/wp-content\/uploads\/2025\/07\/fermin.jpg?resize=350%2C200&ssl=1","width":350,"height":200,"srcset":"https:\/\/i0.wp.com\/lasprimeras.com.do\/wp-content\/uploads\/2025\/07\/fermin.jpg?resize=350%2C200&ssl=1 1x, https:\/\/i0.wp.com\/lasprimeras.com.do\/wp-content\/uploads\/2025\/07\/fermin.jpg?resize=525%2C300&ssl=1 1.5x, https:\/\/i0.wp.com\/lasprimeras.com.do\/wp-content\/uploads\/2025\/07\/fermin.jpg?resize=700%2C400&ssl=1 2x"},"classes":[]},{"id":105256,"url":"https:\/\/lasprimeras.com.do\/index.php\/2025\/07\/31\/abinader-inaugura-dos-escuelas-en-la-altagracia-con-capacidad-para-1600-estudiantes\/","url_meta":{"origin":65594,"position":2},"title":"Abinader inaugura dos escuelas en La Altagracia con capacidad para 1,600 estudiantes","author":"Nelson Feliz","date":"31 de julio de 2025","format":false,"excerpt":"Mandatario sostiene encuentro con 300 j\u00f3venes de diversos sectores, en un espacio de di\u00e1logo abierto y encabeza Jornada de Inclusi\u00f3n Social que beneficia a unas 2,500 personas. El presidente Luis Abinader continu\u00f3 este jueves con el desarrollo de una agenda centrada en acercar el gobierno a la gente y acelerar\u2026","rel":"","context":"En \u00abECONOM\u00cdA\u00bb","block_context":{"text":"ECONOM\u00cdA","link":"https:\/\/lasprimeras.com.do\/index.php\/category\/economia\/"},"img":{"alt_text":"","src":"https:\/\/i0.wp.com\/lasprimeras.com.do\/wp-content\/uploads\/2025\/07\/escuela.jpg?resize=350%2C200&ssl=1","width":350,"height":200,"srcset":"https:\/\/i0.wp.com\/lasprimeras.com.do\/wp-content\/uploads\/2025\/07\/escuela.jpg?resize=350%2C200&ssl=1 1x, https:\/\/i0.wp.com\/lasprimeras.com.do\/wp-content\/uploads\/2025\/07\/escuela.jpg?resize=525%2C300&ssl=1 1.5x, https:\/\/i0.wp.com\/lasprimeras.com.do\/wp-content\/uploads\/2025\/07\/escuela.jpg?resize=700%2C400&ssl=1 2x"},"classes":[]},{"id":116891,"url":"https:\/\/lasprimeras.com.do\/index.php\/2025\/12\/05\/waldo-ariel-suero-reconoce-que-abinader-es-el-mandatario-que-mas-ha-aportado-al-cmd\/","url_meta":{"origin":65594,"position":3},"title":"Waldo Ariel Suero reconoce que Abinader es el mandatario que m\u00e1s ha aportado al CMD","author":"Nelson Feliz","date":"5 de diciembre de 2025","format":false,"excerpt":"Suero tambi\u00e9n resalt\u00f3 que el presidente Abinader cumpli\u00f3 17 de los 18 puntos acordados con el sector salud, incluyendo aumentos salariales, incentivos y mejoras para los pensionados. El presidente saliente del Colegio M\u00e9dico Dominicano (CMD), doctor Waldo Ariel Suero, destac\u00f3 este jueves el respaldo decidido que el presidente Luis Abinader\u2026","rel":"","context":"En \u00abSALUD\u00bb","block_context":{"text":"SALUD","link":"https:\/\/lasprimeras.com.do\/index.php\/category\/salud\/"},"img":{"alt_text":"","src":"https:\/\/i0.wp.com\/lasprimeras.com.do\/wp-content\/uploads\/2025\/12\/Waldo-Ariel-Suero-1.jpg?resize=350%2C200&ssl=1","width":350,"height":200,"srcset":"https:\/\/i0.wp.com\/lasprimeras.com.do\/wp-content\/uploads\/2025\/12\/Waldo-Ariel-Suero-1.jpg?resize=350%2C200&ssl=1 1x, https:\/\/i0.wp.com\/lasprimeras.com.do\/wp-content\/uploads\/2025\/12\/Waldo-Ariel-Suero-1.jpg?resize=525%2C300&ssl=1 1.5x, https:\/\/i0.wp.com\/lasprimeras.com.do\/wp-content\/uploads\/2025\/12\/Waldo-Ariel-Suero-1.jpg?resize=700%2C400&ssl=1 2x"},"classes":[]},{"id":106488,"url":"https:\/\/lasprimeras.com.do\/index.php\/2025\/08\/15\/resalta-logros-gobierno-del-presidente-luis-abinader\/","url_meta":{"origin":65594,"position":4},"title":"Resalta logros gobierno del presidente Luis Abinader","author":"Nelson Feliz","date":"15 de agosto de 2025","format":false,"excerpt":"Por Ram\u00f3n Mercedes NUEVA YORK.- Ante las cr\u00edticas de los partidos Fuerza del Pueblo (FP) y de la Liberaci\u00f3n Dominicana (PLD) contra las ejecutorias que a nivel nacional viene realizando el presidente Luis Abinader en favor de la familia de escasos recursos, lo cierto es que el mandatario est\u00e1 haciendo\u2026","rel":"","context":"En \u00abPOLITICA\u00bb","block_context":{"text":"POLITICA","link":"https:\/\/lasprimeras.com.do\/index.php\/category\/politica\/"},"img":{"alt_text":"","src":"https:\/\/i0.wp.com\/lasprimeras.com.do\/wp-content\/uploads\/2025\/08\/WhatsApp-Image-2025-08-15-at-6.18.25-AM-1.jpeg?resize=350%2C200&ssl=1","width":350,"height":200},"classes":[]},{"id":104536,"url":"https:\/\/lasprimeras.com.do\/index.php\/2025\/07\/24\/abinader-entregara-obras-hidraulicas-deportivas-energeticas-y-sociales-en-la-provincia-azua-este-sabado\/","url_meta":{"origin":65594,"position":5},"title":"Abinader entregar\u00e1 obras hidr\u00e1ulicas, deportivas, energ\u00e9ticas y sociales en la provincia Azua este s\u00e1bado","author":"Nelson Feliz","date":"24 de julio de 2025","format":false,"excerpt":"Este viernes el mandatario encabezar\u00e1 \"El Gobierno Contigo\", en el municipio de Guerra. El presidente Luis Abinader agotar\u00e1 una agenda de trabajo este s\u00e1bado en la provincia de Azua , donde dejar\u00e1 inauguradas importantes obras de infraestructuras, deportivas, hidr\u00e1ulica, y energ\u00e9tica, adem\u00e1s de encabezar encuentros con j\u00f3venes estudiantes y una\u2026","rel":"","context":"En \u00abNACIONALES\u00bb","block_context":{"text":"NACIONALES","link":"https:\/\/lasprimeras.com.do\/index.php\/category\/nacionales\/"},"img":{"alt_text":"","src":"https:\/\/i0.wp.com\/lasprimeras.com.do\/wp-content\/uploads\/2025\/07\/Luis-Abinader-2-1.jpg?resize=350%2C200&ssl=1","width":350,"height":200,"srcset":"https:\/\/i0.wp.com\/lasprimeras.com.do\/wp-content\/uploads\/2025\/07\/Luis-Abinader-2-1.jpg?resize=350%2C200&ssl=1 1x, https:\/\/i0.wp.com\/lasprimeras.com.do\/wp-content\/uploads\/2025\/07\/Luis-Abinader-2-1.jpg?resize=525%2C300&ssl=1 1.5x, https:\/\/i0.wp.com\/lasprimeras.com.do\/wp-content\/uploads\/2025\/07\/Luis-Abinader-2-1.jpg?resize=700%2C400&ssl=1 2x"},"classes":[]}],"jetpack_sharing_enabled":true,"_links":{"self":[{"href":"https:\/\/lasprimeras.com.do\/index.php\/wp-json\/wp\/v2\/posts\/65594","targetHints":{"allow":["GET"]}}],"collection":[{"href":"https:\/\/lasprimeras.com.do\/index.php\/wp-json\/wp\/v2\/posts"}],"about":[{"href":"https:\/\/lasprimeras.com.do\/index.php\/wp-json\/wp\/v2\/types\/post"}],"author":[{"embeddable":true,"href":"https:\/\/lasprimeras.com.do\/index.php\/wp-json\/wp\/v2\/users\/2"}],"replies":[{"embeddable":true,"href":"https:\/\/lasprimeras.com.do\/index.php\/wp-json\/wp\/v2\/comments?post=65594"}],"version-history":[{"count":1,"href":"https:\/\/lasprimeras.com.do\/index.php\/wp-json\/wp\/v2\/posts\/65594\/revisions"}],"predecessor-version":[{"id":65596,"href":"https:\/\/lasprimeras.com.do\/index.php\/wp-json\/wp\/v2\/posts\/65594\/revisions\/65596"}],"wp:featuredmedia":[{"embeddable":true,"href":"https:\/\/lasprimeras.com.do\/index.php\/wp-json\/wp\/v2\/media\/65595"}],"wp:attachment":[{"href":"https:\/\/lasprimeras.com.do\/index.php\/wp-json\/wp\/v2\/media?parent=65594"}],"wp:term":[{"taxonomy":"category","embeddable":true,"href":"https:\/\/lasprimeras.com.do\/index.php\/wp-json\/wp\/v2\/categories?post=65594"},{"taxonomy":"post_tag","embeddable":true,"href":"https:\/\/lasprimeras.com.do\/index.php\/wp-json\/wp\/v2\/tags?post=65594"}],"curies":[{"name":"wp","href":"https:\/\/api.w.org\/{rel}","templated":true}]}}