{"id":65656,"date":"2023-10-30T14:22:21","date_gmt":"2023-10-30T18:22:21","guid":{"rendered":"https:\/\/lasprimeras.com.do\/?p=65656"},"modified":"2023-10-30T14:22:22","modified_gmt":"2023-10-30T18:22:22","slug":"realizan-actividades-en-apoyo-a-candidatos-del-prm-en-puerto-plata","status":"publish","type":"post","link":"https:\/\/lasprimeras.com.do\/index.php\/2023\/10\/30\/realizan-actividades-en-apoyo-a-candidatos-del-prm-en-puerto-plata\/","title":{"rendered":"Realizan actividades en apoyo a candidatos del PRM en Puerto Plata"},"content":{"rendered":"\n<p class=\"wp-block-paragraph\">Puerto Plata.- Amaurys Ventura, vicepresidente provincial del PRM junto a un grupo de dirigentes del PRM, realiz\u00f3 varias actividades en favor de los candidatos congresuales y municipales en Puerto Plata.<\/p>\n\n\n\n<p class=\"wp-block-paragraph\">Ventura anunci\u00f3 que seguir\u00e1n movilizando toda la provincia para asegurar el triunfo de Luis Abinader y seguir los caminos de la estabilidad y honestidad que caracteriza este gobierno.<\/p>\n\n\n\n<p class=\"wp-block-paragraph\">Afirm\u00f3 que sigue los lineamientos del presidente del partido, Jose Paliza, quien expres\u00f3 su apoyo a todos los candidatos y asegur\u00f3 que ganar\u00e1n las elecciones de mayo.<\/p>\n\n\n\n<p class=\"wp-block-paragraph\">Ventura se hace acompa\u00f1ar de la exdirectora de Turismo Stephanie Kfouri, viceministro de la juventud Endry Gonz\u00e1lez, director de planeamiento Urbano Luis Asdr\u00fabal, y tambi\u00e9n el encargado Legal de ayuntamiento, Jose Ram\u00f3n Valbuena.<\/p>\n\n\n\n<p class=\"wp-block-paragraph\">Tambi\u00e9n dirigente de Sosua, tales como Ronnie Vasquez, presidente municipal del frente magisterial de Sos\u00faa y un sin n\u00famero de dirigentes de las diferentes zonas del PRM.<\/p>\n","protected":false},"excerpt":{"rendered":"<p>Puerto Plata.- Amaurys Ventura, vicepresidente provincial del PRM junto a un grupo de dirigentes del PRM, realiz\u00f3 varias actividades en favor de los candidatos congresuales y municipales en Puerto Plata.&hellip;<\/p>\n","protected":false},"author":3,"featured_media":65657,"comment_status":"open","ping_status":"open","sticky":false,"template":"","format":"standard","meta":{"content-type":"","_jetpack_newsletter_access":"","_jetpack_dont_email_post_to_subs":false,"_jetpack_newsletter_tier_id":0,"_jetpack_memberships_contains_paywalled_content":false,"_jetpack_feature_clip_id":0,"_jetpack_memberships_contains_paid_content":false,"footnotes":"","jetpack_post_was_ever_published":false},"categories":[1],"tags":[31],"class_list":["post-65656","post","type-post","status-publish","format-standard","has-post-thumbnail","hentry","category-sin-categoria","tag-prm"],"jetpack-related-posts":[{"id":131714,"url":"https:\/\/lasprimeras.com.do\/index.php\/2026\/05\/24\/carolina-ratifica-en-santiago-sera-candidata-presidencial-prm-estoy-preparada-para-ser-presidenta\/","url_meta":{"origin":65656,"position":0},"title":"Carolina ratifica en Santiago ser\u00e1 candidata presidencial PRM: \u201cestoy preparada para ser presidenta\u201d","author":"Nelson Feliz","date":"24 de mayo de 2026","format":false,"excerpt":"\u2022La secretaria general del PRM culmina en Santiago su recorrido nacional de rendici\u00f3n de cuentas de ocho a\u00f1os; re\u00fane dirigencia pol\u00edtica y su estructura de las 14 provincias del Cibao Santiago .\u2013 La secretaria general del Partido Revolucionario Moderno (PRM) y aspirante presidencial, Carolina Mej\u00eda, reafirm\u00f3 este domingo desde Santiago\u2026","rel":"","context":"En \u00abPOLITICA\u00bb","block_context":{"text":"POLITICA","link":"https:\/\/lasprimeras.com.do\/index.php\/category\/politica\/"},"img":{"alt_text":"Carolina Mejia","src":"https:\/\/i0.wp.com\/lasprimeras.com.do\/wp-content\/uploads\/2026\/05\/Carolina-Mejia-1-2.jpg?resize=350%2C200&ssl=1","width":350,"height":200,"srcset":"https:\/\/i0.wp.com\/lasprimeras.com.do\/wp-content\/uploads\/2026\/05\/Carolina-Mejia-1-2.jpg?resize=350%2C200&ssl=1 1x, https:\/\/i0.wp.com\/lasprimeras.com.do\/wp-content\/uploads\/2026\/05\/Carolina-Mejia-1-2.jpg?resize=525%2C300&ssl=1 1.5x, https:\/\/i0.wp.com\/lasprimeras.com.do\/wp-content\/uploads\/2026\/05\/Carolina-Mejia-1-2.jpg?resize=700%2C400&ssl=1 2x"},"classes":[]},{"id":76431,"url":"https:\/\/lasprimeras.com.do\/index.php\/2024\/02\/10\/roberto-angel-santiago-y-puerto-plata-confirmaran-el-18-de-febrero-que-son-bastiones-del-prm\/","url_meta":{"origin":65656,"position":1},"title":"Roberto \u00c1ngel: \u201cSantiago y Puerto Plata confirmar\u00e1n el 18 de febrero que son bastiones del PRM\u201d","author":"Nelson Feliz","date":"10 de febrero de 2024","format":false,"excerpt":"El alto dirigente pol\u00edtico se reuni\u00f3 con candidatos de Tamboril y Jacagua, en Santiago, y encabez\u00f3 una marcha caravana para respaldar a aspirantes municipales de Luper\u00f3n, en Puerto Plata El dirigente pol\u00edtico y miembro de la Direcci\u00f3n Ejecutiva del Partido Revolucionario Moderno (PRM) Roberto \u00c1ngel Salcedo afirm\u00f3 este s\u00e1bado que\u2026","rel":"","context":"En \u00abPORTADA\u00bb","block_context":{"text":"PORTADA","link":"https:\/\/lasprimeras.com.do\/index.php\/category\/portada\/"},"img":{"alt_text":"Roberto \u00c1ngel Salcedo","src":"https:\/\/i0.wp.com\/lasprimeras.com.do\/wp-content\/uploads\/2024\/02\/Roberto-Angel-Salcedo-7.jpg?resize=350%2C200&ssl=1","width":350,"height":200,"srcset":"https:\/\/i0.wp.com\/lasprimeras.com.do\/wp-content\/uploads\/2024\/02\/Roberto-Angel-Salcedo-7.jpg?resize=350%2C200&ssl=1 1x, https:\/\/i0.wp.com\/lasprimeras.com.do\/wp-content\/uploads\/2024\/02\/Roberto-Angel-Salcedo-7.jpg?resize=525%2C300&ssl=1 1.5x, https:\/\/i0.wp.com\/lasprimeras.com.do\/wp-content\/uploads\/2024\/02\/Roberto-Angel-Salcedo-7.jpg?resize=700%2C400&ssl=1 2x"},"classes":[]},{"id":104750,"url":"https:\/\/lasprimeras.com.do\/index.php\/2025\/07\/27\/garcia-fermin-resalta-logros-de-abinader-y-aboga-por-unidad-en-el-prm\/","url_meta":{"origin":65656,"position":2},"title":"Garc\u00eda Ferm\u00edn resalta logros de Abinader y aboga por unidad en el PRM","author":"Nelson Feliz","date":"27 de julio de 2025","format":false,"excerpt":"El ministro de Educaci\u00f3n Superior, Ciencia y Tecnolog\u00eda, Franklin Garc\u00eda Ferm\u00edn, encabez\u00f3 la puesta en circulaci\u00f3n del op\u00fasculo \u201cEl Camino para Profundizar el Cambio y Mantenernos en el Poder\", en San Juan de la Maguana, donde destac\u00f3 los principales logros del presidente Luis Abinader y exhort\u00f3 a consolidar el proceso\u2026","rel":"","context":"En \u00abPOLITICA\u00bb","block_context":{"text":"POLITICA","link":"https:\/\/lasprimeras.com.do\/index.php\/category\/politica\/"},"img":{"alt_text":"","src":"https:\/\/i0.wp.com\/lasprimeras.com.do\/wp-content\/uploads\/2025\/07\/fermin.jpg?resize=350%2C200&ssl=1","width":350,"height":200,"srcset":"https:\/\/i0.wp.com\/lasprimeras.com.do\/wp-content\/uploads\/2025\/07\/fermin.jpg?resize=350%2C200&ssl=1 1x, https:\/\/i0.wp.com\/lasprimeras.com.do\/wp-content\/uploads\/2025\/07\/fermin.jpg?resize=525%2C300&ssl=1 1.5x, https:\/\/i0.wp.com\/lasprimeras.com.do\/wp-content\/uploads\/2025\/07\/fermin.jpg?resize=700%2C400&ssl=1 2x"},"classes":[]},{"id":126922,"url":"https:\/\/lasprimeras.com.do\/index.php\/2026\/04\/06\/prm-fija-limites-para-acuerdos-internos-en-renovacion-de-autoridades\/","url_meta":{"origin":65656,"position":3},"title":"PRM fija l\u00edmites para acuerdos internos en renovaci\u00f3n de autoridades","author":"Nelson Feliz","date":"6 de abril de 2026","format":false,"excerpt":"PRM contin\u00faa su reorganizaci\u00f3n y PLD se enfoca en elecci\u00f3n de candidato presidencial. Tras el asueto de Semana Santa, los principales partidos pol\u00edticos del pa\u00eds retomar\u00e1n de inmediato una agenda interna marcada por procesos de reorganizaci\u00f3n y definiciones de precandidaturas. De todos, el Partido Revolucionario Moderno (PRM) es el que\u2026","rel":"","context":"En \u00abPOLITICA\u00bb","block_context":{"text":"POLITICA","link":"https:\/\/lasprimeras.com.do\/index.php\/category\/politica\/"},"img":{"alt_text":"","src":"https:\/\/i0.wp.com\/lasprimeras.com.do\/wp-content\/uploads\/2026\/04\/prm.jpg?resize=350%2C200&ssl=1","width":350,"height":200,"srcset":"https:\/\/i0.wp.com\/lasprimeras.com.do\/wp-content\/uploads\/2026\/04\/prm.jpg?resize=350%2C200&ssl=1 1x, https:\/\/i0.wp.com\/lasprimeras.com.do\/wp-content\/uploads\/2026\/04\/prm.jpg?resize=525%2C300&ssl=1 1.5x, https:\/\/i0.wp.com\/lasprimeras.com.do\/wp-content\/uploads\/2026\/04\/prm.jpg?resize=700%2C400&ssl=1 2x"},"classes":[]},{"id":81445,"url":"https:\/\/lasprimeras.com.do\/index.php\/2024\/04\/21\/abinader-finaliza-recorrido-con-gran-marcha-caravana-en-puerto-plata\/","url_meta":{"origin":65656,"position":4},"title":"Abinader finaliza recorrido con gran marcha caravana en Puerto Plata","author":"Nelson Feliz","date":"21 de abril de 2024","format":false,"excerpt":"El candidato presidencial del PRM estuvo tambi\u00e9n el s\u00e1bado recorriendo la L\u00ednea Noroeste junto a candidatos congresuales. El candidato presidencial por el Partido Revolucionario Moderno (PRM), Luis Abinader, finaliz\u00f3 este domingo su recorrido pol\u00edtico con gran marcha caravana en Puerto Plata junto a los candidatos a cargos congresuales de la\u2026","rel":"","context":"En \u00abPORTADA\u00bb","block_context":{"text":"PORTADA","link":"https:\/\/lasprimeras.com.do\/index.php\/category\/portada\/"},"img":{"alt_text":"marcha caravana","src":"https:\/\/i0.wp.com\/lasprimeras.com.do\/wp-content\/uploads\/2024\/04\/marcha-caravana-1.jpg?resize=350%2C200&ssl=1","width":350,"height":200,"srcset":"https:\/\/i0.wp.com\/lasprimeras.com.do\/wp-content\/uploads\/2024\/04\/marcha-caravana-1.jpg?resize=350%2C200&ssl=1 1x, https:\/\/i0.wp.com\/lasprimeras.com.do\/wp-content\/uploads\/2024\/04\/marcha-caravana-1.jpg?resize=525%2C300&ssl=1 1.5x"},"classes":[]},{"id":136421,"url":"https:\/\/lasprimeras.com.do\/index.php\/2026\/08\/03\/leonel-juramenta-en-la-fp-centenares-de-dirigentes-provenientes-pld-y-prm\/","url_meta":{"origin":65656,"position":5},"title":"Leonel juramenta en la FP centenares de dirigentes provenientes PLD y PRM","author":"Nelson Feliz","date":"3 de agosto de 2026","format":false,"excerpt":"Tambi\u00e9n se integran a la Fuerza del Pueblo el expresidente municipal del PLD en Laguna Salada, Juan Rom\u00e1n Dur\u00e1n, el empresario y dirigente social Junior Rafael N\u00fa\u00f1ez Reynoso, junto a m\u00e1s de un centenar de dirigentes, durante un multitudinario acto que desbord\u00f3 la capacidad del recinto en Mao. Mao, Valverde.\u2026","rel":"","context":"En \u00abPOLITICA\u00bb","block_context":{"text":"POLITICA","link":"https:\/\/lasprimeras.com.do\/index.php\/category\/politica\/"},"img":{"alt_text":"Leonel Fern\u00e1ndez","src":"https:\/\/i0.wp.com\/lasprimeras.com.do\/wp-content\/uploads\/2026\/08\/Leonel-Fernandez-10.jpg?resize=350%2C200&ssl=1","width":350,"height":200,"srcset":"https:\/\/i0.wp.com\/lasprimeras.com.do\/wp-content\/uploads\/2026\/08\/Leonel-Fernandez-10.jpg?resize=350%2C200&ssl=1 1x, https:\/\/i0.wp.com\/lasprimeras.com.do\/wp-content\/uploads\/2026\/08\/Leonel-Fernandez-10.jpg?resize=525%2C300&ssl=1 1.5x, https:\/\/i0.wp.com\/lasprimeras.com.do\/wp-content\/uploads\/2026\/08\/Leonel-Fernandez-10.jpg?resize=700%2C400&ssl=1 2x"},"classes":[]}],"jetpack_sharing_enabled":true,"jetpack_featured_media_url":"https:\/\/lasprimeras.com.do\/wp-content\/uploads\/2023\/10\/WhatsApp-Image-2023-10-29-at-4.17.21-PM-1-8.jpeg","_links":{"self":[{"href":"https:\/\/lasprimeras.com.do\/index.php\/wp-json\/wp\/v2\/posts\/65656","targetHints":{"allow":["GET"]}}],"collection":[{"href":"https:\/\/lasprimeras.com.do\/index.php\/wp-json\/wp\/v2\/posts"}],"about":[{"href":"https:\/\/lasprimeras.com.do\/index.php\/wp-json\/wp\/v2\/types\/post"}],"author":[{"embeddable":true,"href":"https:\/\/lasprimeras.com.do\/index.php\/wp-json\/wp\/v2\/users\/3"}],"replies":[{"embeddable":true,"href":"https:\/\/lasprimeras.com.do\/index.php\/wp-json\/wp\/v2\/comments?post=65656"}],"version-history":[{"count":1,"href":"https:\/\/lasprimeras.com.do\/index.php\/wp-json\/wp\/v2\/posts\/65656\/revisions"}],"predecessor-version":[{"id":65658,"href":"https:\/\/lasprimeras.com.do\/index.php\/wp-json\/wp\/v2\/posts\/65656\/revisions\/65658"}],"wp:featuredmedia":[{"embeddable":true,"href":"https:\/\/lasprimeras.com.do\/index.php\/wp-json\/wp\/v2\/media\/65657"}],"wp:attachment":[{"href":"https:\/\/lasprimeras.com.do\/index.php\/wp-json\/wp\/v2\/media?parent=65656"}],"wp:term":[{"taxonomy":"category","embeddable":true,"href":"https:\/\/lasprimeras.com.do\/index.php\/wp-json\/wp\/v2\/categories?post=65656"},{"taxonomy":"post_tag","embeddable":true,"href":"https:\/\/lasprimeras.com.do\/index.php\/wp-json\/wp\/v2\/tags?post=65656"}],"curies":[{"name":"wp","href":"https:\/\/api.w.org\/{rel}","templated":true}]}}