{"id":65736,"date":"2023-10-31T08:35:19","date_gmt":"2023-10-31T12:35:19","guid":{"rendered":"https:\/\/lasprimeras.com.do\/?p=65736"},"modified":"2023-10-31T08:35:30","modified_gmt":"2023-10-31T12:35:30","slug":"lo-que-trump-puede-y-no-puede-decir-bajo-una-orden-de-silencio-en-su-caso-de-interferencia-federal-en-las-elecciones-de-2020","status":"publish","type":"post","link":"https:\/\/lasprimeras.com.do\/index.php\/2023\/10\/31\/lo-que-trump-puede-y-no-puede-decir-bajo-una-orden-de-silencio-en-su-caso-de-interferencia-federal-en-las-elecciones-de-2020\/","title":{"rendered":"Lo que Trump puede y no puede decir bajo una orden de silencio en su caso"},"content":{"rendered":"\n<p>POR ALANNA DURKIN RICHER Y ERIC TUCKER<\/p>\n\n\n\n<p>WASHINGTON (AP) \u2014 Una orden de silencio en el caso de interferencia electoral de Donald Trump en Washington ha vuelto a estar vigente, restringiendo la ret\u00f3rica incendiaria del expresidente mientras se prepara para el juicio y hace campa\u00f1a para regresar a la Casa Blanca en 2024.<\/p>\n\n\n\n<p>Los abogados de Trump han prometido impugnar la orden en tribunales superiores, iniciando una batalla legal sobre qu\u00e9 restricciones se pueden imponer al discurso de un acusado que tambi\u00e9n se postula para el cargo p\u00fablico m\u00e1s alto de Estados Unidos.<\/p>\n\n\n\n<p>Aqu\u00ed hay un vistazo a lo que est\u00e1 permitido y lo que no est\u00e1 bajo la orden de silencio y lo que se espera a continuaci\u00f3n:<\/p>\n\n\n\n<p>\u00bfQU\u00c9 PROH\u00cdBE LA ORDEN MORDAZA?<\/p>\n\n\n\n<p>La orden de la jueza de distrito estadounidense Tanya Chutkan proh\u00edbe a Trump y a cualquier otra persona involucrada en el caso hacer declaraciones p\u00fablicas dirigidas a los fiscales, el personal del tribunal o \u201ccualquier testigo razonablemente previsible\u201d.<\/p>\n\n\n\n<p>La orden no nombra testigos potenciales que est\u00e1n prohibidos, pero muchos de ellos son obvios, ya que se inform\u00f3 p\u00fablicamente que testificaron ante el gran jurado que investig\u00f3 el caso.<\/p>\n\n\n\n<p>Por ejemplo, una publicaci\u00f3n reciente sobre el exjefe de gabinete de Trump, Mark Meadows , un probable testigo, \u201ces casi seguro que violar\u00eda la Orden bajo cualquier definici\u00f3n razonable de &#8216;ataque&#8217;\u201d, escribi\u00f3 el juez.<\/p>\n\n\n\n<p>Esa publicaci\u00f3n fue en respuesta a una historia de ABC que dec\u00eda que el jefe de gabinete de Trump recibi\u00f3 inmunidad en el caso y testific\u00f3 ante un gran jurado.<\/p>\n\n\n\n<p>Trump sugiri\u00f3 que quienes dan declaraciones a los fiscales son &#8220;d\u00e9biles y cobardes&#8221;, y agreg\u00f3: &#8220;No creo que Mark Meadows sea uno de ellos, pero \u00bfqui\u00e9n sabe realmente?&#8221;.<\/p>\n\n\n\n<p>El juez escribi\u00f3 que la insinuaci\u00f3n de que Meadows ser\u00eda un cobarde si brinda un testimonio que podr\u00eda herir a Trump \u201cpodr\u00eda f\u00e1cilmente interpretarse como un intento de influir o impedir la participaci\u00f3n del testigo en este caso\u201d.<\/p>\n\n\n\n<p>Trump, un republicano, tambi\u00e9n atac\u00f3 a su exfiscal general Bill Barr , otro probable testigo, en una publicaci\u00f3n en las redes sociales el domingo por la noche, refiri\u00e9ndose a \u00e9l con adjetivos como \u201ctonto, d\u00e9bil, lento, let\u00e1rgico, cobarde\u201d.<\/p>\n\n\n\n<p>Es posible que la publicaci\u00f3n haya violado la orden, pero no est\u00e1 claro si Trump sab\u00eda que se hab\u00eda vuelto a imponer en ese momento. En el momento de esa publicaci\u00f3n, solo se hizo una anotaci\u00f3n breve y general que indicaba el restablecimiento de las restricciones en el expediente del caso en l\u00ednea.<\/p>\n\n\n\n<p>El pedido en s\u00ed no se public\u00f3 en l\u00ednea hasta varias horas despu\u00e9s.<\/p>\n\n\n\n<p>\u00bfHAY ALGO QUE TRUMP PUEDA DECIR SOBRE EL CASO?<br>S\u00ed, muchos.<\/p>\n\n\n\n<p>La orden de silencio no proh\u00edbe a Trump ventilar quejas generales, incluso incendiarias, sobre el caso en su contra. Es libre, por ejemplo, de menospreciar a la administraci\u00f3n Biden como \u201ccorrupta\u201d y afirmar, como lo hace repetidamente, que es v\u00edctima de un procesamiento por motivos pol\u00edticos.<\/p>\n\n\n\n<p>De hecho, el juez se\u00f1al\u00f3 expl\u00edcitamente que una publicaci\u00f3n en las redes sociales que hizo despu\u00e9s de que ella hubiera dictado su orden no habr\u00eda infringido sus restricciones.<\/p>\n\n\n\n<p>En ese, hizo referencia a la \u201cAdministraci\u00f3n de Biden que ama\u00f1\u00f3 las elecciones\u201d y se quej\u00f3 de que los fiscales no hab\u00edan perseguido a los \u201cama\u00f1adores\u201d de las elecciones de 2020, a pesar de que no hay evidencia que sugiera que las elecciones que perdi\u00f3 ante el dem\u00f3crata Joe Biden estuvieran ama\u00f1adas.<\/p>\n\n\n\n<p>Tambi\u00e9n dijo que \u201cse pondr\u00e1 a disposici\u00f3n informaci\u00f3n masiva y 100% de evidencia durante los Juicios por Corrupci\u00f3n iniciados por nuestro Oponente Pol\u00edtico\u201d.<\/p>\n\n\n\n<p>\u201cEsta declaraci\u00f3n afirma que el acusado es inocente, que su procesamiento tiene motivaciones pol\u00edticas y que la administraci\u00f3n Biden es corrupta. No viola la prohibici\u00f3n de la Orden de &#8220;apuntar&#8221; a ciertos individuos; de hecho, la Orden permite expresamente tales afirmaciones\u201d, escribi\u00f3 el juez.<\/p>\n\n\n\n<p>Chutkan, quien fue nombrada por el presidente Barack Obama, tampoco se incluy\u00f3 entre las personas prohibidas seg\u00fan la orden. Eso significa que las cr\u00edticas de Trump hacia ella, incluida una publicaci\u00f3n en las redes sociales el domingo por la noche en la que la llam\u00f3 \u201cjuez parcial que odia a Trump\u201d, todav\u00eda est\u00e1n permitidas.<\/p>\n\n\n\n<p>\u00bfQU\u00c9 HAN DICHO LOS ABOGADOS DE TRUMP?<\/p>\n\n\n\n<p>Han atacado la orden por considerarla inconstitucional y afirmado que infringe no s\u00f3lo los derechos de libertad de expresi\u00f3n de Trump sino tambi\u00e9n su capacidad para hacer campa\u00f1a para la presidencia.<\/p>\n\n\n\n<p>\u201cNing\u00fan tribunal en la historia de Estados Unidos ha impuesto una orden de silencio a un acusado penal que est\u00e1 haciendo campa\u00f1a para un cargo p\u00fablico, y menos a\u00fan al principal candidato a presidente de los Estados Unidos\u201d, escribieron en una moci\u00f3n la semana pasada instando al juez a poner orden de silencio. las restricciones en espera.<\/p>\n\n\n\n<p>El equipo de Trump tambi\u00e9n critic\u00f3 la orden por considerarla demasiado amplia y vaga y dijo que los fiscales no han identificado a ning\u00fan testigo que afirme haberse sentido amenazado o acosado por cualquiera de los comentarios de Trump.<\/p>\n\n\n\n<p>Despu\u00e9s de que los fiscales pidieran a la jueza que levantara la orden y la restableciera, citando comentarios que Trump hab\u00eda hecho sobre el testimonio de Meadows ante el gran jurado, los abogados defensores citaron el episodio como la raz\u00f3n por la que las restricciones eran \u201cinviables\u201d.<\/p>\n\n\n\n<p>Dijeron que Trump necesitaba poder responder a las filtraciones de los medios, incluidas las que dijeron que eran \u201cafirmaciones falsas sobre sus interacciones con su exjefe de gabinete\u201d.<\/p>\n\n\n\n<p>\u201cNo es que el presidente Trump haya iniciado el reciente debate nacional sobre Meadows. Los medios de comunicaci\u00f3n lo hicieron ellos mismos, presumiblemente impulsados \u200b\u200bpor una fuente distinta al presidente Trump\u201d, escribieron.<\/p>\n\n\n\n<p>\u00bfC\u00d3MO SE PUEDE APLICAR LA ORDEN DE MORDAZA?<\/p>\n\n\n\n<p>Eso no est\u00e1 del todo clar Una opci\u00f3n podr\u00eda ser una multa monetaria a Trump, como ocurri\u00f3 recientemente en un juicio civil por fraude empresarial en Nueva York.<\/p>\n\n\n\n<p>El juez de ese caso le impuso la semana pasada una multa de 10.000 d\u00f3lares por violar una orden de silencio anterior tras determinar que hab\u00eda hecho comentarios incendiarios sobre el secretario del juez.<\/p>\n\n\n\n<p>En el caso de Washington, Chutkan tambi\u00e9n podr\u00eda, en teor\u00eda, intentar encarcelar a Trump si concluye que \u00e9l desobedeci\u00f3 voluntariamente sus restricciones y que no hay otra manera de mantenerlo a raya.<\/p>\n\n\n\n<p>Pero eso parecer\u00eda un paso radical, ya que encarcelar a un ex presidente y actual candidato crear\u00eda un obvio dolor de cabeza log\u00edstico y potencialmente irritar\u00eda a sus partidarios que creen en sus afirmaciones de que est\u00e1 siendo procesado con fines pol\u00edticos.<\/p>\n\n\n\n<p>En particular, al restablecer la orden de silencio, Chutkan pareci\u00f3 sugerir que buscaba evitarlo.<\/p>\n\n\n\n<p>Por ahora, neg\u00f3 una solicitud de la fiscal\u00eda para que el cumplimiento de la orden de silencio sea una condici\u00f3n para la liberaci\u00f3n de Trump en espera del juicio, y escribi\u00f3: \u201cIncluso suponiendo que esa solicitud sea procesalmente adecuada, el tribunal concluye que otorgarla no es necesario para hacer cumplir efectivamente la orden en este momento. .\u201d<\/p>\n\n\n\n<p>Otra opci\u00f3n podr\u00eda ser adelantar el juicio a su fecha de inicio prevista actualmente, el 4 de marzo de 2024, aunque eso sin duda generar\u00eda quejas de Trump y sus abogados, quienes ya han argumentado sin \u00e9xito que necesitan mucho m\u00e1s tiempo para prepararse.<\/p>\n\n\n\n<p>\u00bfQUE SIGUE?<\/p>\n\n\n\n<p>Los abogados de Trump han apelado ante el Tribunal de Apelaciones del Circuito de DC de Estados Unidos y han indicado que pedir\u00e1n a ese tribunal que levante la orden de silencio mientras se desarrollan sus apelaciones.<\/p>\n\n\n\n<p>Un abogado de Trump no respondi\u00f3 a las solicitudes de comentarios el domingo o lunes.<\/p>\n\n\n\n<p>El Circuito DC podr\u00eda finalmente mantener la orden de silencio o considerar que las restricciones impuestas por Chutkan fueron demasiado lejos.<\/p>\n\n\n\n<p>De cualquier manera, es probable que se apele el asunto ante la Corte Suprema de Estados Unidos, aunque no hay garant\u00eda de que los jueces se hagan cargo del asunto.<\/p>\n","protected":false},"excerpt":{"rendered":"<p>POR ALANNA DURKIN RICHER Y ERIC TUCKER WASHINGTON (AP) \u2014 Una orden de silencio en el caso de interferencia electoral de Donald Trump en Washington ha vuelto a estar vigente,&hellip;<\/p>\n","protected":false},"author":2,"featured_media":65737,"comment_status":"open","ping_status":"open","sticky":false,"template":"","format":"standard","meta":{"content-type":"","jetpack_post_was_ever_published":false,"_jetpack_newsletter_access":"","_jetpack_dont_email_post_to_subs":false,"_jetpack_newsletter_tier_id":0,"_jetpack_memberships_contains_paywalled_content":false,"_jetpack_memberships_contains_paid_content":false,"footnotes":""},"categories":[1],"tags":[978,182,4546,9064,9065],"class_list":["post-65736","post","type-post","status-publish","format-standard","has-post-thumbnail","hentry","category-sin-categoria","tag-donald-trump","tag-elecciones","tag-federal","tag-interferencia","tag-orden-de-silencio"],"jetpack_featured_media_url":"https:\/\/lasprimeras.com.do\/wp-content\/uploads\/2023\/10\/Donald-Trump-5.jpg","jetpack-related-posts":[{"id":67902,"url":"https:\/\/lasprimeras.com.do\/index.php\/2023\/11\/20\/tribunal-de-apelaciones-escuchara-argumentos-que-piden-se-restablezca-orden-de-silencio-de-trump\/","url_meta":{"origin":65736,"position":0},"title":"Tribunal de apelaciones escuchar\u00e1 argumentos que piden se restablezca orden de silencio de Trump","author":"Nelson Feliz","date":"20 de noviembre de 2023","format":false,"excerpt":"POR ERIC TUCKER, ALANNA DURKIN RICHER Y LINDSAY WHITEHURST WASHINGTON (AP) \u2014 Un tribunal federal de apelaciones escuchar\u00e1 el lunes argumentos sobre si se debe restablecer una orden de silencio contra Donald Trump en el caso federal que lo acusa de conspirar para revocar los resultados de las elecciones presidenciales\u2026","rel":"","context":"En \u00abSin categor\u00eda\u00bb","block_context":{"text":"Sin categor\u00eda","link":"https:\/\/lasprimeras.com.do\/index.php\/category\/sin-categoria\/"},"img":{"alt_text":"Donald Trump","src":"https:\/\/i0.wp.com\/lasprimeras.com.do\/wp-content\/uploads\/2023\/11\/Donald-Trump-1.jpg?resize=350%2C200&ssl=1","width":350,"height":200,"srcset":"https:\/\/i0.wp.com\/lasprimeras.com.do\/wp-content\/uploads\/2023\/11\/Donald-Trump-1.jpg?resize=350%2C200&ssl=1 1x, https:\/\/i0.wp.com\/lasprimeras.com.do\/wp-content\/uploads\/2023\/11\/Donald-Trump-1.jpg?resize=525%2C300&ssl=1 1.5x, https:\/\/i0.wp.com\/lasprimeras.com.do\/wp-content\/uploads\/2023\/11\/Donald-Trump-1.jpg?resize=700%2C400&ssl=1 2x"},"classes":[]},{"id":62246,"url":"https:\/\/lasprimeras.com.do\/index.php\/2023\/10\/04\/juez-de-ny-emite-orden-de-silencio-limitada-despues-de-que-trump-enviara-una-publicacion-despectiva-sobre-el-secretario-de-la-corte\/","url_meta":{"origin":65736,"position":1},"title":"Juez de NY emite orden de silencio limitada despu\u00e9s de que Trump enviara una publicaci\u00f3n despectiva sobre el secretario de la corte","author":"Nelson Feliz","date":"4 de octubre de 2023","format":false,"excerpt":"POR MICHAEL R. SISAK , JENNIFER PELTZ Y BOBBY CAINA CALVAN NUEVA YORK (AP) \u2014 Reprendiendo a Donald Trump, un juez de un tribunal estatal impuso el martes una orden de silencio limitada en el juicio civil por fraude empresarial del expresidente y le orden\u00f3 eliminar una publicaci\u00f3n en las\u2026","rel":"","context":"En \u00abSin categor\u00eda\u00bb","block_context":{"text":"Sin categor\u00eda","link":"https:\/\/lasprimeras.com.do\/index.php\/category\/sin-categoria\/"},"img":{"alt_text":"","src":"https:\/\/i0.wp.com\/lasprimeras.com.do\/wp-content\/uploads\/2023\/09\/Donald-Trump-2.jpg?resize=350%2C200&ssl=1","width":350,"height":200,"srcset":"https:\/\/i0.wp.com\/lasprimeras.com.do\/wp-content\/uploads\/2023\/09\/Donald-Trump-2.jpg?resize=350%2C200&ssl=1 1x, https:\/\/i0.wp.com\/lasprimeras.com.do\/wp-content\/uploads\/2023\/09\/Donald-Trump-2.jpg?resize=525%2C300&ssl=1 1.5x, https:\/\/i0.wp.com\/lasprimeras.com.do\/wp-content\/uploads\/2023\/09\/Donald-Trump-2.jpg?resize=700%2C400&ssl=1 2x"},"classes":[]},{"id":82681,"url":"https:\/\/lasprimeras.com.do\/index.php\/2024\/05\/06\/trump-recibe-una-multa-de-1-000-dolares-por-violar-la-orden-de-silencio\/","url_meta":{"origin":65736,"position":2},"title":"Trump recibe una multa de 1.000 d\u00f3lares por violar la orden de silencio","author":"Esteffany Vargas","date":"6 de mayo de 2024","format":false,"excerpt":"POR MICHAEL R. SISAK, JENNIFER PELTZ, ERIC TUCKER Y JAKE OFFENHARTZ NUEVA YORK (AP) \u2014 El juez en el juicio por dinero secreto de Donald Trump le impuso una multa de 1.000 d\u00f3lares el lunes y, en su advertencia m\u00e1s severa hasta el momento, le dijo al expresidente que futuras\u2026","rel":"","context":"En \u00abSin categor\u00eda\u00bb","block_context":{"text":"Sin categor\u00eda","link":"https:\/\/lasprimeras.com.do\/index.php\/category\/sin-categoria\/"},"img":{"alt_text":"Donald Trump","src":"https:\/\/i0.wp.com\/lasprimeras.com.do\/wp-content\/uploads\/2024\/05\/Donald-Trump-1.jpg?resize=350%2C200&ssl=1","width":350,"height":200,"srcset":"https:\/\/i0.wp.com\/lasprimeras.com.do\/wp-content\/uploads\/2024\/05\/Donald-Trump-1.jpg?resize=350%2C200&ssl=1 1x, https:\/\/i0.wp.com\/lasprimeras.com.do\/wp-content\/uploads\/2024\/05\/Donald-Trump-1.jpg?resize=525%2C300&ssl=1 1.5x, https:\/\/i0.wp.com\/lasprimeras.com.do\/wp-content\/uploads\/2024\/05\/Donald-Trump-1.jpg?resize=700%2C400&ssl=1 2x"},"classes":[]},{"id":82534,"url":"https:\/\/lasprimeras.com.do\/index.php\/2024\/05\/05\/una-semana-de-revision-del-juicio-por-el-dinero-del-silencio-de-trump\/","url_meta":{"origin":65736,"position":3},"title":"Una semana de revisi\u00f3n del juicio por el dinero del silencio de Trump","author":"Esteffany Vargas","date":"5 de mayo de 2024","format":false,"excerpt":"POR ERIC TUCKER WASHINGTON (AP) \u2014 Testigos cruciales subieron al estrado en la segunda semana de testimonios en el juicio por dinero secreto de Donald Trump , incluido un abogado de California que negoci\u00f3 acuerdos en el centro del caso y un asesor del expresidente desde hace mucho tiempo. Los\u2026","rel":"","context":"En \u00abSin categor\u00eda\u00bb","block_context":{"text":"Sin categor\u00eda","link":"https:\/\/lasprimeras.com.do\/index.php\/category\/sin-categoria\/"},"img":{"alt_text":"Donald Trump","src":"https:\/\/i0.wp.com\/lasprimeras.com.do\/wp-content\/uploads\/2024\/05\/Donald-Trump.jpg?resize=350%2C200&ssl=1","width":350,"height":200,"srcset":"https:\/\/i0.wp.com\/lasprimeras.com.do\/wp-content\/uploads\/2024\/05\/Donald-Trump.jpg?resize=350%2C200&ssl=1 1x, https:\/\/i0.wp.com\/lasprimeras.com.do\/wp-content\/uploads\/2024\/05\/Donald-Trump.jpg?resize=525%2C300&ssl=1 1.5x"},"classes":[]},{"id":83328,"url":"https:\/\/lasprimeras.com.do\/index.php\/2024\/05\/14\/mentiras-lealtad-y-una-orden-de-silencio-confirmadas-conclusiones-del-juicio-por-el-dinero-del-silencio-de-trump\/","url_meta":{"origin":65736,"position":4},"title":"Mentiras, lealtad y una orden de silencio confirmadas: conclusiones del juicio por el dinero del silencio de Trump","author":"Nelson Feliz","date":"14 de mayo de 2024","format":false,"excerpt":"POR MICHAEL R. SISAK , ERIC TUCKER , MICHELLE L. PRICE Y ALANNA DURKIN RICHER NUEVA YORK (AP) \u2014 Los abogados de Donald Trump comenzaron a interrogar el martes al testigo estrella de los fiscales en su juicio por dinero en secreto, retratando al exabogado Michael Cohen como un mentiroso\u2026","rel":"","context":"En \u00abSin categor\u00eda\u00bb","block_context":{"text":"Sin categor\u00eda","link":"https:\/\/lasprimeras.com.do\/index.php\/category\/sin-categoria\/"},"img":{"alt_text":"","src":"https:\/\/i0.wp.com\/lasprimeras.com.do\/wp-content\/uploads\/2024\/05\/Juicio.jpg?resize=350%2C200&ssl=1","width":350,"height":200,"srcset":"https:\/\/i0.wp.com\/lasprimeras.com.do\/wp-content\/uploads\/2024\/05\/Juicio.jpg?resize=350%2C200&ssl=1 1x, https:\/\/i0.wp.com\/lasprimeras.com.do\/wp-content\/uploads\/2024\/05\/Juicio.jpg?resize=525%2C300&ssl=1 1.5x, https:\/\/i0.wp.com\/lasprimeras.com.do\/wp-content\/uploads\/2024\/05\/Juicio.jpg?resize=700%2C400&ssl=1 2x"},"classes":[]},{"id":82778,"url":"https:\/\/lasprimeras.com.do\/index.php\/2024\/05\/07\/juez-en-el-caso-de-documentos-clasificados-de-trump-cancela-la-fecha-del-juicio-en-mayo\/","url_meta":{"origin":65736,"position":5},"title":"Juez en el caso de documentos clasificados de Trump cancela la fecha del juicio en mayo","author":"Esteffany Vargas","date":"7 de mayo de 2024","format":false,"excerpt":"No hay nueva fecha establecida POR ERIC TUCKER WASHINGTON (AP) \u2014 El juez federal de Florida que preside el procesamiento de documentos clasificados del expresidente Donald Trump cancel\u00f3 la fecha del juicio del 20 de mayo, posponi\u00e9ndolo indefinidamente. La orden de la jueza de distrito estadounidense Aileen Cannon se esperaba\u2026","rel":"","context":"En \u00abSin categor\u00eda\u00bb","block_context":{"text":"Sin categor\u00eda","link":"https:\/\/lasprimeras.com.do\/index.php\/category\/sin-categoria\/"},"img":{"alt_text":"Donald Trump","src":"https:\/\/i0.wp.com\/lasprimeras.com.do\/wp-content\/uploads\/2024\/05\/Donald-Trump-2.jpg?resize=350%2C200&ssl=1","width":350,"height":200,"srcset":"https:\/\/i0.wp.com\/lasprimeras.com.do\/wp-content\/uploads\/2024\/05\/Donald-Trump-2.jpg?resize=350%2C200&ssl=1 1x, https:\/\/i0.wp.com\/lasprimeras.com.do\/wp-content\/uploads\/2024\/05\/Donald-Trump-2.jpg?resize=525%2C300&ssl=1 1.5x, https:\/\/i0.wp.com\/lasprimeras.com.do\/wp-content\/uploads\/2024\/05\/Donald-Trump-2.jpg?resize=700%2C400&ssl=1 2x"},"classes":[]}],"jetpack_sharing_enabled":true,"_links":{"self":[{"href":"https:\/\/lasprimeras.com.do\/index.php\/wp-json\/wp\/v2\/posts\/65736","targetHints":{"allow":["GET"]}}],"collection":[{"href":"https:\/\/lasprimeras.com.do\/index.php\/wp-json\/wp\/v2\/posts"}],"about":[{"href":"https:\/\/lasprimeras.com.do\/index.php\/wp-json\/wp\/v2\/types\/post"}],"author":[{"embeddable":true,"href":"https:\/\/lasprimeras.com.do\/index.php\/wp-json\/wp\/v2\/users\/2"}],"replies":[{"embeddable":true,"href":"https:\/\/lasprimeras.com.do\/index.php\/wp-json\/wp\/v2\/comments?post=65736"}],"version-history":[{"count":2,"href":"https:\/\/lasprimeras.com.do\/index.php\/wp-json\/wp\/v2\/posts\/65736\/revisions"}],"predecessor-version":[{"id":65739,"href":"https:\/\/lasprimeras.com.do\/index.php\/wp-json\/wp\/v2\/posts\/65736\/revisions\/65739"}],"wp:featuredmedia":[{"embeddable":true,"href":"https:\/\/lasprimeras.com.do\/index.php\/wp-json\/wp\/v2\/media\/65737"}],"wp:attachment":[{"href":"https:\/\/lasprimeras.com.do\/index.php\/wp-json\/wp\/v2\/media?parent=65736"}],"wp:term":[{"taxonomy":"category","embeddable":true,"href":"https:\/\/lasprimeras.com.do\/index.php\/wp-json\/wp\/v2\/categories?post=65736"},{"taxonomy":"post_tag","embeddable":true,"href":"https:\/\/lasprimeras.com.do\/index.php\/wp-json\/wp\/v2\/tags?post=65736"}],"curies":[{"name":"wp","href":"https:\/\/api.w.org\/{rel}","templated":true}]}}