{"id":65740,"date":"2023-10-31T08:46:05","date_gmt":"2023-10-31T12:46:05","guid":{"rendered":"https:\/\/lasprimeras.com.do\/?p=65740"},"modified":"2023-10-31T08:46:07","modified_gmt":"2023-10-31T12:46:07","slug":"tres-astronautas-regresan-a-la-tierra-tras-una-estancia-de-seis-meses-en-la-estacion-espacial-de-china","status":"publish","type":"post","link":"https:\/\/lasprimeras.com.do\/index.php\/2023\/10\/31\/tres-astronautas-regresan-a-la-tierra-tras-una-estancia-de-seis-meses-en-la-estacion-espacial-de-china\/","title":{"rendered":"Tres astronautas regresan a la Tierra tras una estancia de seis meses en la estaci\u00f3n espacial de China"},"content":{"rendered":"\n<p>POR CHRISTOPHER BODEEN<\/p>\n\n\n\n<p>TAIPEI, Taiw\u00e1n (AP) \u2014 Tres astronautas chinos regresaron a la Tierra el martes por la ma\u00f1ana despu\u00e9s de seis meses a bordo de la estaci\u00f3n espacial orbital de China.<\/p>\n\n\n\n<p>Jing Haipeng, Zhu Yangzhu y Gui Haichao salieron con buena salud de la c\u00e1psula de regreso cerca del Centro de Lanzamiento de Sat\u00e9lites de Jiuquan en el borde del desierto de Gobi, dijo la agencia oficial de noticias Xinhua.<\/p>\n\n\n\n<p>El nuevo equipo de tres personas de la estaci\u00f3n lleg\u00f3 a la estaci\u00f3n de Tiangong la semana pasada.<\/p>\n\n\n\n<p>La estaci\u00f3n est\u00e1 pr\u00e1cticamente completa, por lo que la nueva tripulaci\u00f3n realizar\u00e1 experimentos m\u00e9dicos y cient\u00edficos y mantendr\u00e1 el equipo.<\/p>\n\n\n\n<p>China realiz\u00f3 su primera misi\u00f3n espacial tripulada en 2003 y planea enviar astronautas a la Luna antes de 2030.<\/p>\n\n\n\n<p>Ha tra\u00eddo muestras de la superficie lunar y ha aterrizado un veh\u00edculo explorador en la cara oculta menos explorada de la Luna. Los planes futuros incluyen enviar un nuevo telescopio para explorar las profundidades del universo.<\/p>\n\n\n\n<p>China construy\u00f3 su propia estaci\u00f3n espacial despu\u00e9s de ser excluida de la Estaci\u00f3n Espacial Internacional , en gran parte debido a las preocupaciones de Estados Unidos sobre el control militar chino sobre el programa espacial nacional.<\/p>\n\n\n\n<p>Beijing se ha convertido en el principal rival de Estados Unidos para alcanzar nuevos hitos en el espacio exterior, con una cooperaci\u00f3n extremadamente limitada entre ellos en este campo, como lo exige la ley estadounidense.<\/p>\n\n\n\n<p>Esto refleja la competencia por la influencia entre las dos econom\u00edas m\u00e1s grandes del mundo en las esferas tecnol\u00f3gica, comercial, militar y diplom\u00e1tica, con el reclamo de soberan\u00eda de China sobre el Mar de China Meridional y el gobierno aut\u00f3nomo de Taiw\u00e1n como puntos de discordia particulares.<\/p>\n\n\n\n<p>Mientras tanto, Estados Unidos pretende devolver astronautas a la superficie lunar para finales de 2025 como parte de un compromiso renovado con las misiones tripuladas, con la ayuda de actores del sector privado como SpaceX y Blue Origin.<\/p>\n\n\n\n<p>Adem\u00e1s de sus programas lunares, los dos pa\u00edses tambi\u00e9n han hecho aterrizar rovers en Marte por separado, y China planea seguir a Estados Unidos en el aterrizaje de una nave espacial en un asteroide.<\/p>\n","protected":false},"excerpt":{"rendered":"<p>POR CHRISTOPHER BODEEN TAIPEI, Taiw\u00e1n (AP) \u2014 Tres astronautas chinos regresaron a la Tierra el martes por la ma\u00f1ana despu\u00e9s de seis meses a bordo de la estaci\u00f3n espacial orbital&hellip;<\/p>\n","protected":false},"author":2,"featured_media":65741,"comment_status":"open","ping_status":"open","sticky":false,"template":"","format":"standard","meta":{"content-type":"","jetpack_post_was_ever_published":false,"_jetpack_newsletter_access":"","_jetpack_dont_email_post_to_subs":false,"_jetpack_newsletter_tier_id":0,"_jetpack_memberships_contains_paywalled_content":false,"_jetpack_memberships_contains_paid_content":false,"footnotes":""},"categories":[1],"tags":[9067,583,9066,3249,7772],"class_list":["post-65740","post","type-post","status-publish","format-standard","has-post-thumbnail","hentry","category-sin-categoria","tag-astronautas","tag-china","tag-estacion-espacial","tag-estancia","tag-tierra"],"jetpack_featured_media_url":"https:\/\/lasprimeras.com.do\/wp-content\/uploads\/2023\/10\/ATRONAUTAS.jpg","jetpack-related-posts":[{"id":97862,"url":"https:\/\/lasprimeras.com.do\/index.php\/2025\/04\/29\/el-mal-tiempo-demora-el-regreso-de-astronautas-chinos-a-la-tierra\/","url_meta":{"origin":65740,"position":0},"title":"El mal tiempo demora el regreso de astronautas chinos a la Tierra","author":"Nelson Feliz","date":"29 de abril de 2025","format":false,"excerpt":"BEIJING (AP) \u2014 El regreso a la Tierra de tres astronautas chinos ha sido pospuesto debido a las condiciones meteorol\u00f3gicas. Los astronautas Cai Xuzhe, Song Lingdong y Wang Haoze deb\u00edan aterrizar originalmente el martes en Dongfeng, en la regi\u00f3n de Mongolia Interior del norte de China, despu\u00e9s de pasar seis\u2026","rel":"","context":"En \u00abINTERNACIONALES\u00bb","block_context":{"text":"INTERNACIONALES","link":"https:\/\/lasprimeras.com.do\/index.php\/category\/sin-categoria\/internacionales\/"},"img":{"alt_text":"","src":"https:\/\/i0.wp.com\/lasprimeras.com.do\/wp-content\/uploads\/2025\/04\/astronautas.jpg?resize=350%2C200&ssl=1","width":350,"height":200,"srcset":"https:\/\/i0.wp.com\/lasprimeras.com.do\/wp-content\/uploads\/2025\/04\/astronautas.jpg?resize=350%2C200&ssl=1 1x, https:\/\/i0.wp.com\/lasprimeras.com.do\/wp-content\/uploads\/2025\/04\/astronautas.jpg?resize=525%2C300&ssl=1 1.5x, https:\/\/i0.wp.com\/lasprimeras.com.do\/wp-content\/uploads\/2025\/04\/astronautas.jpg?resize=700%2C400&ssl=1 2x"},"classes":[]},{"id":122137,"url":"https:\/\/lasprimeras.com.do\/index.php\/2026\/02\/14\/llegan-nuevos-astronautas-a-la-estacion-espacial-internacional-en-reemplazo-de-tripulacion-evacuada\/","url_meta":{"origin":65740,"position":1},"title":"Llegan nuevos astronautas a la Estaci\u00f3n Espacial Internacional en reemplazo de tripulaci\u00f3n evacuada","author":"Nelson Feliz","date":"14 de febrero de 2026","format":false,"excerpt":"POR MARCIA DUNN CABO CA\u00d1AVERAL, Florida, EE.UU. (AP) \u2014 La Estaci\u00f3n Espacial Internacional volvi\u00f3 a tener su tripulaci\u00f3n completa con la llegada el s\u00e1bado de cuatro nuevos astronautas para reemplazar a sus colegas que volvieron antes de tiempo por preocupaciones de salud. SpaceX transfiri\u00f3 a los astronautas de Estados Unidos,\u2026","rel":"","context":"En \u00abINTERNACIONALES\u00bb","block_context":{"text":"INTERNACIONALES","link":"https:\/\/lasprimeras.com.do\/index.php\/category\/sin-categoria\/internacionales\/"},"img":{"alt_text":"astronautas a la Estaci\u00f3n Espacial Internacional","src":"https:\/\/i0.wp.com\/lasprimeras.com.do\/wp-content\/uploads\/2026\/02\/astronautas-a-la-Estacion-Espacial-Internacional.jpg?resize=350%2C200&ssl=1","width":350,"height":200,"srcset":"https:\/\/i0.wp.com\/lasprimeras.com.do\/wp-content\/uploads\/2026\/02\/astronautas-a-la-Estacion-Espacial-Internacional.jpg?resize=350%2C200&ssl=1 1x, https:\/\/i0.wp.com\/lasprimeras.com.do\/wp-content\/uploads\/2026\/02\/astronautas-a-la-Estacion-Espacial-Internacional.jpg?resize=525%2C300&ssl=1 1.5x, https:\/\/i0.wp.com\/lasprimeras.com.do\/wp-content\/uploads\/2026\/02\/astronautas-a-la-Estacion-Espacial-Internacional.jpg?resize=700%2C400&ssl=1 2x"},"classes":[]},{"id":87187,"url":"https:\/\/lasprimeras.com.do\/index.php\/2024\/08\/08\/por-que-los-astronautas-que-viajaron-en-la-capsula-de-boeing-se-podrian-quedar-varados-en-el-espacio-hasta-2025\/","url_meta":{"origin":65740,"position":2},"title":"Por qu\u00e9 los astronautas que viajaron en la c\u00e1psula de Boeing se podr\u00edan quedar varados en el espacio hasta 2025","author":"Nelson Feliz","date":"8 de agosto de 2024","format":false,"excerpt":"Los dos astronautas de la NASA deb\u00edan haber regresado a la Tierra el pasado 14 de junio, tan solo ocho d\u00edas despu\u00e9s de su lanzamiento desde el Centro Espacial Kennedy en Florida, pero fallas en los propulsores y peque\u00f1as fugas de helio en la Starliner han impedido su regreso. Por:\u2026","rel":"","context":"En \u00abSin categor\u00eda\u00bb","block_context":{"text":"Sin categor\u00eda","link":"https:\/\/lasprimeras.com.do\/index.php\/category\/sin-categoria\/"},"img":{"alt_text":"","src":"https:\/\/i0.wp.com\/lasprimeras.com.do\/wp-content\/uploads\/2024\/08\/nave-Starliner.jpg?resize=350%2C200&ssl=1","width":350,"height":200,"srcset":"https:\/\/i0.wp.com\/lasprimeras.com.do\/wp-content\/uploads\/2024\/08\/nave-Starliner.jpg?resize=350%2C200&ssl=1 1x, https:\/\/i0.wp.com\/lasprimeras.com.do\/wp-content\/uploads\/2024\/08\/nave-Starliner.jpg?resize=525%2C300&ssl=1 1.5x, https:\/\/i0.wp.com\/lasprimeras.com.do\/wp-content\/uploads\/2024\/08\/nave-Starliner.jpg?resize=700%2C400&ssl=1 2x"},"classes":[]},{"id":73253,"url":"https:\/\/lasprimeras.com.do\/index.php\/2024\/01\/08\/lanzan-hacia-la-luna-primer-modulo-de-aterrizaje-lunar-de-ee-uu-en-mas-de-50-anos\/","url_meta":{"origin":65740,"position":3},"title":"Lanzan hacia la Luna primer m\u00f3dulo de aterrizaje lunar de EE. UU. en m\u00e1s de 50 a\u00f1os","author":"Nelson Feliz","date":"8 de enero de 2024","format":false,"excerpt":"con entregas comerciales POR MARCIA DUNN CABO CA\u00d1AVERAL, Florida, EE.UU. (AP) \u2014 El primer m\u00f3dulo de aterrizaje lunar estadounidense en m\u00e1s de 50 a\u00f1os se lanz\u00f3 hacia la Luna el lunes, lanzando a empresas privadas a una carrera espacial para realizar entregas para la NASA y otros clientes. El m\u00f3dulo\u2026","rel":"","context":"En \u00abSin categor\u00eda\u00bb","block_context":{"text":"Sin categor\u00eda","link":"https:\/\/lasprimeras.com.do\/index.php\/category\/sin-categoria\/"},"img":{"alt_text":"primer m\u00f3dulo de aterrizaje lunar de EE. UU.","src":"https:\/\/i0.wp.com\/lasprimeras.com.do\/wp-content\/uploads\/2024\/01\/primer-modulo-de-aterrizaje-lunar-de-EE.-UU.jpg?resize=350%2C200&ssl=1","width":350,"height":200,"srcset":"https:\/\/i0.wp.com\/lasprimeras.com.do\/wp-content\/uploads\/2024\/01\/primer-modulo-de-aterrizaje-lunar-de-EE.-UU.jpg?resize=350%2C200&ssl=1 1x, https:\/\/i0.wp.com\/lasprimeras.com.do\/wp-content\/uploads\/2024\/01\/primer-modulo-de-aterrizaje-lunar-de-EE.-UU.jpg?resize=525%2C300&ssl=1 1.5x, https:\/\/i0.wp.com\/lasprimeras.com.do\/wp-content\/uploads\/2024\/01\/primer-modulo-de-aterrizaje-lunar-de-EE.-UU.jpg?resize=700%2C400&ssl=1 2x"},"classes":[]},{"id":94238,"url":"https:\/\/lasprimeras.com.do\/index.php\/2025\/02\/26\/compania-privada-lanza-cohete-con-el-objetivo-de-colocar-modulo-espacial-en-la-luna\/","url_meta":{"origin":65740,"position":4},"title":"Compa\u00f1\u00eda privada lanza cohete con el objetivo de colocar m\u00f3dulo espacial en la luna","author":"Nelson Feliz","date":"26 de febrero de 2025","format":false,"excerpt":"POR MARCIA DUNN CABO CA\u00d1AVERAL, Florida, EE.UU. (AP) \u2014 Una empresa privada lanz\u00f3 el mi\u00e9rcoles un nuevo m\u00f3dulo lunar con el objetivo de acercarse al polo sur de la luna, esta vez con un dron que se dirigir\u00e1 a un cr\u00e1ter que nunca recibe la luz solar. SpaceX lanz\u00f3 el\u2026","rel":"","context":"En \u00abINTERNACIONALES\u00bb","block_context":{"text":"INTERNACIONALES","link":"https:\/\/lasprimeras.com.do\/index.php\/category\/sin-categoria\/internacionales\/"},"img":{"alt_text":"","src":"https:\/\/i0.wp.com\/lasprimeras.com.do\/wp-content\/uploads\/2025\/02\/cohete.jpg?resize=350%2C200&ssl=1","width":350,"height":200,"srcset":"https:\/\/i0.wp.com\/lasprimeras.com.do\/wp-content\/uploads\/2025\/02\/cohete.jpg?resize=350%2C200&ssl=1 1x, https:\/\/i0.wp.com\/lasprimeras.com.do\/wp-content\/uploads\/2025\/02\/cohete.jpg?resize=525%2C300&ssl=1 1.5x, https:\/\/i0.wp.com\/lasprimeras.com.do\/wp-content\/uploads\/2025\/02\/cohete.jpg?resize=700%2C400&ssl=1 2x"},"classes":[]},{"id":77583,"url":"https:\/\/lasprimeras.com.do\/index.php\/2024\/02\/22\/un-modulo-de-aterrizaje-privado-aterriza-en-la-luna-y-envia-una-senal-debil\/","url_meta":{"origin":65740,"position":5},"title":"Un m\u00f3dulo de aterrizaje privado aterriza en la Luna y env\u00eda una se\u00f1al d\u00e9bil","author":"Nelson Feliz","date":"22 de febrero de 2024","format":false,"excerpt":"Por Prensa Asociada CABO CA\u00d1AVERAL, FLORIDA \u2014 Un m\u00f3dulo de aterrizaje lunar privado estadounidense aterriz\u00f3 en la Luna el jueves, pero el contacto con la nave fue d\u00e9bil, dijeron funcionarios de la compa\u00f1\u00eda. No hubo actualizaciones inmediatas sobre el estado del m\u00f3dulo de aterrizaje por parte de la empresa Intuitive\u2026","rel":"","context":"En \u00abSin categor\u00eda\u00bb","block_context":{"text":"Sin categor\u00eda","link":"https:\/\/lasprimeras.com.do\/index.php\/category\/sin-categoria\/"},"img":{"alt_text":"se\u00f1al","src":"https:\/\/i0.wp.com\/lasprimeras.com.do\/wp-content\/uploads\/2024\/02\/senal-1.jpg?resize=350%2C200&ssl=1","width":350,"height":200,"srcset":"https:\/\/i0.wp.com\/lasprimeras.com.do\/wp-content\/uploads\/2024\/02\/senal-1.jpg?resize=350%2C200&ssl=1 1x, https:\/\/i0.wp.com\/lasprimeras.com.do\/wp-content\/uploads\/2024\/02\/senal-1.jpg?resize=525%2C300&ssl=1 1.5x"},"classes":[]}],"jetpack_sharing_enabled":true,"_links":{"self":[{"href":"https:\/\/lasprimeras.com.do\/index.php\/wp-json\/wp\/v2\/posts\/65740","targetHints":{"allow":["GET"]}}],"collection":[{"href":"https:\/\/lasprimeras.com.do\/index.php\/wp-json\/wp\/v2\/posts"}],"about":[{"href":"https:\/\/lasprimeras.com.do\/index.php\/wp-json\/wp\/v2\/types\/post"}],"author":[{"embeddable":true,"href":"https:\/\/lasprimeras.com.do\/index.php\/wp-json\/wp\/v2\/users\/2"}],"replies":[{"embeddable":true,"href":"https:\/\/lasprimeras.com.do\/index.php\/wp-json\/wp\/v2\/comments?post=65740"}],"version-history":[{"count":1,"href":"https:\/\/lasprimeras.com.do\/index.php\/wp-json\/wp\/v2\/posts\/65740\/revisions"}],"predecessor-version":[{"id":65742,"href":"https:\/\/lasprimeras.com.do\/index.php\/wp-json\/wp\/v2\/posts\/65740\/revisions\/65742"}],"wp:featuredmedia":[{"embeddable":true,"href":"https:\/\/lasprimeras.com.do\/index.php\/wp-json\/wp\/v2\/media\/65741"}],"wp:attachment":[{"href":"https:\/\/lasprimeras.com.do\/index.php\/wp-json\/wp\/v2\/media?parent=65740"}],"wp:term":[{"taxonomy":"category","embeddable":true,"href":"https:\/\/lasprimeras.com.do\/index.php\/wp-json\/wp\/v2\/categories?post=65740"},{"taxonomy":"post_tag","embeddable":true,"href":"https:\/\/lasprimeras.com.do\/index.php\/wp-json\/wp\/v2\/tags?post=65740"}],"curies":[{"name":"wp","href":"https:\/\/api.w.org\/{rel}","templated":true}]}}