{"id":65743,"date":"2023-10-31T08:57:32","date_gmt":"2023-10-31T12:57:32","guid":{"rendered":"https:\/\/lasprimeras.com.do\/?p=65743"},"modified":"2023-10-31T08:57:34","modified_gmt":"2023-10-31T12:57:34","slug":"ministro-de-defensa-de-singapur-pide-a-china-que-tome-la-iniciativa-para-reducir-las-tensiones-regionales","status":"publish","type":"post","link":"https:\/\/lasprimeras.com.do\/index.php\/2023\/10\/31\/ministro-de-defensa-de-singapur-pide-a-china-que-tome-la-iniciativa-para-reducir-las-tensiones-regionales\/","title":{"rendered":"Ministro de Defensa de Singapur pide a China que tome la iniciativa para reducir las tensiones regionales"},"content":{"rendered":"\n<p>POR KEN MORITSUGU<\/p>\n\n\n\n<p>BEIJING (AP) \u2014 El ministro de Defensa de Singapur inst\u00f3 a China, como potencia dominante en Asia, a tomar la iniciativa para reducir las tensiones en la regi\u00f3n, advirtiendo que un conflicto militar como el de Ucrania o la guerra entre Israel y Hamas ser\u00eda devastador para el continente y su futuro.<\/p>\n\n\n\n<p>Hablando el martes en el tercer y \u00faltimo d\u00eda de una conferencia anual de defensa celebrada por China, Ng Eng Hen destac\u00f3 la importancia de la comunicaci\u00f3n entre militares para gestionar las crisis y expres\u00f3 su esperanza de que Estados Unidos y China reanuden el uso de su l\u00ednea directa militar. .<\/p>\n\n\n\n<p>La paz es precaria y nunca se da en ning\u00fan lugar del mundo, afirm\u00f3 Ng. \u201cLo que ha sucedido en Europa y Medio Oriente nunca debe ocurrir aqu\u00ed. \u2026 Debemos hacer todo lo posible para evitarlo\u201d.<\/p>\n\n\n\n<p>El Foro Xiangshan reuni\u00f3 a funcionarios de defensa de decenas de pa\u00edses y organizaciones. China, que recientemente despidi\u00f3 a su ministro de Defensa , estuvo representada por Zhang Youxia, vicepresidente de la Comisi\u00f3n Militar Central.<\/p>\n\n\n\n<p>El ministro de Defensa ruso, Sergei Shoigu, aprovech\u00f3 el foro para resaltar los v\u00ednculos cada vez m\u00e1s profundos de Rusia con China mientras enfrenta su aislamiento de Occidente por su invasi\u00f3n de Ucrania.<\/p>\n\n\n\n<p>Shoigu recibi\u00f3 una recepci\u00f3n de la guardia de honor militar antes de reunirse con Zhang el lunes. La agencia de noticias rusa Tass cit\u00f3 a Zhang diciendo que China est\u00e1 lista para responder con Rusia a las amenazas y desaf\u00edos a la seguridad y \u201cmantener conjuntamente el equilibrio y la estabilidad estrat\u00e9gicos globales\u201d.<\/p>\n\n\n\n<p>El agregado de defensa de Ucrania estuvo en desacuerdo con la conferencia que dio la palabra a Shoigu y al ministro de defensa de Bielorrusia prorrusa el lunes, seguido por un funcionario iran\u00ed que defendi\u00f3 la invasi\u00f3n de Rusia el martes.<\/p>\n\n\n\n<p>&#8220;S\u00f3lo falta Corea del Norte para ver todo el desfile del mal&#8221;, dijo el agregado, Klymyshyn Petro, durante una sesi\u00f3n de preguntas y respuestas despu\u00e9s de un discurso de Seyed Yahya Rahim Safavi, un alto asesor del l\u00edder de Ir\u00e1n.<\/p>\n\n\n\n<p>Safavi describi\u00f3 la invasi\u00f3n como una reacci\u00f3n defensiva a los esfuerzos de Estados Unidos y la UE por expandir la OTAN hasta la frontera rusa, y dijo que Ucrania est\u00e1 pagando un alto precio porque Estados Unidos y la OTAN no quieren luchar directamente con Rusia.<\/p>\n\n\n\n<p>Ng, tras se\u00f1alar las disputas territoriales en el Mar de China Meridional y la amenaza nuclear de Corea del Norte, dijo que es vital que los establecimientos militares y de defensa se comprometan para reducir el riesgo de errores de c\u00e1lculo y percances.<\/p>\n\n\n\n<p>Aplaudi\u00f3 los c\u00f3digos que se han adoptado para gestionar encuentros militares no planificados en el mar y dijo que deber\u00edan ampliarse para incluir a los guardacostas, que frecuentemente se enfrentan en aguas en disputa.<\/p>\n\n\n\n<p>Filipinas y China intercambiaron acusaciones y advertencias el martes despu\u00e9s de que la marina y la fuerza a\u00e9rea de China rastrearon un barco de la marina filipina cerca de Scarborough Shoal en el Mar de China Meridional.<\/p>\n\n\n\n<p>China congel\u00f3 los intercambios militares con Estados Unidos en agosto de 2022, pero ambas partes parecen estar reiniciando el di\u00e1logo, incluso sobre seguridad, antes de una posible reuni\u00f3n entre los presidentes Joe Biden y Xi Jinping en noviembre.<\/p>\n\n\n\n<p>Estados Unidos envi\u00f3 al foro de Xiangshan a una representante , Cynthia Carras, directora principal del Departamento de Defensa para China, Taiw\u00e1n y Mongolia.<\/p>\n\n\n\n<p>Ng hizo un llamamiento a China para que asegure a otras naciones que no es una amenaza a medida que se vuelve m\u00e1s poderosa.<\/p>\n\n\n\n<p>&#8220;Lo acepte o no, lo quiera o no, China ya es vista como una potencia dominante y, por lo tanto, debe actuar como una potencia ben\u00e9vola&#8221;, afirm\u00f3.<\/p>\n\n\n\n<p>China ha tratado de presentarse como una potencia global no amenazante y diferente de las potencias occidentales, aunque claramente algunos de sus vecinos y Estados Unidos la ven como una amenaza potencial.<\/p>\n\n\n\n<p>Un funcionario del Ministerio de Asuntos Exteriores chino, citando al presidente del pa\u00eds, dijo en la conferencia que China salvaguardar\u00eda mejor la paz mundial a trav\u00e9s de su propio desarrollo.<\/p>\n\n\n\n<p>&#8220;Este camino no es el viejo camino de la colonizaci\u00f3n y el saqueo, ni el camino torcido tomado por algunos pa\u00edses para buscar la hegemon\u00eda una vez que se fortalecen, sino el camino correcto hacia el desarrollo pac\u00edfico&#8221;, dijo Nong Rong, ministro adjunto de Asuntos Exteriores.<\/p>\n","protected":false},"excerpt":{"rendered":"<p>POR KEN MORITSUGU BEIJING (AP) \u2014 El ministro de Defensa de Singapur inst\u00f3 a China, como potencia dominante en Asia, a tomar la iniciativa para reducir las tensiones en la&hellip;<\/p>\n","protected":false},"author":2,"featured_media":65744,"comment_status":"open","ping_status":"open","sticky":false,"template":"","format":"standard","meta":{"content-type":"","jetpack_post_was_ever_published":false,"_jetpack_newsletter_access":"","_jetpack_dont_email_post_to_subs":false,"_jetpack_newsletter_tier_id":0,"_jetpack_memberships_contains_paywalled_content":false,"_jetpack_memberships_contains_paid_content":false,"footnotes":""},"categories":[1],"tags":[583,8584,1789,2517,5488,5223,9068],"class_list":["post-65743","post","type-post","status-publish","format-standard","has-post-thumbnail","hentry","category-sin-categoria","tag-china","tag-iniciativa","tag-ministro-de-defensa","tag-regionales","tag-singapur","tag-tensiones","tag-tome"],"jetpack_featured_media_url":"https:\/\/lasprimeras.com.do\/wp-content\/uploads\/2023\/10\/Ng-Eng-Hen.jpg","jetpack-related-posts":[{"id":102943,"url":"https:\/\/lasprimeras.com.do\/index.php\/2025\/07\/10\/rubio-se-reune-con-el-canciller-ruso-serguei-lavrov-mientras-aumentan-las-tensiones-en-ucrania\/","url_meta":{"origin":65743,"position":0},"title":"Rubio se re\u00fane con el canciller ruso, Sergu\u00e9i Lavrov, mientras aumentan las tensiones en Ucrania","author":"Nelson Feliz","date":"10 de julio de 2025","format":false,"excerpt":"POR MATTHEW LEE KUALA LUMPUR, Malasia (AP) \u2014 El secretario de Estado de Estados Unidos, Marco Rubio, y su hom\u00f3logo ruso se reunieron el jueves en Malasia en medio de crecientes tensiones entre los dos pa\u00edses debido a los ataques en aumento de Mosc\u00fa a Ucrania y las dudas sobre\u2026","rel":"","context":"En \u00abINTERNACIONALES\u00bb","block_context":{"text":"INTERNACIONALES","link":"https:\/\/lasprimeras.com.do\/index.php\/category\/sin-categoria\/internacionales\/"},"img":{"alt_text":"","src":"https:\/\/i0.wp.com\/lasprimeras.com.do\/wp-content\/uploads\/2025\/07\/reune.jpg?resize=350%2C200&ssl=1","width":350,"height":200,"srcset":"https:\/\/i0.wp.com\/lasprimeras.com.do\/wp-content\/uploads\/2025\/07\/reune.jpg?resize=350%2C200&ssl=1 1x, https:\/\/i0.wp.com\/lasprimeras.com.do\/wp-content\/uploads\/2025\/07\/reune.jpg?resize=525%2C300&ssl=1 1.5x, https:\/\/i0.wp.com\/lasprimeras.com.do\/wp-content\/uploads\/2025\/07\/reune.jpg?resize=700%2C400&ssl=1 2x"},"classes":[]},{"id":80251,"url":"https:\/\/lasprimeras.com.do\/index.php\/2024\/04\/05\/presentan-al-ministro-defensa-dominicano-el-primer-agregado-de-defensa-de-la-republica-popular-china-en-la-rd\/","url_meta":{"origin":65743,"position":1},"title":"Presentan al ministro defensa dominicano el primer agregado de Defensa de la Rep\u00fablica Popular China en la RD","author":"BIMARY DE JES\u00daS Matos","date":"5 de abril de 2024","format":false,"excerpt":"SANTO DOMINGO.- El embajador de la Rep\u00fablica Popular China en el pa\u00eds, Su Excelencia Chen Luning, present\u00f3 al ministro de Defensa dominicano, teniente general Carlos Luciano D\u00edaz Morfa, ERD., al coronel del Ej\u00e9rcito Gao Pemg, primer agregado de defensa de su pa\u00eds en la Rep\u00fablica Dominicana. En visita a la\u2026","rel":"","context":"En \u00abNACIONALES\u00bb","block_context":{"text":"NACIONALES","link":"https:\/\/lasprimeras.com.do\/index.php\/category\/nacionales\/"},"img":{"alt_text":"","src":"https:\/\/i0.wp.com\/lasprimeras.com.do\/wp-content\/uploads\/2024\/04\/IMG-20240405-WA0042.jpg?resize=350%2C200&ssl=1","width":350,"height":200,"srcset":"https:\/\/i0.wp.com\/lasprimeras.com.do\/wp-content\/uploads\/2024\/04\/IMG-20240405-WA0042.jpg?resize=350%2C200&ssl=1 1x, https:\/\/i0.wp.com\/lasprimeras.com.do\/wp-content\/uploads\/2024\/04\/IMG-20240405-WA0042.jpg?resize=525%2C300&ssl=1 1.5x, https:\/\/i0.wp.com\/lasprimeras.com.do\/wp-content\/uploads\/2024\/04\/IMG-20240405-WA0042.jpg?resize=700%2C400&ssl=1 2x, https:\/\/i0.wp.com\/lasprimeras.com.do\/wp-content\/uploads\/2024\/04\/IMG-20240405-WA0042.jpg?resize=1050%2C600&ssl=1 3x"},"classes":[]},{"id":72030,"url":"https:\/\/lasprimeras.com.do\/index.php\/2023\/12\/26\/las-tensiones-entre-ee-uu-y-china-estan-desgastando-lazos-academicos-largamente-cultivados\/","url_meta":{"origin":65743,"position":2},"title":"Las tensiones entre EE.UU. y China est\u00e1n desgastando lazos acad\u00e9micos largamente cultivados","author":"Nelson Feliz","date":"26 de diciembre de 2023","format":false,"excerpt":"\u00bfEl fr\u00edo perjudicar\u00e1 los intereses estadounidenses? POR DIDI TANG WASHINGTON (AP) \u2014 En la d\u00e9cada de 1980, Fu Xiangdong era un joven estudiante chino de virolog\u00eda que lleg\u00f3 a Estados Unidos para estudiar bioqu\u00edmica. M\u00e1s de tres d\u00e9cadas despu\u00e9s, ocupaba una prestigiosa c\u00e1tedra en California y realizaba investigaciones prometedoras sobre\u2026","rel":"","context":"En \u00abSin categor\u00eda\u00bb","block_context":{"text":"Sin categor\u00eda","link":"https:\/\/lasprimeras.com.do\/index.php\/category\/sin-categoria\/"},"img":{"alt_text":"Estados Unidos y China","src":"https:\/\/i0.wp.com\/lasprimeras.com.do\/wp-content\/uploads\/2023\/12\/Estados-Unidos-y-China.jpg?resize=350%2C200&ssl=1","width":350,"height":200,"srcset":"https:\/\/i0.wp.com\/lasprimeras.com.do\/wp-content\/uploads\/2023\/12\/Estados-Unidos-y-China.jpg?resize=350%2C200&ssl=1 1x, https:\/\/i0.wp.com\/lasprimeras.com.do\/wp-content\/uploads\/2023\/12\/Estados-Unidos-y-China.jpg?resize=525%2C300&ssl=1 1.5x, https:\/\/i0.wp.com\/lasprimeras.com.do\/wp-content\/uploads\/2023\/12\/Estados-Unidos-y-China.jpg?resize=700%2C400&ssl=1 2x"},"classes":[]},{"id":56908,"url":"https:\/\/lasprimeras.com.do\/index.php\/2023\/08\/07\/filipinas-llama-a-consultas-al-embajador-chino-por-un-incidente-con-sus-guardacostas\/","url_meta":{"origin":65743,"position":3},"title":"Filipinas llama a consultas al embajador chino por un incidente con sus guardacostas","author":"Nelson Feliz","date":"7 de agosto de 2023","format":false,"excerpt":"El presidente filipino, Ferdinand Marcos Jr., asegur\u00f3 este lunes que el embajador chino en Manila fue llamado a consultas tras un incidente en el que guardacostas chinos bloquearon y dispararon con ca\u00f1ones de agua a barcos de vigilancia costera filipinos en una zona disputada del Mar de China Meridional. Marcos\u2026","rel":"","context":"En \u00abSin categor\u00eda\u00bb","block_context":{"text":"Sin categor\u00eda","link":"https:\/\/lasprimeras.com.do\/index.php\/category\/sin-categoria\/"},"img":{"alt_text":"Ferdinand Marcos Jr.","src":"https:\/\/i0.wp.com\/lasprimeras.com.do\/wp-content\/uploads\/2023\/08\/Ferdinand-Marcos-Jr.jpg?resize=350%2C200&ssl=1","width":350,"height":200,"srcset":"https:\/\/i0.wp.com\/lasprimeras.com.do\/wp-content\/uploads\/2023\/08\/Ferdinand-Marcos-Jr.jpg?resize=350%2C200&ssl=1 1x, https:\/\/i0.wp.com\/lasprimeras.com.do\/wp-content\/uploads\/2023\/08\/Ferdinand-Marcos-Jr.jpg?resize=525%2C300&ssl=1 1.5x, https:\/\/i0.wp.com\/lasprimeras.com.do\/wp-content\/uploads\/2023\/08\/Ferdinand-Marcos-Jr.jpg?resize=700%2C400&ssl=1 2x"},"classes":[]},{"id":57956,"url":"https:\/\/lasprimeras.com.do\/index.php\/2023\/08\/17\/detienen-10-extranjeros-en-singapur-por-lavado-y-falsificacion-con-pasaportes-de-rd\/","url_meta":{"origin":65743,"position":4},"title":"Detienen 10 extranjeros en Singapur por lavado y falsificaci\u00f3n con pasaportes de RD","author":"Nelson Feliz","date":"17 de agosto de 2023","format":false,"excerpt":"Singapur acus\u00f3 a 10 extranjeros el mi\u00e9rcoles en uno de sus mayores casos de lavado de dinero y falsificaci\u00f3n, que involucra aproximadamente US$736 millones en propiedades, autom\u00f3viles de lujo, efectivo y otros activos. La banda fue arrestada tras redadas simult\u00e1neas el 15 de agosto en bungalows y condominios de alta\u2026","rel":"","context":"En \u00abSin categor\u00eda\u00bb","block_context":{"text":"Sin categor\u00eda","link":"https:\/\/lasprimeras.com.do\/index.php\/category\/sin-categoria\/"},"img":{"alt_text":"","src":"https:\/\/i0.wp.com\/lasprimeras.com.do\/wp-content\/uploads\/2023\/08\/Esposas.jpg?resize=350%2C200&ssl=1","width":350,"height":200,"srcset":"https:\/\/i0.wp.com\/lasprimeras.com.do\/wp-content\/uploads\/2023\/08\/Esposas.jpg?resize=350%2C200&ssl=1 1x, https:\/\/i0.wp.com\/lasprimeras.com.do\/wp-content\/uploads\/2023\/08\/Esposas.jpg?resize=525%2C300&ssl=1 1.5x"},"classes":[]},{"id":118282,"url":"https:\/\/lasprimeras.com.do\/index.php\/2025\/12\/26\/el-gabinete-de-japon-aprueba-presupuesto-record-de-defensa-para-disuadir-a-china\/","url_meta":{"origin":65743,"position":5},"title":"El gabinete de Jap\u00f3n aprueba presupuesto r\u00e9cord de defensa para disuadir a China","author":"Nelson Feliz","date":"26 de diciembre de 2025","format":false,"excerpt":"En esta foto proporcionada por el Departamento de Defensa de Australia, un misil japon\u00e9s Tipo 12 superficie a buque es lanzado por la Segunda Brigada de Artiller\u00eda de la Fuerza Terrestre de Autodefensa de Jap\u00f3n en el Campo de Armas de Beecroft, cerca de Jervis Bay, Australia, el martes 22\u2026","rel":"","context":"En \u00abINTERNACIONALES\u00bb","block_context":{"text":"INTERNACIONALES","link":"https:\/\/lasprimeras.com.do\/index.php\/category\/sin-categoria\/internacionales\/"},"img":{"alt_text":"En esta foto proporcionada por el Departamento de Defensa de Australia, un misil japon\u00e9s Tipo 12 superficie a buque es lanzado por la Segunda Brigada de Artiller\u00eda de la Fuerza Terrestre de Autodefensa de Jap\u00f3n en el Campo de Armas de Beecroft, cerca de Jervis Bay, Australia, el martes 22 de julio de 2025, como parte de Talisman Sabre, un ejercicio conjunto bienal que involucra a 19 naciones y 35.000 militares. (PTE Alex Brown\/Departamento de Defensa Australiano v\u00eda AP, Archivo)","src":"https:\/\/i0.wp.com\/lasprimeras.com.do\/wp-content\/uploads\/2025\/12\/gabinete-de-Japon.jpg?resize=350%2C200&ssl=1","width":350,"height":200,"srcset":"https:\/\/i0.wp.com\/lasprimeras.com.do\/wp-content\/uploads\/2025\/12\/gabinete-de-Japon.jpg?resize=350%2C200&ssl=1 1x, https:\/\/i0.wp.com\/lasprimeras.com.do\/wp-content\/uploads\/2025\/12\/gabinete-de-Japon.jpg?resize=525%2C300&ssl=1 1.5x, https:\/\/i0.wp.com\/lasprimeras.com.do\/wp-content\/uploads\/2025\/12\/gabinete-de-Japon.jpg?resize=700%2C400&ssl=1 2x"},"classes":[]}],"jetpack_sharing_enabled":true,"_links":{"self":[{"href":"https:\/\/lasprimeras.com.do\/index.php\/wp-json\/wp\/v2\/posts\/65743","targetHints":{"allow":["GET"]}}],"collection":[{"href":"https:\/\/lasprimeras.com.do\/index.php\/wp-json\/wp\/v2\/posts"}],"about":[{"href":"https:\/\/lasprimeras.com.do\/index.php\/wp-json\/wp\/v2\/types\/post"}],"author":[{"embeddable":true,"href":"https:\/\/lasprimeras.com.do\/index.php\/wp-json\/wp\/v2\/users\/2"}],"replies":[{"embeddable":true,"href":"https:\/\/lasprimeras.com.do\/index.php\/wp-json\/wp\/v2\/comments?post=65743"}],"version-history":[{"count":1,"href":"https:\/\/lasprimeras.com.do\/index.php\/wp-json\/wp\/v2\/posts\/65743\/revisions"}],"predecessor-version":[{"id":65745,"href":"https:\/\/lasprimeras.com.do\/index.php\/wp-json\/wp\/v2\/posts\/65743\/revisions\/65745"}],"wp:featuredmedia":[{"embeddable":true,"href":"https:\/\/lasprimeras.com.do\/index.php\/wp-json\/wp\/v2\/media\/65744"}],"wp:attachment":[{"href":"https:\/\/lasprimeras.com.do\/index.php\/wp-json\/wp\/v2\/media?parent=65743"}],"wp:term":[{"taxonomy":"category","embeddable":true,"href":"https:\/\/lasprimeras.com.do\/index.php\/wp-json\/wp\/v2\/categories?post=65743"},{"taxonomy":"post_tag","embeddable":true,"href":"https:\/\/lasprimeras.com.do\/index.php\/wp-json\/wp\/v2\/tags?post=65743"}],"curies":[{"name":"wp","href":"https:\/\/api.w.org\/{rel}","templated":true}]}}