{"id":65757,"date":"2023-10-31T12:31:55","date_gmt":"2023-10-31T16:31:55","guid":{"rendered":"https:\/\/lasprimeras.com.do\/?p=65757"},"modified":"2023-10-31T12:31:56","modified_gmt":"2023-10-31T16:31:56","slug":"me-diste-un-boche-la-respuesta-de-abinader-a-la-pregunta-de-un-periodista","status":"publish","type":"post","link":"https:\/\/lasprimeras.com.do\/index.php\/2023\/10\/31\/me-diste-un-boche-la-respuesta-de-abinader-a-la-pregunta-de-un-periodista\/","title":{"rendered":"&#8220;Me diste un boche&#8221;: la respuesta de Abinader a la pregunta de un periodista"},"content":{"rendered":"\n<p><strong>El mandatario reconoci\u00f3 que hac\u00eda falta una campa\u00f1a a trav\u00e9s de los medios de comunicaci\u00f3n para dar a conocer el programa &#8220;Burocracia Cero&#8221;.<\/strong><\/p>\n\n\n\n<p>Durante el desarrollo de &#8220;LA Semanal con la Prensa&#8221; de este lunes ocurri\u00f3 un hecho que provoc\u00f3 la sorpresa del presidente de la Rep\u00fablica, Luis Abinader, cuando un periodista le hizo una pregunta, a la que el mandatario reconoci\u00f3 que lo hab\u00eda agarrado fuera de base.<\/p>\n\n\n\n<p>&#8220;Me diste un boche&#8221;, fue la reacci\u00f3n del presidente luego de un silencio. Su respuesta provoc\u00f3 la hilaridad de los presentes en el Palacio Nacional, donde se celebra el encuentro con la prensa cada lunes.<\/p>\n\n\n\n<figure class=\"wp-block-image size-full is-resized\"><img decoding=\"async\" width=\"600\" height=\"342\" src=\"https:\/\/lasprimeras.com.do\/wp-content\/uploads\/2023\/10\/Maximo-Minoso-periodista.jpg\" alt=\"\" class=\"wp-image-65759\" style=\"aspect-ratio:1.7543859649122806;width:840px;height:auto\" srcset=\"https:\/\/lasprimeras.com.do\/wp-content\/uploads\/2023\/10\/Maximo-Minoso-periodista.jpg 600w, https:\/\/lasprimeras.com.do\/wp-content\/uploads\/2023\/10\/Maximo-Minoso-periodista-300x171.jpg 300w\" sizes=\"(max-width: 600px) 100vw, 600px\" \/><\/figure>\n\n\n\n<p>La pregunta del periodista M\u00e1ximo Mi\u00f1oso fue la siguiente: &#8220;El tema inicial fue el de la tecnolog\u00eda y quiero quedarme ah\u00ed. Usted convoca a los que est\u00e1n aqu\u00ed a hacer una promoci\u00f3n de esto, \u00bfhay alguna campa\u00f1a abierta para los medios y para nosotros apoyar esto?<\/p>\n\n\n\n<p>Al abundar en su respuesta, el jefe de Estado indic\u00f3 que un funcionario al que solo identific\u00f3 como Peter le hab\u00eda solicitado recursos para hacer una campa\u00f1a que diera a conocer todo lo que el Gobierno ha realizado con el programa Burocracia Cero, el cual abarca 300 tr\u00e1mites en 60 instituciones, y que \u00e9l mismo pidi\u00f3 a los periodistas que le ayudaran a dar a conocer a la poblaci\u00f3n.<\/p>\n\n\n\n<p>&#8220;Peter nos ha pedido tomar recursos disponibles para hacer una campa\u00f1a y la verdad que estamos buscando los recursos para hacer una campa\u00f1a, que debimos hacerla. Esa es la verdad, t\u00fa tienes raz\u00f3n, debimos hacer una campa\u00f1a para que toda la poblaci\u00f3n, especialmente de redes, para que toda la poblaci\u00f3n, en combinaci\u00f3n, en algunos peri\u00f3dicos f\u00edsicos, digitales y f\u00edsicos. T\u00fa tienes raz\u00f3n la campa\u00f1a est\u00e1 hecha, lo que faltan\u2026 &#8220;, dijo e hizo el gesto de dinero, lo que provoc\u00f3 de nuevo la risa de los presentes.<\/p>\n\n\n\n<p>El tema de este lunes de LA Semanal con la Prensa fue presentar los avances de la plataforma Burocracias Cero y los programas que contiene. La iniciativa es para agilizar la obtenci\u00f3n y aprobaci\u00f3n documentos para proyectos de inversi\u00f3n en el pa\u00eds.<\/p>\n\n\n\n<p>El presidente dijo que, debido a su ejecuci\u00f3n, se han ahorrado RD$26,000 millones en a trav\u00e9s de las entidades en las cuales se ha hecho uso del mismo.<\/p>\n","protected":false},"excerpt":{"rendered":"<p>El mandatario reconoci\u00f3 que hac\u00eda falta una campa\u00f1a a trav\u00e9s de los medios de comunicaci\u00f3n para dar a conocer el programa &#8220;Burocracia Cero&#8221;. Durante el desarrollo de &#8220;LA Semanal con&hellip;<\/p>\n","protected":false},"author":2,"featured_media":65758,"comment_status":"open","ping_status":"open","sticky":false,"template":"","format":"standard","meta":{"content-type":"","jetpack_post_was_ever_published":false,"_jetpack_newsletter_access":"","_jetpack_dont_email_post_to_subs":false,"_jetpack_newsletter_tier_id":0,"_jetpack_memberships_contains_paywalled_content":false,"_jetpack_memberships_contains_paid_content":false,"footnotes":""},"categories":[35],"tags":[67,9074,604,9075,146],"class_list":["post-65757","post","type-post","status-publish","format-standard","has-post-thumbnail","hentry","category-nacionales","tag-luis-abinader","tag-me-diste-un-boche","tag-periodista","tag-pregunta","tag-respuesta"],"jetpack_featured_media_url":"https:\/\/lasprimeras.com.do\/wp-content\/uploads\/2023\/10\/Abinader-Boche.jpg","jetpack-related-posts":[{"id":75171,"url":"https:\/\/lasprimeras.com.do\/index.php\/2024\/01\/29\/milagros-ortiz-chequeame-tu-sera-fundamental-en-la-construccion-de-la-confianza-ciudadana\/","url_meta":{"origin":65757,"position":0},"title":"Milagros Ortiz: \u201cCheque\u00e1me T\u00fa\u201d ser\u00e1 fundamental en la construcci\u00f3n de la confianza ciudadana","author":"Nelson Feliz","date":"29 de enero de 2024","format":false,"excerpt":"La directora de \u00c9tica e Integridad Gubernamental, Milagros Ortiz Boch, asegur\u00f3 que \u201cCheque\u00e1meT\u00fa\u201d ser\u00e1 un pilar fundamental en la construcci\u00f3n de la confianza ciudadana, tal como lo establece la Ley 200-04 sobre el derecho a la informaci\u00f3n. \"Con 53,931 preguntas y 52,321 respuestas, se ha establecido un di\u00e1logo fruct\u00edfero entre\u2026","rel":"","context":"En \u00abNACIONALES\u00bb","block_context":{"text":"NACIONALES","link":"https:\/\/lasprimeras.com.do\/index.php\/category\/nacionales\/"},"img":{"alt_text":"Milagros Ortiz Bosch","src":"https:\/\/i0.wp.com\/lasprimeras.com.do\/wp-content\/uploads\/2023\/08\/Milagros-Ortiz-Bosch.jpg?resize=350%2C200&ssl=1","width":350,"height":200},"classes":[]},{"id":105536,"url":"https:\/\/lasprimeras.com.do\/index.php\/2025\/08\/04\/editorial-3\/","url_meta":{"origin":65757,"position":1},"title":"Editorial","author":"Nelson Feliz","date":"4 de agosto de 2025","format":false,"excerpt":"Para hablar mentiras, se debe tener mucho cuidado Los ruidos generados en la vitrina semanal del Gobierno desde el Palacio Nacional van m\u00e1s all\u00e1 de la exclusiva selecci\u00f3n de sus coordinadores, quienes determinan qui\u00e9n formula las preguntas. Los ruidos medi\u00e1ticos generados en el di\u00e1logo del presidente Luis Abinader con periodistas\u2026","rel":"","context":"En \u00abOPINI\u00d3N\u00bb","block_context":{"text":"OPINI\u00d3N","link":"https:\/\/lasprimeras.com.do\/index.php\/category\/opinion\/"},"img":{"alt_text":"","src":"https:\/\/i0.wp.com\/lasprimeras.com.do\/wp-content\/uploads\/2025\/08\/ruidos.jpg?resize=350%2C200&ssl=1","width":350,"height":200,"srcset":"https:\/\/i0.wp.com\/lasprimeras.com.do\/wp-content\/uploads\/2025\/08\/ruidos.jpg?resize=350%2C200&ssl=1 1x, https:\/\/i0.wp.com\/lasprimeras.com.do\/wp-content\/uploads\/2025\/08\/ruidos.jpg?resize=525%2C300&ssl=1 1.5x, https:\/\/i0.wp.com\/lasprimeras.com.do\/wp-content\/uploads\/2025\/08\/ruidos.jpg?resize=700%2C400&ssl=1 2x"},"classes":[]},{"id":70464,"url":"https:\/\/lasprimeras.com.do\/index.php\/2023\/12\/11\/presidente-abinader-rechaza-hablar-de-la-sancion-de-eeuu-a-jean-alain-por-corrupcion\/","url_meta":{"origin":65757,"position":2},"title":"Presidente Abinader rechaza hablar de la sanci\u00f3n de EEUU a Jean Alain por corrupci\u00f3n","author":"Nelson Feliz","date":"11 de diciembre de 2023","format":false,"excerpt":"El presidente de la Rep\u00fablica, Luis Abinader, declin\u00f3 referirse a la sanci\u00f3n que aplic\u00f3 los Estados Unidos contra el exprocurador general de la Rep\u00fablica Jean Alain Rodr\u00edguez por presuntamente cometer actos de corrupci\u00f3n en el pa\u00eds. El exfuncionario es sometido a un juicio junto a otras personas acusadas de desfalcar\u2026","rel":"","context":"En \u00abJUSTICIA\u00bb","block_context":{"text":"JUSTICIA","link":"https:\/\/lasprimeras.com.do\/index.php\/category\/justicia\/"},"img":{"alt_text":"","src":"https:\/\/i0.wp.com\/lasprimeras.com.do\/wp-content\/uploads\/2023\/12\/jean-alainrrrr.jpg?resize=350%2C200&ssl=1","width":350,"height":200},"classes":[]},{"id":109426,"url":"https:\/\/lasprimeras.com.do\/index.php\/2025\/09\/18\/adocco-rechaza-amenaza-de-milagros-ortiz-boch-de-someter-a-su-presidente-a-la-justicia-por-difamacion\/","url_meta":{"origin":65757,"position":3},"title":"ADOCCO rechaza amenaza de Milagros Ortiz Boch de someter a su presidente a la justicia por difamaci\u00f3n","author":"Nelson Feliz","date":"18 de septiembre de 2025","format":false,"excerpt":"La Alianza Dominicana Contra la Corrupci\u00f3n, ADOCCO, rechaz\u00f3 este mi\u00e9rcoles, las amenazas de sometimiento a la justicia por supuesta difamaci\u00f3n a su presidente Julio C\u00e9sar De la Rosa Tiburcio, anunciado por la directora de la Direcci\u00f3n General de \u00c9tica e Integridad Gubernamental, DIGEIG, Milagros Ortiz Boch. La acusaci\u00f3n de Ortiz\u2026","rel":"","context":"En \u00abNACIONALES\u00bb","block_context":{"text":"NACIONALES","link":"https:\/\/lasprimeras.com.do\/index.php\/category\/nacionales\/"},"img":{"alt_text":"","src":"https:\/\/i0.wp.com\/lasprimeras.com.do\/wp-content\/uploads\/2025\/09\/Julio-Cesar-De-la-Rosa-Tiburcio-2.jpg?resize=350%2C200&ssl=1","width":350,"height":200,"srcset":"https:\/\/i0.wp.com\/lasprimeras.com.do\/wp-content\/uploads\/2025\/09\/Julio-Cesar-De-la-Rosa-Tiburcio-2.jpg?resize=350%2C200&ssl=1 1x, https:\/\/i0.wp.com\/lasprimeras.com.do\/wp-content\/uploads\/2025\/09\/Julio-Cesar-De-la-Rosa-Tiburcio-2.jpg?resize=525%2C300&ssl=1 1.5x, https:\/\/i0.wp.com\/lasprimeras.com.do\/wp-content\/uploads\/2025\/09\/Julio-Cesar-De-la-Rosa-Tiburcio-2.jpg?resize=700%2C400&ssl=1 2x"},"classes":[]},{"id":81281,"url":"https:\/\/lasprimeras.com.do\/index.php\/2024\/04\/18\/abinader-realizara-este-lunes-encuentro-la-semanal-con-la-prensa-desde-santiago\/","url_meta":{"origin":65757,"position":4},"title":"Abinader realizar\u00e1 este lunes encuentro LA Semanal con la Prensa desde Santiago","author":"Nelson Feliz","date":"18 de abril de 2024","format":false,"excerpt":"El \u00a0Presidente Luis Abinader realizar\u00e1 este lunes encuentro LA Semanal con los medios de comunicaci\u00f3n de Santiago el pr\u00f3ximo lunes 22 de abril. Este encuentro tendr\u00e1 lugar en el lobby del Gran Teatro del Cibao a las 3:00 de la tarde. Anteriormente LA Semanal con la Prensa ha sido realizada\u2026","rel":"","context":"En \u00abPORTADA\u00bb","block_context":{"text":"PORTADA","link":"https:\/\/lasprimeras.com.do\/index.php\/category\/portada\/"},"img":{"alt_text":"Luis Abinader","src":"https:\/\/i0.wp.com\/lasprimeras.com.do\/wp-content\/uploads\/2024\/04\/Luis-Abinader-11.jpg?resize=350%2C200&ssl=1","width":350,"height":200,"srcset":"https:\/\/i0.wp.com\/lasprimeras.com.do\/wp-content\/uploads\/2024\/04\/Luis-Abinader-11.jpg?resize=350%2C200&ssl=1 1x, https:\/\/i0.wp.com\/lasprimeras.com.do\/wp-content\/uploads\/2024\/04\/Luis-Abinader-11.jpg?resize=525%2C300&ssl=1 1.5x, https:\/\/i0.wp.com\/lasprimeras.com.do\/wp-content\/uploads\/2024\/04\/Luis-Abinader-11.jpg?resize=700%2C400&ssl=1 2x"},"classes":[]},{"id":66415,"url":"https:\/\/lasprimeras.com.do\/index.php\/2023\/11\/06\/abinader-dice-que-en-haiti-hay-mucha-gente-gana-con-la-situacion\/","url_meta":{"origin":65757,"position":5},"title":"Abinader dice que en Hait\u00ed hay mucha gente  &#8220;gana&#8221; con la situaci\u00f3n","author":"Nelson Feliz","date":"6 de noviembre de 2023","format":false,"excerpt":"\"Hay grupos que les gusta eso y se benefician de ese desorden\", dijo el presidente en La Semanal con la Prensa. El presidente de la Rep\u00fablica, Luis Abinader, plante\u00f3 este lunes que en Hait\u00ed hay muchas personas que les interesa que siga el \"desorden\" en esa naci\u00f3n, porque \"gana\" con\u2026","rel":"","context":"En \u00abECONOM\u00cdA\u00bb","block_context":{"text":"ECONOM\u00cdA","link":"https:\/\/lasprimeras.com.do\/index.php\/category\/economia\/"},"img":{"alt_text":"","src":"https:\/\/i0.wp.com\/lasprimeras.com.do\/wp-content\/uploads\/2023\/11\/Abinader-semanal.jpg?resize=350%2C200&ssl=1","width":350,"height":200,"srcset":"https:\/\/i0.wp.com\/lasprimeras.com.do\/wp-content\/uploads\/2023\/11\/Abinader-semanal.jpg?resize=350%2C200&ssl=1 1x, https:\/\/i0.wp.com\/lasprimeras.com.do\/wp-content\/uploads\/2023\/11\/Abinader-semanal.jpg?resize=525%2C300&ssl=1 1.5x, https:\/\/i0.wp.com\/lasprimeras.com.do\/wp-content\/uploads\/2023\/11\/Abinader-semanal.jpg?resize=700%2C400&ssl=1 2x"},"classes":[]}],"jetpack_sharing_enabled":true,"_links":{"self":[{"href":"https:\/\/lasprimeras.com.do\/index.php\/wp-json\/wp\/v2\/posts\/65757","targetHints":{"allow":["GET"]}}],"collection":[{"href":"https:\/\/lasprimeras.com.do\/index.php\/wp-json\/wp\/v2\/posts"}],"about":[{"href":"https:\/\/lasprimeras.com.do\/index.php\/wp-json\/wp\/v2\/types\/post"}],"author":[{"embeddable":true,"href":"https:\/\/lasprimeras.com.do\/index.php\/wp-json\/wp\/v2\/users\/2"}],"replies":[{"embeddable":true,"href":"https:\/\/lasprimeras.com.do\/index.php\/wp-json\/wp\/v2\/comments?post=65757"}],"version-history":[{"count":1,"href":"https:\/\/lasprimeras.com.do\/index.php\/wp-json\/wp\/v2\/posts\/65757\/revisions"}],"predecessor-version":[{"id":65760,"href":"https:\/\/lasprimeras.com.do\/index.php\/wp-json\/wp\/v2\/posts\/65757\/revisions\/65760"}],"wp:featuredmedia":[{"embeddable":true,"href":"https:\/\/lasprimeras.com.do\/index.php\/wp-json\/wp\/v2\/media\/65758"}],"wp:attachment":[{"href":"https:\/\/lasprimeras.com.do\/index.php\/wp-json\/wp\/v2\/media?parent=65757"}],"wp:term":[{"taxonomy":"category","embeddable":true,"href":"https:\/\/lasprimeras.com.do\/index.php\/wp-json\/wp\/v2\/categories?post=65757"},{"taxonomy":"post_tag","embeddable":true,"href":"https:\/\/lasprimeras.com.do\/index.php\/wp-json\/wp\/v2\/tags?post=65757"}],"curies":[{"name":"wp","href":"https:\/\/api.w.org\/{rel}","templated":true}]}}