{"id":65767,"date":"2023-10-31T13:06:28","date_gmt":"2023-10-31T17:06:28","guid":{"rendered":"https:\/\/lasprimeras.com.do\/?p=65767"},"modified":"2023-10-31T13:06:29","modified_gmt":"2023-10-31T17:06:29","slug":"jce-informa-plazos-legales-de-cara-a-elecciones-municipales-en-febrero-de-2024","status":"publish","type":"post","link":"https:\/\/lasprimeras.com.do\/index.php\/2023\/10\/31\/jce-informa-plazos-legales-de-cara-a-elecciones-municipales-en-febrero-de-2024\/","title":{"rendered":"JCE informa plazos legales de cara a elecciones municipales en febrero de 2024"},"content":{"rendered":"\n<p>Por Mart\u00edn Restituyo<\/p>\n\n\n\n<p>La Junta Central Electoral (JCE), con miras a las elecciones municipales de 2024 y en cumplimiento con el calendario electoral, present\u00f3 el cronograma a los partidos, agrupaciones y movimientos pol\u00edticos, as\u00ed como a la ciudadan\u00eda en general, que contiene los plazos legales del mes de noviembre de 2023.<\/p>\n\n\n\n<figure class=\"wp-block-table\"><table><tbody><tr><td><strong>DIA<\/strong><\/td><td><strong>DISPOSICI\u00d3N<\/strong><\/td><td><strong>PLAZO<\/strong><\/td><td><strong>FUENTE<\/strong><\/td><\/tr><tr><td>10<\/td><td>L\u00edmite para dep\u00f3sito solicitudes de fusiones, alianzas o coaliciones.<\/td><td>100 d\u00edas antes de la fecha se\u00f1alada para las pr\u00f3ximas Elecciones Municipales.<\/td><td>Art. 132, Ley 20-23, R\u00e9gimen Electoral.<\/td><\/tr><tr><td>12<\/td><td>L\u00edmite para audiencia sobre las solicitudes de fusiones, alianzas o coaliciones.<\/td><td>48 horas siguientes.<\/td><td>Art. 132, p\u00e1rrafo III, Ley 20-23, R\u00e9gimen Electoral.<\/td><\/tr><tr><td>15<\/td><td>L\u00edmite para decidir sobre las solicitudes de fusiones, alianzas o coaliciones.<\/td><td>Dentro de las siguientes setenta y dos (72) horas.<\/td><td>Art. 132, p\u00e1rrafo III, Ley 20-23, R\u00e9gimen Electoral.<\/td><\/tr><tr><td>20<\/td><td>L\u00edmite para el registro en la JCE de la lista con todos\/as los\/as ciudadanos\/as seleccionados\/as en las asambleas o convenciones.<\/td><td>A m\u00e1s tardar 15 d\u00edas laborables despu\u00e9s de las asambleas o convenciones.<\/td><td>Art. 52, Ley 33-18, de Partidos, Agrupaciones y Movimientos Pol\u00edticos.<\/td><\/tr><tr><td>20<\/td><td>Entrega base de datos del Registro Electoral a partidos pol\u00edticos.<\/td><td>30 d\u00edas despu\u00e9s del cierre.<\/td><td>Art. 20, numeral 21, Ley 20-23, R\u00e9gimen Electoral.<\/td><\/tr><tr><td>20<\/td><td>L\u00edmite para la presentaci\u00f3n de candidaturas municipales.<\/td><td>90 d\u00edas antes.<\/td><td>Art\u00edculo 147 Ley 20-23, R\u00e9gimen Electoral.<\/td><\/tr><\/tbody><\/table><\/figure>\n\n\n\n<figure class=\"wp-block-table\"><table><tbody><tr><td>23<\/td><td>L\u00edmite para la correcci\u00f3n de las listas de candidatos\/as resultantes de asambleas o convenciones, que no cumplan con el 40% &#8211; 60% de hombres y mujeres; 10% de j\u00f3venes.<\/td><td>A m\u00e1s tardar 72 horas despu\u00e9s de depositadas las listas.<\/td><td>Art. 53, p\u00e1rrafo II, Ley 33-18, de Partidos, Agrupaciones y Movimientos Pol\u00edticos.<\/td><\/tr><tr><td>25<\/td><td>Comunicaci\u00f3n a partidos pol\u00edticos de la resoluci\u00f3n sobre fusiones, alianzas y coaliciones.<\/td><td>Dentro de los 10 d\u00edas de haber sido dictada.<\/td><td>Art. 132, p\u00e1rrafo VII, Ley 20-23, R\u00e9gimen Electoral.<\/td><\/tr><tr><td>25<\/td><td>L\u00edmite para el conocimiento y decisi\u00f3n de las propuestas de candidaturas.<\/td><td>5 d\u00edas que sigan a su presentaci\u00f3n.<\/td><td>Art. 150, Ley 20-23, R\u00e9gimen Electoral.<\/td><\/tr><tr><td>26<\/td><td>L\u00edmite para la publicaci\u00f3n de candidatos(as) en tablilla.<\/td><td>24 horas siguientes.<\/td><td>Art. 148, Ley 20-23, R\u00e9gimen Electoral.<\/td><\/tr><tr><td>26<\/td><td>Comunicaci\u00f3n a partidos pol\u00edticos en Juntas Electorales de la resoluci\u00f3n sobre la decisi\u00f3n de candidaturas.<\/td><td>Dentro de las 24 horas siguientes.<\/td><td>Art. 150, p\u00e1rrafo I, Ley 20-23, R\u00e9gimen Electoral.<\/td><\/tr><tr><td>28<\/td><td>Comunicaci\u00f3n y publicaci\u00f3n a Juntas Electorales y partidos pol\u00edticos de las candidaturas admitidas.<\/td><td>48 horas de haberlas admitido.<\/td><td>Art. 155, Ley 20-23, R\u00e9gimen Electoral.<\/td><\/tr><\/tbody><\/table><\/figure>\n","protected":false},"excerpt":{"rendered":"<p>Por Mart\u00edn Restituyo La Junta Central Electoral (JCE), con miras a las elecciones municipales de 2024 y en cumplimiento con el calendario electoral, present\u00f3 el cronograma a los partidos, agrupaciones&hellip;<\/p>\n","protected":false},"author":2,"featured_media":56174,"comment_status":"open","ping_status":"open","sticky":false,"template":"","format":"standard","meta":{"content-type":"","jetpack_post_was_ever_published":false,"_jetpack_newsletter_access":"","_jetpack_dont_email_post_to_subs":false,"_jetpack_newsletter_tier_id":0,"_jetpack_memberships_contains_paywalled_content":false,"_jetpack_memberships_contains_paid_content":false,"footnotes":""},"categories":[35,25],"tags":[182,9083,183,858,9082],"class_list":["post-65767","post","type-post","status-publish","format-standard","has-post-thumbnail","hentry","category-nacionales","category-portada","tag-elecciones","tag-febrero-de-2024","tag-jce","tag-municipales","tag-plazos-legales"],"jetpack_featured_media_url":"https:\/\/lasprimeras.com.do\/wp-content\/uploads\/2023\/07\/JCE.jpg","jetpack-related-posts":[{"id":65839,"url":"https:\/\/lasprimeras.com.do\/index.php\/2023\/11\/01\/partidos-tienen-diez-dias-para-formalizar-alianzas-de-febrero\/","url_meta":{"origin":65767,"position":0},"title":"Partidos tienen diez d\u00edas para formalizar alianzas de febrero","author":"BIMARY DE JES\u00daS Matos","date":"1 de noviembre de 2023","format":false,"excerpt":"Santo Domingo.-Los partidos pol\u00edticos que tienen planes de acudir en alianza para las elecciones municipales tienen como fecha l\u00edmite el 10 de este mes para depositar las propuestas ante la Junta Central Electoral (JCE) conforme el art\u00edculo 132 de la Ley 20\/23 del R\u00e9gimen Electoral. \u201cLa solicitud de aprobaci\u00f3n de\u2026","rel":"","context":"En \u00abSin categor\u00eda\u00bb","block_context":{"text":"Sin categor\u00eda","link":"https:\/\/lasprimeras.com.do\/index.php\/category\/sin-categoria\/"},"img":{"alt_text":"","src":"https:\/\/i0.wp.com\/lasprimeras.com.do\/wp-content\/uploads\/2023\/11\/WhatsApp-Image-2023-10-30-at-2.58.48-PM-1.jpeg?resize=350%2C200&ssl=1","width":350,"height":200,"srcset":"https:\/\/i0.wp.com\/lasprimeras.com.do\/wp-content\/uploads\/2023\/11\/WhatsApp-Image-2023-10-30-at-2.58.48-PM-1.jpeg?resize=350%2C200&ssl=1 1x, https:\/\/i0.wp.com\/lasprimeras.com.do\/wp-content\/uploads\/2023\/11\/WhatsApp-Image-2023-10-30-at-2.58.48-PM-1.jpeg?resize=525%2C300&ssl=1 1.5x, https:\/\/i0.wp.com\/lasprimeras.com.do\/wp-content\/uploads\/2023\/11\/WhatsApp-Image-2023-10-30-at-2.58.48-PM-1.jpeg?resize=700%2C400&ssl=1 2x"},"classes":[]},{"id":77332,"url":"https:\/\/lasprimeras.com.do\/index.php\/2024\/02\/20\/partidos-tienen-hasta-el-viernes-para-notificar-alianzas-a-la-jce\/","url_meta":{"origin":65767,"position":1},"title":"Partidos tienen hasta el viernes para notificar alianzas a la JCE","author":"BIMARY DE JES\u00daS Matos","date":"20 de febrero de 2024","format":false,"excerpt":"Santo Domingo.-En medio del conteo de votos de las\u00a0elecciones\u00a0municipales y todav\u00eda con la\u00a0resaca\u00a0de los resultados, el tiempo apremia para las\u00a0alianzas\u00a0de los\u00a0partidos\u00a0de cara a los\u00a0comicios\u00a0presidenciales\u00a0y congresuales del 19 de mayo pr\u00f3ximo. Conforme a la\u00a0Ley\u00a020-23 de R\u00e9gimen Electoral, las organizaciones, tienen hasta el pr\u00f3ximo viernes 23, como fecha l\u00edmite para depositar las\u2026","rel":"","context":"En \u00abSin categor\u00eda\u00bb","block_context":{"text":"Sin categor\u00eda","link":"https:\/\/lasprimeras.com.do\/index.php\/category\/sin-categoria\/"},"img":{"alt_text":"","src":"https:\/\/i0.wp.com\/lasprimeras.com.do\/wp-content\/uploads\/2024\/02\/imagen-whatsapp-image-2022-11-28-at-115839-am-bce89b68-focus-0-0-895-573-focus-0-0-375-240.jpg?resize=350%2C200&ssl=1","width":350,"height":200},"classes":[]},{"id":67299,"url":"https:\/\/lasprimeras.com.do\/index.php\/2023\/11\/14\/jce-otorga-plazo-para-correcciones-o-reparos-de-pactos-politicos\/","url_meta":{"origin":65767,"position":2},"title":"JCE otorga plazo para correcciones o reparos de pactos pol\u00edticos","author":"Nelson Feliz","date":"14 de noviembre de 2023","format":false,"excerpt":"Extiende hasta el 24 de noviembre el registro de las candidaturas municipales en Juntas Electorales. La Junta Central Electoral (JCE) realiz\u00f3 este martes una audiencia p\u00fablica con las organizaciones pol\u00edticas, con el objetivo de conocer sobre las alianzas, fusiones y coaliciones para las elecciones municipales del 18 de febrero de\u2026","rel":"","context":"En \u00abPORTADA\u00bb","block_context":{"text":"PORTADA","link":"https:\/\/lasprimeras.com.do\/index.php\/category\/portada\/"},"img":{"alt_text":"","src":"https:\/\/i0.wp.com\/lasprimeras.com.do\/wp-content\/uploads\/2023\/11\/Roman-Jaquez.jpg?resize=350%2C200&ssl=1","width":350,"height":200},"classes":[]},{"id":123087,"url":"https:\/\/lasprimeras.com.do\/index.php\/2026\/02\/25\/jce-presenta-calendario-electoral-para-las-elecciones-de-2028\/","url_meta":{"origin":65767,"position":3},"title":"JCE presenta calendario electoral para las elecciones de 2028","author":"Nelson Feliz","date":"25 de febrero de 2026","format":false,"excerpt":"La Junta Central Electoral,tambi\u00e9n presento el Libro de Resultados Electorales 2024 La Junta Central Electoral (JCE), a trav\u00e9s de su Direcci\u00f3n Nacional de Elecciones, present\u00f3 este mi\u00e9rcoles a los partidos, agrupaciones y movimientos pol\u00edticos reconocidos ante la instituci\u00f3n, la sociedad civil y medios de comunicaci\u00f3n, el calendario de actividades administrativas\u2026","rel":"","context":"En \u00abNACIONALES\u00bb","block_context":{"text":"NACIONALES","link":"https:\/\/lasprimeras.com.do\/index.php\/category\/nacionales\/"},"img":{"alt_text":"","src":"https:\/\/i0.wp.com\/lasprimeras.com.do\/wp-content\/uploads\/2026\/02\/Calendario-03.jpg?resize=350%2C200&ssl=1","width":350,"height":200,"srcset":"https:\/\/i0.wp.com\/lasprimeras.com.do\/wp-content\/uploads\/2026\/02\/Calendario-03.jpg?resize=350%2C200&ssl=1 1x, https:\/\/i0.wp.com\/lasprimeras.com.do\/wp-content\/uploads\/2026\/02\/Calendario-03.jpg?resize=525%2C300&ssl=1 1.5x, https:\/\/i0.wp.com\/lasprimeras.com.do\/wp-content\/uploads\/2026\/02\/Calendario-03.jpg?resize=700%2C400&ssl=1 2x"},"classes":[]},{"id":68907,"url":"https:\/\/lasprimeras.com.do\/index.php\/2023\/11\/28\/jce-extiende-por-tercera-vez-presentacion-de-candidaturas-municipales\/","url_meta":{"origin":65767,"position":4},"title":"JCE extiende por tercera vez presentaci\u00f3n de candidaturas municipales","author":"Nelson Feliz","date":"28 de noviembre de 2023","format":false,"excerpt":"Los partidos tienen hasta el viernes 1 de diciembre a las 8:00 de la noche para depositar las candidaturas. Luego de analizar las solicitudes de varios partidos pol\u00edticos, la Junta Central Electoral decidi\u00f3 extender el plazo para la presentaci\u00f3n de candidaturas municipales hasta el pr\u00f3ximo viernes 1 de diciembre a\u2026","rel":"","context":"En \u00abPORTADA\u00bb","block_context":{"text":"PORTADA","link":"https:\/\/lasprimeras.com.do\/index.php\/category\/portada\/"},"img":{"alt_text":"","src":"https:\/\/i0.wp.com\/lasprimeras.com.do\/wp-content\/uploads\/2023\/11\/WhatsApp-Image-2023-11-28-at-2.37.56-PM-2.jpeg?resize=350%2C200&ssl=1","width":350,"height":200,"srcset":"https:\/\/i0.wp.com\/lasprimeras.com.do\/wp-content\/uploads\/2023\/11\/WhatsApp-Image-2023-11-28-at-2.37.56-PM-2.jpeg?resize=350%2C200&ssl=1 1x, https:\/\/i0.wp.com\/lasprimeras.com.do\/wp-content\/uploads\/2023\/11\/WhatsApp-Image-2023-11-28-at-2.37.56-PM-2.jpeg?resize=525%2C300&ssl=1 1.5x"},"classes":[]},{"id":72896,"url":"https:\/\/lasprimeras.com.do\/index.php\/2024\/01\/04\/jce-completa-listado-de-colegios-electorales\/","url_meta":{"origin":65767,"position":5},"title":"JCE completa listado de colegios electorales","author":"BIMARY DE JES\u00daS Matos","date":"4 de enero de 2024","format":false,"excerpt":"SANTO DOMINGO.-La delimitaci\u00f3n de los lugares donde funcionar\u00e1n los colegios electorales y la prohibici\u00f3n de actos inaugurales del Gobierno central y las alcald\u00edas, son los plazos legales que, para fines de montaje de las elecciones municipales, vencen este mes de enero. Este jueves, vence el plazo para anunciar la ubicaci\u00f3n\u2026","rel":"","context":"En \u00abSin categor\u00eda\u00bb","block_context":{"text":"Sin categor\u00eda","link":"https:\/\/lasprimeras.com.do\/index.php\/category\/sin-categoria\/"},"img":{"alt_text":"","src":"https:\/\/i0.wp.com\/lasprimeras.com.do\/wp-content\/uploads\/2024\/01\/WhatsApp-Image-2024-01-03-at-11.55.29-PM-2.webp?resize=350%2C200&ssl=1","width":350,"height":200,"srcset":"https:\/\/i0.wp.com\/lasprimeras.com.do\/wp-content\/uploads\/2024\/01\/WhatsApp-Image-2024-01-03-at-11.55.29-PM-2.webp?resize=350%2C200&ssl=1 1x, https:\/\/i0.wp.com\/lasprimeras.com.do\/wp-content\/uploads\/2024\/01\/WhatsApp-Image-2024-01-03-at-11.55.29-PM-2.webp?resize=525%2C300&ssl=1 1.5x"},"classes":[]}],"jetpack_sharing_enabled":true,"_links":{"self":[{"href":"https:\/\/lasprimeras.com.do\/index.php\/wp-json\/wp\/v2\/posts\/65767","targetHints":{"allow":["GET"]}}],"collection":[{"href":"https:\/\/lasprimeras.com.do\/index.php\/wp-json\/wp\/v2\/posts"}],"about":[{"href":"https:\/\/lasprimeras.com.do\/index.php\/wp-json\/wp\/v2\/types\/post"}],"author":[{"embeddable":true,"href":"https:\/\/lasprimeras.com.do\/index.php\/wp-json\/wp\/v2\/users\/2"}],"replies":[{"embeddable":true,"href":"https:\/\/lasprimeras.com.do\/index.php\/wp-json\/wp\/v2\/comments?post=65767"}],"version-history":[{"count":1,"href":"https:\/\/lasprimeras.com.do\/index.php\/wp-json\/wp\/v2\/posts\/65767\/revisions"}],"predecessor-version":[{"id":65768,"href":"https:\/\/lasprimeras.com.do\/index.php\/wp-json\/wp\/v2\/posts\/65767\/revisions\/65768"}],"wp:featuredmedia":[{"embeddable":true,"href":"https:\/\/lasprimeras.com.do\/index.php\/wp-json\/wp\/v2\/media\/56174"}],"wp:attachment":[{"href":"https:\/\/lasprimeras.com.do\/index.php\/wp-json\/wp\/v2\/media?parent=65767"}],"wp:term":[{"taxonomy":"category","embeddable":true,"href":"https:\/\/lasprimeras.com.do\/index.php\/wp-json\/wp\/v2\/categories?post=65767"},{"taxonomy":"post_tag","embeddable":true,"href":"https:\/\/lasprimeras.com.do\/index.php\/wp-json\/wp\/v2\/tags?post=65767"}],"curies":[{"name":"wp","href":"https:\/\/api.w.org\/{rel}","templated":true}]}}