{"id":65787,"date":"2023-10-31T14:19:56","date_gmt":"2023-10-31T18:19:56","guid":{"rendered":"https:\/\/lasprimeras.com.do\/?p=65787"},"modified":"2023-10-31T14:19:58","modified_gmt":"2023-10-31T18:19:58","slug":"comerciantes-de-provisiones-alertan-sobre-aumento-en-precios-del-arroz-y-piden-al-gobierno-actuar","status":"publish","type":"post","link":"https:\/\/lasprimeras.com.do\/index.php\/2023\/10\/31\/comerciantes-de-provisiones-alertan-sobre-aumento-en-precios-del-arroz-y-piden-al-gobierno-actuar\/","title":{"rendered":"Comerciantes de provisiones alertan sobre aumento en precios del arroz y piden al Gobierno actuar"},"content":{"rendered":"\n<p>Santo Domingo.-El segundo vicepresidente del Consejo Nacional del Comercio en Provisiones (CNCP), Tom\u00e1s Marcano, advirti\u00f3 sobre los constantes aumentos en los precios del arroz y llam\u00f3 al Gobierno a tomar las medidas necesarias, ya que esto afecta a las clases m\u00e1s pobres del pa\u00eds.<\/p>\n\n\n\n<p>Marcano dijo que el precio del arroz se le ha ido un poco de las manos a las autoridades, de acuerdo con una nota de prensa .<\/p>\n\n\n\n<p>\u201cEl Gobierno debe tomar previsi\u00f3n sobre el arroz, ya que este producto realmente se ha ido un poco de las manos y est\u00e1 caro. Cada semana est\u00e1 subiendo 100, 200 y hasta 250 pesos el saco\u00bb, manifest\u00f3 el comerciante en la inauguraci\u00f3n del supermercado Dunia, en Sabana Perdida, Santo Domingo Norte.<\/p>\n\n\n\n<p>Sostuvo que estos aumentos en el principal alimento de la comida dominicana vienen siendo de forma frecuente.<\/p>\n\n\n\n<p>\u201cCada vez que tenemos que abastecernos con la factor\u00eda de arroz vemos que el producto sube. Aumenta 100, 150 y 250 pesos un saco\u2026 Esto se traduce en que el consumidor percibe un incremento de RD$ 2.00 y RD$1.50 en la libra\u201d, destac\u00f3.<\/p>\n\n\n\n<p>Marcano indic\u00f3 que esos aumentos afectan a\u00fan m\u00e1s a los pobres, ya que \u201cel salario es el mismo y el presupuesto se le sale de las manos\u201d.<\/p>\n\n\n\n<p>Consider\u00f3 que en caso de que no haya bastante arroz en los almacenes de los productores, las autoridades deber\u00edan permitir la importaci\u00f3n, con cero aranceles para que pueda bajar el precio de este producto.<\/p>\n\n\n\n<p>Tambi\u00e9n recomend\u00f3 que el arroz importado llegue al sector comercial organizado, ya que cuando se desvirt\u00faa ese programa se benefician particulares que no tienen que ver con el sector, lo que hace que los precios no bajen.<\/p>\n","protected":false},"excerpt":{"rendered":"<p>Santo Domingo.-El segundo vicepresidente del Consejo Nacional del Comercio en Provisiones (CNCP), Tom\u00e1s Marcano, advirti\u00f3 sobre los constantes aumentos en los precios del arroz y llam\u00f3 al Gobierno a tomar&hellip;<\/p>\n","protected":false},"author":3,"featured_media":65788,"comment_status":"open","ping_status":"open","sticky":false,"template":"","format":"standard","meta":{"content-type":"","jetpack_post_was_ever_published":false,"_jetpack_newsletter_access":"","_jetpack_dont_email_post_to_subs":false,"_jetpack_newsletter_tier_id":0,"_jetpack_memberships_contains_paywalled_content":false,"_jetpack_memberships_contains_paid_content":false,"footnotes":""},"categories":[25],"tags":[1449],"class_list":["post-65787","post","type-post","status-publish","format-standard","has-post-thumbnail","hentry","category-portada","tag-comerciantes"],"jetpack_featured_media_url":"https:\/\/lasprimeras.com.do\/wp-content\/uploads\/2023\/10\/WhatsApp-Image-2023-10-30-at-2.58.48-PM-3.jpeg","jetpack-related-posts":[{"id":65796,"url":"https:\/\/lasprimeras.com.do\/index.php\/2023\/10\/31\/comerciantes-alertan-sobre-aumentos-de-precios-del-arroz-y-piden-al-gobierno-actuar\/","url_meta":{"origin":65787,"position":0},"title":"Comerciantes alertan sobre aumentos de precios del arroz y piden al Gobierno actuar","author":"Nelson Feliz","date":"31 de octubre de 2023","format":false,"excerpt":"El segundo vicepresidente del Consejo Nacional del Comercio en Provisiones (CNCP), Tom\u00e1s Marcano, advirti\u00f3 sobre los constantes aumentos en los precios del arroz y llam\u00f3 al Gobierno a tomar las medidas necesarias, ya que esto afecta a las clases m\u00e1s pobres del pa\u00eds. Al hablar a los medios de comunicaci\u00f3n\u2026","rel":"","context":"En \u00abECONOM\u00cdA\u00bb","block_context":{"text":"ECONOM\u00cdA","link":"https:\/\/lasprimeras.com.do\/index.php\/category\/economia\/"},"img":{"alt_text":"","src":"https:\/\/i0.wp.com\/lasprimeras.com.do\/wp-content\/uploads\/2023\/10\/esta-1.jpg?resize=350%2C200&ssl=1","width":350,"height":200,"srcset":"https:\/\/i0.wp.com\/lasprimeras.com.do\/wp-content\/uploads\/2023\/10\/esta-1.jpg?resize=350%2C200&ssl=1 1x, https:\/\/i0.wp.com\/lasprimeras.com.do\/wp-content\/uploads\/2023\/10\/esta-1.jpg?resize=525%2C300&ssl=1 1.5x, https:\/\/i0.wp.com\/lasprimeras.com.do\/wp-content\/uploads\/2023\/10\/esta-1.jpg?resize=700%2C400&ssl=1 2x"},"classes":[]},{"id":66114,"url":"https:\/\/lasprimeras.com.do\/index.php\/2023\/11\/03\/comerciantes-alertan-sobre-alza-precios-del-arroz-piden-medidas\/","url_meta":{"origin":65787,"position":1},"title":"Comerciantes alertan sobre alza precios del arroz; piden medidas","author":"BIMARY DE JES\u00daS Matos","date":"3 de noviembre de 2023","format":false,"excerpt":"SANTO DOMINGO.- El segundo vicepresidente del Consejo Nacional del Comercio en Provisiones (CNCP), Tom\u00e1s Marcano, llam\u00f3 al Gobierno a adoptar medidas para frenar el incremento del precio de este rubro. \u201cCada vez que tenemos que abastecernos con la factor\u00eda de arroz vemos que el producto sube. Aumenta 100, 150 y\u2026","rel":"","context":"En \u00abECONOM\u00cdA\u00bb","block_context":{"text":"ECONOM\u00cdA","link":"https:\/\/lasprimeras.com.do\/index.php\/category\/economia\/"},"img":{"alt_text":"","src":"https:\/\/i0.wp.com\/lasprimeras.com.do\/wp-content\/uploads\/2023\/11\/WhatsApp-Image-2023-11-02-at-7.42.09-PM-3.jpeg?resize=350%2C200&ssl=1","width":350,"height":200,"srcset":"https:\/\/i0.wp.com\/lasprimeras.com.do\/wp-content\/uploads\/2023\/11\/WhatsApp-Image-2023-11-02-at-7.42.09-PM-3.jpeg?resize=350%2C200&ssl=1 1x, https:\/\/i0.wp.com\/lasprimeras.com.do\/wp-content\/uploads\/2023\/11\/WhatsApp-Image-2023-11-02-at-7.42.09-PM-3.jpeg?resize=525%2C300&ssl=1 1.5x, https:\/\/i0.wp.com\/lasprimeras.com.do\/wp-content\/uploads\/2023\/11\/WhatsApp-Image-2023-11-02-at-7.42.09-PM-3.jpeg?resize=700%2C400&ssl=1 2x"},"classes":[]},{"id":86056,"url":"https:\/\/lasprimeras.com.do\/index.php\/2024\/07\/16\/amaprosado-confirma-arroz-ha-aumentado-permanentemente-este-ano\/","url_meta":{"origin":65787,"position":2},"title":"AMAPROSADO confirma arroz ha aumentado permanentemente este a\u00f1o","author":"Nelson Feliz","date":"16 de julio de 2024","format":false,"excerpt":"La Asociaci\u00f3n de Mayoristas de Provisiones de Santo Domingo (Amaprosado), Andr\u00e9s Cosma, sostuvo hoy que el precio del arroz ha aumentado permanentemente en los \u00faltimos meses, afectando a la poblaci\u00f3n dominicana. Cosma, manifest\u00f3 que el saco de 125 libras de arroz, se est\u00e1 comercializando a RD $4,100.00 pesos, lo que\u2026","rel":"","context":"En \u00abSin categor\u00eda\u00bb","block_context":{"text":"Sin categor\u00eda","link":"https:\/\/lasprimeras.com.do\/index.php\/category\/sin-categoria\/"},"img":{"alt_text":"Andr\u00e9s Cosma","src":"https:\/\/i0.wp.com\/lasprimeras.com.do\/wp-content\/uploads\/2024\/06\/Andres-Cosma.jpg?resize=350%2C200&ssl=1","width":350,"height":200,"srcset":"https:\/\/i0.wp.com\/lasprimeras.com.do\/wp-content\/uploads\/2024\/06\/Andres-Cosma.jpg?resize=350%2C200&ssl=1 1x, https:\/\/i0.wp.com\/lasprimeras.com.do\/wp-content\/uploads\/2024\/06\/Andres-Cosma.jpg?resize=525%2C300&ssl=1 1.5x, https:\/\/i0.wp.com\/lasprimeras.com.do\/wp-content\/uploads\/2024\/06\/Andres-Cosma.jpg?resize=700%2C400&ssl=1 2x"},"classes":[]},{"id":86092,"url":"https:\/\/lasprimeras.com.do\/index.php\/2024\/07\/18\/amaprosado-confirma-tiene-suficiente-arroz-para-abastecer-la-poblacion\/","url_meta":{"origin":65787,"position":3},"title":"AMAPROSADO confirma tiene suficiente arroz para abastecer la poblaci\u00f3n","author":"Nelson Feliz","date":"18 de julio de 2024","format":false,"excerpt":"La Asociaci\u00f3n de Mayoristas de Provisiones de Santo Domingo (Amaprosado), Andr\u00e9s Cosma, sostuvo hoy que el comercio mayorista cuenta con suficiente arroz en sus almacenes para abastecer a la poblaci\u00f3n dominicana, a un precio menor al que se est\u00e1 comercializando actualmente. Cosma, agradeci\u00f3 al Ministro de Industria y Comercio V\u00edctor\u2026","rel":"","context":"En \u00abECONOM\u00cdA\u00bb","block_context":{"text":"ECONOM\u00cdA","link":"https:\/\/lasprimeras.com.do\/index.php\/category\/economia\/"},"img":{"alt_text":"","src":"https:\/\/i0.wp.com\/lasprimeras.com.do\/wp-content\/uploads\/2024\/07\/Andres-Cosma.jpeg?resize=350%2C200&ssl=1","width":350,"height":200,"srcset":"https:\/\/i0.wp.com\/lasprimeras.com.do\/wp-content\/uploads\/2024\/07\/Andres-Cosma.jpeg?resize=350%2C200&ssl=1 1x, https:\/\/i0.wp.com\/lasprimeras.com.do\/wp-content\/uploads\/2024\/07\/Andres-Cosma.jpeg?resize=525%2C300&ssl=1 1.5x, https:\/\/i0.wp.com\/lasprimeras.com.do\/wp-content\/uploads\/2024\/07\/Andres-Cosma.jpeg?resize=700%2C400&ssl=1 2x"},"classes":[]},{"id":84631,"url":"https:\/\/lasprimeras.com.do\/index.php\/2024\/06\/12\/comerciantes-detallistas-rechazan-aumento-indiscriminado-del-arroz-y-piden-al-gobierno-intervenir\/","url_meta":{"origin":65787,"position":4},"title":"Comerciantes detallistas rechazan aumento indiscriminado del arroz y piden al Gobierno intervenir","author":"Nelson Feliz","date":"12 de junio de 2024","format":false,"excerpt":"Aseguraron que la exclusi\u00f3n que enfrenta el sector por parte del Ministerio de Agricultura, les impide mantener la estabilidad del precio del cereal y la cebolla. El sector que agrupa a decenas\u00a0 de comerciantes detallistas quienes ofrecen sus productos en distintos puntos del pa\u00eds, rechaz\u00f3 el aumento indiscriminado que presenta\u2026","rel":"","context":"En \u00abECONOM\u00cdA\u00bb","block_context":{"text":"ECONOM\u00cdA","link":"https:\/\/lasprimeras.com.do\/index.php\/category\/economia\/"},"img":{"alt_text":"","src":"","width":0,"height":0},"classes":[]},{"id":65793,"url":"https:\/\/lasprimeras.com.do\/index.php\/2023\/10\/31\/inauguran-supermercado-dunia-en-sabana-perdida-santo-domingo-norte\/","url_meta":{"origin":65787,"position":5},"title":"Inauguran supermercado Dunia en Sabana Perdida, Santo Domingo Norte","author":"Nelson Feliz","date":"31 de octubre de 2023","format":false,"excerpt":"Con la asistencia de diversos comerciantes a nivel nacional y de la comunidad, fue inaugurada la sucursal del supermercado Dunia, en Sabana Perdida, Santo Domingo Norte. La nueva sucursal generar\u00e1 m\u00e1s de 50 nuevos empleos directos y m\u00e1s de 200 de forma indirecta para un total de 250, inform\u00f3 Tom\u00e1s\u2026","rel":"","context":"En \u00abENTRETENIMIENTO\u00bb","block_context":{"text":"ENTRETENIMIENTO","link":"https:\/\/lasprimeras.com.do\/index.php\/category\/entretenimiento\/"},"img":{"alt_text":"comer","src":"https:\/\/i0.wp.com\/lasprimeras.com.do\/wp-content\/uploads\/2023\/10\/comer-1.jpg?resize=350%2C200&ssl=1","width":350,"height":200,"srcset":"https:\/\/i0.wp.com\/lasprimeras.com.do\/wp-content\/uploads\/2023\/10\/comer-1.jpg?resize=350%2C200&ssl=1 1x, https:\/\/i0.wp.com\/lasprimeras.com.do\/wp-content\/uploads\/2023\/10\/comer-1.jpg?resize=525%2C300&ssl=1 1.5x, https:\/\/i0.wp.com\/lasprimeras.com.do\/wp-content\/uploads\/2023\/10\/comer-1.jpg?resize=700%2C400&ssl=1 2x"},"classes":[]}],"jetpack_sharing_enabled":true,"_links":{"self":[{"href":"https:\/\/lasprimeras.com.do\/index.php\/wp-json\/wp\/v2\/posts\/65787","targetHints":{"allow":["GET"]}}],"collection":[{"href":"https:\/\/lasprimeras.com.do\/index.php\/wp-json\/wp\/v2\/posts"}],"about":[{"href":"https:\/\/lasprimeras.com.do\/index.php\/wp-json\/wp\/v2\/types\/post"}],"author":[{"embeddable":true,"href":"https:\/\/lasprimeras.com.do\/index.php\/wp-json\/wp\/v2\/users\/3"}],"replies":[{"embeddable":true,"href":"https:\/\/lasprimeras.com.do\/index.php\/wp-json\/wp\/v2\/comments?post=65787"}],"version-history":[{"count":1,"href":"https:\/\/lasprimeras.com.do\/index.php\/wp-json\/wp\/v2\/posts\/65787\/revisions"}],"predecessor-version":[{"id":65789,"href":"https:\/\/lasprimeras.com.do\/index.php\/wp-json\/wp\/v2\/posts\/65787\/revisions\/65789"}],"wp:featuredmedia":[{"embeddable":true,"href":"https:\/\/lasprimeras.com.do\/index.php\/wp-json\/wp\/v2\/media\/65788"}],"wp:attachment":[{"href":"https:\/\/lasprimeras.com.do\/index.php\/wp-json\/wp\/v2\/media?parent=65787"}],"wp:term":[{"taxonomy":"category","embeddable":true,"href":"https:\/\/lasprimeras.com.do\/index.php\/wp-json\/wp\/v2\/categories?post=65787"},{"taxonomy":"post_tag","embeddable":true,"href":"https:\/\/lasprimeras.com.do\/index.php\/wp-json\/wp\/v2\/tags?post=65787"}],"curies":[{"name":"wp","href":"https:\/\/api.w.org\/{rel}","templated":true}]}}