{"id":66127,"date":"2023-11-03T07:02:32","date_gmt":"2023-11-03T11:02:32","guid":{"rendered":"https:\/\/lasprimeras.com.do\/?p=66127"},"modified":"2023-11-03T07:02:34","modified_gmt":"2023-11-03T11:02:34","slug":"licey-lamenta-profundamente-fallecimiento-de-don-pepe-busto","status":"publish","type":"post","link":"https:\/\/lasprimeras.com.do\/index.php\/2023\/11\/03\/licey-lamenta-profundamente-fallecimiento-de-don-pepe-busto\/","title":{"rendered":"Licey lamenta profundamente fallecimiento de Don Pepe Busto"},"content":{"rendered":"\n<p><strong>Fue presidente del equipo durante tres per\u00edodos corridos.<\/strong><\/p>\n\n\n\n<p>El Club Atl\u00e9tico Licey lamenta profundamente el deceso de Don Jos\u00e9 Manuel Busto (Pepe) quien fue presidente del glorioso equipo azul durante tres per\u00edodos en forma consecutiva.<\/p>\n\n\n\n<p>\u201cLa partida de Don Pepe nos entristece de forma total debido a su entrega a la causa azul durante los a\u00f1os que estuvo al frente del club, su identificaci\u00f3n plena y los aportes que realiz\u00f3 como cabeza de la directiva en ese tiempo. La organizaci\u00f3n est\u00e1 de luto y expresa su m\u00e1s sentido sentimiento a sus familiares directos as\u00ed como a su familia grande, el glorioso Licey\u201d, expres\u00f3 el presidente de la organizaci\u00f3n, Ricardo Ravelo Jana.<\/p>\n\n\n\n<p>Don Pepe ocup\u00f3 la presidencia de los Tigres durante los per\u00edodos correspondientes a 2005-2007, 2007-2009 y 2009-2011. Tuvo una participaci\u00f3n activa con el equipo desde la d\u00e9cada de 1970.<\/p>\n\n\n\n<p>Durante su gesti\u00f3n, el Licey logr\u00f3 obtener los campeonatos nacionales correspondientes a los torneos de 2005-2006 y 2008-2009, as\u00ed como la Serie del Caribe del 2008 celebrada en Santiago de los Caballeros.<\/p>\n","protected":false},"excerpt":{"rendered":"<p>Fue presidente del equipo durante tres per\u00edodos corridos. El Club Atl\u00e9tico Licey lamenta profundamente el deceso de Don Jos\u00e9 Manuel Busto (Pepe) quien fue presidente del glorioso equipo azul durante&hellip;<\/p>\n","protected":false},"author":2,"featured_media":66128,"comment_status":"open","ping_status":"open","sticky":false,"template":"","format":"standard","meta":{"content-type":"","jetpack_post_was_ever_published":false,"_jetpack_newsletter_access":"","_jetpack_dont_email_post_to_subs":false,"_jetpack_newsletter_tier_id":0,"_jetpack_memberships_contains_paywalled_content":false,"_jetpack_memberships_contains_paid_content":false,"footnotes":""},"categories":[1],"tags":[9170,1065,7548],"class_list":["post-66127","post","type-post","status-publish","format-standard","has-post-thumbnail","hentry","category-sin-categoria","tag-don-pepe-busto","tag-fallecimiento","tag-licey"],"jetpack_featured_media_url":"https:\/\/lasprimeras.com.do\/wp-content\/uploads\/2023\/11\/Don-Pepe-Busto.jpg","jetpack-related-posts":[{"id":117246,"url":"https:\/\/lasprimeras.com.do\/index.php\/2025\/12\/09\/juan-soto-entrena-en-el-estadio-quisqueya-en-medio-de-expectativas-de-jugar-con-el-licey\/","url_meta":{"origin":66127,"position":0},"title":"Juan Soto entrena en el Estadio Quisqueya en medio de expectativas de jugar con el Licey","author":"Nelson Feliz","date":"9 de diciembre de 2025","format":false,"excerpt":"El estelar jardinero de los New York Mets, Juan Soto, gener\u00f3 gran revuelo al ser visto practicando este martes en las instalaciones del Estadio Quisqueya Juan Marichal, de Santo Domingo, Republieca Dominicana. La presencia de Soto en el terreno, mientras se encuentra en el pa\u00eds luego de su productiva temporada\u2026","rel":"","context":"En \u00abDEPORTES\u00bb","block_context":{"text":"DEPORTES","link":"https:\/\/lasprimeras.com.do\/index.php\/category\/deportes\/"},"img":{"alt_text":"Juan Soto","src":"https:\/\/i0.wp.com\/lasprimeras.com.do\/wp-content\/uploads\/2025\/12\/Juan-Soto.jpg?resize=350%2C200&ssl=1","width":350,"height":200,"srcset":"https:\/\/i0.wp.com\/lasprimeras.com.do\/wp-content\/uploads\/2025\/12\/Juan-Soto.jpg?resize=350%2C200&ssl=1 1x, https:\/\/i0.wp.com\/lasprimeras.com.do\/wp-content\/uploads\/2025\/12\/Juan-Soto.jpg?resize=525%2C300&ssl=1 1.5x, https:\/\/i0.wp.com\/lasprimeras.com.do\/wp-content\/uploads\/2025\/12\/Juan-Soto.jpg?resize=700%2C400&ssl=1 2x"},"classes":[]},{"id":77073,"url":"https:\/\/lasprimeras.com.do\/index.php\/2024\/02\/17\/fallecio-el-promotor-del-deporte-dominicano-reynaldo-papi-bisono\/","url_meta":{"origin":66127,"position":1},"title":"Falleci\u00f3 el promotor del deporte dominicano Reynaldo \u00abPapi\u00bb Bison\u00f3","author":"Nelson Feliz","date":"17 de febrero de 2024","format":false,"excerpt":"El deporte de Rep\u00fablica Dominicana est\u00e1 de luto ante la muerte este s\u00e1bado de Reynaldo \u00a8Papi\u00a8 Bison\u00f3, primer comisionado de b\u00e9isbol del pa\u00eds y presidente de las \u00c1guilas Cibae\u00f1as. Bison\u00f3 falleci\u00f3 a los 92 a\u00f1os. Su cad\u00e1ver es velado en el cementerio Fuente de Luz de Santiago, donde recibe el\u2026","rel":"","context":"En \u00abSin categor\u00eda\u00bb","block_context":{"text":"Sin categor\u00eda","link":"https:\/\/lasprimeras.com.do\/index.php\/category\/sin-categoria\/"},"img":{"alt_text":"","src":"https:\/\/i0.wp.com\/lasprimeras.com.do\/wp-content\/uploads\/2024\/02\/Papy-Bisono.jpg?resize=350%2C200&ssl=1","width":350,"height":200},"classes":[]},{"id":98865,"url":"https:\/\/lasprimeras.com.do\/index.php\/2025\/05\/13\/abinader-lamenta-fallecimiento-del-expresidente-de-uruguay-jose-pepe-mujica\/","url_meta":{"origin":66127,"position":2},"title":"Abinader lamenta fallecimiento del expresidente de Uruguay Jos\u00e9 -Pepe-Mujica","author":"Nelson Feliz","date":"13 de mayo de 2025","format":false,"excerpt":"\"Expreso mis condolencias a su familia, al pueblo uruguayo y a toda Am\u00e9rica Latina, que hoy despide a un referente moral y humano\", manifest\u00f3 el mandatario dominicano en su cuenta de X. El presidente Luis Abinader lament\u00f3 este martes la muerte del expresidente uruguayo Jos\u00e9 \"Pepe\" Mujica. A trav\u00e9s de\u2026","rel":"","context":"En \u00abNACIONALES\u00bb","block_context":{"text":"NACIONALES","link":"https:\/\/lasprimeras.com.do\/index.php\/category\/nacionales\/"},"img":{"alt_text":"","src":"https:\/\/i0.wp.com\/lasprimeras.com.do\/wp-content\/uploads\/2025\/05\/Jose-Pepe-Mujica.jpg?resize=350%2C200&ssl=1","width":350,"height":200},"classes":[]},{"id":121683,"url":"https:\/\/lasprimeras.com.do\/index.php\/2026\/02\/08\/leonel-juramenta-en-la-fp-al-expresidente-del-pld-y-decenas-de-dirigentes-en-licey-al-medio\/","url_meta":{"origin":66127,"position":3},"title":"Leonel juramenta en la FP al expresidente del PLD y decenas de dirigentes en Licey al Medio","author":"Nelson Feliz","date":"8 de febrero de 2026","format":false,"excerpt":"El presidente del partido Fuerza del Pueblo (FP), Leonel Fern\u00e1ndez, encabez\u00f3 la tarde de este s\u00e1bado un acto de juramentaci\u00f3n en el municipio de Licey al Medio, donde formaliz\u00f3 la incorporaci\u00f3n a esa organizaci\u00f3n del dirigente pol\u00edtico Jos\u00e9 Dur\u00e1n L\u00f3pez, expresidente del Partido de la Liberaci\u00f3n Dominicana (PLD) en esa\u2026","rel":"","context":"En \u00abPOLITICA\u00bb","block_context":{"text":"POLITICA","link":"https:\/\/lasprimeras.com.do\/index.php\/category\/politica\/"},"img":{"alt_text":"Leonel Fern\u00e1ndez","src":"https:\/\/i0.wp.com\/lasprimeras.com.do\/wp-content\/uploads\/2026\/02\/Leonel-Fernandez-3.jpg?resize=350%2C200&ssl=1","width":350,"height":200,"srcset":"https:\/\/i0.wp.com\/lasprimeras.com.do\/wp-content\/uploads\/2026\/02\/Leonel-Fernandez-3.jpg?resize=350%2C200&ssl=1 1x, https:\/\/i0.wp.com\/lasprimeras.com.do\/wp-content\/uploads\/2026\/02\/Leonel-Fernandez-3.jpg?resize=525%2C300&ssl=1 1.5x, https:\/\/i0.wp.com\/lasprimeras.com.do\/wp-content\/uploads\/2026\/02\/Leonel-Fernandez-3.jpg?resize=700%2C400&ssl=1 2x"},"classes":[]},{"id":98934,"url":"https:\/\/lasprimeras.com.do\/index.php\/2025\/05\/14\/pld-lamenta-fallecimiento-de-pepe-mujica-un-lider-excepcional\/","url_meta":{"origin":66127,"position":4},"title":"PLD lamenta fallecimiento de Pepe Mujica, un l\u00edder excepcional","author":"Nelson Feliz","date":"14 de mayo de 2025","format":false,"excerpt":"Johnny Pujols, Secretario General del PLD: \u201cPensamiento de Jos\u00e9-Pepe-Mujica seguir\u00e1 vivo, invit\u00e1ndonos a pensar desde la pol\u00edtica en el bienestar com\u00fan\u201d . El Partido de la Liberaci\u00f3n Dominicana (PLD) lament\u00f3 la ca\u00edda del expresidente uruguayo Jos\u00e9 \u00abPepe\u00bb Mujica, a quien calific\u00f3 como un ser humano excepcional. Mediante un mensaje de\u2026","rel":"","context":"En \u00abPOLITICA\u00bb","block_context":{"text":"POLITICA","link":"https:\/\/lasprimeras.com.do\/index.php\/category\/politica\/"},"img":{"alt_text":"Jos\u00e9-Pepe-Mujica","src":"https:\/\/i0.wp.com\/lasprimeras.com.do\/wp-content\/uploads\/2025\/05\/Jose-Pepe-Mujica-1.jpg?resize=350%2C200&ssl=1","width":350,"height":200,"srcset":"https:\/\/i0.wp.com\/lasprimeras.com.do\/wp-content\/uploads\/2025\/05\/Jose-Pepe-Mujica-1.jpg?resize=350%2C200&ssl=1 1x, https:\/\/i0.wp.com\/lasprimeras.com.do\/wp-content\/uploads\/2025\/05\/Jose-Pepe-Mujica-1.jpg?resize=525%2C300&ssl=1 1.5x, https:\/\/i0.wp.com\/lasprimeras.com.do\/wp-content\/uploads\/2025\/05\/Jose-Pepe-Mujica-1.jpg?resize=700%2C400&ssl=1 2x"},"classes":[]},{"id":100614,"url":"https:\/\/lasprimeras.com.do\/index.php\/2025\/06\/09\/pilotos-dominicanos-en-el-exterior-inspiran-estudiantes-escuela-licey-al-medio-santiago\/","url_meta":{"origin":66127,"position":5},"title":"Pilotos dominicanos en el exterior inspiran estudiantes escuela Licey al Medio-Santiago","author":"Nelson Feliz","date":"9 de junio de 2025","format":false,"excerpt":"Por Ram\u00f3n Mercedes NUEVA YORK.- La organizaci\u00f3n Dominican Pilots Abroad (DPA) en esta ciudad visit\u00f3 el pasado fin de semana la Escuela Flor del Campo, ubicada en Licey al Medio, Santiago, con el prop\u00f3sito de compartir sus experiencias profesionales con m\u00e1s de 200 estudiantes entusiastas de distintas edades. \u201cEs un\u2026","rel":"","context":"En \u00abINTERNACIONALES\u00bb","block_context":{"text":"INTERNACIONALES","link":"https:\/\/lasprimeras.com.do\/index.php\/category\/sin-categoria\/internacionales\/"},"img":{"alt_text":"Pilotos dominicanos en el exterior inspiran estudiantes de escuela Licey al Medio","src":"https:\/\/i0.wp.com\/lasprimeras.com.do\/wp-content\/uploads\/2025\/06\/WhatsApp-Image-2025-06-09-at-6.15.32-AM.jpeg?resize=350%2C200&ssl=1","width":350,"height":200,"srcset":"https:\/\/i0.wp.com\/lasprimeras.com.do\/wp-content\/uploads\/2025\/06\/WhatsApp-Image-2025-06-09-at-6.15.32-AM.jpeg?resize=350%2C200&ssl=1 1x, https:\/\/i0.wp.com\/lasprimeras.com.do\/wp-content\/uploads\/2025\/06\/WhatsApp-Image-2025-06-09-at-6.15.32-AM.jpeg?resize=525%2C300&ssl=1 1.5x"},"classes":[]}],"jetpack_sharing_enabled":true,"_links":{"self":[{"href":"https:\/\/lasprimeras.com.do\/index.php\/wp-json\/wp\/v2\/posts\/66127","targetHints":{"allow":["GET"]}}],"collection":[{"href":"https:\/\/lasprimeras.com.do\/index.php\/wp-json\/wp\/v2\/posts"}],"about":[{"href":"https:\/\/lasprimeras.com.do\/index.php\/wp-json\/wp\/v2\/types\/post"}],"author":[{"embeddable":true,"href":"https:\/\/lasprimeras.com.do\/index.php\/wp-json\/wp\/v2\/users\/2"}],"replies":[{"embeddable":true,"href":"https:\/\/lasprimeras.com.do\/index.php\/wp-json\/wp\/v2\/comments?post=66127"}],"version-history":[{"count":1,"href":"https:\/\/lasprimeras.com.do\/index.php\/wp-json\/wp\/v2\/posts\/66127\/revisions"}],"predecessor-version":[{"id":66129,"href":"https:\/\/lasprimeras.com.do\/index.php\/wp-json\/wp\/v2\/posts\/66127\/revisions\/66129"}],"wp:featuredmedia":[{"embeddable":true,"href":"https:\/\/lasprimeras.com.do\/index.php\/wp-json\/wp\/v2\/media\/66128"}],"wp:attachment":[{"href":"https:\/\/lasprimeras.com.do\/index.php\/wp-json\/wp\/v2\/media?parent=66127"}],"wp:term":[{"taxonomy":"category","embeddable":true,"href":"https:\/\/lasprimeras.com.do\/index.php\/wp-json\/wp\/v2\/categories?post=66127"},{"taxonomy":"post_tag","embeddable":true,"href":"https:\/\/lasprimeras.com.do\/index.php\/wp-json\/wp\/v2\/tags?post=66127"}],"curies":[{"name":"wp","href":"https:\/\/api.w.org\/{rel}","templated":true}]}}