{"id":66222,"date":"2023-11-04T15:06:11","date_gmt":"2023-11-04T19:06:11","guid":{"rendered":"https:\/\/lasprimeras.com.do\/?p=66222"},"modified":"2023-11-04T15:06:12","modified_gmt":"2023-11-04T19:06:12","slug":"vicepresidenta-viaja-este-fin-de-semana-a-miami","status":"publish","type":"post","link":"https:\/\/lasprimeras.com.do\/index.php\/2023\/11\/04\/vicepresidenta-viaja-este-fin-de-semana-a-miami\/","title":{"rendered":"Vicepresidenta viaja este fin de semana a Miami"},"content":{"rendered":"\n<p>Santo Domingo.-La vicepresidenta de la Rep\u00fablica, Raquel Pe\u00f1a, saldr\u00e1 del pa\u00eds este s\u00e1bado con destino a la ciudad de Miami, Estados Unidos, donde encabezar\u00e1 la inauguraci\u00f3n de una nueva oficina de representaci\u00f3n del Banco de Reservas.<\/p>\n\n\n\n<p>La oficina de representaci\u00f3n del banco dominicano en la referida ciudad norteamericana brindar\u00e1 servicios desde la avenida Brickell 1101, suite N-1402, Florida 33131, a fin de facilitar los servicios bancarios a la di\u00e1spora.<\/p>\n\n\n\n<p>En el acto de apertura participar\u00e1, junto a la vicemandataria, el administrador general del Reservas, Samuel Pereyra, as\u00ed como otras importantes autoridades de la entidad financiera y cuerpo diplom\u00e1tico dominicano.<\/p>\n\n\n\n<p>Con esta nueva oficina de representaci\u00f3n, ya suman tres las extensiones del banco en el extranjero, siendo la primera inaugurada el pasado mes de enero, en Madrid, Espa\u00f1a, y la otra en Nueva York, Estados Unidos, que abri\u00f3 sus puertas en septiembre.<\/p>\n\n\n\n<p>La vicepresidenta, adem\u00e1s, estar\u00e1 agotando una agenda en el marco de su visita al estado de Florida.<\/p>\n\n\n\n<p>El retorno de la vicemandataria dominicana est\u00e1 programado para el pr\u00f3ximo lunes 6 de noviembre.<\/p>\n","protected":false},"excerpt":{"rendered":"<p>Santo Domingo.-La vicepresidenta de la Rep\u00fablica, Raquel Pe\u00f1a, saldr\u00e1 del pa\u00eds este s\u00e1bado con destino a la ciudad de Miami, Estados Unidos, donde encabezar\u00e1 la inauguraci\u00f3n de una nueva oficina&hellip;<\/p>\n","protected":false},"author":3,"featured_media":66223,"comment_status":"open","ping_status":"open","sticky":false,"template":"","format":"standard","meta":{"content-type":"","jetpack_post_was_ever_published":false,"_jetpack_newsletter_access":"","_jetpack_dont_email_post_to_subs":false,"_jetpack_newsletter_tier_id":0,"_jetpack_memberships_contains_paywalled_content":false,"_jetpack_memberships_contains_paid_content":false,"footnotes":""},"categories":[25],"tags":[2873],"class_list":["post-66222","post","type-post","status-publish","format-standard","has-post-thumbnail","hentry","category-portada","tag-raquel-pena"],"jetpack_featured_media_url":"https:\/\/lasprimeras.com.do\/wp-content\/uploads\/2023\/11\/valentin-7.jpg","jetpack-related-posts":[{"id":66397,"url":"https:\/\/lasprimeras.com.do\/index.php\/2023\/11\/06\/banreservas-inaugura-oficina-de-representacion-en-miami\/","url_meta":{"origin":66222,"position":0},"title":"Banreservas inaugura oficina de representaci\u00f3n en Miami","author":"Nelson Feliz","date":"6 de noviembre de 2023","format":false,"excerpt":"El Banco de Reservas inaugur\u00f3 este lunes una oficina de representaci\u00f3n en Miami, Florida, convirti\u00e9ndose en la tercera que la instituci\u00f3n financiera instala para prestar servicios a los dominicanos residentes en el extranjero. Tras encabezar la apertura de la sucursal, la vicepresidenta de la Rep\u00fablica Raquel Pe\u00f1a, expres\u00f3 que para\u2026","rel":"","context":"En \u00abECONOM\u00cdA\u00bb","block_context":{"text":"ECONOM\u00cdA","link":"https:\/\/lasprimeras.com.do\/index.php\/category\/economia\/"},"img":{"alt_text":"Raquel Pe\u00f1a","src":"https:\/\/i0.wp.com\/lasprimeras.com.do\/wp-content\/uploads\/2023\/11\/Raquel-Pena-6.jpg?resize=350%2C200&ssl=1","width":350,"height":200,"srcset":"https:\/\/i0.wp.com\/lasprimeras.com.do\/wp-content\/uploads\/2023\/11\/Raquel-Pena-6.jpg?resize=350%2C200&ssl=1 1x, https:\/\/i0.wp.com\/lasprimeras.com.do\/wp-content\/uploads\/2023\/11\/Raquel-Pena-6.jpg?resize=525%2C300&ssl=1 1.5x, https:\/\/i0.wp.com\/lasprimeras.com.do\/wp-content\/uploads\/2023\/11\/Raquel-Pena-6.jpg?resize=700%2C400&ssl=1 2x"},"classes":[]},{"id":113997,"url":"https:\/\/lasprimeras.com.do\/index.php\/2025\/11\/09\/banreservas-impulsara-el-fortalecimiento-de-las-oficinas-en-el-exterior\/","url_meta":{"origin":66222,"position":1},"title":"Banreservas impulsar\u00e1 el fortalecimiento de las oficinas en el exterior","author":"Nelson Feliz","date":"9 de noviembre de 2025","format":false,"excerpt":"Miami.- El Banco de Reservas de la Rep\u00fablica Dominicana, reafirm\u00f3 su compromiso de impulsar el fortalecimiento de las oficinas de la entidad bancaria en el exterior y de estrechar los lazos con la di\u00e1spora, garantiz\u00e1ndole soluciones financieras, sin importar la distancia. Las declaraciones fueron transmitidas por la vicepresidenta ejecutiva senior\u2026","rel":"","context":"En \u00abECONOM\u00cdA\u00bb","block_context":{"text":"ECONOM\u00cdA","link":"https:\/\/lasprimeras.com.do\/index.php\/category\/economia\/"},"img":{"alt_text":"","src":"https:\/\/i0.wp.com\/lasprimeras.com.do\/wp-content\/uploads\/2025\/11\/Alieska-Diaz-2.jpg?resize=350%2C200&ssl=1","width":350,"height":200,"srcset":"https:\/\/i0.wp.com\/lasprimeras.com.do\/wp-content\/uploads\/2025\/11\/Alieska-Diaz-2.jpg?resize=350%2C200&ssl=1 1x, https:\/\/i0.wp.com\/lasprimeras.com.do\/wp-content\/uploads\/2025\/11\/Alieska-Diaz-2.jpg?resize=525%2C300&ssl=1 1.5x, https:\/\/i0.wp.com\/lasprimeras.com.do\/wp-content\/uploads\/2025\/11\/Alieska-Diaz-2.jpg?resize=700%2C400&ssl=1 2x"},"classes":[]},{"id":61180,"url":"https:\/\/lasprimeras.com.do\/index.php\/2023\/09\/22\/las-transacciones-bancarias-que-podras-realizar-en-la-sucursal-de-banreservas-en-nueva-york\/","url_meta":{"origin":66222,"position":2},"title":"Las transacciones bancarias que podr\u00e1s realizar en la sucursal de Banreservas en Nueva York","author":"Nelson Feliz","date":"22 de septiembre de 2023","format":false,"excerpt":"Servicios disponibles en la oficina de representaci\u00f3n de Banreservas en el Alto Manhattan. El Banco de Reservas de la Rep\u00fablica Dominicana dej\u00f3 inaugurada ayer mi\u00e9rcoles su primera oficina de representaci\u00f3n en Estados Unidos, la cual est\u00e1 ubicada en el 2420 de la avenida \u00c1msterdam en el Alto Manhattan, en la\u2026","rel":"","context":"En \u00abECONOM\u00cdA\u00bb","block_context":{"text":"ECONOM\u00cdA","link":"https:\/\/lasprimeras.com.do\/index.php\/category\/economia\/"},"img":{"alt_text":"Banco de Reservas de Nueva York","src":"https:\/\/i0.wp.com\/lasprimeras.com.do\/wp-content\/uploads\/2023\/09\/Banco-de-Reservas-de-Nueva-York.jpg?resize=350%2C200&ssl=1","width":350,"height":200,"srcset":"https:\/\/i0.wp.com\/lasprimeras.com.do\/wp-content\/uploads\/2023\/09\/Banco-de-Reservas-de-Nueva-York.jpg?resize=350%2C200&ssl=1 1x, https:\/\/i0.wp.com\/lasprimeras.com.do\/wp-content\/uploads\/2023\/09\/Banco-de-Reservas-de-Nueva-York.jpg?resize=525%2C300&ssl=1 1.5x, https:\/\/i0.wp.com\/lasprimeras.com.do\/wp-content\/uploads\/2023\/09\/Banco-de-Reservas-de-Nueva-York.jpg?resize=700%2C400&ssl=1 2x"},"classes":[]},{"id":114899,"url":"https:\/\/lasprimeras.com.do\/index.php\/2025\/11\/17\/banreservas-gestiona-mas-de-rd3143-millones-en-prestamos-hipotecarios-desde-sus-oficinas-en-el-exterior-en-lo-que-va-del-2025\/","url_meta":{"origin":66222,"position":3},"title":"Banreservas gestiona m\u00e1s de RD$3,143 millones en pr\u00e9stamos hipotecarios desde sus oficinas en el exterior en lo que va del 2025","author":"Nelson Feliz","date":"17 de noviembre de 2025","format":false,"excerpt":"Nueva York.\u2013 Las Oficinas de Representaci\u00f3n de Banreservas en Nueva York, Madrid y Miami han gestionado solicitudes de pr\u00e9stamos hipotecarios por m\u00e1s de RD$3,143 millones en lo que va del 2025, impulsando la inversi\u00f3n inmobiliaria de la di\u00e1spora y consolidando al banco como aliado estrat\u00e9gico de los dominicanos que residen\u2026","rel":"","context":"En \u00abECONOM\u00cdA\u00bb","block_context":{"text":"ECONOM\u00cdA","link":"https:\/\/lasprimeras.com.do\/index.php\/category\/economia\/"},"img":{"alt_text":"","src":"https:\/\/i0.wp.com\/lasprimeras.com.do\/wp-content\/uploads\/2025\/11\/Banreservas-4-1.jpg?resize=350%2C200&ssl=1","width":350,"height":200,"srcset":"https:\/\/i0.wp.com\/lasprimeras.com.do\/wp-content\/uploads\/2025\/11\/Banreservas-4-1.jpg?resize=350%2C200&ssl=1 1x, https:\/\/i0.wp.com\/lasprimeras.com.do\/wp-content\/uploads\/2025\/11\/Banreservas-4-1.jpg?resize=525%2C300&ssl=1 1.5x, https:\/\/i0.wp.com\/lasprimeras.com.do\/wp-content\/uploads\/2025\/11\/Banreservas-4-1.jpg?resize=700%2C400&ssl=1 2x"},"classes":[]},{"id":64976,"url":"https:\/\/lasprimeras.com.do\/index.php\/2023\/10\/25\/banreservas-abrira-oficinas-en-miami\/","url_meta":{"origin":66222,"position":4},"title":"Banreservas abrir\u00e1 oficinas en Miami","author":"BIMARY DE JES\u00daS Matos","date":"25 de octubre de 2023","format":false,"excerpt":"Santo Domingo .-El Banco de Reservas abrir\u00e1 una nueva oficina de representaci\u00f3n en Miami en el pr\u00f3ximo mes, inform\u00f3 Samuel Pereyra, administrador de Banreservas. Esa nueva oficina se sumar\u00e1n a las ya existentes en Nueva York y Espa\u00f1a, las cuales permitir\u00e1n que m\u00e1s dominicanos en el exterior puedan realizar los\u2026","rel":"","context":"En \u00abPORTADA\u00bb","block_context":{"text":"PORTADA","link":"https:\/\/lasprimeras.com.do\/index.php\/category\/portada\/"},"img":{"alt_text":"","src":"https:\/\/i0.wp.com\/lasprimeras.com.do\/wp-content\/uploads\/2023\/10\/WhatsApp-Image-2023-10-24-at-5.28.33-PM-1.jpeg?resize=350%2C200&ssl=1","width":350,"height":200,"srcset":"https:\/\/i0.wp.com\/lasprimeras.com.do\/wp-content\/uploads\/2023\/10\/WhatsApp-Image-2023-10-24-at-5.28.33-PM-1.jpeg?resize=350%2C200&ssl=1 1x, https:\/\/i0.wp.com\/lasprimeras.com.do\/wp-content\/uploads\/2023\/10\/WhatsApp-Image-2023-10-24-at-5.28.33-PM-1.jpeg?resize=525%2C300&ssl=1 1.5x"},"classes":[]},{"id":116663,"url":"https:\/\/lasprimeras.com.do\/index.php\/2025\/12\/03\/vicepresidenta-raquel-pena-y-leonardo-aguilera-inauguran-villa-navidad-en-santiago\/","url_meta":{"origin":66222,"position":5},"title":"Vicepresidenta Raquel Pe\u00f1a y Leonardo Aguilera inauguran Villa Navidad en Santiago","author":"Nelson Feliz","date":"3 de diciembre de 2025","format":false,"excerpt":"Banreservas respalda iniciativa del presidente Luis Abinader para contribuir a integraci\u00f3n familiar. La celebraci\u00f3n del esp\u00edritu navide\u00f1o lleg\u00f3 a esta ciudad con la inauguraci\u00f3n de la tradicional Villa Navidad 2025, en un acto encabezado por la vicepresidenta Raquel Pe\u00f1a, junto al presidente ejecutivo de Banreservas, doctor Leonardo Aguilera; y el\u2026","rel":"","context":"En \u00abECONOM\u00cdA\u00bb","block_context":{"text":"ECONOM\u00cdA","link":"https:\/\/lasprimeras.com.do\/index.php\/category\/economia\/"},"img":{"alt_text":"","src":"https:\/\/i0.wp.com\/lasprimeras.com.do\/wp-content\/uploads\/2025\/12\/princ.jpg?resize=350%2C200&ssl=1","width":350,"height":200,"srcset":"https:\/\/i0.wp.com\/lasprimeras.com.do\/wp-content\/uploads\/2025\/12\/princ.jpg?resize=350%2C200&ssl=1 1x, https:\/\/i0.wp.com\/lasprimeras.com.do\/wp-content\/uploads\/2025\/12\/princ.jpg?resize=525%2C300&ssl=1 1.5x, https:\/\/i0.wp.com\/lasprimeras.com.do\/wp-content\/uploads\/2025\/12\/princ.jpg?resize=700%2C400&ssl=1 2x"},"classes":[]}],"jetpack_sharing_enabled":true,"_links":{"self":[{"href":"https:\/\/lasprimeras.com.do\/index.php\/wp-json\/wp\/v2\/posts\/66222","targetHints":{"allow":["GET"]}}],"collection":[{"href":"https:\/\/lasprimeras.com.do\/index.php\/wp-json\/wp\/v2\/posts"}],"about":[{"href":"https:\/\/lasprimeras.com.do\/index.php\/wp-json\/wp\/v2\/types\/post"}],"author":[{"embeddable":true,"href":"https:\/\/lasprimeras.com.do\/index.php\/wp-json\/wp\/v2\/users\/3"}],"replies":[{"embeddable":true,"href":"https:\/\/lasprimeras.com.do\/index.php\/wp-json\/wp\/v2\/comments?post=66222"}],"version-history":[{"count":1,"href":"https:\/\/lasprimeras.com.do\/index.php\/wp-json\/wp\/v2\/posts\/66222\/revisions"}],"predecessor-version":[{"id":66224,"href":"https:\/\/lasprimeras.com.do\/index.php\/wp-json\/wp\/v2\/posts\/66222\/revisions\/66224"}],"wp:featuredmedia":[{"embeddable":true,"href":"https:\/\/lasprimeras.com.do\/index.php\/wp-json\/wp\/v2\/media\/66223"}],"wp:attachment":[{"href":"https:\/\/lasprimeras.com.do\/index.php\/wp-json\/wp\/v2\/media?parent=66222"}],"wp:term":[{"taxonomy":"category","embeddable":true,"href":"https:\/\/lasprimeras.com.do\/index.php\/wp-json\/wp\/v2\/categories?post=66222"},{"taxonomy":"post_tag","embeddable":true,"href":"https:\/\/lasprimeras.com.do\/index.php\/wp-json\/wp\/v2\/tags?post=66222"}],"curies":[{"name":"wp","href":"https:\/\/api.w.org\/{rel}","templated":true}]}}