{"id":66226,"date":"2023-11-05T10:31:11","date_gmt":"2023-11-05T14:31:11","guid":{"rendered":"https:\/\/lasprimeras.com.do\/?p=66226"},"modified":"2023-11-05T10:31:13","modified_gmt":"2023-11-05T14:31:13","slug":"pn-inaugura-laboratorio-de-reconocimiento-facial-en-la-policia-cientifica","status":"publish","type":"post","link":"https:\/\/lasprimeras.com.do\/index.php\/2023\/11\/05\/pn-inaugura-laboratorio-de-reconocimiento-facial-en-la-policia-cientifica\/","title":{"rendered":"PN inaugura laboratorio de reconocimiento facial en la Polic\u00eda Cient\u00edfica"},"content":{"rendered":"\n<p>Por Martin Restituyo<\/p>\n\n\n\n<p>El director general de la Polic\u00eda Nacional, mayor general Eduardo Alberto Then, inaugur\u00f3 hoy un moderno laboratorio automatizado de reconociendo facial, instalado en el \u00e1rea de la Polic\u00eda Cient\u00edfica, gracias al apoyo del presidente de la Rep\u00fablica, Luis Abinader, quien impulsa el proceso de transformaci\u00f3n y profesionalizaci\u00f3n de la instituci\u00f3n del orden.<\/p>\n\n\n\n<p>En el mismo acto, el mayor general Alberto Then, entreg\u00f3 tres camionetas para uso exclusivo del personal de la Polic\u00eda Cient\u00edfica.<\/p>\n\n\n\n<p>El director general policial estuvo acompa\u00f1ado por los generales Pedro Cordero Ubr\u00ed y Pa\u00fal cordero Montes de Oca, inspector general de la instituci\u00f3n y director de Investigaciones Criminales (DICRIM), respectivamente, quienes recorrieron las instalaciones donde se realizan los diferentes procesos investigativos y operatividad mediante la utilizaci\u00f3n de m\u00e9todos cient\u00edficos.<\/p>\n\n\n\n<p>Junto a ellos el coronel Fulvio Grull\u00f3n Penso, comandante de la Polic\u00eda Cient\u00edfica, entre otros oficiales superiores, subalternos y alistados.<\/p>\n\n\n\n<p>\u201cHoy estamos inaugurando un nuevo laboratorio automatizado de reconocimiento facial, gracias al apoyo de nuestro director general de la Polic\u00eda Nacional, mayor general Eduardo Alberto Then, el cual permite a los usuarios subir una foto o video de personas desconocidas y encontrar coincidencias en una base de datos de miles de millones de im\u00e1genes recopiladas de varias redes sociales y sitios web\u201d, precis\u00f3 el coronel Grull\u00f3n Penso.<\/p>\n\n\n\n<p>Agreg\u00f3 que la tecnolog\u00eda es \u00fatil en la lucha contra el crimen y puede ayudar a resolver m\u00faltiples casos mediante la identificaci\u00f3n de sospechosos.<\/p>\n\n\n\n<p>Se destaca que desde la designaci\u00f3n del mayor general Alberto Then como Director General de la Polic\u00eda Nacional, la Polic\u00eda Cient\u00edfica, ha adquirido avances significativos en sus diferentes \u00e1reas, brindando una mayor respuesta y eficacia en las labores realizadas en los procesos de investigaci\u00f3n.<\/p>\n\n\n\n<p>Unos de los logros m\u00e1s destacados es la adquisici\u00f3n de tecnolog\u00eda de vanguardia, con equipos de \u00faltima generaci\u00f3n que ha permitido fortalecer el an\u00e1lisis de las evidencias, y agilizar los procesos de investigaci\u00f3n, contribuir a la obtenci\u00f3n de pruebas s\u00f3lidas en los casos judiciales.<\/p>\n\n\n\n<p>Es preciso mencionar que la Polic\u00eda Nacional, cuenta con los avances: Laboratorio Automatizado de Ac\u00fastica Forense, Laboratorio Automatizado de Bal\u00edstica Forense, Laboratorio Automatizado de Huellas Dactilares, Un Laboratorio de Cromatograf\u00eda Ramanpara para analizar sustancias desconocidas y estandarizaci\u00f3n de todos los procesos bajo la norma Iso.<\/p>\n\n\n\n<p>Tambi\u00e9n la remodelaci\u00f3n y equipamiento de todas las unidades de la regi\u00f3n sur del pa\u00eds; dotaci\u00f3n de los materiales de procesamiento de la escena del crimen las 30 unidades procesamiento de la escena, formaci\u00f3n y especializaci\u00f3n del personal de la polic\u00eda cient\u00edfica han sido aspectos claves en el desarrollo y nuevas unidades m\u00f3viles para el procesamiento de la escena.<\/p>\n","protected":false},"excerpt":{"rendered":"<p>Por Martin Restituyo El director general de la Polic\u00eda Nacional, mayor general Eduardo Alberto Then, inaugur\u00f3 hoy un moderno laboratorio automatizado de reconociendo facial, instalado en el \u00e1rea de la&hellip;<\/p>\n","protected":false},"author":2,"featured_media":56329,"comment_status":"open","ping_status":"closed","sticky":false,"template":"","format":"standard","meta":{"content-type":"","jetpack_post_was_ever_published":false,"_jetpack_newsletter_access":"","_jetpack_dont_email_post_to_subs":false,"_jetpack_newsletter_tier_id":0,"_jetpack_memberships_contains_paywalled_content":false,"_jetpack_memberships_contains_paid_content":false,"footnotes":""},"categories":[3057,25],"tags":[3881],"class_list":["post-66226","post","type-post","status-publish","format-standard","has-post-thumbnail","hentry","category-militares","category-portada","tag-eduardo-alberto-then"],"jetpack_featured_media_url":"https:\/\/lasprimeras.com.do\/wp-content\/uploads\/2023\/07\/Eduardo-Alberto-Then-1.jpg","jetpack-related-posts":[{"id":53284,"url":"https:\/\/lasprimeras.com.do\/index.php\/2023\/06\/25\/alberto-then-destaca-acciones-contra-la-violencia-de-genero-e-intrafamiliar\/","url_meta":{"origin":66226,"position":0},"title":"Alberto Then destaca acciones contra la violencia de g\u00e9nero e intrafamiliar","author":"Nelson Feliz","date":"25 de junio de 2023","format":false,"excerpt":"Por Martin Restituyo El director general de la Polic\u00eda Nacional, mayor general Eduardo Alberto Then, resalt\u00f3 el avance que ha logrado la instituci\u00f3n en torno a las estrategias y acciones contra la violencia de g\u00e9nero e intrafamiliar. El mayor general Alberto Then destac\u00f3 la eficacia con la que los agentes\u2026","rel":"","context":"En \u00abMILITARES\u00bb","block_context":{"text":"MILITARES","link":"https:\/\/lasprimeras.com.do\/index.php\/category\/militares\/"},"img":{"alt_text":"Eduardo Alberto Then","src":"https:\/\/i0.wp.com\/lasprimeras.com.do\/wp-content\/uploads\/2023\/06\/Alberto-Then.jpg?resize=350%2C200&ssl=1","width":350,"height":200,"srcset":"https:\/\/i0.wp.com\/lasprimeras.com.do\/wp-content\/uploads\/2023\/06\/Alberto-Then.jpg?resize=350%2C200&ssl=1 1x, https:\/\/i0.wp.com\/lasprimeras.com.do\/wp-content\/uploads\/2023\/06\/Alberto-Then.jpg?resize=525%2C300&ssl=1 1.5x, https:\/\/i0.wp.com\/lasprimeras.com.do\/wp-content\/uploads\/2023\/06\/Alberto-Then.jpg?resize=700%2C400&ssl=1 2x"},"classes":[]},{"id":58122,"url":"https:\/\/lasprimeras.com.do\/index.php\/2023\/08\/20\/director-de-la-pn-destaca-importancia-de-arengar-a-sus-miembros-a-la-profesionalizacion\/","url_meta":{"origin":66226,"position":1},"title":"Director de la PN destaca importancia de arengar a sus miembros a la profesionalizaci\u00f3n","author":"Nelson Feliz","date":"20 de agosto de 2023","format":false,"excerpt":"Por Martin Restituyo El director de la Polic\u00eda Nacional, mayor general Eduardo Alberto Then, destac\u00f3 que los agentes policiales sean orientados de manera regular sobre su misi\u00f3n como servidores p\u00fablicos, el respeto a los derechos fundamentales de los ciudadanos y la vocaci\u00f3n de servicio. \u201cConsidero muy necesaria las charlas a\u2026","rel":"","context":"En \u00abMILITARES\u00bb","block_context":{"text":"MILITARES","link":"https:\/\/lasprimeras.com.do\/index.php\/category\/militares\/"},"img":{"alt_text":"Eduardo Alberto Then","src":"https:\/\/i0.wp.com\/lasprimeras.com.do\/wp-content\/uploads\/2023\/08\/Eduardo-Alberto-Then-1-1.jpg?resize=350%2C200&ssl=1","width":350,"height":200,"srcset":"https:\/\/i0.wp.com\/lasprimeras.com.do\/wp-content\/uploads\/2023\/08\/Eduardo-Alberto-Then-1-1.jpg?resize=350%2C200&ssl=1 1x, https:\/\/i0.wp.com\/lasprimeras.com.do\/wp-content\/uploads\/2023\/08\/Eduardo-Alberto-Then-1-1.jpg?resize=525%2C300&ssl=1 1.5x, https:\/\/i0.wp.com\/lasprimeras.com.do\/wp-content\/uploads\/2023\/08\/Eduardo-Alberto-Then-1-1.jpg?resize=700%2C400&ssl=1 2x"},"classes":[]},{"id":56328,"url":"https:\/\/lasprimeras.com.do\/index.php\/2023\/07\/30\/director-de-la-policia-advierte-no-existe-espacio-para-negociar-con-delincuentes\/","url_meta":{"origin":66226,"position":2},"title":"Director de la Polic\u00eda advierte no existe espacio para negociar con delincuentes","author":"Nelson Feliz","date":"30 de julio de 2023","format":false,"excerpt":"Por Martin Restituyo El director general de la Polic\u00eda Nacional, mayor general Eduardo Alberto, advirti\u00f3 hoy que en la actualidad no existe posibilidad alguna de que se pueda negociar con delincuentes desde la instituci\u00f3n sin que haya dr\u00e1sticas consecuencias. Dijo que los organismos de control interno se mantienen vigilantes, para\u2026","rel":"","context":"En \u00abNACIONALES\u00bb","block_context":{"text":"NACIONALES","link":"https:\/\/lasprimeras.com.do\/index.php\/category\/nacionales\/"},"img":{"alt_text":"Eduardo Alberto Then","src":"https:\/\/i0.wp.com\/lasprimeras.com.do\/wp-content\/uploads\/2023\/07\/Eduardo-Alberto-Then-1.jpg?resize=350%2C200&ssl=1","width":350,"height":200,"srcset":"https:\/\/i0.wp.com\/lasprimeras.com.do\/wp-content\/uploads\/2023\/07\/Eduardo-Alberto-Then-1.jpg?resize=350%2C200&ssl=1 1x, https:\/\/i0.wp.com\/lasprimeras.com.do\/wp-content\/uploads\/2023\/07\/Eduardo-Alberto-Then-1.jpg?resize=525%2C300&ssl=1 1.5x, https:\/\/i0.wp.com\/lasprimeras.com.do\/wp-content\/uploads\/2023\/07\/Eduardo-Alberto-Then-1.jpg?resize=700%2C400&ssl=1 2x"},"classes":[]},{"id":57983,"url":"https:\/\/lasprimeras.com.do\/index.php\/2023\/08\/18\/en-moca-reconocen-general-alberto-then-por-su-labor-contra-el-delito-y-la-criminalidad\/","url_meta":{"origin":66226,"position":3},"title":"En Moca reconocen general Alberto Then por su labor contra el delito y la criminalidad","author":"Nelson Feliz","date":"18 de agosto de 2023","format":false,"excerpt":"-Intercambia impresiones sobre distintos temas relacionados con la seguridad ciudadana. Por Wilson P\u00e9rez El director general de la Polic\u00eda Nacional, mayor general Eduardo Alberto Then, recibi\u00f3 un reconocimiento de manos de las autoridades provinciales, empresarios y dirigentes comunitarios del municipio de Moca, provincia Espaillat, por su ardua labor para lograr\u2026","rel":"","context":"En \u00abMILITARES\u00bb","block_context":{"text":"MILITARES","link":"https:\/\/lasprimeras.com.do\/index.php\/category\/militares\/"},"img":{"alt_text":"Eduardo Alberto Then","src":"https:\/\/i0.wp.com\/lasprimeras.com.do\/wp-content\/uploads\/2023\/08\/Eduardo-Alberto-Then-1.jpg?resize=350%2C200&ssl=1","width":350,"height":200,"srcset":"https:\/\/i0.wp.com\/lasprimeras.com.do\/wp-content\/uploads\/2023\/08\/Eduardo-Alberto-Then-1.jpg?resize=350%2C200&ssl=1 1x, https:\/\/i0.wp.com\/lasprimeras.com.do\/wp-content\/uploads\/2023\/08\/Eduardo-Alberto-Then-1.jpg?resize=525%2C300&ssl=1 1.5x, https:\/\/i0.wp.com\/lasprimeras.com.do\/wp-content\/uploads\/2023\/08\/Eduardo-Alberto-Then-1.jpg?resize=700%2C400&ssl=1 2x"},"classes":[]},{"id":54854,"url":"https:\/\/lasprimeras.com.do\/index.php\/2023\/07\/15\/director-de-la-pn-encabeza-distribucion-agentes-a-nivel-nacional\/","url_meta":{"origin":66226,"position":4},"title":"Director de la PN encabeza distribuci\u00f3n agentes a nivel nacional","author":"Nelson Feliz","date":"15 de julio de 2023","format":false,"excerpt":"-Exhorta agentes a servir y proteger la ciudadan\u00eda. Por Martin Restituyo El director general de la Polic\u00eda Nacional, mayor general Eduardo Alberto Then, encabez\u00f3 un encuentro con 400 nuevos agentes, quienes ser\u00e1n distribuidos a las diferentes dotaciones regionales a nivel nacional, para expresarles sus felicitaciones y arengarlos sobre el correcto\u2026","rel":"","context":"En \u00abMILITARES\u00bb","block_context":{"text":"MILITARES","link":"https:\/\/lasprimeras.com.do\/index.php\/category\/militares\/"},"img":{"alt_text":"Eduardo Alberto Then","src":"https:\/\/i0.wp.com\/lasprimeras.com.do\/wp-content\/uploads\/2023\/07\/Eduardo-Alberto-Then.jpg?resize=350%2C200&ssl=1","width":350,"height":200,"srcset":"https:\/\/i0.wp.com\/lasprimeras.com.do\/wp-content\/uploads\/2023\/07\/Eduardo-Alberto-Then.jpg?resize=350%2C200&ssl=1 1x, https:\/\/i0.wp.com\/lasprimeras.com.do\/wp-content\/uploads\/2023\/07\/Eduardo-Alberto-Then.jpg?resize=525%2C300&ssl=1 1.5x, https:\/\/i0.wp.com\/lasprimeras.com.do\/wp-content\/uploads\/2023\/07\/Eduardo-Alberto-Then.jpg?resize=700%2C400&ssl=1 2x"},"classes":[]},{"id":55282,"url":"https:\/\/lasprimeras.com.do\/index.php\/2023\/07\/19\/director-de-la-pn-generales-y-coroneles-culminan-taller-liderazgo-en-la-transformacion-policial\/","url_meta":{"origin":66226,"position":5},"title":"Director de la PN, generales y coroneles culminan taller \u201cLiderazgo en la Transformaci\u00f3n Policial\u201d","author":"Nelson Feliz","date":"19 de julio de 2023","format":false,"excerpt":"Por Martin Restituyo\u00a0El director de la Polic\u00eda, mayor general Eduardo Alberto Then, junto a 20 generales y 442 coroneles de la PN concluyeron su participaci\u00f3n en el taller \u201cLiderazgo en la Transformaci\u00f3n Policial\u201d que se desarroll\u00f3 a trav\u00e9s del Instituto Policial de Educaci\u00f3n Superior, en el marco del Plan de\u2026","rel":"","context":"En \u00abMILITARES\u00bb","block_context":{"text":"MILITARES","link":"https:\/\/lasprimeras.com.do\/index.php\/category\/militares\/"},"img":{"alt_text":"Jesus Vasquez","src":"https:\/\/i0.wp.com\/lasprimeras.com.do\/wp-content\/uploads\/2023\/07\/Jesus-Vasquez-1.jpg?resize=350%2C200&ssl=1","width":350,"height":200,"srcset":"https:\/\/i0.wp.com\/lasprimeras.com.do\/wp-content\/uploads\/2023\/07\/Jesus-Vasquez-1.jpg?resize=350%2C200&ssl=1 1x, https:\/\/i0.wp.com\/lasprimeras.com.do\/wp-content\/uploads\/2023\/07\/Jesus-Vasquez-1.jpg?resize=525%2C300&ssl=1 1.5x, https:\/\/i0.wp.com\/lasprimeras.com.do\/wp-content\/uploads\/2023\/07\/Jesus-Vasquez-1.jpg?resize=700%2C400&ssl=1 2x"},"classes":[]}],"jetpack_sharing_enabled":true,"_links":{"self":[{"href":"https:\/\/lasprimeras.com.do\/index.php\/wp-json\/wp\/v2\/posts\/66226","targetHints":{"allow":["GET"]}}],"collection":[{"href":"https:\/\/lasprimeras.com.do\/index.php\/wp-json\/wp\/v2\/posts"}],"about":[{"href":"https:\/\/lasprimeras.com.do\/index.php\/wp-json\/wp\/v2\/types\/post"}],"author":[{"embeddable":true,"href":"https:\/\/lasprimeras.com.do\/index.php\/wp-json\/wp\/v2\/users\/2"}],"replies":[{"embeddable":true,"href":"https:\/\/lasprimeras.com.do\/index.php\/wp-json\/wp\/v2\/comments?post=66226"}],"version-history":[{"count":1,"href":"https:\/\/lasprimeras.com.do\/index.php\/wp-json\/wp\/v2\/posts\/66226\/revisions"}],"predecessor-version":[{"id":66227,"href":"https:\/\/lasprimeras.com.do\/index.php\/wp-json\/wp\/v2\/posts\/66226\/revisions\/66227"}],"wp:featuredmedia":[{"embeddable":true,"href":"https:\/\/lasprimeras.com.do\/index.php\/wp-json\/wp\/v2\/media\/56329"}],"wp:attachment":[{"href":"https:\/\/lasprimeras.com.do\/index.php\/wp-json\/wp\/v2\/media?parent=66226"}],"wp:term":[{"taxonomy":"category","embeddable":true,"href":"https:\/\/lasprimeras.com.do\/index.php\/wp-json\/wp\/v2\/categories?post=66226"},{"taxonomy":"post_tag","embeddable":true,"href":"https:\/\/lasprimeras.com.do\/index.php\/wp-json\/wp\/v2\/tags?post=66226"}],"curies":[{"name":"wp","href":"https:\/\/api.w.org\/{rel}","templated":true}]}}