{"id":66230,"date":"2023-11-05T10:53:11","date_gmt":"2023-11-05T14:53:11","guid":{"rendered":"https:\/\/lasprimeras.com.do\/?p=66230"},"modified":"2023-11-05T10:53:12","modified_gmt":"2023-11-05T14:53:12","slug":"presidente-abinader-participara-este-lunes-en-los-actos-conmemorativos-del-179-aniversario-de-la-constitucion","status":"publish","type":"post","link":"https:\/\/lasprimeras.com.do\/index.php\/2023\/11\/05\/presidente-abinader-participara-este-lunes-en-los-actos-conmemorativos-del-179-aniversario-de-la-constitucion\/","title":{"rendered":"Presidente Abinader participar\u00e1 este lunes en los actos conmemorativos del 179 aniversario de la Constituci\u00f3n"},"content":{"rendered":"\n<p>El presidente Luis Abinader visitar\u00e1 este lunes la provincia San Crist\u00f3bal donde participar\u00e1 en los actos conmemorativos del 179 aniversario de la Constituci\u00f3n dominicana.<\/p>\n\n\n\n<p>All\u00ed, Abinader participar\u00e1 en la Secci\u00f3n del Tribunal Constitucional en el Auditorio Menor del Instituto Polit\u00e9cnico Loyola y encabezar\u00e1 el desfile c\u00edvico-militar en conmemoraci\u00f3n del d\u00eda de la Constituci\u00f3n Dominicana.<\/p>\n\n\n\n<p>Posteriormente, el presidente Abinader realizar\u00e1 una visita a la Casa de Ni\u00f1os Autistas y luego participar\u00e1 en la inauguraci\u00f3n del Edificio Operativo Loyola.<\/p>\n\n\n\n<p>Asimismo, el mandatario sostendr\u00e1 un almuerzo con la Defensa Civil, Cruz Roja y los Bomberos de San Crist\u00f3bal. M\u00e1s tarde, el jefe de Estado presidir\u00e1 la inauguraci\u00f3n de Liceo Yvelisse Prats-Ram\u00edrez en Hatillo.<\/p>\n\n\n\n<p>La agenda del mandatario en San Crist\u00f3bal concluye con la inauguraci\u00f3n del puente peatonal y motorizado Las Arenas y all\u00ed Abinader anunciar\u00e1 el inicio de construcci\u00f3n del pley Las Arenas en el Carril de Haina.<\/p>\n\n\n\n<p>Y finalmente, el gobernante realizar\u00e1 la rueda de prensa LA Semanal a las 4:30 de la tarde en el Palacio Nacional.<\/p>\n","protected":false},"excerpt":{"rendered":"<p>El presidente Luis Abinader visitar\u00e1 este lunes la provincia San Crist\u00f3bal donde participar\u00e1 en los actos conmemorativos del 179 aniversario de la Constituci\u00f3n dominicana. All\u00ed, Abinader participar\u00e1 en la Secci\u00f3n&hellip;<\/p>\n","protected":false},"author":2,"featured_media":66231,"comment_status":"open","ping_status":"open","sticky":false,"template":"","format":"standard","meta":{"content-type":"","jetpack_post_was_ever_published":false,"_jetpack_newsletter_access":"","_jetpack_dont_email_post_to_subs":false,"_jetpack_newsletter_tier_id":0,"_jetpack_memberships_contains_paywalled_content":false,"_jetpack_memberships_contains_paid_content":false,"footnotes":""},"categories":[35,25],"tags":[67],"class_list":["post-66230","post","type-post","status-publish","format-standard","has-post-thumbnail","hentry","category-nacionales","category-portada","tag-luis-abinader"],"jetpack_featured_media_url":"https:\/\/lasprimeras.com.do\/wp-content\/uploads\/2023\/11\/Luis-Abinader-3.jpg","jetpack-related-posts":[{"id":66352,"url":"https:\/\/lasprimeras.com.do\/index.php\/2023\/11\/06\/san-cristobal-celebra-el-179-aniversario-de-la-constitucion\/","url_meta":{"origin":66230,"position":0},"title":"San Crist\u00f3bal celebra el 179 aniversario de la Constituci\u00f3n","author":"BIMARY DE JES\u00daS Matos","date":"6 de noviembre de 2023","format":false,"excerpt":"Santo Domingo.-Este lunes, Rep\u00fablica Dominicana celebra 179 a\u00f1os de la proclamaci\u00f3n de la primera Constituci\u00f3n, que tuvo lugar en San Crist\u00f3bal, el 6 de noviembre de 1844. La provincia ha amanecido de fiesta. Como es tradici\u00f3n, se celebrar\u00e1n algunas actividades para conmemorar el aniversario, encabezadas por el presidente Luis Abinader.\u2026","rel":"","context":"En \u00abPORTADA\u00bb","block_context":{"text":"PORTADA","link":"https:\/\/lasprimeras.com.do\/index.php\/category\/portada\/"},"img":{"alt_text":"","src":"https:\/\/i0.wp.com\/lasprimeras.com.do\/wp-content\/uploads\/2023\/11\/WhatsApp-Image-2023-11-06-at-3.12.25-PM.jpeg?resize=350%2C200&ssl=1","width":350,"height":200,"srcset":"https:\/\/i0.wp.com\/lasprimeras.com.do\/wp-content\/uploads\/2023\/11\/WhatsApp-Image-2023-11-06-at-3.12.25-PM.jpeg?resize=350%2C200&ssl=1 1x, https:\/\/i0.wp.com\/lasprimeras.com.do\/wp-content\/uploads\/2023\/11\/WhatsApp-Image-2023-11-06-at-3.12.25-PM.jpeg?resize=525%2C300&ssl=1 1.5x"},"classes":[]},{"id":113756,"url":"https:\/\/lasprimeras.com.do\/index.php\/2025\/11\/05\/abinader-encabezara-actos-por-el-181-o-aniversario-de-la-constitucion-en-san-cristobal\/","url_meta":{"origin":66230,"position":1},"title":"Abinader encabezar\u00e1 actos por el 181.\u00ba aniversario de la Constituci\u00f3n en San Crist\u00f3bal","author":"Nelson Feliz","date":"5 de noviembre de 2025","format":false,"excerpt":"Tambi\u00e9n entregar\u00e1 t\u00edtulos de propiedad en el sector de Villa Fundaci\u00f3n, que beneficiar\u00e1 a miles de familias. El presidente Luis Abinader encabezar\u00e1 este jueves los actos conmemorativos por el 181.\u00ba aniversario de la Constituci\u00f3n de la Rep\u00fablica Dominicana, en la provincia de San Crist\u00f3bal. La jornada del mandatario iniciar\u00e1 a\u2026","rel":"","context":"En \u00abNACIONALES\u00bb","block_context":{"text":"NACIONALES","link":"https:\/\/lasprimeras.com.do\/index.php\/category\/nacionales\/"},"img":{"alt_text":"Luis Abinader","src":"https:\/\/i0.wp.com\/lasprimeras.com.do\/wp-content\/uploads\/2025\/11\/Luis-Abinader-1.jpg?resize=350%2C200&ssl=1","width":350,"height":200,"srcset":"https:\/\/i0.wp.com\/lasprimeras.com.do\/wp-content\/uploads\/2025\/11\/Luis-Abinader-1.jpg?resize=350%2C200&ssl=1 1x, https:\/\/i0.wp.com\/lasprimeras.com.do\/wp-content\/uploads\/2025\/11\/Luis-Abinader-1.jpg?resize=525%2C300&ssl=1 1.5x, https:\/\/i0.wp.com\/lasprimeras.com.do\/wp-content\/uploads\/2025\/11\/Luis-Abinader-1.jpg?resize=700%2C400&ssl=1 2x, https:\/\/i0.wp.com\/lasprimeras.com.do\/wp-content\/uploads\/2025\/11\/Luis-Abinader-1.jpg?resize=1050%2C600&ssl=1 3x"},"classes":[]},{"id":66381,"url":"https:\/\/lasprimeras.com.do\/index.php\/2023\/11\/06\/mandatario-encabeza-desfile-civico-militar-por-el-179-aniversario-de-la-constitucion\/","url_meta":{"origin":66230,"position":2},"title":"Mandatario encabeza desfile c\u00edvico-militar por el 179 aniversario de la Constituci\u00f3n","author":"Nelson Feliz","date":"6 de noviembre de 2023","format":false,"excerpt":"El presidente de la Rep\u00fablica, Luis Abinader encabez\u00f3 el desfile patri\u00f3tico, estudiantil y militar realizado en conmemoraci\u00f3n 179 Aniversario de la Constituci\u00f3n, promulgada el 6 de noviembre de 1844. A su llegada, el Presidente Abinader, Autoridad Suprema de las Fuerzas Armadas y la Polic\u00eda Nacional, fue recibido con los\u00a0honores militares\u2026","rel":"","context":"En \u00abNACIONALES\u00bb","block_context":{"text":"NACIONALES","link":"https:\/\/lasprimeras.com.do\/index.php\/category\/nacionales\/"},"img":{"alt_text":"Luis Abinader","src":"https:\/\/i0.wp.com\/lasprimeras.com.do\/wp-content\/uploads\/2023\/11\/Luis-Abinader-Bandera-1.jpg?resize=350%2C200&ssl=1","width":350,"height":200,"srcset":"https:\/\/i0.wp.com\/lasprimeras.com.do\/wp-content\/uploads\/2023\/11\/Luis-Abinader-Bandera-1.jpg?resize=350%2C200&ssl=1 1x, https:\/\/i0.wp.com\/lasprimeras.com.do\/wp-content\/uploads\/2023\/11\/Luis-Abinader-Bandera-1.jpg?resize=525%2C300&ssl=1 1.5x, https:\/\/i0.wp.com\/lasprimeras.com.do\/wp-content\/uploads\/2023\/11\/Luis-Abinader-Bandera-1.jpg?resize=700%2C400&ssl=1 2x"},"classes":[]},{"id":113890,"url":"https:\/\/lasprimeras.com.do\/index.php\/2025\/11\/06\/el-181-aniversario-de-la-constitucion-se-celebra-a-todo-pulmon-en-su-ciudad-natal\/","url_meta":{"origin":66230,"position":3},"title":"El 181 aniversario de la Constituci\u00f3n se celebra a todo pulm\u00f3n en su ciudad natal","author":"Nelson Feliz","date":"6 de noviembre de 2025","format":false,"excerpt":"La parte civil del desfile estuvo encabezada por estudiantes de distintos centros educativos de la provincia, quienes enaltecieron la cultura dominicana. Llenos de entusiasmo, energ\u00eda y a todo pulm\u00f3n, los ciudadanos de San Crist\u00f3bal celebraron el tradicional desfile c\u00edvico-militar con motivo del 181 aniversario de la Constituci\u00f3n dominicana. Durante aproximadamente\u2026","rel":"","context":"En \u00abNACIONALES\u00bb","block_context":{"text":"NACIONALES","link":"https:\/\/lasprimeras.com.do\/index.php\/category\/nacionales\/"},"img":{"alt_text":"","src":"https:\/\/i0.wp.com\/lasprimeras.com.do\/wp-content\/uploads\/2025\/11\/Desfile-civico-militar-conmemoracion-del-181-aniversario-de-la-Constitucion.jpg?resize=350%2C200&ssl=1","width":350,"height":200,"srcset":"https:\/\/i0.wp.com\/lasprimeras.com.do\/wp-content\/uploads\/2025\/11\/Desfile-civico-militar-conmemoracion-del-181-aniversario-de-la-Constitucion.jpg?resize=350%2C200&ssl=1 1x, https:\/\/i0.wp.com\/lasprimeras.com.do\/wp-content\/uploads\/2025\/11\/Desfile-civico-militar-conmemoracion-del-181-aniversario-de-la-Constitucion.jpg?resize=525%2C300&ssl=1 1.5x, https:\/\/i0.wp.com\/lasprimeras.com.do\/wp-content\/uploads\/2025\/11\/Desfile-civico-militar-conmemoracion-del-181-aniversario-de-la-Constitucion.jpg?resize=700%2C400&ssl=1 2x"},"classes":[]},{"id":66376,"url":"https:\/\/lasprimeras.com.do\/index.php\/2023\/11\/06\/presidente-tc-reconoce-abinader-ha-demostrado-lealtad-y-respeto-a-la-constitucion\/","url_meta":{"origin":66230,"position":4},"title":"Presidente TC reconoce Abinader ha demostrado lealtad y respeto a la Constituci\u00f3n","author":"Nelson Feliz","date":"6 de noviembre de 2023","format":false,"excerpt":"Magistrado llama a fortalecer la democracia dominicana y el fortalecimiento institucional que son ejemplos para otros pa\u00edses de la regi\u00f3n. El presidente del Tribunal Constitucional, Milton Ray Guevara, resalt\u00f3 la presencia del presidente de la Rep\u00fablica, Luis Abinader a la audiencia solemne por la conmemoraci\u00f3n de cada aniversario de la\u2026","rel":"","context":"En \u00abNACIONALES\u00bb","block_context":{"text":"NACIONALES","link":"https:\/\/lasprimeras.com.do\/index.php\/category\/nacionales\/"},"img":{"alt_text":"Milton Ray Guevara","src":"https:\/\/i0.wp.com\/lasprimeras.com.do\/wp-content\/uploads\/2023\/11\/Milton-Ray-Guebara-1.jpg?resize=350%2C200&ssl=1","width":350,"height":200,"srcset":"https:\/\/i0.wp.com\/lasprimeras.com.do\/wp-content\/uploads\/2023\/11\/Milton-Ray-Guebara-1.jpg?resize=350%2C200&ssl=1 1x, https:\/\/i0.wp.com\/lasprimeras.com.do\/wp-content\/uploads\/2023\/11\/Milton-Ray-Guebara-1.jpg?resize=525%2C300&ssl=1 1.5x, https:\/\/i0.wp.com\/lasprimeras.com.do\/wp-content\/uploads\/2023\/11\/Milton-Ray-Guebara-1.jpg?resize=700%2C400&ssl=1 2x"},"classes":[]},{"id":113960,"url":"https:\/\/lasprimeras.com.do\/index.php\/2025\/11\/06\/fard-rinde-honor-a-la-patria-en-el-181-o-aniversario-de-la-constitucion-dominicana\/","url_meta":{"origin":66230,"position":5},"title":"FARD rinde honor a la Patria en el 181.\u00ba aniversario de la Constituci\u00f3n Dominicana","author":"Nelson Feliz","date":"6 de noviembre de 2025","format":false,"excerpt":"El presidente Luis Abinader presidi\u00f3 en la ciudad de San Crist\u00f3bal los actos conmemorativos del 181.\u00ba aniversario de la promulgaci\u00f3n de la Constituci\u00f3n Dominicana, documento que estableci\u00f3 las bases jur\u00eddicas y pol\u00edticas de la soberan\u00eda nacional el 6 de noviembre de 1844. Acompa\u00f1aron al jefe del Estado el ministro de\u2026","rel":"","context":"En \u00abMILITARES\u00bb","block_context":{"text":"MILITARES","link":"https:\/\/lasprimeras.com.do\/index.php\/category\/militares\/"},"img":{"alt_text":"","src":"https:\/\/i0.wp.com\/lasprimeras.com.do\/wp-content\/uploads\/2025\/11\/FARD.jpg?resize=350%2C200&ssl=1","width":350,"height":200,"srcset":"https:\/\/i0.wp.com\/lasprimeras.com.do\/wp-content\/uploads\/2025\/11\/FARD.jpg?resize=350%2C200&ssl=1 1x, https:\/\/i0.wp.com\/lasprimeras.com.do\/wp-content\/uploads\/2025\/11\/FARD.jpg?resize=525%2C300&ssl=1 1.5x, https:\/\/i0.wp.com\/lasprimeras.com.do\/wp-content\/uploads\/2025\/11\/FARD.jpg?resize=700%2C400&ssl=1 2x"},"classes":[]}],"jetpack_sharing_enabled":true,"_links":{"self":[{"href":"https:\/\/lasprimeras.com.do\/index.php\/wp-json\/wp\/v2\/posts\/66230","targetHints":{"allow":["GET"]}}],"collection":[{"href":"https:\/\/lasprimeras.com.do\/index.php\/wp-json\/wp\/v2\/posts"}],"about":[{"href":"https:\/\/lasprimeras.com.do\/index.php\/wp-json\/wp\/v2\/types\/post"}],"author":[{"embeddable":true,"href":"https:\/\/lasprimeras.com.do\/index.php\/wp-json\/wp\/v2\/users\/2"}],"replies":[{"embeddable":true,"href":"https:\/\/lasprimeras.com.do\/index.php\/wp-json\/wp\/v2\/comments?post=66230"}],"version-history":[{"count":1,"href":"https:\/\/lasprimeras.com.do\/index.php\/wp-json\/wp\/v2\/posts\/66230\/revisions"}],"predecessor-version":[{"id":66232,"href":"https:\/\/lasprimeras.com.do\/index.php\/wp-json\/wp\/v2\/posts\/66230\/revisions\/66232"}],"wp:featuredmedia":[{"embeddable":true,"href":"https:\/\/lasprimeras.com.do\/index.php\/wp-json\/wp\/v2\/media\/66231"}],"wp:attachment":[{"href":"https:\/\/lasprimeras.com.do\/index.php\/wp-json\/wp\/v2\/media?parent=66230"}],"wp:term":[{"taxonomy":"category","embeddable":true,"href":"https:\/\/lasprimeras.com.do\/index.php\/wp-json\/wp\/v2\/categories?post=66230"},{"taxonomy":"post_tag","embeddable":true,"href":"https:\/\/lasprimeras.com.do\/index.php\/wp-json\/wp\/v2\/tags?post=66230"}],"curies":[{"name":"wp","href":"https:\/\/api.w.org\/{rel}","templated":true}]}}