{"id":66262,"date":"2023-11-05T16:04:13","date_gmt":"2023-11-05T20:04:13","guid":{"rendered":"https:\/\/lasprimeras.com.do\/?p=66262"},"modified":"2023-11-05T16:04:15","modified_gmt":"2023-11-05T20:04:15","slug":"hallan-muerta-estudiante-de-enfermeria-en-la-ceiba-honduras","status":"publish","type":"post","link":"https:\/\/lasprimeras.com.do\/index.php\/2023\/11\/05\/hallan-muerta-estudiante-de-enfermeria-en-la-ceiba-honduras\/","title":{"rendered":"Hallan muerta estudiante de enfermer\u00eda en La Ceiba-Honduras"},"content":{"rendered":"\n<p><strong>Honduras.- <\/strong>En el tranquilo barrio de Las Acacias en La Ceiba, Atl\u00e1ntida, Honduras, trajo consigo una noticia que ha conmocionado a la comunidad. En la privacidad de su hogar, fue encontrada sin vida Saily Yankel Mart\u00ednez, una joven estudiante de enfermer\u00eda de tan solo 25 a\u00f1os de edad.<\/p>\n\n\n\n<p>Lo que hizo que este tr\u00e1gico hallazgo fuera a\u00fan m\u00e1s impactante fue el hecho de que Saily era la sobrina del renombrado cantautor hondure\u00f1o, Aurelio Mart\u00ednez.<\/p>\n\n\n\n<p>A medida que la noticia se difundi\u00f3, la comunidad se qued\u00f3 perpleja ante un misterio que a\u00fan se mantiene sin resolver: \u00bfqu\u00e9 caus\u00f3 la muerte de Saily Mart\u00ednez?<br>A pesar de que las autoridades llegaron al lugar para llevar a cabo una investigaci\u00f3n exhaustiva, hasta el momento no se ha establecido una causa de muerte definitiva.<\/p>\n\n\n\n<p>Sin embargo, lo que es evidente es que su cuerpo estaba en un estado avanzado de descomposici\u00f3n, lo que sugiere que hab\u00eda fallecido al menos ocho d\u00edas antes de su descubrimiento.<\/p>\n\n\n\n<p>Saily Mart\u00ednez no solo era una joven prometedora en el campo de la enfermer\u00eda, sino que tambi\u00e9n llevaba consigo el legado de su t\u00edo, el reconocido cantautor Aurelio Mart\u00ednez.<\/p>\n\n\n\n<p>Como parte de la pr\u00f3xima generaci\u00f3n de talento musical en Honduras, la vida de Saily promet\u00eda mucho, y su tr\u00e1gica muerte ha dejado un vac\u00edo inmenso en el coraz\u00f3n de su familia y la comunidad en general.<\/p>\n\n\n\n<p>La noticia de la muerte de Saily ha desatado una oleada de tristeza y conmoci\u00f3n en La Ceiba y m\u00e1s all\u00e1. La incertidumbre en torno a las circunstancias de su muerte solo ha aumentado el dolor de quienes la conoc\u00edan y amaban.<\/p>\n\n\n\n<p>Los amigos, la familia y los seguidores de la joven estudiante de enfermer\u00eda se han unido en el duelo, buscando respuestas y consuelo en medio de esta tr\u00e1gica p\u00e9rdida.<\/p>\n","protected":false},"excerpt":{"rendered":"<p>Honduras.- En el tranquilo barrio de Las Acacias en La Ceiba, Atl\u00e1ntida, Honduras, trajo consigo una noticia que ha conmocionado a la comunidad. En la privacidad de su hogar, fue&hellip;<\/p>\n","protected":false},"author":2,"featured_media":66263,"comment_status":"open","ping_status":"open","sticky":false,"template":"","format":"standard","meta":{"content-type":"","jetpack_post_was_ever_published":false,"_jetpack_newsletter_access":"","_jetpack_dont_email_post_to_subs":false,"_jetpack_newsletter_tier_id":0,"_jetpack_memberships_contains_paywalled_content":false,"_jetpack_memberships_contains_paid_content":false,"footnotes":""},"categories":[1],"tags":[1307,3350,242,68,9184,140],"class_list":["post-66262","post","type-post","status-publish","format-standard","has-post-thumbnail","hentry","category-sin-categoria","tag-enfermeria","tag-estudiante","tag-hallan","tag-honduras","tag-la-ceiba","tag-muerta"],"jetpack_featured_media_url":"https:\/\/lasprimeras.com.do\/wp-content\/uploads\/2023\/11\/Saily-Yankel-Martinez-384x200-1.jpg","jetpack-related-posts":[{"id":109932,"url":"https:\/\/lasprimeras.com.do\/index.php\/2025\/09\/23\/mescyt-entrega-108-nuevas-becas-a-estudiantes-meritorios-para-continuar-su-formacion-superior\/","url_meta":{"origin":66262,"position":0},"title":"MESCyT entrega 108 nuevas becas a estudiantes meritorios para continuar su formaci\u00f3n superior","author":"Nelson Feliz","date":"23 de septiembre de 2025","format":false,"excerpt":"El Ministerio de Educaci\u00f3n Superior, Ciencia y Tecnolog\u00eda, (MESCyT) entreg\u00f3 un nuevo grupo de becas nacionales a estudiantes meritorios, seleccionados entre m\u00e1s de 80 mil solicitudes recibidas durante la convocatoria. De acuerdo con las autoridades, la meta es otorgar 8,000 becas, lo que resalta a\u00fan m\u00e1s el m\u00e9rito acad\u00e9mico de\u2026","rel":"","context":"En \u00abNACIONALES\u00bb","block_context":{"text":"NACIONALES","link":"https:\/\/lasprimeras.com.do\/index.php\/category\/nacionales\/"},"img":{"alt_text":"","src":"https:\/\/i0.wp.com\/lasprimeras.com.do\/wp-content\/uploads\/2025\/09\/becas.jpg?resize=350%2C200&ssl=1","width":350,"height":200,"srcset":"https:\/\/i0.wp.com\/lasprimeras.com.do\/wp-content\/uploads\/2025\/09\/becas.jpg?resize=350%2C200&ssl=1 1x, https:\/\/i0.wp.com\/lasprimeras.com.do\/wp-content\/uploads\/2025\/09\/becas.jpg?resize=525%2C300&ssl=1 1.5x, https:\/\/i0.wp.com\/lasprimeras.com.do\/wp-content\/uploads\/2025\/09\/becas.jpg?resize=700%2C400&ssl=1 2x"},"classes":[]},{"id":108297,"url":"https:\/\/lasprimeras.com.do\/index.php\/2025\/09\/04\/aplazan-audiencia-de-medida-de-coercion-a-conductor-que-ocasiono-accidente-multiple-en-la-ceiba\/","url_meta":{"origin":66262,"position":1},"title":"Aplazan audiencia de medida de coerci\u00f3n a conductor que ocasion\u00f3 accidente m\u00faltiple en La Ceiba","author":"Nelson Feliz","date":"4 de septiembre de 2025","format":false,"excerpt":"La audiencia fue reprogramada para el pr\u00f3ximo jueves 11, a las 9:00 de la ma\u00f1ana. La audiencia contra el conductor implicado en el accidente de tr\u00e1nsito ocurrido en la comunidad La Ceiba El Salado, en la provincia La Altagracia, fue aplazada para el jueves 11 de septiembre, a las 9:00\u2026","rel":"","context":"En \u00abJUSTICIA\u00bb","block_context":{"text":"JUSTICIA","link":"https:\/\/lasprimeras.com.do\/index.php\/category\/justicia\/"},"img":{"alt_text":"","src":"https:\/\/i0.wp.com\/lasprimeras.com.do\/wp-content\/uploads\/2025\/09\/Hector-Castillo.jpg?resize=350%2C200&ssl=1","width":350,"height":200,"srcset":"https:\/\/i0.wp.com\/lasprimeras.com.do\/wp-content\/uploads\/2025\/09\/Hector-Castillo.jpg?resize=350%2C200&ssl=1 1x, https:\/\/i0.wp.com\/lasprimeras.com.do\/wp-content\/uploads\/2025\/09\/Hector-Castillo.jpg?resize=525%2C300&ssl=1 1.5x, https:\/\/i0.wp.com\/lasprimeras.com.do\/wp-content\/uploads\/2025\/09\/Hector-Castillo.jpg?resize=700%2C400&ssl=1 2x"},"classes":[]},{"id":93015,"url":"https:\/\/lasprimeras.com.do\/index.php\/2025\/01\/21\/abinader-inaugura-una-escuela-y-una-estancia-infantil-en-la-altagracia\/","url_meta":{"origin":66262,"position":2},"title":"Abinader inaugura una escuela y una estancia infantil en La Altagracia","author":"Nelson Feliz","date":"21 de enero de 2025","format":false,"excerpt":"El presidente Luis Abinader despu\u00e9s de asistir a la eucarist\u00eda en ocasi\u00f3n del D\u00eda de Nuestra Se\u00f1ora de la Altagracia, continu\u00f3 llevando bienestar esta provincia al inaugurar un nuevo plantel escolar que beneficiar\u00e1 a 840 estudiantes y una estancia infantil que favorecer\u00e1 a 250 infantes en La Altagracia. El jefe\u2026","rel":"","context":"En \u00abNACIONALES\u00bb","block_context":{"text":"NACIONALES","link":"https:\/\/lasprimeras.com.do\/index.php\/category\/nacionales\/"},"img":{"alt_text":"Luis Abinader","src":"https:\/\/i0.wp.com\/lasprimeras.com.do\/wp-content\/uploads\/2025\/01\/Luis-Abinader-6.jpg?resize=350%2C200&ssl=1","width":350,"height":200,"srcset":"https:\/\/i0.wp.com\/lasprimeras.com.do\/wp-content\/uploads\/2025\/01\/Luis-Abinader-6.jpg?resize=350%2C200&ssl=1 1x, https:\/\/i0.wp.com\/lasprimeras.com.do\/wp-content\/uploads\/2025\/01\/Luis-Abinader-6.jpg?resize=525%2C300&ssl=1 1.5x, https:\/\/i0.wp.com\/lasprimeras.com.do\/wp-content\/uploads\/2025\/01\/Luis-Abinader-6.jpg?resize=700%2C400&ssl=1 2x"},"classes":[]},{"id":59172,"url":"https:\/\/lasprimeras.com.do\/index.php\/2023\/08\/31\/hallan-muerta-a-la-hija-de-la-comunicadora-yolanda-martinez\/","url_meta":{"origin":66262,"position":3},"title":"Hallan muerta a la hija de la comunicadora Yolanda Mart\u00ednez","author":"Nelson Feliz","date":"31 de agosto de 2023","format":false,"excerpt":"Hasta el momento no se ha dado a conocer la causa de la muerte de la joven de 23 a\u00f1os. Fue encontrada sin vida Adela Molina, hija de la comunicadora dominicana Yolanda Mart\u00ednez, seg\u00fan se inform\u00f3 a Diario Libre. De acuerdo con versiones preliminares, la joven de 23 a\u00f1os falleci\u00f3\u2026","rel":"","context":"En \u00abNACIONALES\u00bb","block_context":{"text":"NACIONALES","link":"https:\/\/lasprimeras.com.do\/index.php\/category\/nacionales\/"},"img":{"alt_text":"Yolanda Mart\u00ednez en una imagen de archivo junto a su hija Adela","src":"https:\/\/i0.wp.com\/lasprimeras.com.do\/wp-content\/uploads\/2023\/08\/Yolanda-Martinez-en-una-imagen-de-archivo-junto-a-su-hija-Adela.jpg?resize=350%2C200&ssl=1","width":350,"height":200,"srcset":"https:\/\/i0.wp.com\/lasprimeras.com.do\/wp-content\/uploads\/2023\/08\/Yolanda-Martinez-en-una-imagen-de-archivo-junto-a-su-hija-Adela.jpg?resize=350%2C200&ssl=1 1x, https:\/\/i0.wp.com\/lasprimeras.com.do\/wp-content\/uploads\/2023\/08\/Yolanda-Martinez-en-una-imagen-de-archivo-junto-a-su-hija-Adela.jpg?resize=525%2C300&ssl=1 1.5x, https:\/\/i0.wp.com\/lasprimeras.com.do\/wp-content\/uploads\/2023\/08\/Yolanda-Martinez-en-una-imagen-de-archivo-junto-a-su-hija-Adela.jpg?resize=700%2C400&ssl=1 2x"},"classes":[]},{"id":106619,"url":"https:\/\/lasprimeras.com.do\/index.php\/2025\/08\/17\/seis-anos-de-espera-comunidad-de-las-terrenas-celebra-el-cumpleanos-de-una-escuela-inconclusa\/","url_meta":{"origin":66262,"position":4},"title":"Seis a\u00f1os de espera: comunidad de Las Terrenas \u201ccelebra\u201d el cumplea\u00f1os de una escuela inconclusa","author":"Nelson Feliz","date":"17 de agosto de 2025","format":false,"excerpt":"La comunidad de La Ceiba, en Las Terrenas, volvi\u00f3 a alzar su voz frente al abandono de la construcci\u00f3n de la Escuela Primaria F\u00e9lix Sosa, ubicada en la calle Boulevard, sector La Ceiba, cuya edificaci\u00f3n permanece inconclusa desde hace seis a\u00f1os. La protesta, organizada por la Asociaci\u00f3n de Padres, Madres\u2026","rel":"","context":"En \u00abNACIONALES\u00bb","block_context":{"text":"NACIONALES","link":"https:\/\/lasprimeras.com.do\/index.php\/category\/nacionales\/"},"img":{"alt_text":"","src":"https:\/\/i0.wp.com\/lasprimeras.com.do\/wp-content\/uploads\/2025\/08\/escuela-inconclusa.jpg?resize=350%2C200&ssl=1","width":350,"height":200,"srcset":"https:\/\/i0.wp.com\/lasprimeras.com.do\/wp-content\/uploads\/2025\/08\/escuela-inconclusa.jpg?resize=350%2C200&ssl=1 1x, https:\/\/i0.wp.com\/lasprimeras.com.do\/wp-content\/uploads\/2025\/08\/escuela-inconclusa.jpg?resize=525%2C300&ssl=1 1.5x, https:\/\/i0.wp.com\/lasprimeras.com.do\/wp-content\/uploads\/2025\/08\/escuela-inconclusa.jpg?resize=700%2C400&ssl=1 2x"},"classes":[]},{"id":88292,"url":"https:\/\/lasprimeras.com.do\/index.php\/2024\/08\/25\/comisionado-de-derechos-humanos-en-honduras-pide-al-gobierno-detener-ola-de-masacres\/","url_meta":{"origin":66262,"position":5},"title":"Comisionado de Derechos Humanos en Honduras pide al Gobierno detener &#8220;ola de masacres&#8221;","author":"Nelson Feliz","date":"25 de agosto de 2024","format":false,"excerpt":"Tegucigalpa, (EFE).- La titular del Comisionado Nacional de los Derechos Humanos en Honduras (Conadeh), Blanca Izaguirre, pidi\u00f3 este domingo a las autoridades de seguridad detener \"la ola de masacres\" que desangra al pa\u00eds, con casi 300 personas muertas en 68 matanzas desde diciembre de 2022, cuando se impuso un estado\u2026","rel":"","context":"En \u00abSin categor\u00eda\u00bb","block_context":{"text":"Sin categor\u00eda","link":"https:\/\/lasprimeras.com.do\/index.php\/category\/sin-categoria\/"},"img":{"alt_text":"Blanca Izaguirre","src":"https:\/\/i0.wp.com\/lasprimeras.com.do\/wp-content\/uploads\/2024\/08\/Blanca-Izaguirre.jpg?resize=350%2C200&ssl=1","width":350,"height":200,"srcset":"https:\/\/i0.wp.com\/lasprimeras.com.do\/wp-content\/uploads\/2024\/08\/Blanca-Izaguirre.jpg?resize=350%2C200&ssl=1 1x, https:\/\/i0.wp.com\/lasprimeras.com.do\/wp-content\/uploads\/2024\/08\/Blanca-Izaguirre.jpg?resize=525%2C300&ssl=1 1.5x, https:\/\/i0.wp.com\/lasprimeras.com.do\/wp-content\/uploads\/2024\/08\/Blanca-Izaguirre.jpg?resize=700%2C400&ssl=1 2x"},"classes":[]}],"jetpack_sharing_enabled":true,"_links":{"self":[{"href":"https:\/\/lasprimeras.com.do\/index.php\/wp-json\/wp\/v2\/posts\/66262","targetHints":{"allow":["GET"]}}],"collection":[{"href":"https:\/\/lasprimeras.com.do\/index.php\/wp-json\/wp\/v2\/posts"}],"about":[{"href":"https:\/\/lasprimeras.com.do\/index.php\/wp-json\/wp\/v2\/types\/post"}],"author":[{"embeddable":true,"href":"https:\/\/lasprimeras.com.do\/index.php\/wp-json\/wp\/v2\/users\/2"}],"replies":[{"embeddable":true,"href":"https:\/\/lasprimeras.com.do\/index.php\/wp-json\/wp\/v2\/comments?post=66262"}],"version-history":[{"count":1,"href":"https:\/\/lasprimeras.com.do\/index.php\/wp-json\/wp\/v2\/posts\/66262\/revisions"}],"predecessor-version":[{"id":66264,"href":"https:\/\/lasprimeras.com.do\/index.php\/wp-json\/wp\/v2\/posts\/66262\/revisions\/66264"}],"wp:featuredmedia":[{"embeddable":true,"href":"https:\/\/lasprimeras.com.do\/index.php\/wp-json\/wp\/v2\/media\/66263"}],"wp:attachment":[{"href":"https:\/\/lasprimeras.com.do\/index.php\/wp-json\/wp\/v2\/media?parent=66262"}],"wp:term":[{"taxonomy":"category","embeddable":true,"href":"https:\/\/lasprimeras.com.do\/index.php\/wp-json\/wp\/v2\/categories?post=66262"},{"taxonomy":"post_tag","embeddable":true,"href":"https:\/\/lasprimeras.com.do\/index.php\/wp-json\/wp\/v2\/tags?post=66262"}],"curies":[{"name":"wp","href":"https:\/\/api.w.org\/{rel}","templated":true}]}}