{"id":66327,"date":"2023-11-06T07:02:31","date_gmt":"2023-11-06T11:02:31","guid":{"rendered":"https:\/\/lasprimeras.com.do\/?p=66327"},"modified":"2023-11-06T07:02:33","modified_gmt":"2023-11-06T11:02:33","slug":"marileidy-retorna-a-rd-tras-brillar-en-los-panamericanos-bienvenida-nuestra-campeona","status":"publish","type":"post","link":"https:\/\/lasprimeras.com.do\/index.php\/2023\/11\/06\/marileidy-retorna-a-rd-tras-brillar-en-los-panamericanos-bienvenida-nuestra-campeona\/","title":{"rendered":"Marileidy retorna a RD tras brillar en los Panamericanos: \u201cBienvenida nuestra campeona\u201d"},"content":{"rendered":"\n<p class=\"wp-block-paragraph\">Santo Domingo.-Marileidy Paulino ya se encuentra en Rep\u00fablica Dominicana. Tras lograr cuatro medallas: dos oros, una plata y un bronce, la atleta velocista aterriz\u00f3 en el Aeropuerto Internacional de las Am\u00e9ricas en la madrugada de este domingo.<\/p>\n\n\n\n<p class=\"wp-block-paragraph\">\u201cCon sabor a patria\u201d, al ritmo de m\u00fasica t\u00edpica, Paulino fue recibida en el aeropuerto junto a su entrenador Yaseen P\u00e9rez.<\/p>\n\n\n\n<p class=\"wp-block-paragraph\">La atleta velocista lleg\u00f3 al pa\u00eds en vuelo de la l\u00ednea nacional Arajet.<\/p>\n\n\n\n<p class=\"wp-block-paragraph\">La informaci\u00f3n la dio a conocer el Ministerio de Cultura, al igual que la Federaci\u00f3n Dominicana de Atletismo (Fedomatle).<\/p>\n\n\n\n<p class=\"wp-block-paragraph\">\u201cBienvenida nuestra campeona y multimedallista Panamericana\u201d, escribi\u00f3 la Fedomatle en una publicaci\u00f3n en su cuenta de Instagram.<\/p>\n\n\n\n<p class=\"wp-block-paragraph\">Relevo 4\u00d7400 femeninio sostienen la bandera dominicana en la pista de los Juegos Panamericanos.<\/p>\n\n\n\n<p class=\"wp-block-paragraph\">La dominicana Marileidy Paulino celebra tras ganar en la final de los 200 metros femeninos de los Juegos Panamericanos Santiago 2023 en el Estadio Nacional de Santiago el 2 de noviembre de 2023.<\/p>\n\n\n\n<p class=\"wp-block-paragraph\">Paulino, nativa de Don Gregorio, Nizao, inici\u00f3 su ruta tras conquistar el primer puesto en la carrera del relevo mixto 4\u00d7400 metros, donde cronometraron 3 minutos, 16 segundos y 5 cent\u00e9simas.<\/p>\n\n\n\n<p class=\"wp-block-paragraph\">La atleta tambi\u00e9n se llev\u00f3 los m\u00e1ximos honores en la competencia de los 200 metros lisos.<\/p>\n","protected":false},"excerpt":{"rendered":"<p>Santo Domingo.-Marileidy Paulino ya se encuentra en Rep\u00fablica Dominicana. Tras lograr cuatro medallas: dos oros, una plata y un bronce, la atleta velocista aterriz\u00f3 en el Aeropuerto Internacional de las&hellip;<\/p>\n","protected":false},"author":3,"featured_media":66328,"comment_status":"open","ping_status":"open","sticky":false,"template":"","format":"standard","meta":{"content-type":"","_jetpack_newsletter_access":"","_jetpack_dont_email_post_to_subs":false,"_jetpack_newsletter_tier_id":0,"_jetpack_memberships_contains_paywalled_content":false,"_jetpack_feature_clip_id":0,"_jetpack_memberships_contains_paid_content":false,"footnotes":"","jetpack_post_was_ever_published":false},"categories":[1],"tags":[3317],"class_list":["post-66327","post","type-post","status-publish","format-standard","has-post-thumbnail","hentry","category-sin-categoria","tag-marileidy-paulino"],"jetpack-related-posts":[{"id":111718,"url":"https:\/\/lasprimeras.com.do\/index.php\/2025\/10\/12\/velocista-dominicana-marileidy-paulino-se-destaca-en-carrera-nueva-york\/","url_meta":{"origin":66327,"position":0},"title":"Velocista dominicana Marileidy Paulino se destaca en carrera Nueva York","author":"Nelson Feliz","date":"12 de octubre de 2025","format":false,"excerpt":"Santo Domingo, PL.- Medios de comunicaci\u00f3n dominicanos destacaron el nuevo triunfo de la velocista Marileidy Paulino, quien cerr\u00f3 su temporada 2025 con una victoria en los 400 metros planos del Athlos NYC 2025, celebrado en el Icahn Stadium, en Nueva York. Peri\u00f3dicos, portales digitales y noticieros televisivos coincidieron en resaltar\u2026","rel":"","context":"En \u00abDEPORTES\u00bb","block_context":{"text":"DEPORTES","link":"https:\/\/lasprimeras.com.do\/index.php\/category\/deportes\/"},"img":{"alt_text":"Marileidy Paulino","src":"https:\/\/i0.wp.com\/lasprimeras.com.do\/wp-content\/uploads\/2025\/10\/Marileidy-Paulino.jpg?resize=350%2C200&ssl=1","width":350,"height":200,"srcset":"https:\/\/i0.wp.com\/lasprimeras.com.do\/wp-content\/uploads\/2025\/10\/Marileidy-Paulino.jpg?resize=350%2C200&ssl=1 1x, https:\/\/i0.wp.com\/lasprimeras.com.do\/wp-content\/uploads\/2025\/10\/Marileidy-Paulino.jpg?resize=525%2C300&ssl=1 1.5x, https:\/\/i0.wp.com\/lasprimeras.com.do\/wp-content\/uploads\/2025\/10\/Marileidy-Paulino.jpg?resize=700%2C400&ssl=1 2x, https:\/\/i0.wp.com\/lasprimeras.com.do\/wp-content\/uploads\/2025\/10\/Marileidy-Paulino.jpg?resize=1050%2C600&ssl=1 3x"},"classes":[]},{"id":60017,"url":"https:\/\/lasprimeras.com.do\/index.php\/2023\/09\/09\/fuerza-aerea-dominicana-asciende-de-rango-a-marileidy-paulino\/","url_meta":{"origin":66327,"position":1},"title":"Fuerza A\u00e9rea Dominicana asciende de rango a Marileidy Paulino","author":"Nelson Feliz","date":"9 de septiembre de 2023","format":false,"excerpt":"La atleta tambi\u00e9n fue condecorada con la Medalla Vuelo Panamericano por el mayor general Carlos R. Febrillet Rodr\u00edguez, comandante general de la Fuerza A\u00e9rea.","rel":"","context":"En \u00abSin categor\u00eda\u00bb","block_context":{"text":"Sin categor\u00eda","link":"https:\/\/lasprimeras.com.do\/index.php\/category\/sin-categoria\/"},"img":{"alt_text":"La atleta tambi\u00e9n fue condecorada con la Medalla Vuelo Panamericano por el mayor general Carlos R. Febrillet Rodr\u00edguez, comandante general de la Fuerza A\u00e9rea.","src":"https:\/\/i0.wp.com\/lasprimeras.com.do\/wp-content\/uploads\/2023\/09\/Marileidy-Paulino.jpg?resize=350%2C200&ssl=1","width":350,"height":200,"srcset":"https:\/\/i0.wp.com\/lasprimeras.com.do\/wp-content\/uploads\/2023\/09\/Marileidy-Paulino.jpg?resize=350%2C200&ssl=1 1x, https:\/\/i0.wp.com\/lasprimeras.com.do\/wp-content\/uploads\/2023\/09\/Marileidy-Paulino.jpg?resize=525%2C300&ssl=1 1.5x, https:\/\/i0.wp.com\/lasprimeras.com.do\/wp-content\/uploads\/2023\/09\/Marileidy-Paulino.jpg?resize=700%2C400&ssl=1 2x"},"classes":[]},{"id":58438,"url":"https:\/\/lasprimeras.com.do\/index.php\/2023\/08\/24\/abinader-destaca-oro-de-marileidy-paulino-en-mundial-de-atletismo\/","url_meta":{"origin":66327,"position":2},"title":"Abinader destaca oro de Marileidy Paulino en Mundial de Atletismo","author":"Nelson Feliz","date":"24 de agosto de 2023","format":false,"excerpt":"La conquista por la dominicana Marileidy Paulino de la medalla de oro en los 400 metros del Mundial de atletismo en Budapest ha sido destacada por el presidente del pa\u00eds, Luis Abinader, quien asegur\u00f3 que la velocista \u00abllena de orgullo a toda la naci\u00f3n\u00bb. Paulino, quien fij\u00f3 una nueva marca\u2026","rel":"","context":"En \u00abSin categor\u00eda\u00bb","block_context":{"text":"Sin categor\u00eda","link":"https:\/\/lasprimeras.com.do\/index.php\/category\/sin-categoria\/"},"img":{"alt_text":"Marileidy Paulino","src":"https:\/\/i0.wp.com\/lasprimeras.com.do\/wp-content\/uploads\/2023\/08\/Marileidy-Paulino-1.jpeg?resize=350%2C200&ssl=1","width":350,"height":200,"srcset":"https:\/\/i0.wp.com\/lasprimeras.com.do\/wp-content\/uploads\/2023\/08\/Marileidy-Paulino-1.jpeg?resize=350%2C200&ssl=1 1x, https:\/\/i0.wp.com\/lasprimeras.com.do\/wp-content\/uploads\/2023\/08\/Marileidy-Paulino-1.jpeg?resize=525%2C300&ssl=1 1.5x, https:\/\/i0.wp.com\/lasprimeras.com.do\/wp-content\/uploads\/2023\/08\/Marileidy-Paulino-1.jpeg?resize=700%2C400&ssl=1 2x"},"classes":[]},{"id":136637,"url":"https:\/\/lasprimeras.com.do\/index.php\/2026\/08\/06\/marileidy-paulino-tras-ganar-oro-corri-para-que-mi-pais-se-la-gozara\/","url_meta":{"origin":66327,"position":3},"title":"Marileidy Paulino tras ganar oro: &#8220;Corr\u00ed para que mi pa\u00eds se la gozara&#8221;","author":"Nelson Feliz","date":"6 de agosto de 2026","format":false,"excerpt":"La campeona ol\u00edmpica dedic\u00f3 su actuaci\u00f3n al pueblo dominicano, luego de conquistar el oro con un r\u00e9cord para la competencia de 48.94 segundos. La todo terreno Marileidy Paulino\u00a0asegur\u00f3 la noche de este mi\u00e9rcoles que la\u00a0medalla de oro\u00a0conquistada en los 400 metros planos de los\u00a0XXV Juegos Centroamericanos\u00a0y del Caribe Santo Domingo\u2026","rel":"","context":"En \u00abDEPORTES\u00bb","block_context":{"text":"DEPORTES","link":"https:\/\/lasprimeras.com.do\/index.php\/category\/deportes\/"},"img":{"alt_text":"Marileidy Paulino","src":"https:\/\/i0.wp.com\/lasprimeras.com.do\/wp-content\/uploads\/2025\/10\/Marileidy-Paulino.jpg?resize=350%2C200&ssl=1","width":350,"height":200,"srcset":"https:\/\/i0.wp.com\/lasprimeras.com.do\/wp-content\/uploads\/2025\/10\/Marileidy-Paulino.jpg?resize=350%2C200&ssl=1 1x, https:\/\/i0.wp.com\/lasprimeras.com.do\/wp-content\/uploads\/2025\/10\/Marileidy-Paulino.jpg?resize=525%2C300&ssl=1 1.5x, https:\/\/i0.wp.com\/lasprimeras.com.do\/wp-content\/uploads\/2025\/10\/Marileidy-Paulino.jpg?resize=700%2C400&ssl=1 2x, https:\/\/i0.wp.com\/lasprimeras.com.do\/wp-content\/uploads\/2025\/10\/Marileidy-Paulino.jpg?resize=1050%2C600&ssl=1 3x"},"classes":[]},{"id":101423,"url":"https:\/\/lasprimeras.com.do\/index.php\/2025\/06\/20\/marileidy-paulino-gana-los-400-metros-de-paris-en-la-liga-diamante\/","url_meta":{"origin":66327,"position":4},"title":"Marileidy Paulino gana los 400 metros de Par\u00eds en la Liga Diamante","author":"Nelson Feliz","date":"20 de junio de 2025","format":false,"excerpt":"Con el triunfo, la atleta quisqueyana extiende a cuatro sus victorias consecutivas su racha de \u00e9xitos cuando el circuito se corre en la capital francesa. La velocista dominicana Marileidy Paulino registr\u00f3 un tiempo de 48.81 para llevarse el primer lugar del encuentro atl\u00e9tico de Par\u00eds, en su primera presentaci\u00f3n del\u2026","rel":"","context":"En \u00abDEPORTES\u00bb","block_context":{"text":"DEPORTES","link":"https:\/\/lasprimeras.com.do\/index.php\/category\/deportes\/"},"img":{"alt_text":"","src":"https:\/\/i0.wp.com\/lasprimeras.com.do\/wp-content\/uploads\/2025\/06\/Marileydy-Paulino.jpg?resize=350%2C200&ssl=1","width":350,"height":200,"srcset":"https:\/\/i0.wp.com\/lasprimeras.com.do\/wp-content\/uploads\/2025\/06\/Marileydy-Paulino.jpg?resize=350%2C200&ssl=1 1x, https:\/\/i0.wp.com\/lasprimeras.com.do\/wp-content\/uploads\/2025\/06\/Marileydy-Paulino.jpg?resize=525%2C300&ssl=1 1.5x, https:\/\/i0.wp.com\/lasprimeras.com.do\/wp-content\/uploads\/2025\/06\/Marileydy-Paulino.jpg?resize=700%2C400&ssl=1 2x"},"classes":[]},{"id":58245,"url":"https:\/\/lasprimeras.com.do\/index.php\/2023\/08\/22\/marileidy-paulino-pasa-a-la-final-mundial-de-atletismo-de-budapest\/","url_meta":{"origin":66327,"position":5},"title":"Marileidy Paulino pasa a la final Mundial de Atletismo de Budapest","author":"Nelson Feliz","date":"22 de agosto de 2023","format":false,"excerpt":"HUNGRIA.- La velocista Marileidy Paulino ofreci\u00f3 otra gran demostraci\u00f3n al clasificar a la final de los 400 metros planos en el Campeonato Mundial de Atletismo que se celebra en Budapest, Hungria. Paulino ocup\u00f3 el primer de los tres heats que present\u00f3 la especialidad al cronometrar 49.54 segundos sin mayores esfuerzos\u2026","rel":"","context":"En \u00abSin categor\u00eda\u00bb","block_context":{"text":"Sin categor\u00eda","link":"https:\/\/lasprimeras.com.do\/index.php\/category\/sin-categoria\/"},"img":{"alt_text":"Marileidy Paulino","src":"https:\/\/i0.wp.com\/lasprimeras.com.do\/wp-content\/uploads\/2023\/08\/Marileidy-Paulino.jpg?resize=350%2C200&ssl=1","width":350,"height":200,"srcset":"https:\/\/i0.wp.com\/lasprimeras.com.do\/wp-content\/uploads\/2023\/08\/Marileidy-Paulino.jpg?resize=350%2C200&ssl=1 1x, https:\/\/i0.wp.com\/lasprimeras.com.do\/wp-content\/uploads\/2023\/08\/Marileidy-Paulino.jpg?resize=525%2C300&ssl=1 1.5x, https:\/\/i0.wp.com\/lasprimeras.com.do\/wp-content\/uploads\/2023\/08\/Marileidy-Paulino.jpg?resize=700%2C400&ssl=1 2x, https:\/\/i0.wp.com\/lasprimeras.com.do\/wp-content\/uploads\/2023\/08\/Marileidy-Paulino.jpg?resize=1050%2C600&ssl=1 3x, https:\/\/i0.wp.com\/lasprimeras.com.do\/wp-content\/uploads\/2023\/08\/Marileidy-Paulino.jpg?resize=1400%2C800&ssl=1 4x"},"classes":[]}],"jetpack_sharing_enabled":true,"jetpack_featured_media_url":"https:\/\/lasprimeras.com.do\/wp-content\/uploads\/2023\/11\/WhatsApp-Image-2023-11-04-at-7.05.43-PM-9.jpeg","_links":{"self":[{"href":"https:\/\/lasprimeras.com.do\/index.php\/wp-json\/wp\/v2\/posts\/66327","targetHints":{"allow":["GET"]}}],"collection":[{"href":"https:\/\/lasprimeras.com.do\/index.php\/wp-json\/wp\/v2\/posts"}],"about":[{"href":"https:\/\/lasprimeras.com.do\/index.php\/wp-json\/wp\/v2\/types\/post"}],"author":[{"embeddable":true,"href":"https:\/\/lasprimeras.com.do\/index.php\/wp-json\/wp\/v2\/users\/3"}],"replies":[{"embeddable":true,"href":"https:\/\/lasprimeras.com.do\/index.php\/wp-json\/wp\/v2\/comments?post=66327"}],"version-history":[{"count":1,"href":"https:\/\/lasprimeras.com.do\/index.php\/wp-json\/wp\/v2\/posts\/66327\/revisions"}],"predecessor-version":[{"id":66329,"href":"https:\/\/lasprimeras.com.do\/index.php\/wp-json\/wp\/v2\/posts\/66327\/revisions\/66329"}],"wp:featuredmedia":[{"embeddable":true,"href":"https:\/\/lasprimeras.com.do\/index.php\/wp-json\/wp\/v2\/media\/66328"}],"wp:attachment":[{"href":"https:\/\/lasprimeras.com.do\/index.php\/wp-json\/wp\/v2\/media?parent=66327"}],"wp:term":[{"taxonomy":"category","embeddable":true,"href":"https:\/\/lasprimeras.com.do\/index.php\/wp-json\/wp\/v2\/categories?post=66327"},{"taxonomy":"post_tag","embeddable":true,"href":"https:\/\/lasprimeras.com.do\/index.php\/wp-json\/wp\/v2\/tags?post=66327"}],"curies":[{"name":"wp","href":"https:\/\/api.w.org\/{rel}","templated":true}]}}