{"id":66524,"date":"2023-11-07T17:38:13","date_gmt":"2023-11-07T21:38:13","guid":{"rendered":"https:\/\/lasprimeras.com.do\/?p=66524"},"modified":"2023-11-07T17:38:14","modified_gmt":"2023-11-07T21:38:14","slug":"director-de-trafico-de-espana-valora-labor-del-intrant-para-mejorar-seguridad-vial","status":"publish","type":"post","link":"https:\/\/lasprimeras.com.do\/index.php\/2023\/11\/07\/director-de-trafico-de-espana-valora-labor-del-intrant-para-mejorar-seguridad-vial\/","title":{"rendered":"Director de Tr\u00e1fico de Espa\u00f1a valora labor del INTRANT para mejorar seguridad vial"},"content":{"rendered":"\n<p><strong>El Director General de Tr\u00e1fico de Espa\u00f1a dice que en RD hay pocos problemas que dejen \u201cel reguero de v\u00edctimas por la forma de desplazarse\u201d.<\/strong><\/p>\n\n\n\n<p><strong>Madrid.- <\/strong>\u00a0El Director de Tr\u00e1fico de Espa\u00f1a, P\u00e9rez Navarro, valor\u00f3 como positivo el trabajo que est\u00e1 realizando el Instituto Nacional de Tr\u00e1nsito y Transporte Terrestre (INTRANT) con el objetivo de mejorar el transporte en la Rep\u00fablica Dominicana y la imagen internacional del pa\u00eds en seguridad vial. \u00a0<br><br>Al pasar balance a su reciente visita al pa\u00eds en el marco de la IX Semana del Observatorio de Iberoam\u00e9rica de Seguridad Vial en la que se abordaron los retos sobre pol\u00edticas p\u00fablicas de movilidad y seguridad vial, el funcionario espa\u00f1ol asegur\u00f3 que Rep\u00fablica Dominicana tiene una muy buena imagen en Espa\u00f1a, pero en seguridad vial deben mejorar. \u00a0<br><br>\u201cImportante es tener una organizaci\u00f3n administrativa o institucional y ustedes la tienen, que es el INTRANT, hay que tener una hoja de ruta, ustedes la tienen, se necesita una cierta estabilidad para poder aplicar las hojas de rutas o los planes y yo creo que ustedes transmiten esa estabilidad, yo creo que \u00a0con lo que est\u00e1n haciendo va mejorar la seguridad vial\u201d, sostuvo el director de Tr\u00e1fico de Espa\u00f1a.<\/p>\n\n\n\n<p>Al ser entrevistado por Mois\u00e9s Gonz\u00e1lez del programa Despertar Nacional que se transmite los s\u00e1bados por los canales Vega TV (Altice 52 y Claro 48), P\u00e9rez Navarro se refiri\u00f3 a las casi 3000 muertes que ocurren cada a\u00f1o en Rep\u00fablica Dominicana por accidentes de tr\u00e1nsito y llam\u00f3 a la &nbsp; sociedad civil y a los medios de comunicaci\u00f3n del pa\u00eds empoderarse con el tema y no dejar la soluci\u00f3n solo en las manos del gobierno. &nbsp;<br><br>\u201cDominicana tiene muy buena imagen en Espa\u00f1a pero en materia de seguridad vial y siniestralidad deben mejorar. &nbsp;Creo que pocas cosas le dejan a ustedes el reguero de v\u00edctimas por la forma y modo de desplazarse por lo cual hay que darle la prioridad pol\u00edtica que hay que darle, en primer lugar y segundo, coloquen a las v\u00edctimas en el centro de la pol\u00edtica de seguridad vial, ellas tienen la suficiente autoridad moral para explicar lo que hay que hacer para que nadie pase por el drama que ellas han pasado empoderando, como dije antes a la sociedad civil para que cuando el gobierno tome medidas que no sean f\u00e1ciles, no est\u00e9 solo\u201d: sostuvo Navarro. &nbsp;<br><br>La entrevista a P\u00e9rez Navarro se realiz\u00f3 en la sede del Departamento de Tr\u00e1fico de Espa\u00f1a adscrito al Ministerio de Interior y Polic\u00eda de Espa\u00f1a, en el marco del Global Mobility Call, el congreso m\u00e1s importante en movilidad sostenible donde el funcionario espa\u00f1ol tuvo una participaci\u00f3n activa.<br><br>En Rep\u00fablica Dominicana varias empresas est\u00e1n impulsando la movilidad el\u00e9ctrica tales como Evergo, Zero Emisiones y AES Dominicana entre otras.<strong><br><\/strong><strong><\/strong><\/p>\n","protected":false},"excerpt":{"rendered":"<p>El Director General de Tr\u00e1fico de Espa\u00f1a dice que en RD hay pocos problemas que dejen \u201cel reguero de v\u00edctimas por la forma de desplazarse\u201d. Madrid.- \u00a0El Director de Tr\u00e1fico&hellip;<\/p>\n","protected":false},"author":2,"featured_media":66525,"comment_status":"open","ping_status":"open","sticky":false,"template":"","format":"standard","meta":{"content-type":"","jetpack_post_was_ever_published":false,"_jetpack_newsletter_access":"","_jetpack_dont_email_post_to_subs":false,"_jetpack_newsletter_tier_id":0,"_jetpack_memberships_contains_paywalled_content":false,"_jetpack_memberships_contains_paid_content":false,"footnotes":""},"categories":[1],"tags":[247,28,349,9255,3446,6013],"class_list":["post-66524","post","type-post","status-publish","format-standard","has-post-thumbnail","hentry","category-sin-categoria","tag-director","tag-espana","tag-intrant","tag-perez-navarro","tag-seguridad-vial","tag-trafico"],"jetpack_featured_media_url":"https:\/\/lasprimeras.com.do\/wp-content\/uploads\/2023\/11\/Perez-Navarro.jpg","jetpack-related-posts":[{"id":63877,"url":"https:\/\/lasprimeras.com.do\/index.php\/2023\/10\/16\/joel-santos-encabeza-asamblea-de-seguridad-vial\/","url_meta":{"origin":66524,"position":0},"title":"Joel Santos encabeza asamblea de seguridad vial","author":"BIMARY DE JES\u00daS Matos","date":"16 de octubre de 2023","format":false,"excerpt":"Santo Domingo.-El ministro de la Presidencia, Joel Santos encabez\u00f3 este lunes la Novena Asamblea General del Observatorio lberoamericano de Seguridad Vial (OISEVI), con sede en el pa\u00eds, para abordar los retos sobre pol\u00edticas p\u00fablicas de movilidad y seguridad vial. Dados todos los proyectos llevados a cabo por el gobierno que\u2026","rel":"","context":"En \u00abNACIONALES\u00bb","block_context":{"text":"NACIONALES","link":"https:\/\/lasprimeras.com.do\/index.php\/category\/nacionales\/"},"img":{"alt_text":"","src":"https:\/\/i0.wp.com\/lasprimeras.com.do\/wp-content\/uploads\/2023\/10\/WhatsApp-Image-2023-10-16-at-11.32.47-AM-1-1.jpeg?resize=350%2C200&ssl=1","width":350,"height":200,"srcset":"https:\/\/i0.wp.com\/lasprimeras.com.do\/wp-content\/uploads\/2023\/10\/WhatsApp-Image-2023-10-16-at-11.32.47-AM-1-1.jpeg?resize=350%2C200&ssl=1 1x, https:\/\/i0.wp.com\/lasprimeras.com.do\/wp-content\/uploads\/2023\/10\/WhatsApp-Image-2023-10-16-at-11.32.47-AM-1-1.jpeg?resize=525%2C300&ssl=1 1.5x, https:\/\/i0.wp.com\/lasprimeras.com.do\/wp-content\/uploads\/2023\/10\/WhatsApp-Image-2023-10-16-at-11.32.47-AM-1-1.jpeg?resize=700%2C400&ssl=1 2x"},"classes":[]},{"id":100318,"url":"https:\/\/lasprimeras.com.do\/index.php\/2025\/05\/30\/intrant-presenta-avances-del-plan-estrategico-nacional-de-seguridad-vial-2025-2030-en-reunion-en-la-aird\/","url_meta":{"origin":66524,"position":1},"title":"INTRANT presenta avances del Plan Estrat\u00e9gico Nacional de Seguridad Vial 2025-2030 en reuni\u00f3n en la AIRD","author":"Nelson Feliz","date":"30 de mayo de 2025","format":false,"excerpt":"El Instituto Nacional de Tr\u00e1nsito y Transporte Terrestre (Intrant) present\u00f3 este viernes los avances del Plan Estrat\u00e9gico Nacional de Seguridad Vial (PENSV 2025-2030), durante la cuarta reuni\u00f3n del Comit\u00e9 Consultivo de Participaci\u00f3n Social de Movilidad, Transporte Terrestre, Tr\u00e1nsito y Seguridad Vial, celebrada junto a representantes de la Asociaci\u00f3n de Industrias\u2026","rel":"","context":"En \u00abSin categor\u00eda\u00bb","block_context":{"text":"Sin categor\u00eda","link":"https:\/\/lasprimeras.com.do\/index.php\/category\/sin-categoria\/"},"img":{"alt_text":"","src":"https:\/\/i0.wp.com\/lasprimeras.com.do\/wp-content\/uploads\/2025\/06\/INTRANT-1.jpg?resize=350%2C200&ssl=1","width":350,"height":200,"srcset":"https:\/\/i0.wp.com\/lasprimeras.com.do\/wp-content\/uploads\/2025\/06\/INTRANT-1.jpg?resize=350%2C200&ssl=1 1x, https:\/\/i0.wp.com\/lasprimeras.com.do\/wp-content\/uploads\/2025\/06\/INTRANT-1.jpg?resize=525%2C300&ssl=1 1.5x"},"classes":[]},{"id":116849,"url":"https:\/\/lasprimeras.com.do\/index.php\/2025\/12\/04\/tecnicos-del-intrant-recibiran-asesoria-y-formacion-especializada-del-centro-de-control-de-trafico-de-nueva-york\/","url_meta":{"origin":66524,"position":2},"title":"T\u00e9cnicos del INTRANT recibir\u00e1n asesor\u00eda y formaci\u00f3n especializada del Centro de Control de Tr\u00e1fico de Nueva York","author":"Nelson Feliz","date":"4 de diciembre de 2025","format":false,"excerpt":"El comisionado Ydanis Rodr\u00edguez y el director ejecutivo del INTRANT, Milton Morrison, realizaron una visita oficial al Centro de Control de Tr\u00e1fico en Queens como parte del fortalecimiento de la cooperaci\u00f3n t\u00e9cnica entre la Rep\u00fablica Dominicana y la Ciudad de Nueva York. Nueva York. \u2013 T\u00e9cnicos del Instituto Nacional de\u2026","rel":"","context":"En \u00abNACIONALES\u00bb","block_context":{"text":"NACIONALES","link":"https:\/\/lasprimeras.com.do\/index.php\/category\/nacionales\/"},"img":{"alt_text":"","src":"https:\/\/i0.wp.com\/lasprimeras.com.do\/wp-content\/uploads\/2025\/12\/INTRANT.jpg?resize=350%2C200&ssl=1","width":350,"height":200,"srcset":"https:\/\/i0.wp.com\/lasprimeras.com.do\/wp-content\/uploads\/2025\/12\/INTRANT.jpg?resize=350%2C200&ssl=1 1x, https:\/\/i0.wp.com\/lasprimeras.com.do\/wp-content\/uploads\/2025\/12\/INTRANT.jpg?resize=525%2C300&ssl=1 1.5x, https:\/\/i0.wp.com\/lasprimeras.com.do\/wp-content\/uploads\/2025\/12\/INTRANT.jpg?resize=700%2C400&ssl=1 2x"},"classes":[]},{"id":128431,"url":"https:\/\/lasprimeras.com.do\/index.php\/2026\/04\/23\/onu-intrant-y-comite-organizador-de-los-juegos-centroamericanos-y-del-caribe-se-unen-en-torno-a-la-seguridad-vial\/","url_meta":{"origin":66524,"position":3},"title":"ONU, INTRANT y Comit\u00e9 Organizador de los Juegos Centroamericanos y del Caribe se unen en torno a la seguridad vial","author":"Nelson Feliz","date":"23 de abril de 2026","format":false,"excerpt":"Acuerdo contempla acciones de concienciaci\u00f3n y prevenci\u00f3n para reducir muertes en las v\u00edas y transformar la cultura vial en Rep\u00fablica Dominicana. El Sistema de las Naciones Unidas en Rep\u00fablica Dominicana, el Comit\u00e9 Organizador de los Juegos Centroamericanos y del Caribe 2026 y el Instituto Nacional de Tr\u00e1nsito y Transporte Terrestre\u2026","rel":"","context":"En \u00abNACIONALES\u00bb","block_context":{"text":"NACIONALES","link":"https:\/\/lasprimeras.com.do\/index.php\/category\/nacionales\/"},"img":{"alt_text":"","src":"https:\/\/i0.wp.com\/lasprimeras.com.do\/wp-content\/uploads\/2026\/04\/IMG-20260423-WA0188.jpg?resize=350%2C200&ssl=1","width":350,"height":200,"srcset":"https:\/\/i0.wp.com\/lasprimeras.com.do\/wp-content\/uploads\/2026\/04\/IMG-20260423-WA0188.jpg?resize=350%2C200&ssl=1 1x, https:\/\/i0.wp.com\/lasprimeras.com.do\/wp-content\/uploads\/2026\/04\/IMG-20260423-WA0188.jpg?resize=525%2C300&ssl=1 1.5x, https:\/\/i0.wp.com\/lasprimeras.com.do\/wp-content\/uploads\/2026\/04\/IMG-20260423-WA0188.jpg?resize=700%2C400&ssl=1 2x, https:\/\/i0.wp.com\/lasprimeras.com.do\/wp-content\/uploads\/2026\/04\/IMG-20260423-WA0188.jpg?resize=1050%2C600&ssl=1 3x, https:\/\/i0.wp.com\/lasprimeras.com.do\/wp-content\/uploads\/2026\/04\/IMG-20260423-WA0188.jpg?resize=1400%2C800&ssl=1 4x"},"classes":[]},{"id":91176,"url":"https:\/\/lasprimeras.com.do\/index.php\/2024\/11\/11\/presidente-del-senado-pide-apoyar-pacto-nacional-de-seguridad-vial-presentado-por-el-intrant\/","url_meta":{"origin":66524,"position":4},"title":"Presidente del Senado pide apoyar Pacto Nacional de Seguridad Vial presentado por el INTRANT","author":"Nelson Feliz","date":"11 de noviembre de 2024","format":false,"excerpt":"Esta propuesta tambi\u00e9n busca promover la seguridad vial en el sistema educativo p\u00fablico y privado, formar y sensibilizar a toda la comunidad educativa. El presidente del Senado, Ricardo de los Santos, recibi\u00f3 la propuesta del Pacto de Nacional por la Seguridad Vial en la Rep\u00fablica Dominicana, presentada por el director\u2026","rel":"","context":"En \u00abNACIONALES\u00bb","block_context":{"text":"NACIONALES","link":"https:\/\/lasprimeras.com.do\/index.php\/category\/nacionales\/"},"img":{"alt_text":"","src":"https:\/\/i0.wp.com\/lasprimeras.com.do\/wp-content\/uploads\/2024\/11\/senado-5.jpg?resize=350%2C200&ssl=1","width":350,"height":200,"srcset":"https:\/\/i0.wp.com\/lasprimeras.com.do\/wp-content\/uploads\/2024\/11\/senado-5.jpg?resize=350%2C200&ssl=1 1x, https:\/\/i0.wp.com\/lasprimeras.com.do\/wp-content\/uploads\/2024\/11\/senado-5.jpg?resize=525%2C300&ssl=1 1.5x, https:\/\/i0.wp.com\/lasprimeras.com.do\/wp-content\/uploads\/2024\/11\/senado-5.jpg?resize=700%2C400&ssl=1 2x"},"classes":[]},{"id":101216,"url":"https:\/\/lasprimeras.com.do\/index.php\/2025\/06\/17\/municipalidad-se-integra-al-pacto-nacional-de-seguridad-vial\/","url_meta":{"origin":66524,"position":5},"title":"Municipalidad se integra al Pacto Nacional de Seguridad Vial","author":"Nelson Feliz","date":"17 de junio de 2025","format":false,"excerpt":"En el marco de la celebraci\u00f3n del Congreso internacional \u201cTr\u00e1nsito, Movilidad y Seguridad Vial\u201d, la Liga Municipal Dominicana (LMD), el Instituto Nacional de Tr\u00e1nsito y Transporte Terrestre (INTRANT), el Instituto de Formaci\u00f3n T\u00e9cnico Profesional (INFOTEP) y la Federaci\u00f3n Dominicana de Municipios (FEDOMU), suscribieron un Compromiso por la Seguridad Vial en\u2026","rel":"","context":"En \u00abNACIONALES\u00bb","block_context":{"text":"NACIONALES","link":"https:\/\/lasprimeras.com.do\/index.php\/category\/nacionales\/"},"img":{"alt_text":"","src":"https:\/\/i0.wp.com\/lasprimeras.com.do\/wp-content\/uploads\/2025\/06\/Pacto-Nacional-de-Seguridad-Vial-1.jpg?resize=350%2C200&ssl=1","width":350,"height":200,"srcset":"https:\/\/i0.wp.com\/lasprimeras.com.do\/wp-content\/uploads\/2025\/06\/Pacto-Nacional-de-Seguridad-Vial-1.jpg?resize=350%2C200&ssl=1 1x, https:\/\/i0.wp.com\/lasprimeras.com.do\/wp-content\/uploads\/2025\/06\/Pacto-Nacional-de-Seguridad-Vial-1.jpg?resize=525%2C300&ssl=1 1.5x, https:\/\/i0.wp.com\/lasprimeras.com.do\/wp-content\/uploads\/2025\/06\/Pacto-Nacional-de-Seguridad-Vial-1.jpg?resize=700%2C400&ssl=1 2x"},"classes":[]}],"jetpack_sharing_enabled":true,"_links":{"self":[{"href":"https:\/\/lasprimeras.com.do\/index.php\/wp-json\/wp\/v2\/posts\/66524","targetHints":{"allow":["GET"]}}],"collection":[{"href":"https:\/\/lasprimeras.com.do\/index.php\/wp-json\/wp\/v2\/posts"}],"about":[{"href":"https:\/\/lasprimeras.com.do\/index.php\/wp-json\/wp\/v2\/types\/post"}],"author":[{"embeddable":true,"href":"https:\/\/lasprimeras.com.do\/index.php\/wp-json\/wp\/v2\/users\/2"}],"replies":[{"embeddable":true,"href":"https:\/\/lasprimeras.com.do\/index.php\/wp-json\/wp\/v2\/comments?post=66524"}],"version-history":[{"count":1,"href":"https:\/\/lasprimeras.com.do\/index.php\/wp-json\/wp\/v2\/posts\/66524\/revisions"}],"predecessor-version":[{"id":66526,"href":"https:\/\/lasprimeras.com.do\/index.php\/wp-json\/wp\/v2\/posts\/66524\/revisions\/66526"}],"wp:featuredmedia":[{"embeddable":true,"href":"https:\/\/lasprimeras.com.do\/index.php\/wp-json\/wp\/v2\/media\/66525"}],"wp:attachment":[{"href":"https:\/\/lasprimeras.com.do\/index.php\/wp-json\/wp\/v2\/media?parent=66524"}],"wp:term":[{"taxonomy":"category","embeddable":true,"href":"https:\/\/lasprimeras.com.do\/index.php\/wp-json\/wp\/v2\/categories?post=66524"},{"taxonomy":"post_tag","embeddable":true,"href":"https:\/\/lasprimeras.com.do\/index.php\/wp-json\/wp\/v2\/tags?post=66524"}],"curies":[{"name":"wp","href":"https:\/\/api.w.org\/{rel}","templated":true}]}}