{"id":66553,"date":"2023-11-07T20:58:57","date_gmt":"2023-11-08T00:58:57","guid":{"rendered":"https:\/\/lasprimeras.com.do\/?p=66553"},"modified":"2023-11-07T20:58:59","modified_gmt":"2023-11-08T00:58:59","slug":"yvan-lorenzo-un-gobierno-que-esconde-y-maquilla-cifras-con-fines-propagandisticos","status":"publish","type":"post","link":"https:\/\/lasprimeras.com.do\/index.php\/2023\/11\/07\/yvan-lorenzo-un-gobierno-que-esconde-y-maquilla-cifras-con-fines-propagandisticos\/","title":{"rendered":"Yv\u00e1n Lorenzo: Un gobierno que esconde y maquilla cifras con fines propagand\u00edsticos"},"content":{"rendered":"\n<p>El miembro del Comit\u00e9 Pol\u00edtico del Partido de la Liberaci\u00f3n Dominicana (PLD), Senador Yvan Lorenzo, resalt\u00f3 el compromiso de su organizaci\u00f3n con la sociedad para con su colaboraci\u00f3n, conseguir la salida del poder de la presente administraci\u00f3n por encabezar el peor Gobierno de todos los tiempos en Rep\u00fablica Dominicana.<\/p>\n\n\n\n<p>Con su afirmaci\u00f3n Lorenzo responde las inquietudes del programa Matinal 5 sobre supuestos acuerdos con instancias gubernamentales, que carecen de toda l\u00f3gica, tal y como los afirm\u00f3.<\/p>\n\n\n\n<p>\u201cEl compromiso del PLD es con la sociedad para sacar del poder al PRM y al presidente Luis Abinader por encabezar el peor Gobierno de Rep\u00fablica Dominicana en todos los tiempos\u201d, respondi\u00f3 el tambi\u00e9n vocero de la bancada senatorial pelede\u00edsta.<\/p>\n\n\n\n<p>Dijo que el pueblo dominicano no puede seguir bajo la administraci\u00f3n de un Gobierno que esconde las cifras de afectados por dengue y que m\u00e1s ha gastado en publicidad enga\u00f1osa.<\/p>\n\n\n\n<p>\u201cNo podemos seguir con un Gobierno que esconde las cifras de ni\u00f1os muertos en los hospitales, que golpea sin piedad a los sectores despose\u00eddos con el encarecimiento de la canasta familiar y que ha da\u00f1ado todos los servicios\u201d declar\u00f3 Lorenzo.<\/p>\n\n\n\n<p>Respondiendo preguntas de sus entrevistadores Yv\u00e1n Lorenzo dijo que en el panorama electoral quien se vislumbra ganador de los comicios es Abel Mart\u00ednez, candidato del PLD, expresando tambi\u00e9n su reserva sobre la publicaci\u00f3n de encuestas, las que se realizan con fines de marketing.<\/p>\n","protected":false},"excerpt":{"rendered":"<p>El miembro del Comit\u00e9 Pol\u00edtico del Partido de la Liberaci\u00f3n Dominicana (PLD), Senador Yvan Lorenzo, resalt\u00f3 el compromiso de su organizaci\u00f3n con la sociedad para con su colaboraci\u00f3n, conseguir la&hellip;<\/p>\n","protected":false},"author":2,"featured_media":66554,"comment_status":"open","ping_status":"open","sticky":false,"template":"","format":"standard","meta":{"content-type":"","jetpack_post_was_ever_published":false,"_jetpack_newsletter_access":"","_jetpack_dont_email_post_to_subs":false,"_jetpack_newsletter_tier_id":0,"_jetpack_memberships_contains_paywalled_content":false,"_jetpack_memberships_contains_paid_content":false,"footnotes":""},"categories":[1],"tags":[4610,9265,171,9266,9264,1070],"class_list":["post-66553","post","type-post","status-publish","format-standard","has-post-thumbnail","hentry","category-sin-categoria","tag-cifras","tag-esconde","tag-gobierno","tag-maquilla","tag-propagandisticos","tag-yvan-lorenzo-2"],"jetpack_featured_media_url":"https:\/\/lasprimeras.com.do\/wp-content\/uploads\/2023\/11\/Yvan-Lorenzo.jpg","jetpack-related-posts":[{"id":122614,"url":"https:\/\/lasprimeras.com.do\/index.php\/2026\/02\/19\/yvan-lorenzo-entramado-de-corrupcion-y-narcoestado-del-prm\/","url_meta":{"origin":66553,"position":0},"title":"Yv\u00e1n Lorenzo: Entramado de corrupci\u00f3n y narcoestado del PRM","author":"Nelson Feliz","date":"19 de febrero de 2026","format":false,"excerpt":"Yv\u00e1n Lorenzo","rel":"","context":"En \u00abPOLITICA\u00bb","block_context":{"text":"POLITICA","link":"https:\/\/lasprimeras.com.do\/index.php\/category\/politica\/"},"img":{"alt_text":"Yv\u00e1n Lorenzo","src":"https:\/\/i0.wp.com\/lasprimeras.com.do\/wp-content\/uploads\/2026\/02\/Yvan-Lorenzo.jpg?resize=350%2C200&ssl=1","width":350,"height":200,"srcset":"https:\/\/i0.wp.com\/lasprimeras.com.do\/wp-content\/uploads\/2026\/02\/Yvan-Lorenzo.jpg?resize=350%2C200&ssl=1 1x, https:\/\/i0.wp.com\/lasprimeras.com.do\/wp-content\/uploads\/2026\/02\/Yvan-Lorenzo.jpg?resize=525%2C300&ssl=1 1.5x, https:\/\/i0.wp.com\/lasprimeras.com.do\/wp-content\/uploads\/2026\/02\/Yvan-Lorenzo.jpg?resize=700%2C400&ssl=1 2x"},"classes":[]},{"id":115182,"url":"https:\/\/lasprimeras.com.do\/index.php\/2025\/11\/19\/yvan-lorenzo-denuncia-que-en-la-rd-se-vive-un-verdadero-pandemonio\/","url_meta":{"origin":66553,"position":1},"title":"Yv\u00e1n Lorenzo denuncia que en la RD se vive un verdadero Pandemonio","author":"Nelson Feliz","date":"19 de noviembre de 2025","format":false,"excerpt":"El vicepresidente del Partido de la Liberaci\u00f3n Dominicana (PLD) Yv\u00e1n Lorenzo, describi\u00f3 la situaci\u00f3n que se vive en Rep\u00fablica Dominicana como \u201cun verdadero estado de crispaci\u00f3n\u201d. \u201cLos dominicanos hoy en d\u00eda vivimos en un verdadero pandem\u00f3nio en todos los \u00e1mbitos de la vida nacional\u201d, dijo Lorenzo para responder a sus\u2026","rel":"","context":"En \u00abPOLITICA\u00bb","block_context":{"text":"POLITICA","link":"https:\/\/lasprimeras.com.do\/index.php\/category\/politica\/"},"img":{"alt_text":"Iv\u00e1n Lorenzo","src":"https:\/\/i0.wp.com\/lasprimeras.com.do\/wp-content\/uploads\/2025\/05\/Ivan_Lorenzo-removebg-preview.png?resize=350%2C200&ssl=1","width":350,"height":200},"classes":[]},{"id":128475,"url":"https:\/\/lasprimeras.com.do\/index.php\/2026\/04\/23\/yvan-lorenzo-la-poblacion-esta-altamente-decepcionada-del-gobierno-del-prm\/","url_meta":{"origin":66553,"position":2},"title":"Yvan Lorenzo: La poblaci\u00f3n est\u00e1 \u201caltamente decepcionada\u201d del gobierno del PRM","author":"Nelson Feliz","date":"23 de abril de 2026","format":false,"excerpt":"El vicepresidente del Partido de la Liberaci\u00f3n Dominicana (PLD), Yvan Lorenzo, asegur\u00f3 que la poblaci\u00f3n dominicana atraviesa un momento de \u201calta decepci\u00f3n\u201d debido a lo que calific\u00f3 como una gesti\u00f3n gubernamental sin planificaci\u00f3n ni rumbo claro. Durante su participaci\u00f3n en el programa Ahora por la Ma\u00f1ana, Lorenzo sostuvo que el\u2026","rel":"","context":"En \u00abPOLITICA\u00bb","block_context":{"text":"POLITICA","link":"https:\/\/lasprimeras.com.do\/index.php\/category\/politica\/"},"img":{"alt_text":"","src":"https:\/\/i0.wp.com\/lasprimeras.com.do\/wp-content\/uploads\/2026\/04\/Yvan-Lorenzo.jpg?resize=350%2C200&ssl=1","width":350,"height":200,"srcset":"https:\/\/i0.wp.com\/lasprimeras.com.do\/wp-content\/uploads\/2026\/04\/Yvan-Lorenzo.jpg?resize=350%2C200&ssl=1 1x, https:\/\/i0.wp.com\/lasprimeras.com.do\/wp-content\/uploads\/2026\/04\/Yvan-Lorenzo.jpg?resize=525%2C300&ssl=1 1.5x, https:\/\/i0.wp.com\/lasprimeras.com.do\/wp-content\/uploads\/2026\/04\/Yvan-Lorenzo.jpg?resize=700%2C400&ssl=1 2x"},"classes":[]},{"id":117303,"url":"https:\/\/lasprimeras.com.do\/index.php\/2025\/12\/09\/emplazan-a-la-directora-de-etica-entregar-lista-de-funcionarios-enviada-a-la-pgr\/","url_meta":{"origin":66553,"position":3},"title":"Emplazan a la directora de \u00c9tica entregar lista de funcionarios enviada a la PGR","author":"Nelson Feliz","date":"9 de diciembre de 2025","format":false,"excerpt":"Las prestadoras de servicios de salud no est\u00e1n dando servicio a los afiliados en SeNaSa, denuncia Yv\u00e1n Lorenzo, vicepresidente del PLD El vicepresidente del Partido de la Liberaci\u00f3n Dominicana, Yv\u00e1n Lorenzo, anunci\u00f3 que emplaz\u00f3 mediante acto de alguacil a Milagros Ortiz, directora de \u00c9tica Gubernamental, para que le remita el\u2026","rel":"","context":"En \u00abPOLITICA\u00bb","block_context":{"text":"POLITICA","link":"https:\/\/lasprimeras.com.do\/index.php\/category\/politica\/"},"img":{"alt_text":"Yv\u00e1n Lorenzo","src":"https:\/\/i0.wp.com\/lasprimeras.com.do\/wp-content\/uploads\/2025\/04\/Yvan-Lorenzo.jpg?resize=350%2C200&ssl=1","width":350,"height":200,"srcset":"https:\/\/i0.wp.com\/lasprimeras.com.do\/wp-content\/uploads\/2025\/04\/Yvan-Lorenzo.jpg?resize=350%2C200&ssl=1 1x, https:\/\/i0.wp.com\/lasprimeras.com.do\/wp-content\/uploads\/2025\/04\/Yvan-Lorenzo.jpg?resize=525%2C300&ssl=1 1.5x, https:\/\/i0.wp.com\/lasprimeras.com.do\/wp-content\/uploads\/2025\/04\/Yvan-Lorenzo.jpg?resize=700%2C400&ssl=1 2x"},"classes":[]},{"id":110633,"url":"https:\/\/lasprimeras.com.do\/index.php\/2025\/09\/30\/yvan-lorenzo-emplaza-al-gobierno-a-explicar-contrato-millonario-con-aerodom\/","url_meta":{"origin":66553,"position":4},"title":"Yvan Lorenzo emplaza al gobierno a explicar contrato millonario con AERODOM","author":"Nelson Feliz","date":"30 de septiembre de 2025","format":false,"excerpt":"El vicepresidente del Partido de la Liberaci\u00f3n Dominicana (PLD) Yv\u00e1n Lorenzo, emplaz\u00f3 al gobierno a explicar el destino de 16 millones de pesos que involucra el nuevo contrato con la empresa Aeropuertos Dominicanos Siglo XXI (Aerodom) y el Aeropuerto Internacional de Las Am\u00e9ricas. \u00abPrecisamente en el d\u00eda de hoy empieza\u2026","rel":"","context":"En \u00abPOLITICA\u00bb","block_context":{"text":"POLITICA","link":"https:\/\/lasprimeras.com.do\/index.php\/category\/politica\/"},"img":{"alt_text":"","src":"https:\/\/i0.wp.com\/lasprimeras.com.do\/wp-content\/uploads\/2025\/09\/Yvan-Lorenzo-2.jpg?resize=350%2C200&ssl=1","width":350,"height":200,"srcset":"https:\/\/i0.wp.com\/lasprimeras.com.do\/wp-content\/uploads\/2025\/09\/Yvan-Lorenzo-2.jpg?resize=350%2C200&ssl=1 1x, https:\/\/i0.wp.com\/lasprimeras.com.do\/wp-content\/uploads\/2025\/09\/Yvan-Lorenzo-2.jpg?resize=525%2C300&ssl=1 1.5x, https:\/\/i0.wp.com\/lasprimeras.com.do\/wp-content\/uploads\/2025\/09\/Yvan-Lorenzo-2.jpg?resize=700%2C400&ssl=1 2x"},"classes":[]},{"id":111820,"url":"https:\/\/lasprimeras.com.do\/index.php\/2025\/10\/13\/yvan-lorenzo-camara-de-cuentas-genera-suspicacia-y-desconfianza\/","url_meta":{"origin":66553,"position":5},"title":"Yvan Lorenzo: C\u00e1mara de Cuentas genera suspicacia y desconfianza","author":"Nelson Feliz","date":"13 de octubre de 2025","format":false,"excerpt":"El PLD deplora que el rol de control y fiscalizaci\u00f3n de la C\u00e1mara de Cuentas ha sido desplazado por la mala pr\u00e1ctica de filtrar investigaciones sobre funcionarios del gobierno anterior El Partido de la Liberaci\u00f3n Dominicana (PLD) cuestion\u00f3 la inercia de la C\u00e1mara de Cuentas como \u00f3rgano de control y\u2026","rel":"","context":"En \u00abPOLITICA\u00bb","block_context":{"text":"POLITICA","link":"https:\/\/lasprimeras.com.do\/index.php\/category\/politica\/"},"img":{"alt_text":"","src":"https:\/\/i0.wp.com\/lasprimeras.com.do\/wp-content\/uploads\/2025\/10\/Yvan-Lorenzo.jpg?resize=350%2C200&ssl=1","width":350,"height":200,"srcset":"https:\/\/i0.wp.com\/lasprimeras.com.do\/wp-content\/uploads\/2025\/10\/Yvan-Lorenzo.jpg?resize=350%2C200&ssl=1 1x, https:\/\/i0.wp.com\/lasprimeras.com.do\/wp-content\/uploads\/2025\/10\/Yvan-Lorenzo.jpg?resize=525%2C300&ssl=1 1.5x, https:\/\/i0.wp.com\/lasprimeras.com.do\/wp-content\/uploads\/2025\/10\/Yvan-Lorenzo.jpg?resize=700%2C400&ssl=1 2x"},"classes":[]}],"jetpack_sharing_enabled":true,"_links":{"self":[{"href":"https:\/\/lasprimeras.com.do\/index.php\/wp-json\/wp\/v2\/posts\/66553","targetHints":{"allow":["GET"]}}],"collection":[{"href":"https:\/\/lasprimeras.com.do\/index.php\/wp-json\/wp\/v2\/posts"}],"about":[{"href":"https:\/\/lasprimeras.com.do\/index.php\/wp-json\/wp\/v2\/types\/post"}],"author":[{"embeddable":true,"href":"https:\/\/lasprimeras.com.do\/index.php\/wp-json\/wp\/v2\/users\/2"}],"replies":[{"embeddable":true,"href":"https:\/\/lasprimeras.com.do\/index.php\/wp-json\/wp\/v2\/comments?post=66553"}],"version-history":[{"count":1,"href":"https:\/\/lasprimeras.com.do\/index.php\/wp-json\/wp\/v2\/posts\/66553\/revisions"}],"predecessor-version":[{"id":66555,"href":"https:\/\/lasprimeras.com.do\/index.php\/wp-json\/wp\/v2\/posts\/66553\/revisions\/66555"}],"wp:featuredmedia":[{"embeddable":true,"href":"https:\/\/lasprimeras.com.do\/index.php\/wp-json\/wp\/v2\/media\/66554"}],"wp:attachment":[{"href":"https:\/\/lasprimeras.com.do\/index.php\/wp-json\/wp\/v2\/media?parent=66553"}],"wp:term":[{"taxonomy":"category","embeddable":true,"href":"https:\/\/lasprimeras.com.do\/index.php\/wp-json\/wp\/v2\/categories?post=66553"},{"taxonomy":"post_tag","embeddable":true,"href":"https:\/\/lasprimeras.com.do\/index.php\/wp-json\/wp\/v2\/tags?post=66553"}],"curies":[{"name":"wp","href":"https:\/\/api.w.org\/{rel}","templated":true}]}}