{"id":66567,"date":"2023-11-08T06:38:44","date_gmt":"2023-11-08T10:38:44","guid":{"rendered":"https:\/\/lasprimeras.com.do\/?p=66567"},"modified":"2023-11-08T06:38:46","modified_gmt":"2023-11-08T10:38:46","slug":"candidatos-del-prm-tienen-mayor-preferencia-segun-la-firma-gallup","status":"publish","type":"post","link":"https:\/\/lasprimeras.com.do\/index.php\/2023\/11\/08\/candidatos-del-prm-tienen-mayor-preferencia-segun-la-firma-gallup\/","title":{"rendered":"Candidatos del PRM tienen mayor preferencia, seg\u00fan la firma Gallup"},"content":{"rendered":"\n<p>SANTO DOMINGO.- Una reciente encuesta de la firma Gallup revela que los candidatos del Partido Revolucionario Moderno (PRM) y sus aliados tienen mayor preferencias para las elecciones del 2024.<\/p>\n\n\n\n<p>De acuerdo a este sondeo, el 52.3% de encuestados dice que votar\u00eda por los perreme\u00edstas en las elecciones municipales de febrero 2024, mientras que el 54% lo har\u00eda en las congresuales.<\/p>\n\n\n\n<p>El 55.2% indica que votar\u00eda por Luis Abinader para la presidencia de la Rep\u00fablica en las elecciones presidenciales de mayo pr\u00f3ximo.<\/p>\n\n\n\n<p>El trabajo de campo de este sondeo fue realizado del 25 al 29 de octubre de este a\u00f1o, mediante entrevistas presenciales o cara a cara, con un margen de error de m\u00e1s o menos el 2.8%. El universo de la misma fue de 1,200 personas.<\/p>\n\n\n\n<p>Esta encuesta fue realizada por encargo del grupo RCC Media. Sus resultados fueron divulgados este martes por el programa \u201cSol de la Tarde\u201d, que se transmite por Zol 106.5 F.M.<\/p>\n\n\n\n<p>La encuesta tambi\u00e9n arroj\u00f3 que el 68.4% de los encuestados opina que las elecciones se decidir\u00e1n en una primera vuelta y un 26.5% dice que ser\u00e1 necesaria una segunda.<\/p>\n\n\n\n<p>819 encuestados, el 69.4%, cree que el candidato del PRM Luis Abinader obtendr\u00e1 m\u00e1s de la mitad de los votos en mayo de 2024. El 21.3% dice que lo har\u00e1 por Leonel Fern\u00e1ndez y el 7.1% asegura que por Abel Mart\u00ednez.<\/p>\n","protected":false},"excerpt":{"rendered":"<p>SANTO DOMINGO.- Una reciente encuesta de la firma Gallup revela que los candidatos del Partido Revolucionario Moderno (PRM) y sus aliados tienen mayor preferencias para las elecciones del 2024. De&hellip;<\/p>\n","protected":false},"author":3,"featured_media":66564,"comment_status":"open","ping_status":"open","sticky":false,"template":"","format":"standard","meta":{"content-type":"","jetpack_post_was_ever_published":false,"_jetpack_newsletter_access":"","_jetpack_dont_email_post_to_subs":false,"_jetpack_newsletter_tier_id":0,"_jetpack_memberships_contains_paywalled_content":false,"_jetpack_memberships_contains_paid_content":false,"footnotes":""},"categories":[1],"tags":[31],"class_list":["post-66567","post","type-post","status-publish","format-standard","has-post-thumbnail","hentry","category-sin-categoria","tag-prm"],"jetpack_featured_media_url":"https:\/\/lasprimeras.com.do\/wp-content\/uploads\/2023\/11\/WhatsApp-Image-2023-11-07-at-4.56.20-PM.jpeg","jetpack-related-posts":[{"id":82996,"url":"https:\/\/lasprimeras.com.do\/index.php\/2024\/05\/10\/gallup-rcc-media-preve-abinader-ganara-con-un-60\/","url_meta":{"origin":66567,"position":0},"title":"Gallup-RCC Media prev\u00e9 Abinader ganar\u00e1 con un 60 %","author":"BIMARY DE JES\u00daS Matos","date":"10 de mayo de 2024","format":false,"excerpt":"Los resultados de las \u00faltimas mediciones electorales realizadas por las firmas Gallup-RCC Media, Mark Penn\/Stawell\/Noticias SIN y Diario Libre-Greenberg, proyectan el triunfo del presidente Luis Abinader en las venideras elecciones del 19 de mayo, sin necesidad de que el pa\u00eds se aboque a una segunda vuelta electoral. En su m\u00e1s\u2026","rel":"","context":"En \u00abSin categor\u00eda\u00bb","block_context":{"text":"Sin categor\u00eda","link":"https:\/\/lasprimeras.com.do\/index.php\/category\/sin-categoria\/"},"img":{"alt_text":"","src":"https:\/\/i0.wp.com\/lasprimeras.com.do\/wp-content\/uploads\/2024\/05\/6a0c8a05-4f4b-48f5-a1d9-1ad180753c4a-19.jpg?resize=350%2C200&ssl=1","width":350,"height":200,"srcset":"https:\/\/i0.wp.com\/lasprimeras.com.do\/wp-content\/uploads\/2024\/05\/6a0c8a05-4f4b-48f5-a1d9-1ad180753c4a-19.jpg?resize=350%2C200&ssl=1 1x, https:\/\/i0.wp.com\/lasprimeras.com.do\/wp-content\/uploads\/2024\/05\/6a0c8a05-4f4b-48f5-a1d9-1ad180753c4a-19.jpg?resize=525%2C300&ssl=1 1.5x, https:\/\/i0.wp.com\/lasprimeras.com.do\/wp-content\/uploads\/2024\/05\/6a0c8a05-4f4b-48f5-a1d9-1ad180753c4a-19.jpg?resize=700%2C400&ssl=1 2x"},"classes":[]},{"id":69976,"url":"https:\/\/lasprimeras.com.do\/index.php\/2023\/12\/07\/abinader-54-leonel-29-abel-15-y-vargas-2-segun-la-cid-gallup\/","url_meta":{"origin":66567,"position":1},"title":"Abinader 54%, Leonel 29, Abel 15 y Vargas 2%, seg\u00fan la CID-Gallup","author":"BIMARY DE JES\u00daS Matos","date":"7 de diciembre de 2023","format":false,"excerpt":"SANTO DOMINGO.- El presidente Luis Abinader tiene las mayores preferencias para ganar las elecciones presidenciales del 2024, seg\u00fan una encuesta de la CID Gallup, una empresa dedicada a la consultor\u00eda, inteligencia de negocios, recolecci\u00f3n y an\u00e1lisis de informaci\u00f3n para estudios de mercado, sociales, opini\u00f3n p\u00fablica y pol\u00edtica. El trabajo de\u2026","rel":"","context":"En \u00abSin categor\u00eda\u00bb","block_context":{"text":"Sin categor\u00eda","link":"https:\/\/lasprimeras.com.do\/index.php\/category\/sin-categoria\/"},"img":{"alt_text":"","src":"https:\/\/i0.wp.com\/lasprimeras.com.do\/wp-content\/uploads\/2023\/12\/393167618_841220321343819_1805512503651010400_n-3.jpg?resize=350%2C200&ssl=1","width":350,"height":200,"srcset":"https:\/\/i0.wp.com\/lasprimeras.com.do\/wp-content\/uploads\/2023\/12\/393167618_841220321343819_1805512503651010400_n-3.jpg?resize=350%2C200&ssl=1 1x, https:\/\/i0.wp.com\/lasprimeras.com.do\/wp-content\/uploads\/2023\/12\/393167618_841220321343819_1805512503651010400_n-3.jpg?resize=525%2C300&ssl=1 1.5x, https:\/\/i0.wp.com\/lasprimeras.com.do\/wp-content\/uploads\/2023\/12\/393167618_841220321343819_1805512503651010400_n-3.jpg?resize=700%2C400&ssl=1 2x"},"classes":[]},{"id":53711,"url":"https:\/\/lasprimeras.com.do\/index.php\/2023\/06\/30\/encuesta-da-como-favorito-a-jeffrey-infante-para-ser-el-candidato-a-alcalde-del-pld-en-santiago\/","url_meta":{"origin":66567,"position":2},"title":"Encuesta da como favorito a Jeffrey Infante para ser el candidato a alcalde del PLD en Santiago","author":"Nelson Feliz","date":"30 de junio de 2023","format":false,"excerpt":"As\u00ed lo confirma la prestigiosa encuestadora Data Consulting. El aspirante a la candidatura a alcalde por Santiago, Jeffrey Infante, lidera la simpat\u00eda y preferencia electoral para convertirse en el candidato oficial del Partido de la Liberaci\u00f3n Dominicana (PLD) en la ciudad Coraz\u00f3n. Estos datos fueron ofrecidos por la firma encuestadora\u2026","rel":"","context":"En \u00abSin categor\u00eda\u00bb","block_context":{"text":"Sin categor\u00eda","link":"https:\/\/lasprimeras.com.do\/index.php\/category\/sin-categoria\/"},"img":{"alt_text":"Jeffrey Infante","src":"https:\/\/i0.wp.com\/lasprimeras.com.do\/wp-content\/uploads\/2023\/06\/Jeffrey-Infante.jpg?resize=350%2C200&ssl=1","width":350,"height":200,"srcset":"https:\/\/i0.wp.com\/lasprimeras.com.do\/wp-content\/uploads\/2023\/06\/Jeffrey-Infante.jpg?resize=350%2C200&ssl=1 1x, https:\/\/i0.wp.com\/lasprimeras.com.do\/wp-content\/uploads\/2023\/06\/Jeffrey-Infante.jpg?resize=525%2C300&ssl=1 1.5x, https:\/\/i0.wp.com\/lasprimeras.com.do\/wp-content\/uploads\/2023\/06\/Jeffrey-Infante.jpg?resize=700%2C400&ssl=1 2x"},"classes":[]},{"id":53482,"url":"https:\/\/lasprimeras.com.do\/index.php\/2023\/06\/26\/encuesta-revela-abel-martinez-y-jeffrey-infante-encabezan-preferencias-en-santiago\/","url_meta":{"origin":66567,"position":3},"title":"Encuesta revela Abel Mart\u00ednez y Jeffrey Infante encabezan preferencias en Santiago","author":"Nelson Feliz","date":"26 de junio de 2023","format":false,"excerpt":"Una reciente encuesta llevada a cabo en el municipio de Santiago, por la firma encuestadora Data Consulting, revela las simpat\u00edas pol\u00edticas y las intenciones de voto de los ciudadanos en relaci\u00f3n con las pr\u00f3ximas elecciones presidenciales y municipales. El estudio, realizado del 9 al 13 de junio de 2023, cont\u00f3\u2026","rel":"","context":"En \u00abPORTADA\u00bb","block_context":{"text":"PORTADA","link":"https:\/\/lasprimeras.com.do\/index.php\/category\/portada\/"},"img":{"alt_text":"","src":"https:\/\/i0.wp.com\/lasprimeras.com.do\/wp-content\/uploads\/2023\/06\/encuesta-cibao.jpg?resize=350%2C200&ssl=1","width":350,"height":200,"srcset":"https:\/\/i0.wp.com\/lasprimeras.com.do\/wp-content\/uploads\/2023\/06\/encuesta-cibao.jpg?resize=350%2C200&ssl=1 1x, https:\/\/i0.wp.com\/lasprimeras.com.do\/wp-content\/uploads\/2023\/06\/encuesta-cibao.jpg?resize=525%2C300&ssl=1 1.5x, https:\/\/i0.wp.com\/lasprimeras.com.do\/wp-content\/uploads\/2023\/06\/encuesta-cibao.jpg?resize=700%2C400&ssl=1 2x"},"classes":[]},{"id":53545,"url":"https:\/\/lasprimeras.com.do\/index.php\/2023\/06\/28\/neney-cabrera-inminente-candidato-a-alcalde-del-dn-por-el-prm\/","url_meta":{"origin":66567,"position":4},"title":"Neney Cabrera inminente candidato a alcalde del DN por el PRM","author":"Nelson Feliz","date":"28 de junio de 2023","format":false,"excerpt":"Neney obtendr\u00eda un 58% El dirigente pol\u00edtico del Partido Revolucionario Moderno (PRM), Neney Cabrera, se consolida como el inminente candidato del partido para encabezar la boleta para la Alcald\u00eda del Distrito Nacional, en las pr\u00f3ximas elecciones municipales. Los resultados de la firma Loopah Consulting, revela que Neney Cabrera tiene un\u2026","rel":"","context":"En \u00abPORTADA\u00bb","block_context":{"text":"PORTADA","link":"https:\/\/lasprimeras.com.do\/index.php\/category\/portada\/"},"img":{"alt_text":"Neney Cabrera","src":"https:\/\/i0.wp.com\/lasprimeras.com.do\/wp-content\/uploads\/2023\/06\/Neney-Cabrera.jpg?resize=350%2C200&ssl=1","width":350,"height":200,"srcset":"https:\/\/i0.wp.com\/lasprimeras.com.do\/wp-content\/uploads\/2023\/06\/Neney-Cabrera.jpg?resize=350%2C200&ssl=1 1x, https:\/\/i0.wp.com\/lasprimeras.com.do\/wp-content\/uploads\/2023\/06\/Neney-Cabrera.jpg?resize=525%2C300&ssl=1 1.5x, https:\/\/i0.wp.com\/lasprimeras.com.do\/wp-content\/uploads\/2023\/06\/Neney-Cabrera.jpg?resize=700%2C400&ssl=1 2x"},"classes":[]},{"id":72869,"url":"https:\/\/lasprimeras.com.do\/index.php\/2024\/01\/03\/dio-astacio-inicia-2024-como-favorito-para-ganar-alcaldia-de-sde\/","url_meta":{"origin":66567,"position":5},"title":"D\u00edo Astacio inicia 2024 como favorito para ganar Alcald\u00eda de SDE","author":"Nelson Feliz","date":"3 de enero de 2024","format":false,"excerpt":"A solo un mes y d\u00edas para la celebraci\u00f3n de la elecciones municipales, el candidato a la Alcald\u00eda del Partido Revolucionario Moderno (PRM) y aliados, D\u00edo Astacio, luce como el gran favorito para alzarse con esa plaza, seg\u00fan los \u00faltimos resultados de prestigiosas firmas encuestadoras. De acuerdo a los sondeos,\u2026","rel":"","context":"En \u00abSin categor\u00eda\u00bb","block_context":{"text":"Sin categor\u00eda","link":"https:\/\/lasprimeras.com.do\/index.php\/category\/sin-categoria\/"},"img":{"alt_text":"D\u00edo Astacio","src":"https:\/\/i0.wp.com\/lasprimeras.com.do\/wp-content\/uploads\/2024\/01\/Dio-Astacio.jpg?resize=350%2C200&ssl=1","width":350,"height":200,"srcset":"https:\/\/i0.wp.com\/lasprimeras.com.do\/wp-content\/uploads\/2024\/01\/Dio-Astacio.jpg?resize=350%2C200&ssl=1 1x, https:\/\/i0.wp.com\/lasprimeras.com.do\/wp-content\/uploads\/2024\/01\/Dio-Astacio.jpg?resize=525%2C300&ssl=1 1.5x, https:\/\/i0.wp.com\/lasprimeras.com.do\/wp-content\/uploads\/2024\/01\/Dio-Astacio.jpg?resize=700%2C400&ssl=1 2x"},"classes":[]}],"jetpack_sharing_enabled":true,"_links":{"self":[{"href":"https:\/\/lasprimeras.com.do\/index.php\/wp-json\/wp\/v2\/posts\/66567","targetHints":{"allow":["GET"]}}],"collection":[{"href":"https:\/\/lasprimeras.com.do\/index.php\/wp-json\/wp\/v2\/posts"}],"about":[{"href":"https:\/\/lasprimeras.com.do\/index.php\/wp-json\/wp\/v2\/types\/post"}],"author":[{"embeddable":true,"href":"https:\/\/lasprimeras.com.do\/index.php\/wp-json\/wp\/v2\/users\/3"}],"replies":[{"embeddable":true,"href":"https:\/\/lasprimeras.com.do\/index.php\/wp-json\/wp\/v2\/comments?post=66567"}],"version-history":[{"count":1,"href":"https:\/\/lasprimeras.com.do\/index.php\/wp-json\/wp\/v2\/posts\/66567\/revisions"}],"predecessor-version":[{"id":66568,"href":"https:\/\/lasprimeras.com.do\/index.php\/wp-json\/wp\/v2\/posts\/66567\/revisions\/66568"}],"wp:featuredmedia":[{"embeddable":true,"href":"https:\/\/lasprimeras.com.do\/index.php\/wp-json\/wp\/v2\/media\/66564"}],"wp:attachment":[{"href":"https:\/\/lasprimeras.com.do\/index.php\/wp-json\/wp\/v2\/media?parent=66567"}],"wp:term":[{"taxonomy":"category","embeddable":true,"href":"https:\/\/lasprimeras.com.do\/index.php\/wp-json\/wp\/v2\/categories?post=66567"},{"taxonomy":"post_tag","embeddable":true,"href":"https:\/\/lasprimeras.com.do\/index.php\/wp-json\/wp\/v2\/tags?post=66567"}],"curies":[{"name":"wp","href":"https:\/\/api.w.org\/{rel}","templated":true}]}}