{"id":66572,"date":"2023-11-08T06:42:14","date_gmt":"2023-11-08T10:42:14","guid":{"rendered":"https:\/\/lasprimeras.com.do\/?p=66572"},"modified":"2023-11-08T06:42:16","modified_gmt":"2023-11-08T10:42:16","slug":"un-mes-de-guerra-entre-israel-y-hamas-mas-de-11-400-muertos","status":"publish","type":"post","link":"https:\/\/lasprimeras.com.do\/index.php\/2023\/11\/08\/un-mes-de-guerra-entre-israel-y-hamas-mas-de-11-400-muertos\/","title":{"rendered":"Un mes de guerra entre Israel y Ham\u00e1s: m\u00e1s de 11.400 muertos"},"content":{"rendered":"\n<p>PALESTINA.- Ha sido un mes de constantes bombardeos, posiciones pol\u00edticas divididas, protestas en todo el mundo y la amenaza de una escalada del conflicto, con una cifra de v\u00edctimas mortales que supera las 11.000, el 90 % en la Franja de Gaza.<\/p>\n\n\n\n<p>Hasta hoy, el Ministerio de Salud de Gaza, controlado por Ham\u00e1s, ha reportado m\u00e1s de 10.000 muertos y 25.000 heridos en el enclave palestino. Mientras que el Ministerio de Salud israel\u00ed contabiliza alrededor de 1.400 decesos desde el ataque del 7 de octubre.<\/p>\n\n\n\n<p>El 7 de octubre, el sol apenas se asomaba en el Medio Oriente. Unas 3.000 personas bailaban y disfrutaban al ritmo de la m\u00fasica electr\u00f3nica en el festival \u2018Tribe of Nova\u2019, a unos cuantos kil\u00f3metros de la Franja de Gaza. De repente, la m\u00fasica se detuvo y estelas de cohetes se vieron en el cielo despejado.<\/p>\n\n\n\n<p>Militantes del grupo islamista Ham\u00e1s incursionaron desde la Franja de Gaza hacia Israel en veh\u00edculos, lanchas e, incluso, se lanzaron en parapente hacia el lugar donde se celebraba el festival electr\u00f3nico y empezaron a disparar indiscriminadamente contra personas que se les cruzaban por el camino.<\/p>\n\n\n\n<p>En los kibutz \u2013comunas agr\u00edcolas jud\u00edas\u2013 del sur de Israel la situaci\u00f3n era similar.: integrantes de Ham\u00e1s recorrieron esas comunidades, disparando casa por casa, en las calles y contra los autom\u00f3viles, sin discriminar si eran ni\u00f1os, ancianos o mujeres.<\/p>\n","protected":false},"excerpt":{"rendered":"<p>PALESTINA.- Ha sido un mes de constantes bombardeos, posiciones pol\u00edticas divididas, protestas en todo el mundo y la amenaza de una escalada del conflicto, con una cifra de v\u00edctimas mortales&hellip;<\/p>\n","protected":false},"author":3,"featured_media":66573,"comment_status":"open","ping_status":"open","sticky":false,"template":"","format":"standard","meta":{"content-type":"","jetpack_post_was_ever_published":false,"_jetpack_newsletter_access":"","_jetpack_dont_email_post_to_subs":false,"_jetpack_newsletter_tier_id":0,"_jetpack_memberships_contains_paywalled_content":false,"_jetpack_memberships_contains_paid_content":false,"footnotes":""},"categories":[1],"tags":[8319,3499,686],"class_list":["post-66572","post","type-post","status-publish","format-standard","has-post-thumbnail","hentry","category-sin-categoria","tag-hamas-2","tag-israel","tag-muertos"],"jetpack_featured_media_url":"https:\/\/lasprimeras.com.do\/wp-content\/uploads\/2023\/11\/diadeleyendas-3.jpg","jetpack-related-posts":[{"id":97727,"url":"https:\/\/lasprimeras.com.do\/index.php\/2025\/04\/27\/ministerio-de-salud-de-gaza-reporta-51-muertos-por-ataques-israelies-con-un-total-de-mas-de-52-000\/","url_meta":{"origin":66572,"position":0},"title":"Ministerio de Salud de Gaza reporta 51 muertos por ataques israel\u00edes, con un total de m\u00e1s de 52.000","author":"Nelson Feliz","date":"27 de abril de 2025","format":false,"excerpt":"POR WAFAA SHURAFA and SAMY MAGDY DEIR AL-BALAH, Franja de Gaza (AP) \u2014 Los hospitales en la Franja de Gaza recibieron en las \u00faltimas 24 horas los restos de 51 palestinos asesinados en ataques israel\u00edes, inform\u00f3 el domingo el Ministerio de Salud local, lo que elevaba a 52.243 el n\u00famero\u2026","rel":"","context":"En \u00abINTERNACIONALES\u00bb","block_context":{"text":"INTERNACIONALES","link":"https:\/\/lasprimeras.com.do\/index.php\/category\/sin-categoria\/internacionales\/"},"img":{"alt_text":"","src":"https:\/\/i0.wp.com\/lasprimeras.com.do\/wp-content\/uploads\/2025\/04\/ataques-2.jpg?resize=350%2C200&ssl=1","width":350,"height":200,"srcset":"https:\/\/i0.wp.com\/lasprimeras.com.do\/wp-content\/uploads\/2025\/04\/ataques-2.jpg?resize=350%2C200&ssl=1 1x, https:\/\/i0.wp.com\/lasprimeras.com.do\/wp-content\/uploads\/2025\/04\/ataques-2.jpg?resize=525%2C300&ssl=1 1.5x"},"classes":[]},{"id":69297,"url":"https:\/\/lasprimeras.com.do\/index.php\/2023\/12\/01\/tregua-entre-israel-y-hamas-expira-y-se-reanuda-el-combate-en-gaza\/","url_meta":{"origin":66572,"position":1},"title":"Tregua entre Israel y Ham\u00e1s expira y se reanuda el combate en Gaza","author":"BIMARY DE JES\u00daS Matos","date":"1 de diciembre de 2023","format":false,"excerpt":"ISRAEL.-La tregua en la Franja de Gaza ha expirado este viernes y se ha reanudado el intercambio de fuego entre Israel y la milicia islamista palestina de Ham\u00e1s tras siete d\u00edas de cese al fuego que permitieron la liberaci\u00f3n de algunos rehenes capturados por el grupo islamista a cambio de\u2026","rel":"","context":"En \u00abSin categor\u00eda\u00bb","block_context":{"text":"Sin categor\u00eda","link":"https:\/\/lasprimeras.com.do\/index.php\/category\/sin-categoria\/"},"img":{"alt_text":"","src":"https:\/\/i0.wp.com\/lasprimeras.com.do\/wp-content\/uploads\/2023\/12\/Noticias-de-energia-51-4.jpg?resize=350%2C200&ssl=1","width":350,"height":200,"srcset":"https:\/\/i0.wp.com\/lasprimeras.com.do\/wp-content\/uploads\/2023\/12\/Noticias-de-energia-51-4.jpg?resize=350%2C200&ssl=1 1x, https:\/\/i0.wp.com\/lasprimeras.com.do\/wp-content\/uploads\/2023\/12\/Noticias-de-energia-51-4.jpg?resize=525%2C300&ssl=1 1.5x"},"classes":[]},{"id":76536,"url":"https:\/\/lasprimeras.com.do\/index.php\/2024\/02\/12\/fuerzas-israelies-rescatan-a-2-rehenes-en-una-dramatica-incursion-en-gaza\/","url_meta":{"origin":66572,"position":2},"title":"Fuerzas israel\u00edes rescatan a 2 rehenes en una dram\u00e1tica incursi\u00f3n en Gaza","author":"Nelson Feliz","date":"12 de febrero de 2024","format":false,"excerpt":"POR NAJIB JOBAIN,JOSEF FEDERMAN Y SAMY MAGDY RAFAH, Franja de Gaza (AP) \u2014 Las fuerzas israel\u00edes rescataron a dos rehenes la madrugada del lunes, irrumpieron en un apartamento fuertemente custodiado en la Franja de Gaza y sacaron a los cautivos bajo fuego en una dram\u00e1tica incursi\u00f3n que fue un \u00e9xito\u2026","rel":"","context":"En \u00abSin categor\u00eda\u00bb","block_context":{"text":"Sin categor\u00eda","link":"https:\/\/lasprimeras.com.do\/index.php\/category\/sin-categoria\/"},"img":{"alt_text":"Rehenes Gaza","src":"https:\/\/i0.wp.com\/lasprimeras.com.do\/wp-content\/uploads\/2024\/02\/Rehenes-Gaza.jpg?resize=350%2C200&ssl=1","width":350,"height":200,"srcset":"https:\/\/i0.wp.com\/lasprimeras.com.do\/wp-content\/uploads\/2024\/02\/Rehenes-Gaza.jpg?resize=350%2C200&ssl=1 1x, https:\/\/i0.wp.com\/lasprimeras.com.do\/wp-content\/uploads\/2024\/02\/Rehenes-Gaza.jpg?resize=525%2C300&ssl=1 1.5x"},"classes":[]},{"id":66400,"url":"https:\/\/lasprimeras.com.do\/index.php\/2023\/11\/06\/un-mes-de-guerra-entre-israel-y-hamas-mas-de-11400-muertos-y-una-poblacion-acorralada\/","url_meta":{"origin":66572,"position":3},"title":"Un mes de guerra entre Israel y Ham\u00e1s: m\u00e1s de 11,400 muertos y una poblaci\u00f3n acorralada","author":"Nelson Feliz","date":"6 de noviembre de 2023","format":false,"excerpt":"Ha sido un mes de constantes bombardeos, posiciones pol\u00edticas divididas, protestas en todo el mundo. Tras d\u00e9cadas de tensiones apaciguadas pero latentes, el conflicto estall\u00f3 nuevamente en Medio Oriente: Israel le declar\u00f3 la guerra al grupo islamista Ham\u00e1s, luego de que este perpetrara el 7 de octubre el peor ataque\u2026","rel":"","context":"En \u00abSin categor\u00eda\u00bb","block_context":{"text":"Sin categor\u00eda","link":"https:\/\/lasprimeras.com.do\/index.php\/category\/sin-categoria\/"},"img":{"alt_text":"GUERRA","src":"https:\/\/i0.wp.com\/lasprimeras.com.do\/wp-content\/uploads\/2023\/11\/GUERRA.jpg?resize=350%2C200&ssl=1","width":350,"height":200,"srcset":"https:\/\/i0.wp.com\/lasprimeras.com.do\/wp-content\/uploads\/2023\/11\/GUERRA.jpg?resize=350%2C200&ssl=1 1x, https:\/\/i0.wp.com\/lasprimeras.com.do\/wp-content\/uploads\/2023\/11\/GUERRA.jpg?resize=525%2C300&ssl=1 1.5x, https:\/\/i0.wp.com\/lasprimeras.com.do\/wp-content\/uploads\/2023\/11\/GUERRA.jpg?resize=700%2C400&ssl=1 2x"},"classes":[]},{"id":92926,"url":"https:\/\/lasprimeras.com.do\/index.php\/2025\/01\/19\/comienza-alto-al-fuego-en-gaza-tras-mas-de-quince-meses-de-guerra\/","url_meta":{"origin":66572,"position":4},"title":"Comienza alto al fuego en Gaza tras m\u00e1s de quince meses de guerra","author":"Nelson Feliz","date":"19 de enero de 2025","format":false,"excerpt":"La tregua empez\u00f3 casi tres horas despu\u00e9s de lo acordado porque Ham\u00e1s comunic\u00f3 con retraso la lista de rehenes que preve\u00eda liberar este domingo. Gaza, AFP.-. Miles de palestinos se echaron a la carretera este domingo para regresar a sus casas en la Franja de Gaza, donde entr\u00f3 en vigor\u2026","rel":"","context":"En \u00abINTERNACIONALES\u00bb","block_context":{"text":"INTERNACIONALES","link":"https:\/\/lasprimeras.com.do\/index.php\/category\/sin-categoria\/internacionales\/"},"img":{"alt_text":"","src":"https:\/\/i0.wp.com\/lasprimeras.com.do\/wp-content\/uploads\/2025\/01\/GUERRA.jpeg?resize=350%2C200&ssl=1","width":350,"height":200,"srcset":"https:\/\/i0.wp.com\/lasprimeras.com.do\/wp-content\/uploads\/2025\/01\/GUERRA.jpeg?resize=350%2C200&ssl=1 1x, https:\/\/i0.wp.com\/lasprimeras.com.do\/wp-content\/uploads\/2025\/01\/GUERRA.jpeg?resize=525%2C300&ssl=1 1.5x, https:\/\/i0.wp.com\/lasprimeras.com.do\/wp-content\/uploads\/2025\/01\/GUERRA.jpeg?resize=700%2C400&ssl=1 2x"},"classes":[]},{"id":62782,"url":"https:\/\/lasprimeras.com.do\/index.php\/2023\/10\/07\/se-eleva-a-a-mas-de-300-el-numero-de-israelies-fallecidos-tras-el-ataque-de-hamas\/","url_meta":{"origin":66572,"position":5},"title":"Se eleva a a m\u00e1s de 300 el n\u00famero de israel\u00edes fallecidos tras el ataque de Ham\u00e1s","author":"Nelson Feliz","date":"7 de octubre de 2023","format":false,"excerpt":"La cifra de fallecidos podr\u00eda aumentar en las pr\u00f3ximas horas, dada la gravedad de algunos de los heridos. M\u00e1s de 300 ciudadanos israel\u00edes han muerto como consecuencia del ataque llevado a cabo el s\u00e1bado desde la Franja de Gaza por el grupo islamista Ham\u00e1s contra el territorio de Israel, informaron\u2026","rel":"","context":"En \u00abSin categor\u00eda\u00bb","block_context":{"text":"Sin categor\u00eda","link":"https:\/\/lasprimeras.com.do\/index.php\/category\/sin-categoria\/"},"img":{"alt_text":"La gente eval\u00faa la destrucci\u00f3n causada por los ataques a\u00e9reos israel\u00edes en la ciudad de Gaza el 7 de octubre de 2023. Militantes palestinos han comenzado una \"guerra\" contra Israel, en la que se infiltraron por aire, mar y tierra desde la bloqueada Franja de Gaza.AFP\/ MOHAMMED ABED","src":"https:\/\/i0.wp.com\/lasprimeras.com.do\/wp-content\/uploads\/2023\/10\/Ataques.jpeg?resize=350%2C200&ssl=1","width":350,"height":200,"srcset":"https:\/\/i0.wp.com\/lasprimeras.com.do\/wp-content\/uploads\/2023\/10\/Ataques.jpeg?resize=350%2C200&ssl=1 1x, https:\/\/i0.wp.com\/lasprimeras.com.do\/wp-content\/uploads\/2023\/10\/Ataques.jpeg?resize=525%2C300&ssl=1 1.5x, https:\/\/i0.wp.com\/lasprimeras.com.do\/wp-content\/uploads\/2023\/10\/Ataques.jpeg?resize=700%2C400&ssl=1 2x"},"classes":[]}],"jetpack_sharing_enabled":true,"_links":{"self":[{"href":"https:\/\/lasprimeras.com.do\/index.php\/wp-json\/wp\/v2\/posts\/66572","targetHints":{"allow":["GET"]}}],"collection":[{"href":"https:\/\/lasprimeras.com.do\/index.php\/wp-json\/wp\/v2\/posts"}],"about":[{"href":"https:\/\/lasprimeras.com.do\/index.php\/wp-json\/wp\/v2\/types\/post"}],"author":[{"embeddable":true,"href":"https:\/\/lasprimeras.com.do\/index.php\/wp-json\/wp\/v2\/users\/3"}],"replies":[{"embeddable":true,"href":"https:\/\/lasprimeras.com.do\/index.php\/wp-json\/wp\/v2\/comments?post=66572"}],"version-history":[{"count":1,"href":"https:\/\/lasprimeras.com.do\/index.php\/wp-json\/wp\/v2\/posts\/66572\/revisions"}],"predecessor-version":[{"id":66574,"href":"https:\/\/lasprimeras.com.do\/index.php\/wp-json\/wp\/v2\/posts\/66572\/revisions\/66574"}],"wp:featuredmedia":[{"embeddable":true,"href":"https:\/\/lasprimeras.com.do\/index.php\/wp-json\/wp\/v2\/media\/66573"}],"wp:attachment":[{"href":"https:\/\/lasprimeras.com.do\/index.php\/wp-json\/wp\/v2\/media?parent=66572"}],"wp:term":[{"taxonomy":"category","embeddable":true,"href":"https:\/\/lasprimeras.com.do\/index.php\/wp-json\/wp\/v2\/categories?post=66572"},{"taxonomy":"post_tag","embeddable":true,"href":"https:\/\/lasprimeras.com.do\/index.php\/wp-json\/wp\/v2\/tags?post=66572"}],"curies":[{"name":"wp","href":"https:\/\/api.w.org\/{rel}","templated":true}]}}