{"id":66577,"date":"2023-11-08T06:46:28","date_gmt":"2023-11-08T10:46:28","guid":{"rendered":"https:\/\/lasprimeras.com.do\/?p=66577"},"modified":"2023-11-08T06:46:29","modified_gmt":"2023-11-08T10:46:29","slug":"celebraran-juego-de-leyendas-en-el-estadio-cibao-el-3-diciembre","status":"publish","type":"post","link":"https:\/\/lasprimeras.com.do\/index.php\/2023\/11\/08\/celebraran-juego-de-leyendas-en-el-estadio-cibao-el-3-diciembre\/","title":{"rendered":"Celebrar\u00e1n \u00abJuego de Leyendas\u00bb en el estadio Cibao el 3 diciembre"},"content":{"rendered":"\n<p>Santo Domingo.- La Federaci\u00f3n Nacional de Peloteros Profesionales (Fenapepro) anunci\u00f3 la celebraci\u00f3n del \u00abJuego de Leyendas\u00bb de 2023, que se celebrar\u00e1 en el estadio Cibao, de Santiago, el domingo 3 de diciembre venidero.<\/p>\n\n\n\n<p>La informaci\u00f3n la ofreci\u00f3 el presidente de la instituci\u00f3n, Erick Almonte, en una rueda de prensa celebrada en el parque cibae\u00f1o.<\/p>\n\n\n\n<p>Almonte inform\u00f3 que un equipo de estelares dominicanos se enfrentar\u00e1 a los mejores jugadores de la Liga de Puerto Rico, para el primer Partido de Estrellas en Santiago desde el a\u00f1o 2006.<\/p>\n\n\n\n<p>\u00abNos sentimos muy contentos de c\u00f3mo va la organizaci\u00f3n y, como prometimos, el D\u00eda de Leyendas llega ahora a Santiago\u00bb, manifest\u00f3 Almonte, en una nota.<\/p>\n\n\n\n<p>Durante la jornada de celebraciones se har\u00e1 un homenaje a las grandes leyendas de las \u00c1guilas Cibae\u00f1as de la d\u00e9cada del 90 y 2000, adem\u00e1s de una competencia de cuadrangulares.<\/p>\n\n\n\n<p>Adem\u00e1s, el s\u00e1bado 2 de diciembre, desde las 10 de la ma\u00f1ana, se har\u00e1 un tour hist\u00f3rico por el lugar donde pasaron los m\u00e1s grandes peloteros de las \u00c1guilas y del Cibao, conociendo el \u2018clubhouse\u2019, el terreno de juego, el sal\u00f3n de trofeos e intercambios con las mascotas de los equipos.<\/p>\n","protected":false},"excerpt":{"rendered":"<p>Santo Domingo.- La Federaci\u00f3n Nacional de Peloteros Profesionales (Fenapepro) anunci\u00f3 la celebraci\u00f3n del \u00abJuego de Leyendas\u00bb de 2023, que se celebrar\u00e1 en el estadio Cibao, de Santiago, el domingo 3&hellip;<\/p>\n","protected":false},"author":3,"featured_media":66578,"comment_status":"open","ping_status":"open","sticky":false,"template":"","format":"standard","meta":{"content-type":"","jetpack_post_was_ever_published":false,"_jetpack_newsletter_access":"","_jetpack_dont_email_post_to_subs":false,"_jetpack_newsletter_tier_id":0,"_jetpack_memberships_contains_paywalled_content":false,"_jetpack_memberships_contains_paid_content":false,"footnotes":""},"categories":[1],"tags":[],"class_list":["post-66577","post","type-post","status-publish","format-standard","has-post-thumbnail","hentry","category-sin-categoria"],"jetpack_featured_media_url":"https:\/\/lasprimeras.com.do\/wp-content\/uploads\/2023\/11\/diadeleyendas-4.jpg","jetpack-related-posts":[{"id":69551,"url":"https:\/\/lasprimeras.com.do\/index.php\/2023\/12\/04\/edwin-espinal-gana-el-festival-de-jonrones-fin-semana-de-leyendas\/","url_meta":{"origin":66577,"position":0},"title":"Edwin Espinal gana el Festival de Jonrones Fin Semana de Leyendas","author":"BIMARY DE JES\u00daS Matos","date":"4 de diciembre de 2023","format":false,"excerpt":"SANTO DOMINGO.- El inicialista y bateador designado Edwin Espinal mostr\u00f3 el poder de su bate este domingo en la final Junior Caminero para conquistar el Festival de Jonrones del Fin del Juego de Leyenda, celebrado en el estadio Cibao. Espinal, de los Gigantes del Cibao, super\u00f3 en la final a\u2026","rel":"","context":"En \u00abSin categor\u00eda\u00bb","block_context":{"text":"Sin categor\u00eda","link":"https:\/\/lasprimeras.com.do\/index.php\/category\/sin-categoria\/"},"img":{"alt_text":"","src":"https:\/\/i0.wp.com\/lasprimeras.com.do\/wp-content\/uploads\/2023\/12\/Nuestro-Mundo-8-6.jpg?resize=350%2C200&ssl=1","width":350,"height":200,"srcset":"https:\/\/i0.wp.com\/lasprimeras.com.do\/wp-content\/uploads\/2023\/12\/Nuestro-Mundo-8-6.jpg?resize=350%2C200&ssl=1 1x, https:\/\/i0.wp.com\/lasprimeras.com.do\/wp-content\/uploads\/2023\/12\/Nuestro-Mundo-8-6.jpg?resize=525%2C300&ssl=1 1.5x"},"classes":[]},{"id":69554,"url":"https:\/\/lasprimeras.com.do\/index.php\/2023\/12\/04\/dominicana-deja-en-el-terreno-a-puerto-rico-en-juego-de-leyendas\/","url_meta":{"origin":66577,"position":1},"title":"Dominicana deja en el terreno a Puerto Rico en Juego de Leyendas","author":"BIMARY DE JES\u00daS Matos","date":"4 de diciembre de 2023","format":false,"excerpt":"SANTIAGO DE LOS CABALLEROS.- Frente a 12,378 fan\u00e1ticos apostados en las gradas del Estadio Cibao, hogar de las \u00c1guilas Cibae\u00f1as en la Liga de B\u00e9isbol Profesional de la Rep\u00fablica Dominicana (LIDOM), el capit\u00e1n aguilucho Juan Carlos P\u00e9rez, dej\u00f3 en el terreno a los m\u00e1s grandes rivales deportivos dominicanos, Puerto Rico,\u2026","rel":"","context":"En \u00abSin categor\u00eda\u00bb","block_context":{"text":"Sin categor\u00eda","link":"https:\/\/lasprimeras.com.do\/index.php\/category\/sin-categoria\/"},"img":{"alt_text":"","src":"https:\/\/i0.wp.com\/lasprimeras.com.do\/wp-content\/uploads\/2023\/12\/Nuestro-Mundo-8-8.jpg?resize=350%2C200&ssl=1","width":350,"height":200,"srcset":"https:\/\/i0.wp.com\/lasprimeras.com.do\/wp-content\/uploads\/2023\/12\/Nuestro-Mundo-8-8.jpg?resize=350%2C200&ssl=1 1x, https:\/\/i0.wp.com\/lasprimeras.com.do\/wp-content\/uploads\/2023\/12\/Nuestro-Mundo-8-8.jpg?resize=525%2C300&ssl=1 1.5x"},"classes":[]},{"id":123881,"url":"https:\/\/lasprimeras.com.do\/index.php\/2026\/03\/06\/banreservas-reconoce-a-winston-chilote-llenas-en-homenaje-a-los-93-anos-de-las-aguilas-cibaenas\/","url_meta":{"origin":66577,"position":2},"title":"Banreservas reconoce a Winston \u201cChilote\u201d Llenas en homenaje a los 93 a\u00f1os de las \u00c1guilas Cibae\u00f1as","author":"Nelson Feliz","date":"6 de marzo de 2026","format":false,"excerpt":"Durante la actividad, por primera vez fueron exhibidos fuera del Estadio Cibao los trofeos y memorabilia de las \u00c1guilas Cibae\u00f1as, en una exposici\u00f3n especial realizada durante toda la noche en el Centro Cultural Banreservas El Banco de Reservas de la Rep\u00fablica Dominicana entreg\u00f3 un reconocimiento especial a Winston \u201cChilote\u201d Llenas,\u2026","rel":"","context":"En \u00abDEPORTES\u00bb","block_context":{"text":"DEPORTES","link":"https:\/\/lasprimeras.com.do\/index.php\/category\/deportes\/"},"img":{"alt_text":"","src":"https:\/\/i0.wp.com\/lasprimeras.com.do\/wp-content\/uploads\/2026\/03\/IMG-20260306-WA0376-scaled.jpg?resize=350%2C200&ssl=1","width":350,"height":200,"srcset":"https:\/\/i0.wp.com\/lasprimeras.com.do\/wp-content\/uploads\/2026\/03\/IMG-20260306-WA0376-scaled.jpg?resize=350%2C200&ssl=1 1x, https:\/\/i0.wp.com\/lasprimeras.com.do\/wp-content\/uploads\/2026\/03\/IMG-20260306-WA0376-scaled.jpg?resize=525%2C300&ssl=1 1.5x, https:\/\/i0.wp.com\/lasprimeras.com.do\/wp-content\/uploads\/2026\/03\/IMG-20260306-WA0376-scaled.jpg?resize=700%2C400&ssl=1 2x, https:\/\/i0.wp.com\/lasprimeras.com.do\/wp-content\/uploads\/2026\/03\/IMG-20260306-WA0376-scaled.jpg?resize=1050%2C600&ssl=1 3x, https:\/\/i0.wp.com\/lasprimeras.com.do\/wp-content\/uploads\/2026\/03\/IMG-20260306-WA0376-scaled.jpg?resize=1400%2C800&ssl=1 4x"},"classes":[]},{"id":111960,"url":"https:\/\/lasprimeras.com.do\/index.php\/2025\/10\/15\/leonardo-aguilera-lanza-la-primera-bola-en-partido-inaugural-del-torneo-de-beisbol-en-el-estadio-cibao\/","url_meta":{"origin":66577,"position":3},"title":"Leonardo Aguilera lanza la primera bola en partido inaugural del torneo de b\u00e9isbol en el Estadio Cibao","author":"Nelson Feliz","date":"15 de octubre de 2025","format":false,"excerpt":"El presidente ejecutivo del Banco de Reservas, doctor Leonardo Aguilera, realiz\u00f3 este mi\u00e9rcoles el lanzamiento de la primera bola del partido inaugural de la temporada 2025-2026 de la Liga Dominicana de B\u00e9isbol (LIDOM), efectuado en el Estadio Cibao, donde se enfrentaron las \u00c1guilas Cibae\u00f1as y los Gigantes del Cibao. Previo\u2026","rel":"","context":"En \u00abDEPORTES\u00bb","block_context":{"text":"DEPORTES","link":"https:\/\/lasprimeras.com.do\/index.php\/category\/deportes\/"},"img":{"alt_text":"","src":"https:\/\/i0.wp.com\/lasprimeras.com.do\/wp-content\/uploads\/2025\/10\/Aguilera-2.jpg?resize=350%2C200&ssl=1","width":350,"height":200,"srcset":"https:\/\/i0.wp.com\/lasprimeras.com.do\/wp-content\/uploads\/2025\/10\/Aguilera-2.jpg?resize=350%2C200&ssl=1 1x, https:\/\/i0.wp.com\/lasprimeras.com.do\/wp-content\/uploads\/2025\/10\/Aguilera-2.jpg?resize=525%2C300&ssl=1 1.5x, https:\/\/i0.wp.com\/lasprimeras.com.do\/wp-content\/uploads\/2025\/10\/Aguilera-2.jpg?resize=700%2C400&ssl=1 2x"},"classes":[]},{"id":116957,"url":"https:\/\/lasprimeras.com.do\/index.php\/2025\/12\/06\/centro-cultural-banreservas-santiago-inaugura-sus-primeras-exposiciones-con-obras-de-domingo-batista-y-artistas-cibaenos\/","url_meta":{"origin":66577,"position":4},"title":"Centro Cultural Banreservas Santiago inaugura sus primeras exposiciones con obras de Domingo Batista y artistas cibae\u00f1os","author":"Nelson Feliz","date":"6 de diciembre de 2025","format":false,"excerpt":"Las muestras est\u00e1n abiertas al p\u00fablico desde el 4 de diciembre hasta el mes de marzo y re\u00fanen diversas t\u00e9cnicas y formatos visuales. El Centro Cultural Banreservas Santiago inaugur\u00f3 sus primeras exposiciones: \u201cCaminos de luz, caminos de tierra\u201d, del maestro fot\u00f3grafo Domingo Batista; y \u201cCibae\u00f1os en la Colecci\u00f3n de Artes\u2026","rel":"","context":"En \u00abENTRETENIMIENTO\u00bb","block_context":{"text":"ENTRETENIMIENTO","link":"https:\/\/lasprimeras.com.do\/index.php\/category\/entretenimiento\/"},"img":{"alt_text":"","src":"https:\/\/i0.wp.com\/lasprimeras.com.do\/wp-content\/uploads\/2025\/12\/una.jpg?resize=350%2C200&ssl=1","width":350,"height":200,"srcset":"https:\/\/i0.wp.com\/lasprimeras.com.do\/wp-content\/uploads\/2025\/12\/una.jpg?resize=350%2C200&ssl=1 1x, https:\/\/i0.wp.com\/lasprimeras.com.do\/wp-content\/uploads\/2025\/12\/una.jpg?resize=525%2C300&ssl=1 1.5x, https:\/\/i0.wp.com\/lasprimeras.com.do\/wp-content\/uploads\/2025\/12\/una.jpg?resize=700%2C400&ssl=1 2x"},"classes":[]},{"id":69579,"url":"https:\/\/lasprimeras.com.do\/index.php\/2023\/12\/04\/el-sexto-juego-de-estrellas-interligas-se-jugara-por-segunda-vez-en-santiago\/","url_meta":{"origin":66577,"position":5},"title":"El Sexto Juego de Estrellas Interligas se jugar\u00e1 por segunda vez en Santiago","author":"Nelson Feliz","date":"4 de diciembre de 2023","format":false,"excerpt":"La acci\u00f3n comienza con el tradicional Home Run Derby a las 3:00 p.m. seguido por un Homenaje de las \u00c1guilas Cibae\u00f1as y eventualmente el cl\u00e1sico de estrellas, que ser\u00e1 transmitido por el canal de YouTube, DR Sports, Wapa Televisi\u00f3n y de Digital 15. El Cuarto Juego de Estrellas Interligas que\u2026","rel":"","context":"En \u00abSin categor\u00eda\u00bb","block_context":{"text":"Sin categor\u00eda","link":"https:\/\/lasprimeras.com.do\/index.php\/category\/sin-categoria\/"},"img":{"alt_text":"Juego de Estrellas","src":"https:\/\/i0.wp.com\/lasprimeras.com.do\/wp-content\/uploads\/2023\/12\/Juego-de-Estrellas.jpg?resize=350%2C200&ssl=1","width":350,"height":200,"srcset":"https:\/\/i0.wp.com\/lasprimeras.com.do\/wp-content\/uploads\/2023\/12\/Juego-de-Estrellas.jpg?resize=350%2C200&ssl=1 1x, https:\/\/i0.wp.com\/lasprimeras.com.do\/wp-content\/uploads\/2023\/12\/Juego-de-Estrellas.jpg?resize=525%2C300&ssl=1 1.5x, https:\/\/i0.wp.com\/lasprimeras.com.do\/wp-content\/uploads\/2023\/12\/Juego-de-Estrellas.jpg?resize=700%2C400&ssl=1 2x"},"classes":[]}],"jetpack_sharing_enabled":true,"_links":{"self":[{"href":"https:\/\/lasprimeras.com.do\/index.php\/wp-json\/wp\/v2\/posts\/66577","targetHints":{"allow":["GET"]}}],"collection":[{"href":"https:\/\/lasprimeras.com.do\/index.php\/wp-json\/wp\/v2\/posts"}],"about":[{"href":"https:\/\/lasprimeras.com.do\/index.php\/wp-json\/wp\/v2\/types\/post"}],"author":[{"embeddable":true,"href":"https:\/\/lasprimeras.com.do\/index.php\/wp-json\/wp\/v2\/users\/3"}],"replies":[{"embeddable":true,"href":"https:\/\/lasprimeras.com.do\/index.php\/wp-json\/wp\/v2\/comments?post=66577"}],"version-history":[{"count":1,"href":"https:\/\/lasprimeras.com.do\/index.php\/wp-json\/wp\/v2\/posts\/66577\/revisions"}],"predecessor-version":[{"id":66579,"href":"https:\/\/lasprimeras.com.do\/index.php\/wp-json\/wp\/v2\/posts\/66577\/revisions\/66579"}],"wp:featuredmedia":[{"embeddable":true,"href":"https:\/\/lasprimeras.com.do\/index.php\/wp-json\/wp\/v2\/media\/66578"}],"wp:attachment":[{"href":"https:\/\/lasprimeras.com.do\/index.php\/wp-json\/wp\/v2\/media?parent=66577"}],"wp:term":[{"taxonomy":"category","embeddable":true,"href":"https:\/\/lasprimeras.com.do\/index.php\/wp-json\/wp\/v2\/categories?post=66577"},{"taxonomy":"post_tag","embeddable":true,"href":"https:\/\/lasprimeras.com.do\/index.php\/wp-json\/wp\/v2\/tags?post=66577"}],"curies":[{"name":"wp","href":"https:\/\/api.w.org\/{rel}","templated":true}]}}