{"id":66629,"date":"2023-11-08T11:48:01","date_gmt":"2023-11-08T15:48:01","guid":{"rendered":"https:\/\/lasprimeras.com.do\/?p=66629"},"modified":"2023-11-08T11:48:03","modified_gmt":"2023-11-08T15:48:03","slug":"ramos-asegura-sistema-ha-reducido-la-mora-judicial","status":"publish","type":"post","link":"https:\/\/lasprimeras.com.do\/index.php\/2023\/11\/08\/ramos-asegura-sistema-ha-reducido-la-mora-judicial\/","title":{"rendered":"Ramos asegura sistema ha reducido la mora judicial"},"content":{"rendered":"\n<p>La procuradora fiscal del Distrito Nacional, Rosalba Ramos, declar\u00f3 que en esta jurisdicci\u00f3n existe colaboraci\u00f3n entre las distintas organizaciones del sistema que ha permitido reducir la mora judicial.<\/p>\n\n\n\n<p>Ramos, expres\u00f3 que entre las distintas instituciones existe el inter\u00e9s de que los procesos se conozcan en un tiempo breve.<\/p>\n\n\n\n<p>La Fiscal del Distrito Nacional, dijo que los jueves y fiscales tienen como meta que los casos se conozcan en el menor tiempo posible.<\/p>\n\n\n\n<p>Rosalba Ramos, manifest\u00f3 que se busca que el Ministerio P\u00fablico tenga un rostro amigable, brindando informaci\u00f3n a los ciudadanos que as\u00ed lo requieran.<\/p>\n","protected":false},"excerpt":{"rendered":"<p>La procuradora fiscal del Distrito Nacional, Rosalba Ramos, declar\u00f3 que en esta jurisdicci\u00f3n existe colaboraci\u00f3n entre las distintas organizaciones del sistema que ha permitido reducir la mora judicial. Ramos, expres\u00f3&hellip;<\/p>\n","protected":false},"author":2,"featured_media":65624,"comment_status":"open","ping_status":"open","sticky":false,"template":"","format":"standard","meta":{"content-type":"","jetpack_post_was_ever_published":false,"_jetpack_newsletter_access":"","_jetpack_dont_email_post_to_subs":false,"_jetpack_newsletter_tier_id":0,"_jetpack_memberships_contains_paywalled_content":false,"_jetpack_memberships_contains_paid_content":false,"footnotes":""},"categories":[35,25],"tags":[9037],"class_list":["post-66629","post","type-post","status-publish","format-standard","has-post-thumbnail","hentry","category-nacionales","category-portada","tag-rosalba-ramos"],"jetpack_featured_media_url":"https:\/\/lasprimeras.com.do\/wp-content\/uploads\/2023\/10\/Rosalba-Ramos.jpg","jetpack-related-posts":[{"id":108202,"url":"https:\/\/lasprimeras.com.do\/index.php\/2025\/09\/03\/la-fiscal-rosalba-ramos-empodera-a-cristo-rey-sobre-sus-derechos\/","url_meta":{"origin":66629,"position":0},"title":"La Fiscal Rosalba Ramos empodera a Cristo Rey sobre sus derechos","author":"Nelson Feliz","date":"3 de septiembre de 2025","format":false,"excerpt":"La Fiscal del Distrito Nacional, Rosalba Ramos, orient\u00f3 a los residentes de Cristo Rey sobre c\u00f3mo defender sus derechos constitucionales frente a las autoridades. Ramos se reuni\u00f3 con comunitarios y presidentes de juntas de vecinos del referido sector, con quienes abord\u00f3 los derechos que les asisten frente a las autoridades,\u2026","rel":"","context":"En \u00abJUSTICIA\u00bb","block_context":{"text":"JUSTICIA","link":"https:\/\/lasprimeras.com.do\/index.php\/category\/justicia\/"},"img":{"alt_text":"","src":"https:\/\/i0.wp.com\/lasprimeras.com.do\/wp-content\/uploads\/2025\/09\/ROSALBA.jpg?resize=350%2C200&ssl=1","width":350,"height":200},"classes":[]},{"id":105133,"url":"https:\/\/lasprimeras.com.do\/index.php\/2025\/07\/30\/fiscal-rosalba-ramos-dice-investiga-red-de-extorsion-mediatica\/","url_meta":{"origin":66629,"position":1},"title":"Fiscal Rosalba Ramos dice investiga red de extorsi\u00f3n medi\u00e1tica","author":"Nelson Feliz","date":"30 de julio de 2025","format":false,"excerpt":"Rosalba Ramos: \"La dignidad de las personas no puede estar negociada en ning\u00fan escenario\" En una declaraci\u00f3n p\u00fablica sin precedentes recientes y reforzada por una entrevista difundida este mi\u00e9rcoles, la procuradora fiscal del Distrito Nacional, Rosalba Ramos, manifest\u00f3 su preocupaci\u00f3n por lo que considera una creciente estructura informal de difamaci\u00f3n\u2026","rel":"","context":"En \u00abJUSTICIA\u00bb","block_context":{"text":"JUSTICIA","link":"https:\/\/lasprimeras.com.do\/index.php\/category\/justicia\/"},"img":{"alt_text":"","src":"https:\/\/i0.wp.com\/lasprimeras.com.do\/wp-content\/uploads\/2024\/08\/Rosalba-Ramos.jpg?resize=350%2C200&ssl=1","width":350,"height":200,"srcset":"https:\/\/i0.wp.com\/lasprimeras.com.do\/wp-content\/uploads\/2024\/08\/Rosalba-Ramos.jpg?resize=350%2C200&ssl=1 1x, https:\/\/i0.wp.com\/lasprimeras.com.do\/wp-content\/uploads\/2024\/08\/Rosalba-Ramos.jpg?resize=525%2C300&ssl=1 1.5x, https:\/\/i0.wp.com\/lasprimeras.com.do\/wp-content\/uploads\/2024\/08\/Rosalba-Ramos.jpg?resize=700%2C400&ssl=1 2x"},"classes":[]},{"id":87175,"url":"https:\/\/lasprimeras.com.do\/index.php\/2024\/08\/08\/rosalba-ramos-fue-confirmada-para-la-fiscalia-del-distrito-nacional\/","url_meta":{"origin":66629,"position":2},"title":"Rosalba Ramos fue confirmada para la Fiscal\u00eda del Distrito Nacional","author":"Nelson Feliz","date":"8 de agosto de 2024","format":false,"excerpt":"Estar\u00e1 al frente de la Fiscal\u00eda del Distrito Nacional hasta 2026 La fiscal Rosalba Ramos inform\u00f3 que fue confirmada para continuar como titular de la Fiscal\u00eda del Distrito Nacional hasta el 2026, fecha en la que finalizar\u00eda dos periodos en esta importante dependencia del Ministerio P\u00fablico. El anuncio lo hizo\u2026","rel":"","context":"En \u00abNACIONALES\u00bb","block_context":{"text":"NACIONALES","link":"https:\/\/lasprimeras.com.do\/index.php\/category\/nacionales\/"},"img":{"alt_text":"","src":"https:\/\/i0.wp.com\/lasprimeras.com.do\/wp-content\/uploads\/2024\/08\/Rosalba-Ramos.jpg?resize=350%2C200&ssl=1","width":350,"height":200,"srcset":"https:\/\/i0.wp.com\/lasprimeras.com.do\/wp-content\/uploads\/2024\/08\/Rosalba-Ramos.jpg?resize=350%2C200&ssl=1 1x, https:\/\/i0.wp.com\/lasprimeras.com.do\/wp-content\/uploads\/2024\/08\/Rosalba-Ramos.jpg?resize=525%2C300&ssl=1 1.5x, https:\/\/i0.wp.com\/lasprimeras.com.do\/wp-content\/uploads\/2024\/08\/Rosalba-Ramos.jpg?resize=700%2C400&ssl=1 2x"},"classes":[]},{"id":65623,"url":"https:\/\/lasprimeras.com.do\/index.php\/2023\/10\/30\/fiscal-del-distrito-rosalba-ramos-revela-solo-el-8-de-los-casos-que-llegan-a-esa-demarcacion-van-a-juicio\/","url_meta":{"origin":66629,"position":3},"title":"Fiscal del Distrito, Rosalba Ramos revela solo el 8% de los casos que llegan a esa demarcaci\u00f3n van a juicio","author":"Nelson Feliz","date":"30 de octubre de 2023","format":false,"excerpt":"Tras cinco a\u00f1os como fiscal del Distrito Nacional, \u00a0asegura su legado ha sido, \u00a0acercar la fiscal\u00eda al ciudadano, una fiscal\u00eda m\u00e1s humana y entendible.- La fiscal del Distrito Nacional, Rosalba Ramos inform\u00f3 que solo el 8% de los casos de conflicto que llegan a esa demarcaci\u00f3n van a juicio, y\u2026","rel":"","context":"En \u00abJUSTICIA\u00bb","block_context":{"text":"JUSTICIA","link":"https:\/\/lasprimeras.com.do\/index.php\/category\/justicia\/"},"img":{"alt_text":"Rosalba Ramos","src":"https:\/\/i0.wp.com\/lasprimeras.com.do\/wp-content\/uploads\/2023\/10\/Rosalba-Ramos.jpg?resize=350%2C200&ssl=1","width":350,"height":200,"srcset":"https:\/\/i0.wp.com\/lasprimeras.com.do\/wp-content\/uploads\/2023\/10\/Rosalba-Ramos.jpg?resize=350%2C200&ssl=1 1x, https:\/\/i0.wp.com\/lasprimeras.com.do\/wp-content\/uploads\/2023\/10\/Rosalba-Ramos.jpg?resize=525%2C300&ssl=1 1.5x"},"classes":[]},{"id":113457,"url":"https:\/\/lasprimeras.com.do\/index.php\/2025\/11\/03\/fiscal-dn-disertara-sobre-responsabilidad-ambiental-empresarial-a-la-luz-del-nuevo-codigo-penal\/","url_meta":{"origin":66629,"position":4},"title":"Fiscal DN disertar\u00e1 sobre responsabilidad ambiental empresarial a la luz del nuevo C\u00f3digo Penal","author":"Nelson Feliz","date":"3 de noviembre de 2025","format":false,"excerpt":"La magistrada Rosalba Ramos ser\u00e1 la oradora invitada en el desayuno-conferencia con el sector empresarial, organizado por Ecored. La Red Nacional de Apoyo Empresarial a la Protecci\u00f3n Ambiental (Ecored) anunci\u00f3 la realizaci\u00f3n de un desayuno\u2013conferencia titulada \u201cResponsabilidad ambiental y rol del sector empresarial ante el nuevo C\u00f3digo Penal\u201d, que ser\u00e1\u2026","rel":"","context":"En \u00abJUSTICIA\u00bb","block_context":{"text":"JUSTICIA","link":"https:\/\/lasprimeras.com.do\/index.php\/category\/justicia\/"},"img":{"alt_text":"","src":"https:\/\/i0.wp.com\/lasprimeras.com.do\/wp-content\/uploads\/2025\/11\/Rosalba-Ramons-fiscal-del-Distrito-Nacional.jpg?resize=350%2C200&ssl=1","width":350,"height":200,"srcset":"https:\/\/i0.wp.com\/lasprimeras.com.do\/wp-content\/uploads\/2025\/11\/Rosalba-Ramons-fiscal-del-Distrito-Nacional.jpg?resize=350%2C200&ssl=1 1x, https:\/\/i0.wp.com\/lasprimeras.com.do\/wp-content\/uploads\/2025\/11\/Rosalba-Ramons-fiscal-del-Distrito-Nacional.jpg?resize=525%2C300&ssl=1 1.5x, https:\/\/i0.wp.com\/lasprimeras.com.do\/wp-content\/uploads\/2025\/11\/Rosalba-Ramons-fiscal-del-Distrito-Nacional.jpg?resize=700%2C400&ssl=1 2x"},"classes":[]},{"id":105217,"url":"https:\/\/lasprimeras.com.do\/index.php\/2025\/07\/31\/respaldan-investigacion-hecha-por-rosalba-ramos-contra-la-extorsion-disfrazada-de-periodismo\/","url_meta":{"origin":66629,"position":5},"title":"Respaldan investigaci\u00f3n hecha por Rosalba Ramos contra la extorsi\u00f3n disfrazada de periodismo","author":"Nelson Feliz","date":"31 de julio de 2025","format":false,"excerpt":"Profesionales de la comunicaci\u00f3n piden proteger la cr\u00edtica responsable. Un grupo de reconocidos profesionales de la comunicaci\u00f3n respald\u00f3 este jueves la posici\u00f3n de la fiscal del Distrito Nacional, Rosalba Ramos, de investigar los casos de extorsi\u00f3n y chantaje cometidos por seudo comunicadores que utilizan medios de comunicaci\u00f3n y plataformas digitales\u2026","rel":"","context":"En \u00abNACIONALES\u00bb","block_context":{"text":"NACIONALES","link":"https:\/\/lasprimeras.com.do\/index.php\/category\/nacionales\/"},"img":{"alt_text":"Profesionales","src":"https:\/\/i0.wp.com\/lasprimeras.com.do\/wp-content\/uploads\/2025\/07\/Profesionales-1.jpg?resize=350%2C200&ssl=1","width":350,"height":200,"srcset":"https:\/\/i0.wp.com\/lasprimeras.com.do\/wp-content\/uploads\/2025\/07\/Profesionales-1.jpg?resize=350%2C200&ssl=1 1x, https:\/\/i0.wp.com\/lasprimeras.com.do\/wp-content\/uploads\/2025\/07\/Profesionales-1.jpg?resize=525%2C300&ssl=1 1.5x, https:\/\/i0.wp.com\/lasprimeras.com.do\/wp-content\/uploads\/2025\/07\/Profesionales-1.jpg?resize=700%2C400&ssl=1 2x"},"classes":[]}],"jetpack_sharing_enabled":true,"_links":{"self":[{"href":"https:\/\/lasprimeras.com.do\/index.php\/wp-json\/wp\/v2\/posts\/66629","targetHints":{"allow":["GET"]}}],"collection":[{"href":"https:\/\/lasprimeras.com.do\/index.php\/wp-json\/wp\/v2\/posts"}],"about":[{"href":"https:\/\/lasprimeras.com.do\/index.php\/wp-json\/wp\/v2\/types\/post"}],"author":[{"embeddable":true,"href":"https:\/\/lasprimeras.com.do\/index.php\/wp-json\/wp\/v2\/users\/2"}],"replies":[{"embeddable":true,"href":"https:\/\/lasprimeras.com.do\/index.php\/wp-json\/wp\/v2\/comments?post=66629"}],"version-history":[{"count":1,"href":"https:\/\/lasprimeras.com.do\/index.php\/wp-json\/wp\/v2\/posts\/66629\/revisions"}],"predecessor-version":[{"id":66630,"href":"https:\/\/lasprimeras.com.do\/index.php\/wp-json\/wp\/v2\/posts\/66629\/revisions\/66630"}],"wp:featuredmedia":[{"embeddable":true,"href":"https:\/\/lasprimeras.com.do\/index.php\/wp-json\/wp\/v2\/media\/65624"}],"wp:attachment":[{"href":"https:\/\/lasprimeras.com.do\/index.php\/wp-json\/wp\/v2\/media?parent=66629"}],"wp:term":[{"taxonomy":"category","embeddable":true,"href":"https:\/\/lasprimeras.com.do\/index.php\/wp-json\/wp\/v2\/categories?post=66629"},{"taxonomy":"post_tag","embeddable":true,"href":"https:\/\/lasprimeras.com.do\/index.php\/wp-json\/wp\/v2\/tags?post=66629"}],"curies":[{"name":"wp","href":"https:\/\/api.w.org\/{rel}","templated":true}]}}