{"id":66634,"date":"2023-11-08T12:48:08","date_gmt":"2023-11-08T16:48:08","guid":{"rendered":"https:\/\/lasprimeras.com.do\/?p=66634"},"modified":"2023-11-08T12:48:10","modified_gmt":"2023-11-08T16:48:10","slug":"alcalde-manuel-jimenez-inicia-junto-a-edeeste-instalacion-de-8000-lamparas-en-santo-domingo-este","status":"publish","type":"post","link":"https:\/\/lasprimeras.com.do\/index.php\/2023\/11\/08\/alcalde-manuel-jimenez-inicia-junto-a-edeeste-instalacion-de-8000-lamparas-en-santo-domingo-este\/","title":{"rendered":"Alcalde Manuel Jim\u00e9nez inicia junto a Edeeste instalaci\u00f3n de 8,000 l\u00e1mparas en Santo Domingo Este"},"content":{"rendered":"\n<p>JIM\u00c9NEZ ASEGURA QUE CON EL APOYO DE EDEESTE Y EL MINISTERIO DE INTERIOR Y POLIC\u00cdA EL MUNICIPIO TENDR\u00c1 UNA NAVIDAD BIEN ILUMINADA<\/p>\n\n\n\n<p>El alcalde Manuel Jim\u00e9nez encabez\u00f3 el inicio de la instalaci\u00f3n y reparaci\u00f3n de m\u00e1s de 8,000 l\u00e1mparas en las principales avenidas, calles y comunidades de Santo Domingo Este por parte de la Empresa de Distribuci\u00f3n de Electricidad del Este (Edeeste), en coordinaci\u00f3n con el Ministerio de Interior y Polic\u00eda.<\/p>\n\n\n\n<p>En un recorrido nocturno junto con el director de Distribuci\u00f3n de Edeeste, Priamo Feliz, Manuel Jim\u00e9nez asegur\u00f3 que los esfuerzos conjuntos del Gobierno del presidente Abinader, Edeeste y el Ayuntamiento permitir\u00e1n que en esta Navidad las familias del municipio pasen sus festividades iluminadas y m\u00e1s seguras.<\/p>\n","protected":false},"excerpt":{"rendered":"<p>JIM\u00c9NEZ ASEGURA QUE CON EL APOYO DE EDEESTE Y EL MINISTERIO DE INTERIOR Y POLIC\u00cdA EL MUNICIPIO TENDR\u00c1 UNA NAVIDAD BIEN ILUMINADA El alcalde Manuel Jim\u00e9nez encabez\u00f3 el inicio de&hellip;<\/p>\n","protected":false},"author":2,"featured_media":66635,"comment_status":"open","ping_status":"open","sticky":false,"template":"","format":"standard","meta":{"content-type":"","jetpack_post_was_ever_published":false,"_jetpack_newsletter_access":"","_jetpack_dont_email_post_to_subs":false,"_jetpack_newsletter_tier_id":0,"_jetpack_memberships_contains_paywalled_content":false,"_jetpack_memberships_contains_paid_content":false,"footnotes":""},"categories":[35,25],"tags":[161,657,971,9284,196],"class_list":["post-66634","post","type-post","status-publish","format-standard","has-post-thumbnail","hentry","category-nacionales","category-portada","tag-alcalde","tag-edeeste","tag-instalacion-2","tag-lamparas-en-santo-domingo-este","tag-manuel-jimenez"],"jetpack_featured_media_url":"https:\/\/lasprimeras.com.do\/wp-content\/uploads\/2023\/11\/Manuel-Jimenez.jpg","jetpack-related-posts":[{"id":64048,"url":"https:\/\/lasprimeras.com.do\/index.php\/2023\/10\/17\/edeeste-resolvera-necesidades-energeticas-en-sector-buena-vista-ii-de-sdn\/","url_meta":{"origin":66634,"position":0},"title":"Edeeste resolver\u00e1 necesidades energ\u00e9ticas en sector Buena Vista II de SDN","author":"Nelson Feliz","date":"17 de octubre de 2023","format":false,"excerpt":"Por Martin Restituyo La Empresa Distribuidora de Electricidad del Este (Edeeste) indag\u00f3 y document\u00f3 las necesidades que presentan sus clientes en relaci\u00f3n al servicio que ofrece en Buena Vista II, durante un encuentro con l\u00edderes comunitarios de ese sector, ubicado en el municipio Santo Domingo Norte. El gerente general de\u2026","rel":"","context":"En \u00abNACIONALES\u00bb","block_context":{"text":"NACIONALES","link":"https:\/\/lasprimeras.com.do\/index.php\/category\/nacionales\/"},"img":{"alt_text":"edeeste","src":"https:\/\/i0.wp.com\/lasprimeras.com.do\/wp-content\/uploads\/2023\/10\/edeeste.jpg?resize=350%2C200&ssl=1","width":350,"height":200,"srcset":"https:\/\/i0.wp.com\/lasprimeras.com.do\/wp-content\/uploads\/2023\/10\/edeeste.jpg?resize=350%2C200&ssl=1 1x, https:\/\/i0.wp.com\/lasprimeras.com.do\/wp-content\/uploads\/2023\/10\/edeeste.jpg?resize=525%2C300&ssl=1 1.5x, https:\/\/i0.wp.com\/lasprimeras.com.do\/wp-content\/uploads\/2023\/10\/edeeste.jpg?resize=700%2C400&ssl=1 2x"},"classes":[]},{"id":113400,"url":"https:\/\/lasprimeras.com.do\/index.php\/2025\/11\/02\/edeeste-e-interior-y-policia-iluminan-calles-del-sector-capotillo\/","url_meta":{"origin":66634,"position":1},"title":"Edeeste e Interior y Polic\u00eda iluminan calles del sector Capotillo","author":"Nelson Feliz","date":"2 de noviembre de 2025","format":false,"excerpt":"La Empresa Distribuidora de Electricidad del Este (Edeeste) y el Ministerio de Interior y Polic\u00eda (MIP) desarrollaron un proyecto de rehabilitaci\u00f3n y sustituci\u00f3n de luminarias en el populoso sector Capotillo ubicado en el Distrito Nacional. Estos trabajos de Edeeste se enmarca en los esfuerzos para aportar acciones positivas y contundentes\u2026","rel":"","context":"En \u00abNACIONALES\u00bb","block_context":{"text":"NACIONALES","link":"https:\/\/lasprimeras.com.do\/index.php\/category\/nacionales\/"},"img":{"alt_text":"","src":"https:\/\/i0.wp.com\/lasprimeras.com.do\/wp-content\/uploads\/2025\/07\/Edeeste-1.jpg?resize=350%2C200&ssl=1","width":350,"height":200,"srcset":"https:\/\/i0.wp.com\/lasprimeras.com.do\/wp-content\/uploads\/2025\/07\/Edeeste-1.jpg?resize=350%2C200&ssl=1 1x, https:\/\/i0.wp.com\/lasprimeras.com.do\/wp-content\/uploads\/2025\/07\/Edeeste-1.jpg?resize=525%2C300&ssl=1 1.5x, https:\/\/i0.wp.com\/lasprimeras.com.do\/wp-content\/uploads\/2025\/07\/Edeeste-1.jpg?resize=700%2C400&ssl=1 2x"},"classes":[]},{"id":48997,"url":"https:\/\/lasprimeras.com.do\/index.php\/2023\/05\/06\/director-de-las-escuelas-vocacionales-recibe-visita-del-administrador-de-edeeste\/","url_meta":{"origin":66634,"position":2},"title":"Director de las Escuelas Vocacionales recibe visita del administrador de EDEESTE","author":"prenxa100","date":"6 de mayo de 2023","format":false,"excerpt":"Por Wilson P\u00e9rez Santo Domingo, Este.-. El director general de las Escuelas Vocacionales de las Fuerzas Armadas y de la Polic\u00eda Nacional (DIGEV), Mayor General ERD; Juan Jos\u00e9 Ota\u00f1o Jim\u00e9nez, recibi\u00f3 hoy en su despacho la visita del administrador general de la Empresa de Distribuci\u00f3n de Electricidad del Este (EDEESTE),\u2026","rel":"","context":"En \u00abNACIONALES\u00bb","block_context":{"text":"NACIONALES","link":"https:\/\/lasprimeras.com.do\/index.php\/category\/nacionales\/"},"img":{"alt_text":"","src":"","width":0,"height":0},"classes":[]},{"id":65389,"url":"https:\/\/lasprimeras.com.do\/index.php\/2023\/10\/27\/edeeste-ha-registrado-perdidas-asegura-manuel-mejia-naut\/","url_meta":{"origin":66634,"position":3},"title":"Edeeste ha registrado p\u00e9rdidas, asegura Manuel Mej\u00eda Naut","author":"BIMARY DE JES\u00daS Matos","date":"27 de octubre de 2023","format":false,"excerpt":"SANTO DOMINGO.- Manuel Mej\u00eda Naut, inform\u00f3 este viernes que la Empresa Distribuidora de Electricidad del Este, Edeeste, ha registrado p\u00e9rdidas las cuales seg\u00fan los registros rondan en 55 por ciento, seg\u00fan a la energ\u00eda facturada. Asimismo, Mej\u00eda Naut, indic\u00f3 que los reclamos de clientes asegurando que solo representan un 2\u2026","rel":"","context":"En \u00abNACIONALES\u00bb","block_context":{"text":"NACIONALES","link":"https:\/\/lasprimeras.com.do\/index.php\/category\/nacionales\/"},"img":{"alt_text":"","src":"https:\/\/i0.wp.com\/lasprimeras.com.do\/wp-content\/uploads\/2023\/10\/WhatsApp-Image-2023-10-27-at-10.33.57-AM-5.jpeg?resize=350%2C200&ssl=1","width":350,"height":200,"srcset":"https:\/\/i0.wp.com\/lasprimeras.com.do\/wp-content\/uploads\/2023\/10\/WhatsApp-Image-2023-10-27-at-10.33.57-AM-5.jpeg?resize=350%2C200&ssl=1 1x, https:\/\/i0.wp.com\/lasprimeras.com.do\/wp-content\/uploads\/2023\/10\/WhatsApp-Image-2023-10-27-at-10.33.57-AM-5.jpeg?resize=525%2C300&ssl=1 1.5x, https:\/\/i0.wp.com\/lasprimeras.com.do\/wp-content\/uploads\/2023\/10\/WhatsApp-Image-2023-10-27-at-10.33.57-AM-5.jpeg?resize=700%2C400&ssl=1 2x, https:\/\/i0.wp.com\/lasprimeras.com.do\/wp-content\/uploads\/2023\/10\/WhatsApp-Image-2023-10-27-at-10.33.57-AM-5.jpeg?resize=1050%2C600&ssl=1 3x"},"classes":[]},{"id":112811,"url":"https:\/\/lasprimeras.com.do\/index.php\/2025\/10\/27\/edeeste-continua-trabajos-que-mejoran-el-servicio-electrico-en-los-tres-brazos\/","url_meta":{"origin":66634,"position":4},"title":"Edeeste contin\u00faa trabajos que mejoran el servicio el\u00e9ctrico en Los Tres Brazos","author":"Nelson Feliz","date":"27 de octubre de 2025","format":false,"excerpt":"La Empresa Distribuidora de Electricidad del Este (Edeeste) informa que contin\u00faa con los trabajos de rehabilitaci\u00f3n de redes el\u00e9ctricas y la normalizaci\u00f3n de usuarios no registrados en el sector Los Tres Brazos, municipio Santo Domingo Este. Edeeste asegura haber logrado un impacto positivo a favor de la comunidad y de\u2026","rel":"","context":"En \u00abECONOM\u00cdA\u00bb","block_context":{"text":"ECONOM\u00cdA","link":"https:\/\/lasprimeras.com.do\/index.php\/category\/economia\/"},"img":{"alt_text":"","src":"https:\/\/i0.wp.com\/lasprimeras.com.do\/wp-content\/uploads\/2025\/10\/Los-Tres-Brazos_03.png?resize=350%2C200&ssl=1","width":350,"height":200,"srcset":"https:\/\/i0.wp.com\/lasprimeras.com.do\/wp-content\/uploads\/2025\/10\/Los-Tres-Brazos_03.png?resize=350%2C200&ssl=1 1x, https:\/\/i0.wp.com\/lasprimeras.com.do\/wp-content\/uploads\/2025\/10\/Los-Tres-Brazos_03.png?resize=525%2C300&ssl=1 1.5x, https:\/\/i0.wp.com\/lasprimeras.com.do\/wp-content\/uploads\/2025\/10\/Los-Tres-Brazos_03.png?resize=700%2C400&ssl=1 2x, https:\/\/i0.wp.com\/lasprimeras.com.do\/wp-content\/uploads\/2025\/10\/Los-Tres-Brazos_03.png?resize=1050%2C600&ssl=1 3x"},"classes":[]},{"id":113825,"url":"https:\/\/lasprimeras.com.do\/index.php\/2025\/11\/06\/edeeste-mejora-calidad-del-servicio-electrico-en-chirino-monte-plata\/","url_meta":{"origin":66634,"position":5},"title":"Edeeste mejora calidad del servicio el\u00e9ctrico en Chirino, Monte Plata","author":"Nelson Feliz","date":"6 de noviembre de 2025","format":false,"excerpt":"La Empresa Distribuidora de Electricidad del Este (Edeeste) informa sobre la instalaci\u00f3n de tres nuevos reguladores de 114 KVA en la red monof\u00e1sica del circuito MP6901, en el Distrito Municipal de Chirino, provincia Monte Plata. La distribuidora se\u00f1ala que, para la ejecuci\u00f3n de este proyecto se contempl\u00f3 la instalaci\u00f3n de\u2026","rel":"","context":"En \u00abNACIONALES\u00bb","block_context":{"text":"NACIONALES","link":"https:\/\/lasprimeras.com.do\/index.php\/category\/nacionales\/"},"img":{"alt_text":"","src":"https:\/\/i0.wp.com\/lasprimeras.com.do\/wp-content\/uploads\/2025\/11\/1B6A6497.jpg?resize=350%2C200&ssl=1","width":350,"height":200,"srcset":"https:\/\/i0.wp.com\/lasprimeras.com.do\/wp-content\/uploads\/2025\/11\/1B6A6497.jpg?resize=350%2C200&ssl=1 1x, https:\/\/i0.wp.com\/lasprimeras.com.do\/wp-content\/uploads\/2025\/11\/1B6A6497.jpg?resize=525%2C300&ssl=1 1.5x"},"classes":[]}],"jetpack_sharing_enabled":true,"_links":{"self":[{"href":"https:\/\/lasprimeras.com.do\/index.php\/wp-json\/wp\/v2\/posts\/66634","targetHints":{"allow":["GET"]}}],"collection":[{"href":"https:\/\/lasprimeras.com.do\/index.php\/wp-json\/wp\/v2\/posts"}],"about":[{"href":"https:\/\/lasprimeras.com.do\/index.php\/wp-json\/wp\/v2\/types\/post"}],"author":[{"embeddable":true,"href":"https:\/\/lasprimeras.com.do\/index.php\/wp-json\/wp\/v2\/users\/2"}],"replies":[{"embeddable":true,"href":"https:\/\/lasprimeras.com.do\/index.php\/wp-json\/wp\/v2\/comments?post=66634"}],"version-history":[{"count":1,"href":"https:\/\/lasprimeras.com.do\/index.php\/wp-json\/wp\/v2\/posts\/66634\/revisions"}],"predecessor-version":[{"id":66636,"href":"https:\/\/lasprimeras.com.do\/index.php\/wp-json\/wp\/v2\/posts\/66634\/revisions\/66636"}],"wp:featuredmedia":[{"embeddable":true,"href":"https:\/\/lasprimeras.com.do\/index.php\/wp-json\/wp\/v2\/media\/66635"}],"wp:attachment":[{"href":"https:\/\/lasprimeras.com.do\/index.php\/wp-json\/wp\/v2\/media?parent=66634"}],"wp:term":[{"taxonomy":"category","embeddable":true,"href":"https:\/\/lasprimeras.com.do\/index.php\/wp-json\/wp\/v2\/categories?post=66634"},{"taxonomy":"post_tag","embeddable":true,"href":"https:\/\/lasprimeras.com.do\/index.php\/wp-json\/wp\/v2\/tags?post=66634"}],"curies":[{"name":"wp","href":"https:\/\/api.w.org\/{rel}","templated":true}]}}