{"id":66637,"date":"2023-11-08T13:04:19","date_gmt":"2023-11-08T17:04:19","guid":{"rendered":"https:\/\/lasprimeras.com.do\/?p=66637"},"modified":"2023-11-08T13:04:20","modified_gmt":"2023-11-08T17:04:20","slug":"amarilis-santana-sera-candidata-alcaldesa-y-carlos-perez-a-diputado-en-la-romana","status":"publish","type":"post","link":"https:\/\/lasprimeras.com.do\/index.php\/2023\/11\/08\/amarilis-santana-sera-candidata-alcaldesa-y-carlos-perez-a-diputado-en-la-romana\/","title":{"rendered":"Amarilis Santana ser\u00e1 candidata alcaldesa y Carlos P\u00e9rez a diputado en La Romana"},"content":{"rendered":"\n<p><strong>Fuerza del Pueblo presenta candidaturas de consenso<\/strong><\/p>\n\n\n\n<p>La exsenadora Amarilis Santana ser\u00e1 la candidata a alcaldesa en el municipio cabecera de esta provincia de La Romana, acompa\u00f1ada de \u00c1ngel David \u00c1vila, como candidato a vicealcalde, en la boleta de las elecciones municipales de febrero del 2024.<\/p>\n\n\n\n<p>Santana es una prestigiosa odont\u00f3loga, que adem\u00e1s de sus actividades pol\u00edticas partidistas, dedica gran parte de su tiempo a realizar actividades como operativos m\u00e9dicos, charlas, entre otras; donde entrega medicamentos y da asistencia directa a las personas m\u00e1s necesitadas.<\/p>\n\n\n\n<p>La candidata a alcaldesa de la FP en La Romana, ha sido la \u00fanica mujer que ha logrado representar a esta provincia en el Senado de La Rep\u00fablica, posici\u00f3n que ocup\u00f3 por varios per\u00edodos, debido a su amplio apoyo popular.<\/p>\n\n\n\n<p>En el nivel congresual, Carlos de P\u00e9rez, ser\u00e1 candidato a diputado de la Fuerza del Pueblo. De P\u00e9rez es un empresario con trayectoria en los gremios y asociaciones de comerciantes en la Romana, que ha encabezado iniciativas sociales por el desarrollo de la poblaci\u00f3n.<\/p>\n\n\n\n<p>El anuncio de las candidaturas oficiales fue dado a conocer mediante un comunicado de la Fuerza del Pueblo, luego de un acuerdo de toda la direcci\u00f3n local del partido, los enlaces y supervisores de la Direcci\u00f3n Pol\u00edtica, constituyendo este, otro consenso que se da a lo interno de la organizaci\u00f3n que tiene como norte principal, llevar a Leonel Fern\u00e1ndez a la Presidencia de la Rep\u00fablica.<\/p>\n\n\n\n<p>Se inform\u00f3 adem\u00e1s que, la actual regidora de La Romana, conocida por iniciativas en favor de la protecci\u00f3n del medio ambiente, Bianca Vanderhorst, ser\u00e1 la candidata a directora del distrito municipal de Caleta, y le acompa\u00f1ar\u00e1 en la boleta Prandy Pinales, como candidato a vicedirector.<\/p>\n\n\n\n<p>Como candidato a senador, la Fuerza del Pueblo ya hab\u00eda anunciado al actual diputado Eduard Espiritusanto, a quien las encuestas colocan como el favorito para las elecciones congresuales de mayo 2024.<\/p>\n","protected":false},"excerpt":{"rendered":"<p>Fuerza del Pueblo presenta candidaturas de consenso La exsenadora Amarilis Santana ser\u00e1 la candidata a alcaldesa en el municipio cabecera de esta provincia de La Romana, acompa\u00f1ada de \u00c1ngel David&hellip;<\/p>\n","protected":false},"author":2,"featured_media":66638,"comment_status":"open","ping_status":"open","sticky":false,"template":"","format":"standard","meta":{"content-type":"","jetpack_post_was_ever_published":false,"_jetpack_newsletter_access":"","_jetpack_dont_email_post_to_subs":false,"_jetpack_newsletter_tier_id":0,"_jetpack_memberships_contains_paywalled_content":false,"_jetpack_memberships_contains_paid_content":false,"footnotes":""},"categories":[25],"tags":[3305,9285,3205,2090,78,965],"class_list":["post-66637","post","type-post","status-publish","format-standard","has-post-thumbnail","hentry","category-portada","tag-alcaldesa","tag-amarilis-santana","tag-candidata","tag-carlos-perez","tag-diputado","tag-la-romana"],"jetpack_featured_media_url":"https:\/\/lasprimeras.com.do\/wp-content\/uploads\/2023\/11\/WhatsApp-Image-2023-11-08-at-10.16.15-AM.jpeg","jetpack-related-posts":[{"id":70981,"url":"https:\/\/lasprimeras.com.do\/index.php\/2023\/12\/16\/leonel-estara-este-fin-de-semana-en-provincias-del-este-del-pais\/","url_meta":{"origin":66637,"position":0},"title":"Leonel estar\u00e1 este fin de semana en provincias del Este del pa\u00eds","author":"BIMARY DE JES\u00daS Matos","date":"16 de diciembre de 2023","format":false,"excerpt":"Santo Domingo.- El presidente del partido Fuerza del Pueblo (FP), Leonel Fern\u00e1ndez, estar\u00e1 durante este s\u00e1bado 16 de diciembre, en las provincias de San Pedro de Macor\u00eds, Hato Mayor, El Seibo, La Altagracia y La Romana, donde realizar\u00e1 m\u00faltiples actividades proselitistas en apoyo a los candidatos que presentar\u00e1 su partido\u2026","rel":"","context":"En \u00abSin categor\u00eda\u00bb","block_context":{"text":"Sin categor\u00eda","link":"https:\/\/lasprimeras.com.do\/index.php\/category\/sin-categoria\/"},"img":{"alt_text":"","src":"https:\/\/i0.wp.com\/lasprimeras.com.do\/wp-content\/uploads\/2023\/12\/WhatsApp-Image-2023-12-15-at-2.18.53-PM-3.jpeg?resize=350%2C200&ssl=1","width":350,"height":200,"srcset":"https:\/\/i0.wp.com\/lasprimeras.com.do\/wp-content\/uploads\/2023\/12\/WhatsApp-Image-2023-12-15-at-2.18.53-PM-3.jpeg?resize=350%2C200&ssl=1 1x, https:\/\/i0.wp.com\/lasprimeras.com.do\/wp-content\/uploads\/2023\/12\/WhatsApp-Image-2023-12-15-at-2.18.53-PM-3.jpeg?resize=525%2C300&ssl=1 1.5x"},"classes":[]},{"id":76306,"url":"https:\/\/lasprimeras.com.do\/index.php\/2024\/02\/08\/leonel-estara-este-fin-de-semana-en-santo-domingo-y-provincias-del-este\/","url_meta":{"origin":66637,"position":1},"title":"Leonel estar\u00e1 este fin de semana en Santo Domingo y provincias del Este","author":"Nelson Feliz","date":"8 de febrero de 2024","format":false,"excerpt":"El candidato presidencial del partido Fuerza del Pueblo y organizaciones aliadas, Leonel Fern\u00e1ndez, estar\u00e1 este fin de semana en m\u00faltiples actividades proselitistas, en Santo Domingo y varias provincias de la regi\u00f3n Este. Desde el viernes y hasta el domingo, Fern\u00e1ndez tendr\u00e1 una agitada agenda, que iniciar\u00e1 en horas de la\u2026","rel":"","context":"En \u00abPORTADA\u00bb","block_context":{"text":"PORTADA","link":"https:\/\/lasprimeras.com.do\/index.php\/category\/portada\/"},"img":{"alt_text":"Leonel Fern\u00e1ndez","src":"https:\/\/i0.wp.com\/lasprimeras.com.do\/wp-content\/uploads\/2024\/02\/Leonel-Fernandez.jpg?resize=350%2C200&ssl=1","width":350,"height":200,"srcset":"https:\/\/i0.wp.com\/lasprimeras.com.do\/wp-content\/uploads\/2024\/02\/Leonel-Fernandez.jpg?resize=350%2C200&ssl=1 1x, https:\/\/i0.wp.com\/lasprimeras.com.do\/wp-content\/uploads\/2024\/02\/Leonel-Fernandez.jpg?resize=525%2C300&ssl=1 1.5x, https:\/\/i0.wp.com\/lasprimeras.com.do\/wp-content\/uploads\/2024\/02\/Leonel-Fernandez.jpg?resize=700%2C400&ssl=1 2x"},"classes":[]},{"id":83117,"url":"https:\/\/lasprimeras.com.do\/index.php\/2024\/05\/11\/leonel-dice-que-abinader-dirige-gobierno-de-popis-e-insulta-a-los-de-abajo\/","url_meta":{"origin":66637,"position":2},"title":"Leonel dice que Abinader dirige gobierno de \u201cpopis\u201d e insulta a los de abajo","author":"Nelson Feliz","date":"11 de mayo de 2024","format":false,"excerpt":"L\u00edder opositor encabeza marcha-caravana en Consuelo y Hato Mayor e ir\u00e1 a provincias La Altagracia y La Romana Tras ser abordado por periodistas en torno a que el presidente Luis Abinader hab\u00eda calificado de \u201cplagas\u201d a los \u201cmotoconchistas\u201d, el l\u00edder de la oposici\u00f3n dominicana, Leonel Fern\u00e1ndez, lo consider\u00f3 como un\u2026","rel":"","context":"En \u00abPORTADA\u00bb","block_context":{"text":"PORTADA","link":"https:\/\/lasprimeras.com.do\/index.php\/category\/portada\/"},"img":{"alt_text":"Luis Abinader","src":"https:\/\/i0.wp.com\/lasprimeras.com.do\/wp-content\/uploads\/2024\/05\/Luis-Abinader-15.jpg?resize=350%2C200&ssl=1","width":350,"height":200,"srcset":"https:\/\/i0.wp.com\/lasprimeras.com.do\/wp-content\/uploads\/2024\/05\/Luis-Abinader-15.jpg?resize=350%2C200&ssl=1 1x, https:\/\/i0.wp.com\/lasprimeras.com.do\/wp-content\/uploads\/2024\/05\/Luis-Abinader-15.jpg?resize=525%2C300&ssl=1 1.5x, https:\/\/i0.wp.com\/lasprimeras.com.do\/wp-content\/uploads\/2024\/05\/Luis-Abinader-15.jpg?resize=700%2C400&ssl=1 2x"},"classes":[]},{"id":76455,"url":"https:\/\/lasprimeras.com.do\/index.php\/2024\/02\/11\/leonel-recorre-la-region-este-en-apoyo-a-candidatos-de-la-fp-y-aliados\/","url_meta":{"origin":66637,"position":3},"title":"Leonel recorre la regi\u00f3n Este en apoyo a candidatos de la FP y aliados","author":"Nelson Feliz","date":"11 de febrero de 2024","format":false,"excerpt":"El candidato presidencial del partido Fuerza del Pueblo (FP) y l\u00edder de la oposici\u00f3n pol\u00edtica dominicana, Leonel Fern\u00e1ndez, contin\u00fao recorriendo las calles de los diferentes municipios y distritos municipales del pa\u00eds, en apoyo a los candidatos que postulan esa organizaci\u00f3n y sus aliados. Fern\u00e1ndez lleg\u00f3 a primeras horas de este\u2026","rel":"","context":"En \u00abPORTADA\u00bb","block_context":{"text":"PORTADA","link":"https:\/\/lasprimeras.com.do\/index.php\/category\/portada\/"},"img":{"alt_text":"Leonel Fern\u00e1ndez","src":"https:\/\/i0.wp.com\/lasprimeras.com.do\/wp-content\/uploads\/2024\/02\/Leonel-Fernandez-1.jpg?resize=350%2C200&ssl=1","width":350,"height":200,"srcset":"https:\/\/i0.wp.com\/lasprimeras.com.do\/wp-content\/uploads\/2024\/02\/Leonel-Fernandez-1.jpg?resize=350%2C200&ssl=1 1x, https:\/\/i0.wp.com\/lasprimeras.com.do\/wp-content\/uploads\/2024\/02\/Leonel-Fernandez-1.jpg?resize=525%2C300&ssl=1 1.5x"},"classes":[]},{"id":103427,"url":"https:\/\/lasprimeras.com.do\/index.php\/2025\/07\/15\/pld-denuncia-abandono-del-gobierno-en-la-provincia-independencia\/","url_meta":{"origin":66637,"position":4},"title":"PLD denuncia abandono del Gobierno en la provincia Independencia","author":"Nelson Feliz","date":"15 de julio de 2025","format":false,"excerpt":"El Partido de la Liberaci\u00f3n Dominicana (PLD) en la provincia Independencia denunci\u00f3 el abandono del gobierno a esa fronteriza demarcaci\u00f3n que se manifiesta en la falta de energ\u00eda el\u00e9ctrica y la indiferencia en la soluci\u00f3n de los graves problemas que afectan a sus comunidades. El ex diputado Remigio Santana, presidente\u2026","rel":"","context":"En \u00abPOLITICA\u00bb","block_context":{"text":"POLITICA","link":"https:\/\/lasprimeras.com.do\/index.php\/category\/politica\/"},"img":{"alt_text":"","src":"https:\/\/i0.wp.com\/lasprimeras.com.do\/wp-content\/uploads\/2025\/07\/PLD-2.jpg?resize=350%2C200&ssl=1","width":350,"height":200,"srcset":"https:\/\/i0.wp.com\/lasprimeras.com.do\/wp-content\/uploads\/2025\/07\/PLD-2.jpg?resize=350%2C200&ssl=1 1x, https:\/\/i0.wp.com\/lasprimeras.com.do\/wp-content\/uploads\/2025\/07\/PLD-2.jpg?resize=525%2C300&ssl=1 1.5x, https:\/\/i0.wp.com\/lasprimeras.com.do\/wp-content\/uploads\/2025\/07\/PLD-2.jpg?resize=700%2C400&ssl=1 2x"},"classes":[]},{"id":114182,"url":"https:\/\/lasprimeras.com.do\/index.php\/2025\/11\/11\/prm-impuso-a-jacqueline-fernandez-como-candidata-a-diputada-pese-a-sentencias-del-tc-y-el-tse\/","url_meta":{"origin":66637,"position":5},"title":"PRM impuso a Jacqueline Fern\u00e1ndez como candidata a diputada pese a sentencias del TC y el TSE","author":"Nelson Feliz","date":"11 de noviembre de 2025","format":false,"excerpt":"\u201cEste Tribunal llega a la conclusi\u00f3n de que la se\u00f1ora Jacqueline Fern\u00e1ndez inscribi\u00f3 originalmente su precandidatura para competir por el puesto de alcalde y produjo una serie de actos de precampa\u00f1a en dicho nivel de elecci\u00f3n. No obstante, al ser medida en los trabajos de campo realizados en el mes\u2026","rel":"","context":"En \u00abPOLITICA\u00bb","block_context":{"text":"POLITICA","link":"https:\/\/lasprimeras.com.do\/index.php\/category\/politica\/"},"img":{"alt_text":"","src":"https:\/\/i0.wp.com\/lasprimeras.com.do\/wp-content\/uploads\/2025\/11\/La-viceconsul-Dayna-Manzano-de-Los-Santos-y-la-diputada-Jacqueline-Fernandez-Brito.jpeg?resize=350%2C200&ssl=1","width":350,"height":200,"srcset":"https:\/\/i0.wp.com\/lasprimeras.com.do\/wp-content\/uploads\/2025\/11\/La-viceconsul-Dayna-Manzano-de-Los-Santos-y-la-diputada-Jacqueline-Fernandez-Brito.jpeg?resize=350%2C200&ssl=1 1x, https:\/\/i0.wp.com\/lasprimeras.com.do\/wp-content\/uploads\/2025\/11\/La-viceconsul-Dayna-Manzano-de-Los-Santos-y-la-diputada-Jacqueline-Fernandez-Brito.jpeg?resize=525%2C300&ssl=1 1.5x, https:\/\/i0.wp.com\/lasprimeras.com.do\/wp-content\/uploads\/2025\/11\/La-viceconsul-Dayna-Manzano-de-Los-Santos-y-la-diputada-Jacqueline-Fernandez-Brito.jpeg?resize=700%2C400&ssl=1 2x"},"classes":[]}],"jetpack_sharing_enabled":true,"_links":{"self":[{"href":"https:\/\/lasprimeras.com.do\/index.php\/wp-json\/wp\/v2\/posts\/66637","targetHints":{"allow":["GET"]}}],"collection":[{"href":"https:\/\/lasprimeras.com.do\/index.php\/wp-json\/wp\/v2\/posts"}],"about":[{"href":"https:\/\/lasprimeras.com.do\/index.php\/wp-json\/wp\/v2\/types\/post"}],"author":[{"embeddable":true,"href":"https:\/\/lasprimeras.com.do\/index.php\/wp-json\/wp\/v2\/users\/2"}],"replies":[{"embeddable":true,"href":"https:\/\/lasprimeras.com.do\/index.php\/wp-json\/wp\/v2\/comments?post=66637"}],"version-history":[{"count":1,"href":"https:\/\/lasprimeras.com.do\/index.php\/wp-json\/wp\/v2\/posts\/66637\/revisions"}],"predecessor-version":[{"id":66639,"href":"https:\/\/lasprimeras.com.do\/index.php\/wp-json\/wp\/v2\/posts\/66637\/revisions\/66639"}],"wp:featuredmedia":[{"embeddable":true,"href":"https:\/\/lasprimeras.com.do\/index.php\/wp-json\/wp\/v2\/media\/66638"}],"wp:attachment":[{"href":"https:\/\/lasprimeras.com.do\/index.php\/wp-json\/wp\/v2\/media?parent=66637"}],"wp:term":[{"taxonomy":"category","embeddable":true,"href":"https:\/\/lasprimeras.com.do\/index.php\/wp-json\/wp\/v2\/categories?post=66637"},{"taxonomy":"post_tag","embeddable":true,"href":"https:\/\/lasprimeras.com.do\/index.php\/wp-json\/wp\/v2\/tags?post=66637"}],"curies":[{"name":"wp","href":"https:\/\/api.w.org\/{rel}","templated":true}]}}