{"id":66705,"date":"2023-11-09T06:50:50","date_gmt":"2023-11-09T10:50:50","guid":{"rendered":"https:\/\/lasprimeras.com.do\/?p=66705"},"modified":"2023-11-09T06:50:52","modified_gmt":"2023-11-09T10:50:52","slug":"presidente-inaugura-cristo-park-un-nuevo-parque-ambiental-y-recreativo-en-cristo-rey","status":"publish","type":"post","link":"https:\/\/lasprimeras.com.do\/index.php\/2023\/11\/09\/presidente-inaugura-cristo-park-un-nuevo-parque-ambiental-y-recreativo-en-cristo-rey\/","title":{"rendered":"Presidente inaugura &#8216;Cristo Park&#8217;, un nuevo parque ambiental y recreativo en Cristo Rey"},"content":{"rendered":"\n<p class=\"wp-block-paragraph\">Santo Domingo.-El presidente Luis Abinader, acompa\u00f1ado del director de la Corporaci\u00f3n del Acueducto y Alcantarillado de Santo Domingo (CAASD), Felipe Suberv\u00ed (Fellito), inaugur\u00f3 este mi\u00e9rcoles el parque ambiental y recreativo Cristo Park, en el sector de Cristo Rey, en el Distrito Nacional.<\/p>\n\n\n\n<p class=\"wp-block-paragraph\">Pensado como el \u2018Central Park\u2019 de la ciudad de Nueva York, Estados Unidos, ha sido construido este nuevo espacio, que desde ya ha dejado de ser un dep\u00f3sito de basura y aguas residuales.<\/p>\n\n\n\n<p class=\"wp-block-paragraph\">\u00abEsto es mejorar la calidad de vida. Esto es mejorar la salud. Con obras como estas cambia realmente la forma de vida y mejora su calidad de todos los sectores cercanos a esta ca\u00f1ada (Tiradentes)\u00bb, dijo el mandatario.<\/p>\n\n\n\n<p class=\"wp-block-paragraph\">Se estima que este parque, construido sobre los 1.5 kil\u00f3metros de la antigua ca\u00f1ada saneada de la Tiradentes, beneficie a unas 350,000 personas, seg\u00fan las autoridades.<\/p>\n\n\n\n<p class=\"wp-block-paragraph\">Decenas de comunitarios de Cristo Rey y otros sectores aleda\u00f1os asistieron a esta inauguraci\u00f3n, as\u00ed como un grupo de seguidores del Movimiento Alternativo Ojo Pelea, quienes ped\u00edan cuatro a\u00f1os m\u00e1s para Abinader.<\/p>\n\n\n\n<p class=\"wp-block-paragraph\">Pensado como el \u2018Central Park\u2019 de la ciudad de Nueva York, Estados Unidos, ha sido construido este nuevo espacio, que desde ya ha dejado de ser un dep\u00f3sito de basura y aguas residuales.<\/p>\n\n\n\n<p class=\"wp-block-paragraph\">\u00abCuatro m\u00e1s para el presidente. Cuatro m\u00e1s\u00bb, repet\u00eda una y otra vez una de las miembro de este movimiento pol\u00edtico tras la inaguraci\u00f3n del parque ambiental.<\/p>\n\n\n\n<p class=\"wp-block-paragraph\">Los seguidores, que convirtieron el acto en un escenario proselitista, se dejaron sentir con pancartas en mano as\u00ed como con gorras y camisetas con el nombre del mandatario.<\/p>\n","protected":false},"excerpt":{"rendered":"<p>Santo Domingo.-El presidente Luis Abinader, acompa\u00f1ado del director de la Corporaci\u00f3n del Acueducto y Alcantarillado de Santo Domingo (CAASD), Felipe Suberv\u00ed (Fellito), inaugur\u00f3 este mi\u00e9rcoles el parque ambiental y recreativo&hellip;<\/p>\n","protected":false},"author":3,"featured_media":66706,"comment_status":"open","ping_status":"open","sticky":false,"template":"","format":"standard","meta":{"content-type":"","_jetpack_newsletter_access":"","_jetpack_dont_email_post_to_subs":false,"_jetpack_newsletter_tier_id":0,"_jetpack_memberships_contains_paywalled_content":false,"_jetpack_feature_clip_id":0,"_jetpack_memberships_contains_paid_content":false,"footnotes":"","jetpack_post_was_ever_published":false},"categories":[25],"tags":[],"class_list":["post-66705","post","type-post","status-publish","format-standard","has-post-thumbnail","hentry","category-portada"],"jetpack-related-posts":[{"id":66661,"url":"https:\/\/lasprimeras.com.do\/index.php\/2023\/11\/08\/abinader-inaugura-cristo-park-en-beneficio-de-mas-de-350-mil-personas\/","url_meta":{"origin":66705,"position":0},"title":"Abinader inaugura \u201cCristo Park\u201d en beneficio de m\u00e1s de 350 mil personas","author":"Nelson Feliz","date":"8 de noviembre de 2023","format":false,"excerpt":"La moderna obra \u00fanica en el pa\u00eds se realiz\u00f3 encima de la Ca\u00f1ada Tiradentes dejando atr\u00e1s las preocupaciones de los moradores del lugar. El presidente de la Rep\u00fablica, Luis Abinader junto al director general de la Corporaci\u00f3n del Acueducto y Alcantarillado de Santo Domingo (CAASD), Felipe Suberv\u00ed (Fellito), dej\u00f3 inaugurado\u2026","rel":"","context":"En \u00abECONOM\u00cdA\u00bb","block_context":{"text":"ECONOM\u00cdA","link":"https:\/\/lasprimeras.com.do\/index.php\/category\/economia\/"},"img":{"alt_text":"Luis Abinader","src":"https:\/\/i0.wp.com\/lasprimeras.com.do\/wp-content\/uploads\/2023\/11\/Luis-Abinader-1.jpg?resize=350%2C200&ssl=1","width":350,"height":200,"srcset":"https:\/\/i0.wp.com\/lasprimeras.com.do\/wp-content\/uploads\/2023\/11\/Luis-Abinader-1.jpg?resize=350%2C200&ssl=1 1x, https:\/\/i0.wp.com\/lasprimeras.com.do\/wp-content\/uploads\/2023\/11\/Luis-Abinader-1.jpg?resize=525%2C300&ssl=1 1.5x, https:\/\/i0.wp.com\/lasprimeras.com.do\/wp-content\/uploads\/2023\/11\/Luis-Abinader-1.jpg?resize=700%2C400&ssl=1 2x"},"classes":[]},{"id":91048,"url":"https:\/\/lasprimeras.com.do\/index.php\/2024\/11\/08\/cristo-park-el-espacio-que-le-cambio-la-vida-a-la-gente-de-cristo-rey\/","url_meta":{"origin":66705,"position":1},"title":"Cristo Park, el espacio que le cambi\u00f3 la vida a la gente de Cristo Rey","author":"Nelson Feliz","date":"8 de noviembre de 2024","format":false,"excerpt":"Este parque que combina elementos ambientales y recreativos cumpli\u00f3 su primer a\u00f1o de inaugurado Aunque no se tiene registrada la cantidad de personas que ha disfrutado del Cristo Park en su primer a\u00f1o, lo cierto es que este espacio dej\u00f3 atr\u00e1s 50 a\u00f1os de desidia y abandono en la que\u2026","rel":"","context":"En \u00abNACIONALES\u00bb","block_context":{"text":"NACIONALES","link":"https:\/\/lasprimeras.com.do\/index.php\/category\/nacionales\/"},"img":{"alt_text":"","src":"https:\/\/i0.wp.com\/lasprimeras.com.do\/wp-content\/uploads\/2024\/11\/Fellito-Subervi-7.jpg?resize=350%2C200&ssl=1","width":350,"height":200,"srcset":"https:\/\/i0.wp.com\/lasprimeras.com.do\/wp-content\/uploads\/2024\/11\/Fellito-Subervi-7.jpg?resize=350%2C200&ssl=1 1x, https:\/\/i0.wp.com\/lasprimeras.com.do\/wp-content\/uploads\/2024\/11\/Fellito-Subervi-7.jpg?resize=525%2C300&ssl=1 1.5x, https:\/\/i0.wp.com\/lasprimeras.com.do\/wp-content\/uploads\/2024\/11\/Fellito-Subervi-7.jpg?resize=700%2C400&ssl=1 2x"},"classes":[]},{"id":66998,"url":"https:\/\/lasprimeras.com.do\/index.php\/2023\/11\/12\/moradores-de-cristo-rey-celebran-y-disfrutan-de-las-instalaciones-que-ofrece-el-cristo-park\/","url_meta":{"origin":66705,"position":2},"title":"Moradores de Cristo Rey celebran y disfrutan de las instalaciones que ofrece el Cristo Park","author":"Nelson Feliz","date":"12 de noviembre de 2023","format":false,"excerpt":"El parque fue inaugurado el pasado mi\u00e9rcoles por el presidente Luis Abinader y Fellito Suberv\u00ed, director de la CAASD Decenas de ni\u00f1os, j\u00f3venes, adultos y adultos mayores est\u00e1n disfrutando de las nuevas instalaciones que ofrece el espacio ambiental Cristo Park, inaugurado recientemente por el presidente de la Rep\u00fablica, Luis Abinader\u2026","rel":"","context":"En \u00abENTRETENIMIENTO\u00bb","block_context":{"text":"ENTRETENIMIENTO","link":"https:\/\/lasprimeras.com.do\/index.php\/category\/entretenimiento\/"},"img":{"alt_text":"Cristo Park","src":"https:\/\/i0.wp.com\/lasprimeras.com.do\/wp-content\/uploads\/2023\/11\/Cristo-Park.jpg?resize=350%2C200&ssl=1","width":350,"height":200,"srcset":"https:\/\/i0.wp.com\/lasprimeras.com.do\/wp-content\/uploads\/2023\/11\/Cristo-Park.jpg?resize=350%2C200&ssl=1 1x, https:\/\/i0.wp.com\/lasprimeras.com.do\/wp-content\/uploads\/2023\/11\/Cristo-Park.jpg?resize=525%2C300&ssl=1 1.5x, https:\/\/i0.wp.com\/lasprimeras.com.do\/wp-content\/uploads\/2023\/11\/Cristo-Park.jpg?resize=700%2C400&ssl=1 2x"},"classes":[]},{"id":102148,"url":"https:\/\/lasprimeras.com.do\/index.php\/2025\/07\/01\/condenan-a-la-caasd-y-al-adn-a-pagar-rd10-millones-a-padres-de-nina-que-murio-en-cristo-park\/","url_meta":{"origin":66705,"position":3},"title":"Condenan a la CAASD y al ADN a pagar RD$10 millones a padres de ni\u00f1a que muri\u00f3 en Cristo Park","author":"Nelson Feliz","date":"1 de julio de 2025","format":false,"excerpt":"Ambas instituciones deber\u00e1n pagar 5 millones de pesos cada una por da\u00f1os morales a los progenitores de la menor. Un tribunal conden\u00f3 a la Corporaci\u00f3n de Acueducto y Alcantarillado de Santo Domingo (CAASD) y al Ayuntamiento del Distrito Nacional a pagarles cinco millones de pesos, \"cada uno\", a los padres\u2026","rel":"","context":"En \u00abNACIONALES\u00bb","block_context":{"text":"NACIONALES","link":"https:\/\/lasprimeras.com.do\/index.php\/category\/nacionales\/"},"img":{"alt_text":"","src":"https:\/\/i0.wp.com\/lasprimeras.com.do\/wp-content\/uploads\/2025\/07\/Jesserlit-Maria-Brazoban-Rosa.jpg?resize=350%2C200&ssl=1","width":350,"height":200,"srcset":"https:\/\/i0.wp.com\/lasprimeras.com.do\/wp-content\/uploads\/2025\/07\/Jesserlit-Maria-Brazoban-Rosa.jpg?resize=350%2C200&ssl=1 1x, https:\/\/i0.wp.com\/lasprimeras.com.do\/wp-content\/uploads\/2025\/07\/Jesserlit-Maria-Brazoban-Rosa.jpg?resize=525%2C300&ssl=1 1.5x, https:\/\/i0.wp.com\/lasprimeras.com.do\/wp-content\/uploads\/2025\/07\/Jesserlit-Maria-Brazoban-Rosa.jpg?resize=700%2C400&ssl=1 2x"},"classes":[]},{"id":90817,"url":"https:\/\/lasprimeras.com.do\/index.php\/2024\/10\/30\/adaf-valora-transformacion-de-las-canadas-en-espacio-vida-realizadas-por-la-caasd\/","url_meta":{"origin":66705,"position":4},"title":"ADAF valora transformaci\u00f3n de las ca\u00f1adas en espacio vida realizadas por la CAASD","author":"Nelson Feliz","date":"30 de octubre de 2024","format":false,"excerpt":"Las infraestructuras ejecutadas por la corporaci\u00f3n benefician a cientos de miles de familias del Gran Santo Domingo. La directora ejecutiva de la Asociaci\u00f3n de Ayuda a las Familias (ADAF), Amalfi Brito, valor\u00f3 el impacto positivo y la transformaci\u00f3n lograda con el saneamiento de las ca\u00f1adas del Gran Santo Domingo resaltando\u2026","rel":"","context":"En \u00abNACIONALES\u00bb","block_context":{"text":"NACIONALES","link":"https:\/\/lasprimeras.com.do\/index.php\/category\/nacionales\/"},"img":{"alt_text":"","src":"https:\/\/i0.wp.com\/lasprimeras.com.do\/wp-content\/uploads\/2024\/10\/foto-principal-min.jpg?resize=350%2C200&ssl=1","width":350,"height":200,"srcset":"https:\/\/i0.wp.com\/lasprimeras.com.do\/wp-content\/uploads\/2024\/10\/foto-principal-min.jpg?resize=350%2C200&ssl=1 1x, https:\/\/i0.wp.com\/lasprimeras.com.do\/wp-content\/uploads\/2024\/10\/foto-principal-min.jpg?resize=525%2C300&ssl=1 1.5x, https:\/\/i0.wp.com\/lasprimeras.com.do\/wp-content\/uploads\/2024\/10\/foto-principal-min.jpg?resize=700%2C400&ssl=1 2x"},"classes":[]},{"id":76280,"url":"https:\/\/lasprimeras.com.do\/index.php\/2024\/01\/02\/produccion-de-agua-caasd-supero-los-86-mil-millones-de-galones-en-el-2023\/","url_meta":{"origin":66705,"position":5},"title":"Producci\u00f3n de agua CAASD super\u00f3 los 86 mil millones de galones en el 2023","author":"Nelson Feliz","date":"2 de enero de 2024","format":false,"excerpt":"Fellito Suberv\u00ed reafirm\u00f3 el compromiso de la instituci\u00f3n de brindar un servicio de calidad al Gran Santo Domingo. Los sistemas de producci\u00f3n de la Corporaci\u00f3n de Acueducto y Alcantarillado de Santo Domingo (CAASD) alcanzaron m\u00e1s de 86 mil millones de galones de agua potable, durante el 2023. As\u00ed lo inform\u00f3\u2026","rel":"","context":"En \u00abECONOM\u00cdA\u00bb","block_context":{"text":"ECONOM\u00cdA","link":"https:\/\/lasprimeras.com.do\/index.php\/category\/economia\/"},"img":{"alt_text":"FELLITO","src":"https:\/\/i0.wp.com\/lasprimeras.com.do\/wp-content\/uploads\/2024\/02\/FELLITO-1.jpg?resize=350%2C200&ssl=1","width":350,"height":200,"srcset":"https:\/\/i0.wp.com\/lasprimeras.com.do\/wp-content\/uploads\/2024\/02\/FELLITO-1.jpg?resize=350%2C200&ssl=1 1x, https:\/\/i0.wp.com\/lasprimeras.com.do\/wp-content\/uploads\/2024\/02\/FELLITO-1.jpg?resize=525%2C300&ssl=1 1.5x, https:\/\/i0.wp.com\/lasprimeras.com.do\/wp-content\/uploads\/2024\/02\/FELLITO-1.jpg?resize=700%2C400&ssl=1 2x"},"classes":[]}],"jetpack_sharing_enabled":true,"jetpack_featured_media_url":"https:\/\/lasprimeras.com.do\/wp-content\/uploads\/2023\/11\/WhatsApp-Image-2023-11-08-at-2.23.52-PM-2.jpeg","_links":{"self":[{"href":"https:\/\/lasprimeras.com.do\/index.php\/wp-json\/wp\/v2\/posts\/66705","targetHints":{"allow":["GET"]}}],"collection":[{"href":"https:\/\/lasprimeras.com.do\/index.php\/wp-json\/wp\/v2\/posts"}],"about":[{"href":"https:\/\/lasprimeras.com.do\/index.php\/wp-json\/wp\/v2\/types\/post"}],"author":[{"embeddable":true,"href":"https:\/\/lasprimeras.com.do\/index.php\/wp-json\/wp\/v2\/users\/3"}],"replies":[{"embeddable":true,"href":"https:\/\/lasprimeras.com.do\/index.php\/wp-json\/wp\/v2\/comments?post=66705"}],"version-history":[{"count":1,"href":"https:\/\/lasprimeras.com.do\/index.php\/wp-json\/wp\/v2\/posts\/66705\/revisions"}],"predecessor-version":[{"id":66707,"href":"https:\/\/lasprimeras.com.do\/index.php\/wp-json\/wp\/v2\/posts\/66705\/revisions\/66707"}],"wp:featuredmedia":[{"embeddable":true,"href":"https:\/\/lasprimeras.com.do\/index.php\/wp-json\/wp\/v2\/media\/66706"}],"wp:attachment":[{"href":"https:\/\/lasprimeras.com.do\/index.php\/wp-json\/wp\/v2\/media?parent=66705"}],"wp:term":[{"taxonomy":"category","embeddable":true,"href":"https:\/\/lasprimeras.com.do\/index.php\/wp-json\/wp\/v2\/categories?post=66705"},{"taxonomy":"post_tag","embeddable":true,"href":"https:\/\/lasprimeras.com.do\/index.php\/wp-json\/wp\/v2\/tags?post=66705"}],"curies":[{"name":"wp","href":"https:\/\/api.w.org\/{rel}","templated":true}]}}