{"id":66767,"date":"2023-11-09T13:10:03","date_gmt":"2023-11-09T17:10:03","guid":{"rendered":"https:\/\/lasprimeras.com.do\/?p=66767"},"modified":"2023-11-09T13:10:04","modified_gmt":"2023-11-09T17:10:04","slug":"haiti-dice-que-acordo-con-rd-calmar-las-tensiones-y-no-escalar-conflictos","status":"publish","type":"post","link":"https:\/\/lasprimeras.com.do\/index.php\/2023\/11\/09\/haiti-dice-que-acordo-con-rd-calmar-las-tensiones-y-no-escalar-conflictos\/","title":{"rendered":"Hait\u00ed dice que acord\u00f3 con RD calmar las tensiones y no escalar conflictos"},"content":{"rendered":"\n<p class=\"wp-block-paragraph\">El Gobierno haitiano dijo que los cancilleres de ambos pa\u00edses hablaron tras los sucesos del martes 7 de noviembre y se pusieron de acuerdo en no escalar el conflicto.<\/p>\n\n\n\n<p class=\"wp-block-paragraph\">Los cancilleres de Rep\u00fablica Dominicana y de Hait\u00ed hablaron tras los sucesos del martes 7 de noviembre en la frontera &#8220;y prometieron trabajar para calmar las tensiones a la espera de una soluci\u00f3n al diferendo en torno a la construcci\u00f3n de un ramal al r\u00edo Masacre&#8221;, indic\u00f3 la canciller\u00eda haitiana en un comunicado de prensa.<\/p>\n\n\n\n<p class=\"wp-block-paragraph\">\u201cEl Ministerio de Relaciones Exteriores y Religiosos informa que el Ministro de Relaciones Exteriores y Religiosos, se\u00f1or Jean Victor Geneus, convers\u00f3 con su hom\u00f3logo dominicano, se\u00f1or Roberto \u00c1lvarez, tras los hechos del martes 7 de noviembre de 2023, a lo largo de la frontera haitiano-dominicana en Juana M\u00e9ndez, durante la cual soldados dominicanos, apoyados por veh\u00edculos blindados y un helic\u00f3ptero, seg\u00fan los observadores, violaron el territorio haitiano, aparentemente como reacci\u00f3n a lo que consideran una incursi\u00f3n haitiana en su territorio\u201d, se\u00f1ala el referido documento.<\/p>\n\n\n\n<p class=\"wp-block-paragraph\">Para esta ma\u00f1ana, a las 10:30, fue convocada una rueda de prensa del canciller dominicano en las oficinas del Ministerio de Relaciones Exteriores.<\/p>\n\n\n\n<p class=\"wp-block-paragraph\">\u201cAnte esta situaci\u00f3n que ha generado gran tensi\u00f3n en la zona y el descontento de la poblaci\u00f3n, los dos Cancilleres acordaron trabajar para calmar las tensiones, con el fin de evitar cualquier escalada, a la espera de una soluci\u00f3n satisfactoria de conformidad con el Derecho internacional.<\/p>\n\n\n\n<p class=\"wp-block-paragraph\">El Ministerio de Relaciones Exteriores y Asuntos Religiosos reitera el deseo del gobierno de continuar el di\u00e1logo y la negociaci\u00f3n con la parte dominicana y aprovecha la oportunidad para lanzar un llamado a la calma y la serenidad\u201d, se\u00f1ala el referido comunicado de prensa.<\/p>\n","protected":false},"excerpt":{"rendered":"<p>El Gobierno haitiano dijo que los cancilleres de ambos pa\u00edses hablaron tras los sucesos del martes 7 de noviembre y se pusieron de acuerdo en no escalar el conflicto. Los&hellip;<\/p>\n","protected":false},"author":2,"featured_media":66768,"comment_status":"open","ping_status":"open","sticky":false,"template":"","format":"standard","meta":{"content-type":"","_jetpack_newsletter_access":"","_jetpack_dont_email_post_to_subs":false,"_jetpack_newsletter_tier_id":0,"_jetpack_memberships_contains_paywalled_content":false,"_jetpack_feature_clip_id":0,"_jetpack_memberships_contains_paid_content":false,"footnotes":"","jetpack_post_was_ever_published":false},"categories":[1],"tags":[9311,9312,8004,9313,217,127,5223],"class_list":["post-66767","post","type-post","status-publish","format-standard","has-post-thumbnail","hentry","category-sin-categoria","tag-acordo","tag-calmar","tag-conflictos","tag-escalar","tag-haiti","tag-rd","tag-tensiones"],"jetpack-related-posts":[{"id":63589,"url":"https:\/\/lasprimeras.com.do\/index.php\/2023\/10\/13\/oea-propone-vias-de-solucion-al-conflicto-rd-haiti\/","url_meta":{"origin":66767,"position":0},"title":"OEA propone v\u00edas de soluci\u00f3n al conflicto RD-Hait\u00ed","author":"Nelson Feliz","date":"13 de octubre de 2023","format":false,"excerpt":"Almagro solicita que el Caricom se integre a misi\u00f3n t\u00e9cnica para evaluar aspectos h\u00eddricos y legales del conflicto. El secretario general de la Organizaci\u00f3n de los Estados Americanos (OEA) propuso este jueves 12 de octubre una reuni\u00f3n entre las delegaciones de la Rep\u00fablica Dominicana y Hait\u00ed para fomentar las discusiones\u2026","rel":"","context":"En \u00abSin categor\u00eda\u00bb","block_context":{"text":"Sin categor\u00eda","link":"https:\/\/lasprimeras.com.do\/index.php\/category\/sin-categoria\/"},"img":{"alt_text":"oea","src":"https:\/\/i0.wp.com\/lasprimeras.com.do\/wp-content\/uploads\/2023\/10\/oea.jpg?resize=350%2C200&ssl=1","width":350,"height":200,"srcset":"https:\/\/i0.wp.com\/lasprimeras.com.do\/wp-content\/uploads\/2023\/10\/oea.jpg?resize=350%2C200&ssl=1 1x, https:\/\/i0.wp.com\/lasprimeras.com.do\/wp-content\/uploads\/2023\/10\/oea.jpg?resize=525%2C300&ssl=1 1.5x, https:\/\/i0.wp.com\/lasprimeras.com.do\/wp-content\/uploads\/2023\/10\/oea.jpg?resize=700%2C400&ssl=1 2x"},"classes":[]},{"id":128234,"url":"https:\/\/lasprimeras.com.do\/index.php\/2026\/04\/20\/rd-y-haiti-reanudan-dialogo-sobre-agenda-bilateral-en-zona-fronteriza\/","url_meta":{"origin":66767,"position":1},"title":"RD y Hait\u00ed reanudan di\u00e1logo sobre agenda bilateral en zona fronteriza","author":"Nelson Feliz","date":"20 de abril de 2026","format":false,"excerpt":"Delegaciones del Mirex y su hom\u00f3logo de Haiti se re\u00fanen en Codevi para dar seguimiento a los nueve puntos acordados en la declaraci\u00f3n conjunta de 2021. Las delegaciones del Ministerio de Relaciones Exteriores de Rep\u00fablica Dominicana (Mirex) y del Ministerio de Relaciones Exteriores y Cultos (MAEC por sus iniciales en\u2026","rel":"","context":"En \u00abNACIONALES\u00bb","block_context":{"text":"NACIONALES","link":"https:\/\/lasprimeras.com.do\/index.php\/category\/nacionales\/"},"img":{"alt_text":"RD y Hait\u00ed","src":"https:\/\/i0.wp.com\/lasprimeras.com.do\/wp-content\/uploads\/2026\/04\/RD-y-Haiti.jpg?resize=350%2C200&ssl=1","width":350,"height":200,"srcset":"https:\/\/i0.wp.com\/lasprimeras.com.do\/wp-content\/uploads\/2026\/04\/RD-y-Haiti.jpg?resize=350%2C200&ssl=1 1x, https:\/\/i0.wp.com\/lasprimeras.com.do\/wp-content\/uploads\/2026\/04\/RD-y-Haiti.jpg?resize=525%2C300&ssl=1 1.5x, https:\/\/i0.wp.com\/lasprimeras.com.do\/wp-content\/uploads\/2026\/04\/RD-y-Haiti.jpg?resize=700%2C400&ssl=1 2x"},"classes":[]},{"id":60390,"url":"https:\/\/lasprimeras.com.do\/index.php\/2023\/09\/13\/leonel-fernandez-rechaza-construccion-de-canal-para-desviar-flujo-rio-masacre\/","url_meta":{"origin":66767,"position":2},"title":"Leonel Fern\u00e1ndez rechaza construcci\u00f3n de canal para desviar flujo R\u00edo Masacre","author":"Nelson Feliz","date":"13 de septiembre de 2023","format":false,"excerpt":"Demanda del gobierno aclarar los t\u00e9rminos del acuerdo de 2021 entre cancilleres de RD y Hait\u00ed. El expresidente de la Rep\u00fablica Dominicana y presidente de la Fuerza del Pueblo, Leonel Fern\u00e1ndez, rechaz\u00f3 hoy la pretenci\u00f3n de algunos sectores haitianos de desviar el flujo del R\u00edo Masacre. A trav\u00e9s de su\u2026","rel":"","context":"En \u00abPORTADA\u00bb","block_context":{"text":"PORTADA","link":"https:\/\/lasprimeras.com.do\/index.php\/category\/portada\/"},"img":{"alt_text":"Leonel Fern\u00e1ndez","src":"https:\/\/i0.wp.com\/lasprimeras.com.do\/wp-content\/uploads\/2023\/09\/Leonel-Fernandez-2.jpg?resize=350%2C200&ssl=1","width":350,"height":200,"srcset":"https:\/\/i0.wp.com\/lasprimeras.com.do\/wp-content\/uploads\/2023\/09\/Leonel-Fernandez-2.jpg?resize=350%2C200&ssl=1 1x, https:\/\/i0.wp.com\/lasprimeras.com.do\/wp-content\/uploads\/2023\/09\/Leonel-Fernandez-2.jpg?resize=525%2C300&ssl=1 1.5x, https:\/\/i0.wp.com\/lasprimeras.com.do\/wp-content\/uploads\/2023\/09\/Leonel-Fernandez-2.jpg?resize=700%2C400&ssl=1 2x"},"classes":[]},{"id":133614,"url":"https:\/\/lasprimeras.com.do\/index.php\/2026\/06\/29\/sobre-haiti-una-peticion-a-la-embajadora-leah-campos\/","url_meta":{"origin":66767,"position":3},"title":"Sobre Hait\u00ed: una petici\u00f3n a la embajadora Leah Campos","author":"Nelson Feliz","date":"29 de junio de 2026","format":false,"excerpt":"Hacemos votos por la paz de Hait\u00ed, que es tambi\u00e9n la paz de la Rep\u00fablica Dominicana, pero mediante la gesti\u00f3n de una embajadora cristiana, din\u00e1mica y humana Por: Roberto Valenzuela A las puertas del 250 aniversario de la independencia de Estados Unidos, hemos venido analizando el impacto de esa naci\u00f3n\u2026","rel":"","context":"En \u00abOPINI\u00d3N\u00bb","block_context":{"text":"OPINI\u00d3N","link":"https:\/\/lasprimeras.com.do\/index.php\/category\/opinion\/"},"img":{"alt_text":"","src":"https:\/\/i0.wp.com\/lasprimeras.com.do\/wp-content\/uploads\/2026\/06\/IMG-20260530-WA0207.jpg?resize=350%2C200&ssl=1","width":350,"height":200},"classes":[]},{"id":93040,"url":"https:\/\/lasprimeras.com.do\/index.php\/2025\/01\/21\/canciller-alvarez-en-la-onu-el-pais-tomo-medidas-por-los-pocos-resultados-de-la-mision-en-haiti\/","url_meta":{"origin":66767,"position":4},"title":"Canciller \u00c1lvarez en la ONU: El pa\u00eds tom\u00f3 medidas por los \u201cpocos resultados\u201d de la misi\u00f3n en Hait\u00ed","author":"Nelson Feliz","date":"21 de enero de 2025","format":false,"excerpt":"A tres meses de la llegada de la Misi\u00f3n Multinacional de Seguridad en Apoyo a Hait\u00ed, solo 410 de los m\u00e1s de mil soldados propuestos para enfrentar las bandas haitianas est\u00e1n el terreno. Durante la sesi\u00f3n de ayer del Consejo de Seguridad de las Naciones Unidas (ONU), en la que\u2026","rel":"","context":"En \u00abNACIONALES\u00bb","block_context":{"text":"NACIONALES","link":"https:\/\/lasprimeras.com.do\/index.php\/category\/nacionales\/"},"img":{"alt_text":"Roberto \u00c1lvarez","src":"https:\/\/i0.wp.com\/lasprimeras.com.do\/wp-content\/uploads\/2023\/06\/Roberto-Alvarez.jpg?resize=350%2C200&ssl=1","width":350,"height":200,"srcset":"https:\/\/i0.wp.com\/lasprimeras.com.do\/wp-content\/uploads\/2023\/06\/Roberto-Alvarez.jpg?resize=350%2C200&ssl=1 1x, https:\/\/i0.wp.com\/lasprimeras.com.do\/wp-content\/uploads\/2023\/06\/Roberto-Alvarez.jpg?resize=525%2C300&ssl=1 1.5x, https:\/\/i0.wp.com\/lasprimeras.com.do\/wp-content\/uploads\/2023\/06\/Roberto-Alvarez.jpg?resize=700%2C400&ssl=1 2x"},"classes":[]},{"id":123059,"url":"https:\/\/lasprimeras.com.do\/index.php\/2026\/02\/25\/denuncian-penetracion-haitiana-en-carnavales-de-la-zona-este-de-rd\/","url_meta":{"origin":66767,"position":5},"title":"Denuncian penetraci\u00f3n haitiana en carnavales de la zona Este de RD","author":"Nelson Feliz","date":"25 de febrero de 2026","format":false,"excerpt":"El presidente de la Uni\u00f3n Dem\u00f3crata Cristiana \u2013UDC-, Luis Acosta Moreta, Luis \u201cEl Gallo\u201d denunci\u00f3 hoy que los carnavales de la zona oriental del pa\u00eds destacan motivos y religiosidad haitianos, en franca violaci\u00f3n de las tradiciones dominicanas. Al mismo tiempo pidi\u00f3 que se proh\u00edban los desfiles haitianos del gaga, que\u2026","rel":"","context":"En \u00abPOLITICA\u00bb","block_context":{"text":"POLITICA","link":"https:\/\/lasprimeras.com.do\/index.php\/category\/politica\/"},"img":{"alt_text":"","src":"https:\/\/i0.wp.com\/lasprimeras.com.do\/wp-content\/uploads\/2026\/02\/IMG-20260224-WA1381.jpg?resize=350%2C200&ssl=1","width":350,"height":200,"srcset":"https:\/\/i0.wp.com\/lasprimeras.com.do\/wp-content\/uploads\/2026\/02\/IMG-20260224-WA1381.jpg?resize=350%2C200&ssl=1 1x, https:\/\/i0.wp.com\/lasprimeras.com.do\/wp-content\/uploads\/2026\/02\/IMG-20260224-WA1381.jpg?resize=525%2C300&ssl=1 1.5x, https:\/\/i0.wp.com\/lasprimeras.com.do\/wp-content\/uploads\/2026\/02\/IMG-20260224-WA1381.jpg?resize=700%2C400&ssl=1 2x, https:\/\/i0.wp.com\/lasprimeras.com.do\/wp-content\/uploads\/2026\/02\/IMG-20260224-WA1381.jpg?resize=1050%2C600&ssl=1 3x, https:\/\/i0.wp.com\/lasprimeras.com.do\/wp-content\/uploads\/2026\/02\/IMG-20260224-WA1381.jpg?resize=1400%2C800&ssl=1 4x"},"classes":[]}],"jetpack_sharing_enabled":true,"jetpack_featured_media_url":"https:\/\/lasprimeras.com.do\/wp-content\/uploads\/2023\/11\/Reactivacion-del-canal-de-La-Vigia-en-Dajabon.jpeg","_links":{"self":[{"href":"https:\/\/lasprimeras.com.do\/index.php\/wp-json\/wp\/v2\/posts\/66767","targetHints":{"allow":["GET"]}}],"collection":[{"href":"https:\/\/lasprimeras.com.do\/index.php\/wp-json\/wp\/v2\/posts"}],"about":[{"href":"https:\/\/lasprimeras.com.do\/index.php\/wp-json\/wp\/v2\/types\/post"}],"author":[{"embeddable":true,"href":"https:\/\/lasprimeras.com.do\/index.php\/wp-json\/wp\/v2\/users\/2"}],"replies":[{"embeddable":true,"href":"https:\/\/lasprimeras.com.do\/index.php\/wp-json\/wp\/v2\/comments?post=66767"}],"version-history":[{"count":1,"href":"https:\/\/lasprimeras.com.do\/index.php\/wp-json\/wp\/v2\/posts\/66767\/revisions"}],"predecessor-version":[{"id":66769,"href":"https:\/\/lasprimeras.com.do\/index.php\/wp-json\/wp\/v2\/posts\/66767\/revisions\/66769"}],"wp:featuredmedia":[{"embeddable":true,"href":"https:\/\/lasprimeras.com.do\/index.php\/wp-json\/wp\/v2\/media\/66768"}],"wp:attachment":[{"href":"https:\/\/lasprimeras.com.do\/index.php\/wp-json\/wp\/v2\/media?parent=66767"}],"wp:term":[{"taxonomy":"category","embeddable":true,"href":"https:\/\/lasprimeras.com.do\/index.php\/wp-json\/wp\/v2\/categories?post=66767"},{"taxonomy":"post_tag","embeddable":true,"href":"https:\/\/lasprimeras.com.do\/index.php\/wp-json\/wp\/v2\/tags?post=66767"}],"curies":[{"name":"wp","href":"https:\/\/api.w.org\/{rel}","templated":true}]}}