{"id":66770,"date":"2023-11-09T13:17:37","date_gmt":"2023-11-09T17:17:37","guid":{"rendered":"https:\/\/lasprimeras.com.do\/?p=66770"},"modified":"2023-11-09T13:17:39","modified_gmt":"2023-11-09T17:17:39","slug":"dominicanas-entre-mujeres-obligadas-a-prostituirse-en-espana","status":"publish","type":"post","link":"https:\/\/lasprimeras.com.do\/index.php\/2023\/11\/09\/dominicanas-entre-mujeres-obligadas-a-prostituirse-en-espana\/","title":{"rendered":"Dominicanas entre mujeres obligadas a prostituirse en Espa\u00f1a"},"content":{"rendered":"\n<p>VALENCIA, Espa\u00f1a.- La Guardia Civil liber\u00f3 en Espa\u00f1a a 16 mujeres de nacionalidades espa\u00f1ola, paraguaya, colombiana, brasile\u00f1a y dominicana obligadas a prostituirse, en una operaci\u00f3n en la que detuvo a dos paraguayas y a un colombiano.<\/p>\n\n\n\n<p>Seg\u00fan inform\u00f3 este jueves la Guardia Civil, los detenidos en esta operaci\u00f3n en la provincia espa\u00f1ola de Palencia est\u00e1n acusados de trata de seres humanos con fines de explotaci\u00f3n sexual y de tr\u00e1fico de drogas.<\/p>\n\n\n\n<p>Los detenidos son una mujer de 52 a\u00f1os de nacionalidad paraguaya, quien supuestamente se encargaba de alquilar las habitaciones donde eran obligadas a prostituirse y de gestionar la disponibilidad de las mujeres, y su pareja, un colombiano de 59, y otra mujer de 43 a\u00f1os, tambi\u00e9n paraguaya, que presuntamente suministraban sustancias estupefacientes a los clientes.<\/p>\n\n\n\n<p>La operaci\u00f3n Quelles comenz\u00f3 a finales del pasado marzo, hasta que la Guardia Civil encontr\u00f3 a estas mujeres, en una situaci\u00f3n de vulnerabilidad y algunas con estancia irregular en Espa\u00f1a, una de ellas tra\u00edda desde su pa\u00eds de origen y el resto captadas en Espa\u00f1a.<\/p>\n","protected":false},"excerpt":{"rendered":"<p>VALENCIA, Espa\u00f1a.- La Guardia Civil liber\u00f3 en Espa\u00f1a a 16 mujeres de nacionalidades espa\u00f1ola, paraguaya, colombiana, brasile\u00f1a y dominicana obligadas a prostituirse, en una operaci\u00f3n en la que detuvo a&hellip;<\/p>\n","protected":false},"author":2,"featured_media":66771,"comment_status":"open","ping_status":"open","sticky":false,"template":"","format":"standard","meta":{"content-type":"","jetpack_post_was_ever_published":false,"_jetpack_newsletter_access":"","_jetpack_dont_email_post_to_subs":false,"_jetpack_newsletter_tier_id":0,"_jetpack_memberships_contains_paywalled_content":false,"_jetpack_memberships_contains_paid_content":false,"footnotes":""},"categories":[1],"tags":[1590,28,836,9314,9315],"class_list":["post-66770","post","type-post","status-publish","format-standard","has-post-thumbnail","hentry","category-sin-categoria","tag-dominicanas","tag-espana","tag-mujeres","tag-obligadas","tag-prostituirse"],"jetpack_featured_media_url":"https:\/\/lasprimeras.com.do\/wp-content\/uploads\/2023\/11\/La-Guardia-Civil-detiene-a-10-personas-que-explotaban-sexualmente-a-mujeres-procedentes-de-Sudamerica.jpg","jetpack-related-posts":[{"id":64281,"url":"https:\/\/lasprimeras.com.do\/index.php\/2023\/10\/19\/golpeaba-brutalmente-a-mujeres-a-las-que-obligaba-a-prostituirse-acusacion-en-nueva-york\/","url_meta":{"origin":66770,"position":0},"title":"Golpeaba brutalmente a mujeres a las que obligaba a prostituirse: acusaci\u00f3n en Nueva York","author":"Nelson Feliz","date":"19 de octubre de 2023","format":false,"excerpt":"Un proxeneta apodado \u201cParadise\u201d (Para\u00edso) en realidad era un infierno para sus v\u00edctimas de tr\u00e1fico sexual, alegan los fiscales federales en Brooklyn (NYC). Cuando no lo obedec\u00edan recurr\u00eda a la brutalidad, incluyendo batazos y rotura de dientes. Adem\u00e1s lo describ\u00eda en llamadas telef\u00f3nicas grabadas. Douglas Welsh, proxeneta detenido apodado \u201cParadise\u201d\u2026","rel":"","context":"En \u00abSin categor\u00eda\u00bb","block_context":{"text":"Sin categor\u00eda","link":"https:\/\/lasprimeras.com.do\/index.php\/category\/sin-categoria\/"},"img":{"alt_text":"Corte Federal de Brooklyn, NYC","src":"https:\/\/i0.wp.com\/lasprimeras.com.do\/wp-content\/uploads\/2023\/10\/Corte-Federal-de-Brooklyn-NYC.jpg?resize=350%2C200&ssl=1","width":350,"height":200,"srcset":"https:\/\/i0.wp.com\/lasprimeras.com.do\/wp-content\/uploads\/2023\/10\/Corte-Federal-de-Brooklyn-NYC.jpg?resize=350%2C200&ssl=1 1x, https:\/\/i0.wp.com\/lasprimeras.com.do\/wp-content\/uploads\/2023\/10\/Corte-Federal-de-Brooklyn-NYC.jpg?resize=525%2C300&ssl=1 1.5x, https:\/\/i0.wp.com\/lasprimeras.com.do\/wp-content\/uploads\/2023\/10\/Corte-Federal-de-Brooklyn-NYC.jpg?resize=700%2C400&ssl=1 2x"},"classes":[]},{"id":114494,"url":"https:\/\/lasprimeras.com.do\/index.php\/2025\/11\/14\/una-pareja-dominicana-detenida-en-espana-por-explotacion-sexual-de-extranjeras\/","url_meta":{"origin":66770,"position":1},"title":"Una pareja dominicana detenida en Espa\u00f1a por explotaci\u00f3n sexual de extranjeras","author":"Nelson Feliz","date":"14 de noviembre de 2025","format":false,"excerpt":"El principal investigado captaba a mujeres extranjeras en situaci\u00f3n de vulnerabilidad e irregularidad administrativa. C\u00e1diz, EFE - La Polic\u00eda espa\u00f1ola detuvo a un hombre y una mujer, ambos de nacionalidad dominicana, por su presunta implicaci\u00f3n en un delito de prostituci\u00f3n coercitiva y otro contra los derechos de los ciudadanos extranjeros,\u2026","rel":"","context":"En \u00abINTERNACIONALES\u00bb","block_context":{"text":"INTERNACIONALES","link":"https:\/\/lasprimeras.com.do\/index.php\/category\/sin-categoria\/internacionales\/"},"img":{"alt_text":"","src":"https:\/\/i0.wp.com\/lasprimeras.com.do\/wp-content\/uploads\/2025\/11\/Prostitucion-en-Espana.jpg?resize=350%2C200&ssl=1","width":350,"height":200,"srcset":"https:\/\/i0.wp.com\/lasprimeras.com.do\/wp-content\/uploads\/2025\/11\/Prostitucion-en-Espana.jpg?resize=350%2C200&ssl=1 1x, https:\/\/i0.wp.com\/lasprimeras.com.do\/wp-content\/uploads\/2025\/11\/Prostitucion-en-Espana.jpg?resize=525%2C300&ssl=1 1.5x, https:\/\/i0.wp.com\/lasprimeras.com.do\/wp-content\/uploads\/2025\/11\/Prostitucion-en-Espana.jpg?resize=700%2C400&ssl=1 2x"},"classes":[]},{"id":97410,"url":"https:\/\/lasprimeras.com.do\/index.php\/2025\/04\/20\/a-juicio-los-asesinos-de-una-dominicana-de-44-anos-en-madrid\/","url_meta":{"origin":66770,"position":2},"title":"A juicio los asesinos de una dominicana de 44 a\u00f1os en Madrid","author":"Nelson Feliz","date":"20 de abril de 2025","format":false,"excerpt":"MADRID,EFE.- Una mujer colombiana y su primo, de la misma nacionalidad, ser\u00e1n juzgados a partir del martes 22 de abril en Madrid, acusados de asesinar con un cuchillo a una dominicana de 44 a\u00f1os, identificada solo como Katy, quien era la responsable de un prost\u00edbulo, en un municipio de la\u2026","rel":"","context":"En \u00abINTERNACIONALES\u00bb","block_context":{"text":"INTERNACIONALES","link":"https:\/\/lasprimeras.com.do\/index.php\/category\/sin-categoria\/internacionales\/"},"img":{"alt_text":"","src":"https:\/\/i0.wp.com\/lasprimeras.com.do\/wp-content\/uploads\/2025\/04\/mallete.png?resize=350%2C200&ssl=1","width":350,"height":200,"srcset":"https:\/\/i0.wp.com\/lasprimeras.com.do\/wp-content\/uploads\/2025\/04\/mallete.png?resize=350%2C200&ssl=1 1x, https:\/\/i0.wp.com\/lasprimeras.com.do\/wp-content\/uploads\/2025\/04\/mallete.png?resize=525%2C300&ssl=1 1.5x, https:\/\/i0.wp.com\/lasprimeras.com.do\/wp-content\/uploads\/2025\/04\/mallete.png?resize=700%2C400&ssl=1 2x"},"classes":[]},{"id":92966,"url":"https:\/\/lasprimeras.com.do\/index.php\/2025\/01\/20\/detienen-a-dominicana-de-63-anos-con-20000-pastillas-para-disfuncion-erectil-en-espana\/","url_meta":{"origin":66770,"position":3},"title":"Detienen a dominicana de 63 a\u00f1os con 20,000 pastillas para disfunci\u00f3n er\u00e9ctil en Espa\u00f1a","author":"Nelson Feliz","date":"20 de enero de 2025","format":false,"excerpt":"Seg\u00fan la Guardia Civil y la Agencia Tributaria espa\u00f1ola, la mujer proced\u00eda del pa\u00eds caribe\u00f1o y aterriz\u00f3 en el aeropuerto alicantino tras una escala en Madrid. Alicante, Espa\u00f1a,EFE.-.Una pasajera de 63 a\u00f1os procedente de la Rep\u00fablica Dominicana fue detenida en el aeropuerto de Alicante-Elche (este de Espa\u00f1a) con una maleta\u2026","rel":"","context":"En \u00abINTERNACIONALES\u00bb","block_context":{"text":"INTERNACIONALES","link":"https:\/\/lasprimeras.com.do\/index.php\/category\/sin-categoria\/internacionales\/"},"img":{"alt_text":"","src":"https:\/\/i0.wp.com\/lasprimeras.com.do\/wp-content\/uploads\/2025\/01\/pastillas.jpeg?resize=350%2C200&ssl=1","width":350,"height":200,"srcset":"https:\/\/i0.wp.com\/lasprimeras.com.do\/wp-content\/uploads\/2025\/01\/pastillas.jpeg?resize=350%2C200&ssl=1 1x, https:\/\/i0.wp.com\/lasprimeras.com.do\/wp-content\/uploads\/2025\/01\/pastillas.jpeg?resize=525%2C300&ssl=1 1.5x, https:\/\/i0.wp.com\/lasprimeras.com.do\/wp-content\/uploads\/2025\/01\/pastillas.jpeg?resize=700%2C400&ssl=1 2x"},"classes":[]},{"id":104218,"url":"https:\/\/lasprimeras.com.do\/index.php\/2025\/07\/22\/uruguay-y-espana-afianzan-lazos-y-anuncian-acuerdo-para-combatir-el-crimen-transnacional\/","url_meta":{"origin":66770,"position":4},"title":"Uruguay y Espa\u00f1a afianzan lazos y anuncian acuerdo para combatir el crimen transnacional","author":"Nelson Feliz","date":"22 de julio de 2025","format":false,"excerpt":"MONTEVIDEO (AP) \u2014 El mandatario uruguayo Yamand\u00fa Orsi y el presidente del gobierno de Espa\u00f1a, Pedro S\u00e1nchez, anunciaron la firma de seis acuerdos bilaterales para fortalecer sus lazos, entre ellos uno de seguridad para combatir el crimen transnacional. \u201cEsto es fruto de una larga historia de relaciones que va a\u2026","rel":"","context":"En \u00abINTERNACIONALES\u00bb","block_context":{"text":"INTERNACIONALES","link":"https:\/\/lasprimeras.com.do\/index.php\/category\/sin-categoria\/internacionales\/"},"img":{"alt_text":"","src":"https:\/\/i0.wp.com\/lasprimeras.com.do\/wp-content\/uploads\/2025\/07\/Uruguay-y-Espana.jpg?resize=350%2C200&ssl=1","width":350,"height":200,"srcset":"https:\/\/i0.wp.com\/lasprimeras.com.do\/wp-content\/uploads\/2025\/07\/Uruguay-y-Espana.jpg?resize=350%2C200&ssl=1 1x, https:\/\/i0.wp.com\/lasprimeras.com.do\/wp-content\/uploads\/2025\/07\/Uruguay-y-Espana.jpg?resize=525%2C300&ssl=1 1.5x, https:\/\/i0.wp.com\/lasprimeras.com.do\/wp-content\/uploads\/2025\/07\/Uruguay-y-Espana.jpg?resize=700%2C400&ssl=1 2x"},"classes":[]},{"id":77054,"url":"https:\/\/lasprimeras.com.do\/index.php\/2024\/02\/17\/encuentran-cadaver-de-mujer-en-rio-de-espana-y-se-cree-podria-ser-de-dominicana-gabriela-reyes\/","url_meta":{"origin":66770,"position":5},"title":"Encuentran cad\u00e1ver de mujer en r\u00edo de Espa\u00f1a y se cree podr\u00eda ser de dominicana Gabriela Reyes","author":"Nelson Feliz","date":"17 de febrero de 2024","format":false,"excerpt":"Navarra,\u00a0Espa\u00f1a.-El\u00a0cuerpo\u00a0sin vida de una\u00a0mujer\u00a0fue localizado este viernes en el\u00a0r\u00edo Arga\u00a0a su paso por Bara\u00f1\u00e1in, en Navarra,\u00a0Espa\u00f1a, y las autoridades manejan la hip\u00f3tesis de que pudiera tratarse de la dominicana\u00a0Gabriela Reyes, de 35 a\u00f1os,\u00a0desaparecida\u00a0desde el pasado 7 de diciembre. Seg\u00fan varios medios espa\u00f1oles, el\u00a0hallazgo\u00a0del\u00a0cuerpo\u00a0lo realiz\u00f3 una persona que paseaba por la\u2026","rel":"","context":"En \u00abPORTADA\u00bb","block_context":{"text":"PORTADA","link":"https:\/\/lasprimeras.com.do\/index.php\/category\/portada\/"},"img":{"alt_text":"Encuentran, cad\u00e1ver , mujer , Espa\u00f1a , dominicana, Gabriela Reyes","src":"https:\/\/i0.wp.com\/lasprimeras.com.do\/wp-content\/uploads\/2024\/02\/Gabriela-muy-linda.jpg?resize=350%2C200&ssl=1","width":350,"height":200,"srcset":"https:\/\/i0.wp.com\/lasprimeras.com.do\/wp-content\/uploads\/2024\/02\/Gabriela-muy-linda.jpg?resize=350%2C200&ssl=1 1x, https:\/\/i0.wp.com\/lasprimeras.com.do\/wp-content\/uploads\/2024\/02\/Gabriela-muy-linda.jpg?resize=525%2C300&ssl=1 1.5x"},"classes":[]}],"jetpack_sharing_enabled":true,"_links":{"self":[{"href":"https:\/\/lasprimeras.com.do\/index.php\/wp-json\/wp\/v2\/posts\/66770","targetHints":{"allow":["GET"]}}],"collection":[{"href":"https:\/\/lasprimeras.com.do\/index.php\/wp-json\/wp\/v2\/posts"}],"about":[{"href":"https:\/\/lasprimeras.com.do\/index.php\/wp-json\/wp\/v2\/types\/post"}],"author":[{"embeddable":true,"href":"https:\/\/lasprimeras.com.do\/index.php\/wp-json\/wp\/v2\/users\/2"}],"replies":[{"embeddable":true,"href":"https:\/\/lasprimeras.com.do\/index.php\/wp-json\/wp\/v2\/comments?post=66770"}],"version-history":[{"count":1,"href":"https:\/\/lasprimeras.com.do\/index.php\/wp-json\/wp\/v2\/posts\/66770\/revisions"}],"predecessor-version":[{"id":66772,"href":"https:\/\/lasprimeras.com.do\/index.php\/wp-json\/wp\/v2\/posts\/66770\/revisions\/66772"}],"wp:featuredmedia":[{"embeddable":true,"href":"https:\/\/lasprimeras.com.do\/index.php\/wp-json\/wp\/v2\/media\/66771"}],"wp:attachment":[{"href":"https:\/\/lasprimeras.com.do\/index.php\/wp-json\/wp\/v2\/media?parent=66770"}],"wp:term":[{"taxonomy":"category","embeddable":true,"href":"https:\/\/lasprimeras.com.do\/index.php\/wp-json\/wp\/v2\/categories?post=66770"},{"taxonomy":"post_tag","embeddable":true,"href":"https:\/\/lasprimeras.com.do\/index.php\/wp-json\/wp\/v2\/tags?post=66770"}],"curies":[{"name":"wp","href":"https:\/\/api.w.org\/{rel}","templated":true}]}}