{"id":66782,"date":"2023-11-09T14:53:32","date_gmt":"2023-11-09T18:53:32","guid":{"rendered":"https:\/\/lasprimeras.com.do\/?p=66782"},"modified":"2023-11-09T14:53:34","modified_gmt":"2023-11-09T18:53:34","slug":"jce-espera-este-mes-empiecen-a-llegar-equipos-para-las-elecciones","status":"publish","type":"post","link":"https:\/\/lasprimeras.com.do\/index.php\/2023\/11\/09\/jce-espera-este-mes-empiecen-a-llegar-equipos-para-las-elecciones\/","title":{"rendered":"JCE espera este mes empiecen a llegar equipos para las elecciones"},"content":{"rendered":"\n<p>Santo Domingo,.- El miembro titular de la Junta Central Electoral (JCE), Rafael Chami Isa, inform\u00f3 que los equipos de digitalizaci\u00f3n, escaneo y transmisi\u00f3n para las elecciones municipales, congresionales y generales \u00abestar\u00edan\u00bb llegando al pa\u00eds este mes.<\/p>\n\n\n\n<p>As\u00ed lo expres\u00f3 Chami Isa durante un encuentro que \u00e9l y responsables de varios departamentos de la JCE sostuvieron con directivos del movimiento participaci\u00f3n Ciudadana (PC), seg\u00fan inform\u00f3 el organismo de elecciones en una nota.<\/p>\n\n\n\n<p>Durante la reuni\u00f3n, que se celebr\u00f3 en las oficinas de PC, el funcionario electoral tambi\u00e9n dijo que la JCE no dispone de las herramientas legales para enfrentar la \u00abcampa\u00f1a a destiempo\u00bb de los partidos y movimientos pol\u00edticos.<\/p>\n\n\n\n<p>Record\u00f3 que la propuesta de modificaci\u00f3n de las leyes electorales que deposit\u00f3 la JCE en el Congreso se incluyeron medidas al respecto, pero no fueron acogidas.<\/p>\n\n\n\n<p>Tambi\u00e9n expuso que la Ley de Partidos solo es de aplicaci\u00f3n nacional, por lo que no est\u00e1 previsto en la legislaci\u00f3n la celebraci\u00f3n de primarias simult\u00e1neas en el exterior.<\/p>\n\n\n\n<p>El encuentro trat\u00f3 sobre la campa\u00f1a y precampa\u00f1a pol\u00edticas, voto en el exterior, compra de los equipos inform\u00e1ticos para las elecciones de 2024, as\u00ed como el control financiero a las organizaciones pol\u00edticas y otros aspectos vinculantes.<\/p>\n\n\n\n<p>La informaci\u00f3n precis\u00f3 que Chami Isa estuvo acompa\u00f1ado por los directores de elecciones de la JCE, Mario N\u00fa\u00f1ez; del inform\u00e1tica, Johnny Rivera, y del responsable del voto en el exterior, Well Sep\u00falveda.<\/p>\n\n\n\n<p>En tanto que por Participaci\u00f3n Ciudadana estuvo su coordinadora general Nora S\u00e1nchez, y los miembros Milagros D\u00edaz Santana, Josefina Arvelo, Francisco \u00c1lvarez, F\u00e1tima Lorenzo, Zobeyda Ap\u00f3lito y Leidy Blanco.EFE<\/p>\n","protected":false},"excerpt":{"rendered":"<p>Santo Domingo,.- El miembro titular de la Junta Central Electoral (JCE), Rafael Chami Isa, inform\u00f3 que los equipos de digitalizaci\u00f3n, escaneo y transmisi\u00f3n para las elecciones municipales, congresionales y generales&hellip;<\/p>\n","protected":false},"author":3,"featured_media":66783,"comment_status":"open","ping_status":"open","sticky":false,"template":"","format":"standard","meta":{"content-type":"","jetpack_post_was_ever_published":false,"_jetpack_newsletter_access":"","_jetpack_dont_email_post_to_subs":false,"_jetpack_newsletter_tier_id":0,"_jetpack_memberships_contains_paywalled_content":false,"_jetpack_memberships_contains_paid_content":false,"footnotes":""},"categories":[1],"tags":[183],"class_list":["post-66782","post","type-post","status-publish","format-standard","has-post-thumbnail","hentry","category-sin-categoria","tag-jce"],"jetpack_featured_media_url":"https:\/\/lasprimeras.com.do\/wp-content\/uploads\/2023\/11\/WhatsApp-Image-2023-11-09-at-1.32.38-PM-4-2.jpeg","jetpack-related-posts":[{"id":116193,"url":"https:\/\/lasprimeras.com.do\/index.php\/2025\/11\/27\/presidente-de-la-jce-encabezara-mision-de-observacion-electoral-en-elecciones-de-honduras\/","url_meta":{"origin":66782,"position":0},"title":"Presidente de la JCE encabezar\u00e1 misi\u00f3n de observaci\u00f3n electoral en elecciones de Honduras","author":"Nelson Feliz","date":"27 de noviembre de 2025","format":false,"excerpt":"Dolores Fern\u00e1ndez participar\u00e1 en representaci\u00f3n de la AMEA; Samir Chami Isa y Vallejo Santelises integran la misi\u00f3n de UNIORE El presidente de la Junta Central Electoral (JCE) participar\u00e1 como jefe de la Misi\u00f3n de Observaci\u00f3n Electoral de la Uni\u00f3n Interamericana de Organismos Electorales (UNIORE) en las elecciones generales de Honduras\u2026","rel":"","context":"En \u00abNACIONALES\u00bb","block_context":{"text":"NACIONALES","link":"https:\/\/lasprimeras.com.do\/index.php\/category\/nacionales\/"},"img":{"alt_text":"","src":"https:\/\/i0.wp.com\/lasprimeras.com.do\/wp-content\/uploads\/2025\/06\/jce-2.jpg?resize=350%2C200&ssl=1","width":350,"height":200,"srcset":"https:\/\/i0.wp.com\/lasprimeras.com.do\/wp-content\/uploads\/2025\/06\/jce-2.jpg?resize=350%2C200&ssl=1 1x, https:\/\/i0.wp.com\/lasprimeras.com.do\/wp-content\/uploads\/2025\/06\/jce-2.jpg?resize=525%2C300&ssl=1 1.5x, https:\/\/i0.wp.com\/lasprimeras.com.do\/wp-content\/uploads\/2025\/06\/jce-2.jpg?resize=700%2C400&ssl=1 2x"},"classes":[]},{"id":108429,"url":"https:\/\/lasprimeras.com.do\/index.php\/2025\/09\/05\/pleno-jce-recibe-propuestas-para-aspirantes-a-miembros-de-juntas-electorales-en-santiago-la-vega-y-sfm\/","url_meta":{"origin":66782,"position":1},"title":"Pleno JCE recibe propuestas para aspirantes a miembros de Juntas Electorales en Santiago, La Vega y SFM","author":"Nelson Feliz","date":"5 de septiembre de 2025","format":false,"excerpt":"El Pleno de la Junta Central Electoral (JCE) recibi\u00f3 esta semana las propuestas de aspirantes a miembros de Juntas Electorales en los municipios de Santiago, La Vega y San Francisco de Macor\u00eds, con miras a las elecciones de 2028. Este proceso forma parte de los esfuerzos de la JCE para\u2026","rel":"","context":"En \u00abNACIONALES\u00bb","block_context":{"text":"NACIONALES","link":"https:\/\/lasprimeras.com.do\/index.php\/category\/nacionales\/"},"img":{"alt_text":"","src":"https:\/\/i0.wp.com\/lasprimeras.com.do\/wp-content\/uploads\/2025\/09\/ROMAN-JAQUEZ.jpg?resize=350%2C200&ssl=1","width":350,"height":200,"srcset":"https:\/\/i0.wp.com\/lasprimeras.com.do\/wp-content\/uploads\/2025\/09\/ROMAN-JAQUEZ.jpg?resize=350%2C200&ssl=1 1x, https:\/\/i0.wp.com\/lasprimeras.com.do\/wp-content\/uploads\/2025\/09\/ROMAN-JAQUEZ.jpg?resize=525%2C300&ssl=1 1.5x, https:\/\/i0.wp.com\/lasprimeras.com.do\/wp-content\/uploads\/2025\/09\/ROMAN-JAQUEZ.jpg?resize=700%2C400&ssl=1 2x"},"classes":[]},{"id":115697,"url":"https:\/\/lasprimeras.com.do\/index.php\/2025\/11\/24\/jce-concluye-recepcion-de-propuestas-de-aspirantes-a-miembros-de-juntas-electorales-a-nivel-nacional\/","url_meta":{"origin":66782,"position":2},"title":"JCE concluye recepci\u00f3n de propuestas de aspirantes a miembros de Juntas Electorales a nivel nacional","author":"Nelson Feliz","date":"24 de noviembre de 2025","format":false,"excerpt":"La Junta Central Electoral (JCE) complet\u00f3 el viernes el calendario nacional de recepci\u00f3n de propuestas de aspirantes a miembros de Juntas Electorales, con la reposici\u00f3n de las jornadas en los municipios de Tireo, Bonao y Moca. Las asambleas fueron encabezadas por el miembro titular del Pleno JCE, Samir Rafael Chami\u2026","rel":"","context":"En \u00abNACIONALES\u00bb","block_context":{"text":"NACIONALES","link":"https:\/\/lasprimeras.com.do\/index.php\/category\/nacionales\/"},"img":{"alt_text":"Samir Rafael Chami Isa","src":"https:\/\/i0.wp.com\/lasprimeras.com.do\/wp-content\/uploads\/2025\/11\/Samir-Rafael-Chami-Isa.jpg?resize=350%2C200&ssl=1","width":350,"height":200,"srcset":"https:\/\/i0.wp.com\/lasprimeras.com.do\/wp-content\/uploads\/2025\/11\/Samir-Rafael-Chami-Isa.jpg?resize=350%2C200&ssl=1 1x, https:\/\/i0.wp.com\/lasprimeras.com.do\/wp-content\/uploads\/2025\/11\/Samir-Rafael-Chami-Isa.jpg?resize=525%2C300&ssl=1 1.5x, https:\/\/i0.wp.com\/lasprimeras.com.do\/wp-content\/uploads\/2025\/11\/Samir-Rafael-Chami-Isa.jpg?resize=700%2C400&ssl=1 2x"},"classes":[]},{"id":107586,"url":"https:\/\/lasprimeras.com.do\/index.php\/2025\/08\/28\/jce-inicia-recepcion-de-propuestas-de-aspirantes-para-conformar-juntas-electorales-de-cara-a-las-elecciones-de-2028\/","url_meta":{"origin":66782,"position":3},"title":"JCE inicia recepci\u00f3n de propuestas de aspirantes para conformar &#8220;Juntas Electorales&#8221; de cara a las elecciones de 2028","author":"Nelson Feliz","date":"28 de agosto de 2025","format":false,"excerpt":"La Junta Central Electoral (JCE) inici\u00f3 el este mi\u00e9rcoles en la provincia de Barahona el proceso de recepci\u00f3n de propuestas de aspirantes a miembros de Juntas Electorales a nivel nacional y las Oficinas de Coordinaci\u00f3n de Log\u00edstica en el Exterior (OCLEE), de cara a las elecciones de 2028. El \u00f3rgano\u2026","rel":"","context":"En \u00abNACIONALES\u00bb","block_context":{"text":"NACIONALES","link":"https:\/\/lasprimeras.com.do\/index.php\/category\/nacionales\/"},"img":{"alt_text":"Rom\u00e1n Andr\u00e9s J\u00e1quez Liranzo","src":"https:\/\/i0.wp.com\/lasprimeras.com.do\/wp-content\/uploads\/2025\/08\/Roman-Andres-Jaquez-Liranzo.jpg?resize=350%2C200&ssl=1","width":350,"height":200,"srcset":"https:\/\/i0.wp.com\/lasprimeras.com.do\/wp-content\/uploads\/2025\/08\/Roman-Andres-Jaquez-Liranzo.jpg?resize=350%2C200&ssl=1 1x, https:\/\/i0.wp.com\/lasprimeras.com.do\/wp-content\/uploads\/2025\/08\/Roman-Andres-Jaquez-Liranzo.jpg?resize=525%2C300&ssl=1 1.5x, https:\/\/i0.wp.com\/lasprimeras.com.do\/wp-content\/uploads\/2025\/08\/Roman-Andres-Jaquez-Liranzo.jpg?resize=700%2C400&ssl=1 2x"},"classes":[]},{"id":115040,"url":"https:\/\/lasprimeras.com.do\/index.php\/2025\/11\/18\/jce-recibe-propuestas-de-aspirantes-a-miembros-de-las-oclee-en-chile-y-panama\/","url_meta":{"origin":66782,"position":4},"title":"JCE recibe propuestas de aspirantes a miembros de las OCLEE en Chile y Panam\u00e1","author":"Nelson Feliz","date":"18 de noviembre de 2025","format":false,"excerpt":"Una comisi\u00f3n de la Junta Central Electoral (JCE) se traslad\u00f3 a Chile y Panam\u00e1 para recibir las propuestas de los aspirantes a miembros de las Oficinas de Coordinaci\u00f3n y de Log\u00edstica Electoral en el Exterior (OCLEE) de estos pa\u00edses de cara a las elecciones de 2028. La comisi\u00f3n de la\u2026","rel":"","context":"En \u00abNACIONALES\u00bb","block_context":{"text":"NACIONALES","link":"https:\/\/lasprimeras.com.do\/index.php\/category\/nacionales\/"},"img":{"alt_text":"","src":"https:\/\/i0.wp.com\/lasprimeras.com.do\/wp-content\/uploads\/2025\/11\/jce-1-1.jpg?resize=350%2C200&ssl=1","width":350,"height":200,"srcset":"https:\/\/i0.wp.com\/lasprimeras.com.do\/wp-content\/uploads\/2025\/11\/jce-1-1.jpg?resize=350%2C200&ssl=1 1x, https:\/\/i0.wp.com\/lasprimeras.com.do\/wp-content\/uploads\/2025\/11\/jce-1-1.jpg?resize=525%2C300&ssl=1 1.5x, https:\/\/i0.wp.com\/lasprimeras.com.do\/wp-content\/uploads\/2025\/11\/jce-1-1.jpg?resize=700%2C400&ssl=1 2x"},"classes":[]},{"id":110258,"url":"https:\/\/lasprimeras.com.do\/index.php\/2025\/09\/25\/chami-isa-la-verdadera-democracia-va-mas-alla-del-voto-y-radica-en-la-participacion-ciudadana-activa\/","url_meta":{"origin":66782,"position":5},"title":"Chami Isa: la verdadera democracia va m\u00e1s all\u00e1 del voto y radica en la participaci\u00f3n ciudadana activa","author":"Nelson Feliz","date":"25 de septiembre de 2025","format":false,"excerpt":"Roat\u00e1n, Honduras. El miembro titular de la Junta Central Electoral (JCE), Samir Chami Isa, resalt\u00f3 durante su participaci\u00f3n en la XXXVIII Conferencia del Protocolo de Tikal, que la verdadera fortaleza de la democracia va m\u00e1s all\u00e1 del voto y radica en la participaci\u00f3n ciudadana continua. En la actividad, que se\u2026","rel":"","context":"En \u00abNACIONALES\u00bb","block_context":{"text":"NACIONALES","link":"https:\/\/lasprimeras.com.do\/index.php\/category\/nacionales\/"},"img":{"alt_text":"","src":"https:\/\/i0.wp.com\/lasprimeras.com.do\/wp-content\/uploads\/2025\/09\/Chami-Isa.jpg?resize=350%2C200&ssl=1","width":350,"height":200,"srcset":"https:\/\/i0.wp.com\/lasprimeras.com.do\/wp-content\/uploads\/2025\/09\/Chami-Isa.jpg?resize=350%2C200&ssl=1 1x, https:\/\/i0.wp.com\/lasprimeras.com.do\/wp-content\/uploads\/2025\/09\/Chami-Isa.jpg?resize=525%2C300&ssl=1 1.5x"},"classes":[]}],"jetpack_sharing_enabled":true,"_links":{"self":[{"href":"https:\/\/lasprimeras.com.do\/index.php\/wp-json\/wp\/v2\/posts\/66782","targetHints":{"allow":["GET"]}}],"collection":[{"href":"https:\/\/lasprimeras.com.do\/index.php\/wp-json\/wp\/v2\/posts"}],"about":[{"href":"https:\/\/lasprimeras.com.do\/index.php\/wp-json\/wp\/v2\/types\/post"}],"author":[{"embeddable":true,"href":"https:\/\/lasprimeras.com.do\/index.php\/wp-json\/wp\/v2\/users\/3"}],"replies":[{"embeddable":true,"href":"https:\/\/lasprimeras.com.do\/index.php\/wp-json\/wp\/v2\/comments?post=66782"}],"version-history":[{"count":1,"href":"https:\/\/lasprimeras.com.do\/index.php\/wp-json\/wp\/v2\/posts\/66782\/revisions"}],"predecessor-version":[{"id":66784,"href":"https:\/\/lasprimeras.com.do\/index.php\/wp-json\/wp\/v2\/posts\/66782\/revisions\/66784"}],"wp:featuredmedia":[{"embeddable":true,"href":"https:\/\/lasprimeras.com.do\/index.php\/wp-json\/wp\/v2\/media\/66783"}],"wp:attachment":[{"href":"https:\/\/lasprimeras.com.do\/index.php\/wp-json\/wp\/v2\/media?parent=66782"}],"wp:term":[{"taxonomy":"category","embeddable":true,"href":"https:\/\/lasprimeras.com.do\/index.php\/wp-json\/wp\/v2\/categories?post=66782"},{"taxonomy":"post_tag","embeddable":true,"href":"https:\/\/lasprimeras.com.do\/index.php\/wp-json\/wp\/v2\/tags?post=66782"}],"curies":[{"name":"wp","href":"https:\/\/api.w.org\/{rel}","templated":true}]}}