{"id":66785,"date":"2023-11-09T14:54:50","date_gmt":"2023-11-09T18:54:50","guid":{"rendered":"https:\/\/lasprimeras.com.do\/?p=66785"},"modified":"2023-11-09T14:54:52","modified_gmt":"2023-11-09T18:54:52","slug":"oposicion-pacta-en-120-alcaldias-200-distritos-y-18-senadurias","status":"publish","type":"post","link":"https:\/\/lasprimeras.com.do\/index.php\/2023\/11\/09\/oposicion-pacta-en-120-alcaldias-200-distritos-y-18-senadurias\/","title":{"rendered":"Oposici\u00f3n pacta en 120 alcald\u00edas, 200 distritos y 18 senadur\u00edas"},"content":{"rendered":"\n<p>SANTO DOMINGO.- Los delegados de los partidos de la Liberaci\u00f3n Dominicana (PLD), Revolucionario Dominicano (PRD) y Fuerza del Pueblo (FP) lograron consenso para pactar una alianza electoral a nivel congresual y los ayuntamientos para el 2024.<\/p>\n\n\n\n<p>La cantidad de candidaturas acordadas por el Bloque Opositor rondan las 18 senadur\u00edas, 120 alcald\u00edas y 200 distritos municipales.<\/p>\n\n\n\n<p>Sin embargo, los acuerdos no son tripartitos en todo el territorio nacional, aunque si en su mayor\u00eda.<\/p>\n\n\n\n<p>En algunos casos la alianza solo ser\u00e1 entre PRD-FP, PRD-PLD y FP-PLD.<\/p>\n\n\n\n<p>El alcance del acuerdo ser\u00eda anunciado en breve por el presidente del PRD, Miguel Vargas Maldonado, quien funge como moderador.<\/p>\n\n\n\n<p>El documento con las candidaturas consensuadas a\u00fan no ha sido firmado, pero cuenta con el visto bueno de los delegaos de cada organizaci\u00f3n del Bloque Opositor.<\/p>\n\n\n\n<p>Acordaron, adem\u00e1s, que el diputado Omar Fern\u00e1ndez (FP) ser\u00eda el candidato a senador, el pelede\u00edsta Domingo Contreras ser\u00eda nominado a la alcald\u00eda del DN y Yanet Camilo (PRD) a la vicealcald\u00eda.<\/p>\n\n\n\n<p>Los opositores tambi\u00e9n presentar\u00edan a V\u00edctor Fadul, del PLD, como candidato a la alcald\u00eda de Santiago de los Caballeros.<\/p>\n","protected":false},"excerpt":{"rendered":"<p>SANTO DOMINGO.- Los delegados de los partidos de la Liberaci\u00f3n Dominicana (PLD), Revolucionario Dominicano (PRD) y Fuerza del Pueblo (FP) lograron consenso para pactar una alianza electoral a nivel congresual&hellip;<\/p>\n","protected":false},"author":3,"featured_media":66786,"comment_status":"open","ping_status":"open","sticky":false,"template":"","format":"standard","meta":{"content-type":"","jetpack_post_was_ever_published":false,"_jetpack_newsletter_access":"","_jetpack_dont_email_post_to_subs":false,"_jetpack_newsletter_tier_id":0,"_jetpack_memberships_contains_paywalled_content":false,"_jetpack_memberships_contains_paid_content":false,"footnotes":""},"categories":[1],"tags":[50],"class_list":["post-66785","post","type-post","status-publish","format-standard","has-post-thumbnail","hentry","category-sin-categoria","tag-alianza"],"jetpack_featured_media_url":"https:\/\/lasprimeras.com.do\/wp-content\/uploads\/2023\/11\/WhatsApp-Image-2023-11-09-at-1.32.38-PM-4-3.jpeg","jetpack-related-posts":[{"id":66647,"url":"https:\/\/lasprimeras.com.do\/index.php\/2023\/11\/08\/pld-fp-y-prd-irian-aliados-en-120-municipios-y-200-distritos-de-rd\/","url_meta":{"origin":66785,"position":0},"title":"PLD, FP y PRD ir\u00edan aliados en 120 municipios y 200 distritos de RD","author":"BIMARY DE JES\u00daS Matos","date":"8 de noviembre de 2023","format":false,"excerpt":"SANTO DOMINGO.- Los partidos de la Liberaci\u00f3n Dominicana (PLD), Revolucionario Dominicano (PRD) y Fuerza del Pueblo (FP) habr\u00edan pactado para llevar candidaturas comunes en 120 ayuntamientos y 200 distritos municipales. La cifra implicar\u00eda un aumento de 34 candidatos a alcaldes y 50 directores distritales m\u00e1s que los anunciados el 21\u2026","rel":"","context":"En \u00abSin categor\u00eda\u00bb","block_context":{"text":"Sin categor\u00eda","link":"https:\/\/lasprimeras.com.do\/index.php\/category\/sin-categoria\/"},"img":{"alt_text":"","src":"https:\/\/i0.wp.com\/lasprimeras.com.do\/wp-content\/uploads\/2023\/11\/valentin-10.jpg?resize=350%2C200&ssl=1","width":350,"height":200,"srcset":"https:\/\/i0.wp.com\/lasprimeras.com.do\/wp-content\/uploads\/2023\/11\/valentin-10.jpg?resize=350%2C200&ssl=1 1x, https:\/\/i0.wp.com\/lasprimeras.com.do\/wp-content\/uploads\/2023\/11\/valentin-10.jpg?resize=525%2C300&ssl=1 1.5x"},"classes":[]},{"id":66897,"url":"https:\/\/lasprimeras.com.do\/index.php\/2023\/11\/10\/alianza-rescate-rd-pacta-acuerdos-en-el-distrito-nacional-y-otras-144-alcaldias\/","url_meta":{"origin":66785,"position":1},"title":"Alianza Rescate RD pacta acuerdos en el Distrito Nacional y otras 144 alcald\u00edas","author":"Nelson Feliz","date":"10 de noviembre de 2023","format":false,"excerpt":"Los acuerdos al nivel municipal son en 145 alcald\u00edas y 215 direcciones de juntas de distritos municipales. La Alianza Opositora Rescate RD anunci\u00f3 acuerdos en el nivel municipal, en 145 alcald\u00edas, incluida el Distrito Nacional y 215 direcciones de juntas de distritos municipales, para un total de 360 territorios municipales,\u2026","rel":"","context":"En \u00abPORTADA\u00bb","block_context":{"text":"PORTADA","link":"https:\/\/lasprimeras.com.do\/index.php\/category\/portada\/"},"img":{"alt_text":"ALIANZA","src":"https:\/\/i0.wp.com\/lasprimeras.com.do\/wp-content\/uploads\/2023\/11\/ALIANZA.jpg?resize=350%2C200&ssl=1","width":350,"height":200,"srcset":"https:\/\/i0.wp.com\/lasprimeras.com.do\/wp-content\/uploads\/2023\/11\/ALIANZA.jpg?resize=350%2C200&ssl=1 1x, https:\/\/i0.wp.com\/lasprimeras.com.do\/wp-content\/uploads\/2023\/11\/ALIANZA.jpg?resize=525%2C300&ssl=1 1.5x"},"classes":[]},{"id":67140,"url":"https:\/\/lasprimeras.com.do\/index.php\/2023\/11\/13\/rescate-rd-la-alianza-mas-amplia-de-la-historia-electoral-en-la-etapa-democratica\/","url_meta":{"origin":66785,"position":2},"title":"Rescate RD, la alianza m\u00e1s amplia de la historia electoral en la etapa democr\u00e1tica","author":"BIMARY DE JES\u00daS Matos","date":"13 de noviembre de 2023","format":false,"excerpt":"Santo Domingo.-La recientemente anunciada alianza denominada Rescate RD suscrita entre tres partidos mayoritarios de cuatro que tiene el sistema, el PRD, PLD y FP, es el acuerdo electoral m\u00e1s amplio en la historia democr\u00e1tica del pa\u00eds porque abarca tres niveles de elecci\u00f3n, presidencial, congresual y municipal. La historia pol\u00edtica de\u2026","rel":"","context":"En \u00abSin categor\u00eda\u00bb","block_context":{"text":"Sin categor\u00eda","link":"https:\/\/lasprimeras.com.do\/index.php\/category\/sin-categoria\/"},"img":{"alt_text":"","src":"https:\/\/i0.wp.com\/lasprimeras.com.do\/wp-content\/uploads\/2023\/11\/valentin-16.jpg?resize=350%2C200&ssl=1","width":350,"height":200,"srcset":"https:\/\/i0.wp.com\/lasprimeras.com.do\/wp-content\/uploads\/2023\/11\/valentin-16.jpg?resize=350%2C200&ssl=1 1x, https:\/\/i0.wp.com\/lasprimeras.com.do\/wp-content\/uploads\/2023\/11\/valentin-16.jpg?resize=525%2C300&ssl=1 1.5x"},"classes":[]},{"id":58223,"url":"https:\/\/lasprimeras.com.do\/index.php\/2023\/08\/21\/pld-fp-prd-acuerdan-alianza-opositora-rescate-rd\/","url_meta":{"origin":66785,"position":3},"title":"PLD-FP-PRD acuerdan Alianza Opositora Rescate RD","author":"Nelson Feliz","date":"21 de agosto de 2023","format":false,"excerpt":"El Partido de la Liberaci\u00f3n Dominicana (PLD), la Fuerza del Pueblo (FP) y el Partido Revolucionario Dominicano (PRD) anunciaron un acuerdo para formar la Alianza Opositora Rescate RD. Las tres organizaciones pol\u00edticas anunciaron al pa\u00eds la presentaci\u00f3n de candidaturas comunes senatoriales en cuatro provincias: Barahona, Hato Mayor, Hermanas Mirabal y\u2026","rel":"","context":"En \u00abPORTADA\u00bb","block_context":{"text":"PORTADA","link":"https:\/\/lasprimeras.com.do\/index.php\/category\/portada\/"},"img":{"alt_text":"Alianza","src":"https:\/\/i0.wp.com\/lasprimeras.com.do\/wp-content\/uploads\/2023\/08\/Alianza.jpg?resize=350%2C200&ssl=1","width":350,"height":200,"srcset":"https:\/\/i0.wp.com\/lasprimeras.com.do\/wp-content\/uploads\/2023\/08\/Alianza.jpg?resize=350%2C200&ssl=1 1x, https:\/\/i0.wp.com\/lasprimeras.com.do\/wp-content\/uploads\/2023\/08\/Alianza.jpg?resize=525%2C300&ssl=1 1.5x, https:\/\/i0.wp.com\/lasprimeras.com.do\/wp-content\/uploads\/2023\/08\/Alianza.jpg?resize=700%2C400&ssl=1 2x"},"classes":[]},{"id":58302,"url":"https:\/\/lasprimeras.com.do\/index.php\/2023\/08\/22\/albuquerque-sobre-alianza-pld-fp-prd-un-muerto-politico-anunciando-un-funeral-colectivo\/","url_meta":{"origin":66785,"position":4},"title":"Albuquerque sobre alianza PLD-FP-PRD: &#8220;Un muerto pol\u00edtico anunciando un funeral colectivo&#8221;","author":"Nelson Feliz","date":"22 de agosto de 2023","format":false,"excerpt":"El precandidato presidencial del Partido Revolucionario Moderno (PRM), Ram\u00f3n Albuquerque, defini\u00f3 la alianza hecha entre los partidos de la Liberaci\u00f3n Dominicana (PLD), Fuerza del Pueblo y Revolucionario Dominicano (PRD) como un \"funeral colectivo\". Albuquerque, quien siempre se ha mantenido activo en la red social de Twitter, reaccion\u00f3 a la coalici\u00f3n\u2026","rel":"","context":"En \u00abSin categor\u00eda\u00bb","block_context":{"text":"Sin categor\u00eda","link":"https:\/\/lasprimeras.com.do\/index.php\/category\/sin-categoria\/"},"img":{"alt_text":"Ram\u00f3n Albuquerque","src":"https:\/\/i0.wp.com\/lasprimeras.com.do\/wp-content\/uploads\/2023\/08\/Ramon-Albuquerque.jpg?resize=350%2C200&ssl=1","width":350,"height":200,"srcset":"https:\/\/i0.wp.com\/lasprimeras.com.do\/wp-content\/uploads\/2023\/08\/Ramon-Albuquerque.jpg?resize=350%2C200&ssl=1 1x, https:\/\/i0.wp.com\/lasprimeras.com.do\/wp-content\/uploads\/2023\/08\/Ramon-Albuquerque.jpg?resize=525%2C300&ssl=1 1.5x, https:\/\/i0.wp.com\/lasprimeras.com.do\/wp-content\/uploads\/2023\/08\/Ramon-Albuquerque.jpg?resize=700%2C400&ssl=1 2x"},"classes":[]},{"id":58571,"url":"https:\/\/lasprimeras.com.do\/index.php\/2023\/08\/25\/abinader-al-preguntarle-sobre-alianzas-que-la-democracia-siga-su-curso\/","url_meta":{"origin":66785,"position":5},"title":"Abinader al preguntarle sobre alianzas: \u201cQue la democracia siga su curso\u201d","author":"Nelson Feliz","date":"25 de agosto de 2023","format":false,"excerpt":"El presidente Luis Abinader habl\u00f3 ante los miembros de la prensa sobre su postura ante el anuncio de las alianzas partidarias de las diferentes organizaciones pol\u00edticas. \u201cAcabamos de pasar un evento atmosf\u00e9rico y ahora estamos enfocados en resolver los problemas de la gente, as\u00ed que, que la democracia siga su\u2026","rel":"","context":"En \u00abPORTADA\u00bb","block_context":{"text":"PORTADA","link":"https:\/\/lasprimeras.com.do\/index.php\/category\/portada\/"},"img":{"alt_text":"Luis Abinader","src":"https:\/\/i0.wp.com\/lasprimeras.com.do\/wp-content\/uploads\/2023\/08\/Luis-Abinader.jpeg?resize=350%2C200&ssl=1","width":350,"height":200,"srcset":"https:\/\/i0.wp.com\/lasprimeras.com.do\/wp-content\/uploads\/2023\/08\/Luis-Abinader.jpeg?resize=350%2C200&ssl=1 1x, https:\/\/i0.wp.com\/lasprimeras.com.do\/wp-content\/uploads\/2023\/08\/Luis-Abinader.jpeg?resize=525%2C300&ssl=1 1.5x, https:\/\/i0.wp.com\/lasprimeras.com.do\/wp-content\/uploads\/2023\/08\/Luis-Abinader.jpeg?resize=700%2C400&ssl=1 2x"},"classes":[]}],"jetpack_sharing_enabled":true,"_links":{"self":[{"href":"https:\/\/lasprimeras.com.do\/index.php\/wp-json\/wp\/v2\/posts\/66785","targetHints":{"allow":["GET"]}}],"collection":[{"href":"https:\/\/lasprimeras.com.do\/index.php\/wp-json\/wp\/v2\/posts"}],"about":[{"href":"https:\/\/lasprimeras.com.do\/index.php\/wp-json\/wp\/v2\/types\/post"}],"author":[{"embeddable":true,"href":"https:\/\/lasprimeras.com.do\/index.php\/wp-json\/wp\/v2\/users\/3"}],"replies":[{"embeddable":true,"href":"https:\/\/lasprimeras.com.do\/index.php\/wp-json\/wp\/v2\/comments?post=66785"}],"version-history":[{"count":1,"href":"https:\/\/lasprimeras.com.do\/index.php\/wp-json\/wp\/v2\/posts\/66785\/revisions"}],"predecessor-version":[{"id":66787,"href":"https:\/\/lasprimeras.com.do\/index.php\/wp-json\/wp\/v2\/posts\/66785\/revisions\/66787"}],"wp:featuredmedia":[{"embeddable":true,"href":"https:\/\/lasprimeras.com.do\/index.php\/wp-json\/wp\/v2\/media\/66786"}],"wp:attachment":[{"href":"https:\/\/lasprimeras.com.do\/index.php\/wp-json\/wp\/v2\/media?parent=66785"}],"wp:term":[{"taxonomy":"category","embeddable":true,"href":"https:\/\/lasprimeras.com.do\/index.php\/wp-json\/wp\/v2\/categories?post=66785"},{"taxonomy":"post_tag","embeddable":true,"href":"https:\/\/lasprimeras.com.do\/index.php\/wp-json\/wp\/v2\/tags?post=66785"}],"curies":[{"name":"wp","href":"https:\/\/api.w.org\/{rel}","templated":true}]}}