{"id":66789,"date":"2023-11-09T14:56:55","date_gmt":"2023-11-09T18:56:55","guid":{"rendered":"https:\/\/lasprimeras.com.do\/?p=66789"},"modified":"2023-11-09T14:56:56","modified_gmt":"2023-11-09T18:56:56","slug":"kenia-pide-225-millones-de-euros-para-enviar-sus-policias-a-haiti","status":"publish","type":"post","link":"https:\/\/lasprimeras.com.do\/index.php\/2023\/11\/09\/kenia-pide-225-millones-de-euros-para-enviar-sus-policias-a-haiti\/","title":{"rendered":"Kenia pide 225 millones de euros para enviar sus polic\u00edas a Hait\u00ed"},"content":{"rendered":"\n<p>NAIROBI.- El ministro del Interior de Kenia, Kithure Kindiki, asegur\u00f3 que el pa\u00eds no enviar\u00e1 a sus polic\u00edas a Hait\u00ed como parte de la misi\u00f3n multinacional aprobada por las Naciones Unidas hasta que reciba los 225 millones de euros que estima que costar\u00e1 su despliegue.<\/p>\n\n\n\n<p>\u00abHemos acordado que los recursos para esta misi\u00f3n se organizar\u00e1n y movilizar\u00e1n entre los Estados miembros (de la ONU). A menos que se movilicen y est\u00e9n disponibles todos los recursos, nuestras tropas no abandonar\u00e1n el pa\u00eds\u00bb, dijo Kindiki este jueves ante el Parlamento keniano.<\/p>\n\n\n\n<p>As\u00ed, el ministro asegur\u00f3 que el despliegue de la Polic\u00eda keniana costar\u00e1 unos 36.570 millones de chelines (unos 225 millones de euros).<\/p>\n\n\n\n<p>Pese a esa advertencia, el pa\u00eds africano ya ha empezado a \u00abidentificar\u00bb a los 1.000 polic\u00edas que deber\u00edan viajar a Hait\u00ed en varias tandas, seg\u00fan el titular del Interior.<\/p>\n\n\n\n<p>\u00abEstamos comprometidos a garantizar que los agentes sean aptos para su prop\u00f3sito\u00bb, a\u00f1adi\u00f3.<\/p>\n\n\n\n<p>El Gobierno keniano dio luz verde el pasado 13 de octubre al despliegue de los agentes, pese al bloqueo temporal ordenado d\u00edas antes por el Tribunal Superior de Nairobi, y ampliado por la corte a finales de ese mismo mes, despu\u00e9s de que el abogado y pol\u00edtico opositor Ekuru Aukot interpusiese una demanda contra la iniciativa por considerarla inconstitucional.<\/p>\n\n\n\n<p>Los demandantes sostienen, entre otros argumentos, que la Constituci\u00f3n de Kenia limita el despliegue de polic\u00edas para operaciones dentro del territorio nacional.<\/p>\n\n\n\n<p>Kindiki, por su parte, ha indicado que el Parlamento tendr\u00e1 la \u00faltima palabra sobre la participaci\u00f3n de Kenia en esta misi\u00f3n, aprobada el pasado 2 de octubre por el Consejo de Seguridad de la ONU.<\/p>\n\n\n\n<p>El pa\u00eds africano se ofreci\u00f3 a liderar un dispositivo que el propio Gobierno haitiano pidi\u00f3 hace un a\u00f1o y que cont\u00f3 con el respaldo del secretario general de la ONU, Ant\u00f3nio Guterres.<\/p>\n\n\n\n<p>Tambi\u00e9n varios pa\u00edses caribe\u00f1os han mostrado su disposici\u00f3n para participar con un n\u00famero indeterminado de agentes en la misi\u00f3n, incluyendo Jamaica, Barbados y Bahamas.<\/p>\n\n\n\n<p>Hait\u00ed est\u00e1 inmerso en una profunda crisis marcada por la violencia extrema, con grupos armados que controlan la capital, Puerto Pr\u00edncipe, y otras partes de su territorio y son responsables de centenares de asesinatos, violaciones, secuestros y otros cr\u00edmenes.<\/p>\n\n\n\n<p>La ONU ha reiterado que la eventual misi\u00f3n no se asemejar\u00eda a una fuerza de paz o de interposici\u00f3n, como suele ser habitual, sino que ser\u00eda una mera fuerza de apoyo policial a las \u00f3rdenes de la Polic\u00eda haitiana.<\/p>\n","protected":false},"excerpt":{"rendered":"<p>NAIROBI.- El ministro del Interior de Kenia, Kithure Kindiki, asegur\u00f3 que el pa\u00eds no enviar\u00e1 a sus polic\u00edas a Hait\u00ed como parte de la misi\u00f3n multinacional aprobada por las Naciones&hellip;<\/p>\n","protected":false},"author":3,"featured_media":66790,"comment_status":"open","ping_status":"open","sticky":false,"template":"","format":"standard","meta":{"content-type":"","jetpack_post_was_ever_published":false,"_jetpack_newsletter_access":"","_jetpack_dont_email_post_to_subs":false,"_jetpack_newsletter_tier_id":0,"_jetpack_memberships_contains_paywalled_content":false,"_jetpack_memberships_contains_paid_content":false,"footnotes":""},"categories":[1],"tags":[4186],"class_list":["post-66789","post","type-post","status-publish","format-standard","has-post-thumbnail","hentry","category-sin-categoria","tag-kenia"],"jetpack_featured_media_url":"https:\/\/lasprimeras.com.do\/wp-content\/uploads\/2023\/11\/WhatsApp-Image-2023-11-09-at-1.32.38-PM-4-4.jpeg","jetpack-related-posts":[{"id":63616,"url":"https:\/\/lasprimeras.com.do\/index.php\/2023\/10\/13\/kenia-aprueba-el-despliegue-de-policias-en-haiti-pese-a-una-orden-judicial-de-bloqueo\/","url_meta":{"origin":66789,"position":0},"title":"Kenia aprueba el despliegue de polic\u00edas en Hait\u00ed pese a una orden judicial de bloqueo","author":"BIMARY DE JES\u00daS Matos","date":"13 de octubre de 2023","format":false,"excerpt":"Nairobi.\u2013 El Gobierno de Kenia dio luz verde este viernes el despliegue de un contingente de polic\u00edas kenianos en Hait\u00ed para liderar una misi\u00f3n multinacional aprobada por la ONU, pese al bloqueo temporal ordenado esta semana por un tribunal del pa\u00eds africano. \u00abComo parte de la misi\u00f3n Multinacional de Apoyo\u2026","rel":"","context":"En \u00abSin categor\u00eda\u00bb","block_context":{"text":"Sin categor\u00eda","link":"https:\/\/lasprimeras.com.do\/index.php\/category\/sin-categoria\/"},"img":{"alt_text":"","src":"https:\/\/i0.wp.com\/lasprimeras.com.do\/wp-content\/uploads\/2023\/10\/WhatsApp-Image-2023-10-13-at-1.21.18-PM-3.jpeg?resize=350%2C200&ssl=1","width":350,"height":200,"srcset":"https:\/\/i0.wp.com\/lasprimeras.com.do\/wp-content\/uploads\/2023\/10\/WhatsApp-Image-2023-10-13-at-1.21.18-PM-3.jpeg?resize=350%2C200&ssl=1 1x, https:\/\/i0.wp.com\/lasprimeras.com.do\/wp-content\/uploads\/2023\/10\/WhatsApp-Image-2023-10-13-at-1.21.18-PM-3.jpeg?resize=525%2C300&ssl=1 1.5x, https:\/\/i0.wp.com\/lasprimeras.com.do\/wp-content\/uploads\/2023\/10\/WhatsApp-Image-2023-10-13-at-1.21.18-PM-3.jpeg?resize=700%2C400&ssl=1 2x"},"classes":[]},{"id":64982,"url":"https:\/\/lasprimeras.com.do\/index.php\/2023\/10\/25\/kenia-mantienen-el-bloqueo-al-despliegue-de-policias-en-haiti\/","url_meta":{"origin":66789,"position":1},"title":"KENIA: Mantienen el bloqueo al despliegue de polic\u00edas en Hait\u00ed","author":"BIMARY DE JES\u00daS Matos","date":"25 de octubre de 2023","format":false,"excerpt":"NAIROBI.- El Tribunal Superior de Nairobi mantuvo hoy el bloqueo temporal del despliegue de polic\u00edas de Kenia en Hait\u00ed como parte de la misi\u00f3n multinacional aprobada por el Consejo de Seguridad de la ONU, inform\u00f3 el abogado y pol\u00edtico opositor Ekuru Aukot, que interpuso una demanda contra esa iniciativa. \u00abEl\u2026","rel":"","context":"En \u00abSin categor\u00eda\u00bb","block_context":{"text":"Sin categor\u00eda","link":"https:\/\/lasprimeras.com.do\/index.php\/category\/sin-categoria\/"},"img":{"alt_text":"","src":"https:\/\/i0.wp.com\/lasprimeras.com.do\/wp-content\/uploads\/2023\/10\/WhatsApp-Image-2023-10-24-at-5.28.33-PM-1-2.jpeg?resize=350%2C200&ssl=1","width":350,"height":200,"srcset":"https:\/\/i0.wp.com\/lasprimeras.com.do\/wp-content\/uploads\/2023\/10\/WhatsApp-Image-2023-10-24-at-5.28.33-PM-1-2.jpeg?resize=350%2C200&ssl=1 1x, https:\/\/i0.wp.com\/lasprimeras.com.do\/wp-content\/uploads\/2023\/10\/WhatsApp-Image-2023-10-24-at-5.28.33-PM-1-2.jpeg?resize=525%2C300&ssl=1 1.5x, https:\/\/i0.wp.com\/lasprimeras.com.do\/wp-content\/uploads\/2023\/10\/WhatsApp-Image-2023-10-24-at-5.28.33-PM-1-2.jpeg?resize=700%2C400&ssl=1 2x, https:\/\/i0.wp.com\/lasprimeras.com.do\/wp-content\/uploads\/2023\/10\/WhatsApp-Image-2023-10-24-at-5.28.33-PM-1-2.jpeg?resize=1050%2C600&ssl=1 3x"},"classes":[]},{"id":63627,"url":"https:\/\/lasprimeras.com.do\/index.php\/2023\/10\/13\/kenia-gabinete-aprueba-envio-1000-policias-mision-de-paz-haiti\/","url_meta":{"origin":66789,"position":2},"title":"KENIA: Gabinete aprueba env\u00edo 1,000 polic\u00edas misi\u00f3n de paz Hait\u00ed","author":"Nelson Feliz","date":"13 de octubre de 2023","format":false,"excerpt":"KENIA.- El gabinete de Kenia aprob\u00f3 el viernes el despliegue de 1,000 polic\u00edas para encabezar una misi\u00f3n multinacional de paz a Hait\u00ed para combatir la violencia de las pandillas. A\u00fan falta que el Parlamento keniano ratifique la decisi\u00f3n. Entre el 1 de enero y el 15 de agosto, m\u00e1s de\u2026","rel":"","context":"En \u00abSin categor\u00eda\u00bb","block_context":{"text":"Sin categor\u00eda","link":"https:\/\/lasprimeras.com.do\/index.php\/category\/sin-categoria\/"},"img":{"alt_text":"El secretario de defensa del gabinete de Kenia, Aden Duale.","src":"https:\/\/i0.wp.com\/lasprimeras.com.do\/wp-content\/uploads\/2023\/10\/Aden-Duale.jpg?resize=350%2C200&ssl=1","width":350,"height":200,"srcset":"https:\/\/i0.wp.com\/lasprimeras.com.do\/wp-content\/uploads\/2023\/10\/Aden-Duale.jpg?resize=350%2C200&ssl=1 1x, https:\/\/i0.wp.com\/lasprimeras.com.do\/wp-content\/uploads\/2023\/10\/Aden-Duale.jpg?resize=525%2C300&ssl=1 1.5x"},"classes":[]},{"id":62972,"url":"https:\/\/lasprimeras.com.do\/index.php\/2023\/10\/09\/parlamento-de-kenia-tendra-la-ultima-palabra-para-envio-de-tropas-a-haiti\/","url_meta":{"origin":66789,"position":3},"title":"Parlamento de Kenia tendr\u00e1 la \u00faltima palabra para env\u00edo de tropas a Hait\u00ed","author":"Nelson Feliz","date":"9 de octubre de 2023","format":false,"excerpt":"Kenia comienza a seleccionar agentes para liderar fuerza multinacional en Hait\u00ed. El env\u00edo por parte de Kenia de un contingente policial para liderar la fuerza multinacional en Hait\u00ed depender\u00e1 de la aprobaci\u00f3n del parlamento de ese pa\u00eds. El Ministro del Interior de Kenia, Kithure Kindiki, dijo que los parlamentarios son\u2026","rel":"","context":"En \u00abSin categor\u00eda\u00bb","block_context":{"text":"Sin categor\u00eda","link":"https:\/\/lasprimeras.com.do\/index.php\/category\/sin-categoria\/"},"img":{"alt_text":"Bandas en Hait\u00ed","src":"https:\/\/i0.wp.com\/lasprimeras.com.do\/wp-content\/uploads\/2023\/10\/Bandas-en-Haiti.jpg?resize=350%2C200&ssl=1","width":350,"height":200,"srcset":"https:\/\/i0.wp.com\/lasprimeras.com.do\/wp-content\/uploads\/2023\/10\/Bandas-en-Haiti.jpg?resize=350%2C200&ssl=1 1x, https:\/\/i0.wp.com\/lasprimeras.com.do\/wp-content\/uploads\/2023\/10\/Bandas-en-Haiti.jpg?resize=525%2C300&ssl=1 1.5x, https:\/\/i0.wp.com\/lasprimeras.com.do\/wp-content\/uploads\/2023\/10\/Bandas-en-Haiti.jpg?resize=700%2C400&ssl=1 2x"},"classes":[]},{"id":70822,"url":"https:\/\/lasprimeras.com.do\/index.php\/2023\/12\/14\/jefe-de-la-policia-de-haiti-visita-kenia-previo-al-envio-de-tropas-a-la-mision-multinacional\/","url_meta":{"origin":66789,"position":4},"title":"Jefe de la Polic\u00eda de Hait\u00ed visita Kenia, previo al env\u00edo de tropas a la misi\u00f3n multinacional","author":"Nelson Feliz","date":"14 de diciembre de 2023","format":false,"excerpt":"La visita forma parte de los preparativos para el despliegue de unos mil polic\u00edas kenianos que integrar\u00edan un contingente de 3.000 que ser\u00e1n enviados a Puerto Pr\u00edncipe. NAIROBI, EFE.-.El jefe de la Polic\u00eda de Hait\u00ed, Frantz Elbe, se encuentra esta semana de visita en Kenia despu\u00e9s de que el Parlamento\u2026","rel":"","context":"En \u00abSin categor\u00eda\u00bb","block_context":{"text":"Sin categor\u00eda","link":"https:\/\/lasprimeras.com.do\/index.php\/category\/sin-categoria\/"},"img":{"alt_text":"POLICIA HAITI","src":"https:\/\/i0.wp.com\/lasprimeras.com.do\/wp-content\/uploads\/2023\/12\/POLICIA-HAITI.jpeg?resize=350%2C200&ssl=1","width":350,"height":200,"srcset":"https:\/\/i0.wp.com\/lasprimeras.com.do\/wp-content\/uploads\/2023\/12\/POLICIA-HAITI.jpeg?resize=350%2C200&ssl=1 1x, https:\/\/i0.wp.com\/lasprimeras.com.do\/wp-content\/uploads\/2023\/12\/POLICIA-HAITI.jpeg?resize=525%2C300&ssl=1 1.5x, https:\/\/i0.wp.com\/lasprimeras.com.do\/wp-content\/uploads\/2023\/12\/POLICIA-HAITI.jpeg?resize=700%2C400&ssl=1 2x"},"classes":[]},{"id":62993,"url":"https:\/\/lasprimeras.com.do\/index.php\/2023\/10\/09\/corte-en-kenia-prohibe-temporalmente-envio-de-policias-a-haiti\/","url_meta":{"origin":66789,"position":5},"title":"Corte en Kenia proh\u00edbe temporalmente env\u00edo de polic\u00edas a Hait\u00ed","author":"BIMARY DE JES\u00daS Matos","date":"9 de octubre de 2023","format":false,"excerpt":"Kenia.-El tribunal superior de Kenia prohibi\u00f3 temporalmente el lunes el despliegue de las fuerzas de seguridad del pa\u00eds en otros pa\u00edses durante dos semanas, hasta que se investigue un caso presentado por un pol\u00edtico local que desaf\u00eda tal acci\u00f3n por considerarla inconstitucional. Esto se produjo despu\u00e9s de que Kenia aceptara\u2026","rel":"","context":"En \u00abSin categor\u00eda\u00bb","block_context":{"text":"Sin categor\u00eda","link":"https:\/\/lasprimeras.com.do\/index.php\/category\/sin-categoria\/"},"img":{"alt_text":"","src":"https:\/\/i0.wp.com\/lasprimeras.com.do\/wp-content\/uploads\/2023\/10\/WhatsApp-Image-2023-10-09-at-11.49.51-AM-3.jpeg?resize=350%2C200&ssl=1","width":350,"height":200,"srcset":"https:\/\/i0.wp.com\/lasprimeras.com.do\/wp-content\/uploads\/2023\/10\/WhatsApp-Image-2023-10-09-at-11.49.51-AM-3.jpeg?resize=350%2C200&ssl=1 1x, https:\/\/i0.wp.com\/lasprimeras.com.do\/wp-content\/uploads\/2023\/10\/WhatsApp-Image-2023-10-09-at-11.49.51-AM-3.jpeg?resize=525%2C300&ssl=1 1.5x, https:\/\/i0.wp.com\/lasprimeras.com.do\/wp-content\/uploads\/2023\/10\/WhatsApp-Image-2023-10-09-at-11.49.51-AM-3.jpeg?resize=700%2C400&ssl=1 2x"},"classes":[]}],"jetpack_sharing_enabled":true,"_links":{"self":[{"href":"https:\/\/lasprimeras.com.do\/index.php\/wp-json\/wp\/v2\/posts\/66789","targetHints":{"allow":["GET"]}}],"collection":[{"href":"https:\/\/lasprimeras.com.do\/index.php\/wp-json\/wp\/v2\/posts"}],"about":[{"href":"https:\/\/lasprimeras.com.do\/index.php\/wp-json\/wp\/v2\/types\/post"}],"author":[{"embeddable":true,"href":"https:\/\/lasprimeras.com.do\/index.php\/wp-json\/wp\/v2\/users\/3"}],"replies":[{"embeddable":true,"href":"https:\/\/lasprimeras.com.do\/index.php\/wp-json\/wp\/v2\/comments?post=66789"}],"version-history":[{"count":1,"href":"https:\/\/lasprimeras.com.do\/index.php\/wp-json\/wp\/v2\/posts\/66789\/revisions"}],"predecessor-version":[{"id":66791,"href":"https:\/\/lasprimeras.com.do\/index.php\/wp-json\/wp\/v2\/posts\/66789\/revisions\/66791"}],"wp:featuredmedia":[{"embeddable":true,"href":"https:\/\/lasprimeras.com.do\/index.php\/wp-json\/wp\/v2\/media\/66790"}],"wp:attachment":[{"href":"https:\/\/lasprimeras.com.do\/index.php\/wp-json\/wp\/v2\/media?parent=66789"}],"wp:term":[{"taxonomy":"category","embeddable":true,"href":"https:\/\/lasprimeras.com.do\/index.php\/wp-json\/wp\/v2\/categories?post=66789"},{"taxonomy":"post_tag","embeddable":true,"href":"https:\/\/lasprimeras.com.do\/index.php\/wp-json\/wp\/v2\/tags?post=66789"}],"curies":[{"name":"wp","href":"https:\/\/api.w.org\/{rel}","templated":true}]}}