{"id":66792,"date":"2023-11-09T14:59:13","date_gmt":"2023-11-09T18:59:13","guid":{"rendered":"https:\/\/lasprimeras.com.do\/?p=66792"},"modified":"2023-11-09T14:59:15","modified_gmt":"2023-11-09T18:59:15","slug":"nueva-encuesta-muestra-a-trump-cuatro-puntos-delante-de-biden","status":"publish","type":"post","link":"https:\/\/lasprimeras.com.do\/index.php\/2023\/11\/09\/nueva-encuesta-muestra-a-trump-cuatro-puntos-delante-de-biden\/","title":{"rendered":"Nueva encuesta muestra a Trump cuatro puntos delante de Biden"},"content":{"rendered":"\n<p>WASHINGTON.- El expresidente Donald Trump le saca cuatro puntos de ventaja (49 % frente a 45 %) al actual gobernante de EEUU, Joe Biden, por quien m\u00e1s de la mitad de los potenciales votantes dice que no votar\u00eda en ning\u00fan caso, seg\u00fan una encuesta publicada por CNN.<\/p>\n\n\n\n<p>Los resultados de la encuesta del canal televisivo, realizada por SSRS, corroboran los de otra anterior del New York Times y Siena College, publicada el pasado 5 de noviembre, el mismo d\u00eda en el que en 2024 los estadounidenses escoger\u00e1n a su nuevo presidente.<\/p>\n\n\n\n<p>Envuelto en la mara\u00f1a judicial de sus cuatro casos penales y aun as\u00ed el favorito en la carrera por la nominaci\u00f3n presidencial del Partido Republicano, Trump ganar\u00eda a Biden, tambi\u00e9n con la nominaci\u00f3n del Partido Dem\u00f3crata asegurada seg\u00fan el sondeo, si las elecciones se celebrasen ahora.<\/p>\n\n\n\n<p>No solo cuenta con un apoyo cuatro puntos mayor que el del presidente dem\u00f3crata, sino que el porcentaje de los encuestados que dijeron en el sondeo que nunca votar\u00edan por \u00e9l es menor que los que rechazan a Biden de plano (48 % frente al 51 %).<\/p>\n\n\n\n<p>Del total de encuestados un 4 % dijo que en la actualidad no tiene intenci\u00f3n de votar por Biden pero no obstante no descartan llegar a hacerlo, mientras que en el caso de Trump son un 2 % los que piensan as\u00ed.<\/p>\n\n\n\n<p>La encuesta del New York Times indic\u00f3 que Trump estaba por delante en cinco de los seis estados indecisos (Arizona, Georgia, Michigan, Nevada y Pensilvania) y Biden solo en Wisconsin.<\/p>\n\n\n\n<p>CNN se\u00f1ala que el apoyo a Biden en su encuesta es significativamente m\u00e1s d\u00e9bil ahora entre varios grupos en los que anteriormente gan\u00f3 por amplios m\u00e1rgenes y que fueron fundamentales para su elecci\u00f3n en 2020.<\/p>\n\n\n\n<p>En el caso de los latinos Biden mantiene la delantera con 50 % de intenciones de voto frente a un 46 % de Trump y entre los votantes de raza negra la ventaja del dem\u00f3crata es significativamente mayor: 73 % frente a 23 %.<\/p>\n\n\n\n<p>Sin embargo, los electores independientes se inclinan por Trump en un 45 %, cuatro puntos m\u00e1s que los que apoyan a Biden, y los que tiene menos de 35 a\u00f1os favorecen al republicano en un 48 %, un punto m\u00e1s que los que eligen al dem\u00f3crata.<\/p>\n\n\n\n<p>\u00abTodos esos m\u00e1rgenes reflejan ca\u00eddas significativas en el apoyo a Biden en comparaci\u00f3n con las encuestas a boca de urna de 2020. Si bien los que realmente acuden a votar no son los mismos que los votantes registrados, y faltando un a\u00f1o para las elecciones, hay tiempo para que las opiniones de los votantes cambien, las diferencias entre entonces y ahora son marcadas\u00bb, se\u00f1ala el canal televisivo.<\/p>\n\n\n\n<p>Biden gan\u00f3 entre los votantes menores de 35 a\u00f1os por 21 puntos de diferencia respecto a Trump a nivel nacional, entre los independientes por 13 puntos, entre los votantes de raza negra por 75 puntos y entre los votantes latinos por 33 puntos.<\/p>\n\n\n\n<p>S\u00f3lo una cuarta parte de los estadounidenses (25%) dice que Biden tiene la resistencia y la agudeza necesarias para ejercer eficazmente la Presidencia durante un segundo mandato, mientras que el 53 % cree que Trump s\u00ed tiene esos atributos.<\/p>\n\n\n\n<p>No obstante, tanto Biden como Trump concitan m\u00e1s opiniones desfavorables que favorables entre los encuestados: 36 % favorable frente a 59 % desfavorable en el caso del primero y 38 % favorable frente a 56% desfavorable en el del segundo.<\/p>\n\n\n\n<p>Para el 66 % de los encuestados la econom\u00eda ser\u00e1 extremadamente importante para decidir su voto el pr\u00f3ximo a\u00f1o, al igual que la integridad electoral y el derecho al voto (57 %), la pol\u00edtica de armas (52 %), la delincuencia (52 %) y la inmigraci\u00f3n (50 %).<\/p>\n\n\n\n<p>La pol\u00edtica exterior (43%), el aborto (42 %), el cambio clim\u00e1tico (31 %) y las pol\u00edticas hacia las personas transg\u00e9nero (17 %) est\u00e1n en un segundo plano.<\/p>\n\n\n\n<p>La encuesta, de \u00e1mbito nacional, fue realizada del 27 de octubre al 2 de noviembre a una muestra de 1,514 personas elegidas al azar, de ellas 1,271 registradas como votantes, y tiene un margen de error de +\/- 3,1 puntos.<\/p>\n","protected":false},"excerpt":{"rendered":"<p>WASHINGTON.- El expresidente Donald Trump le saca cuatro puntos de ventaja (49 % frente a 45 %) al actual gobernante de EEUU, Joe Biden, por quien m\u00e1s de la mitad&hellip;<\/p>\n","protected":false},"author":3,"featured_media":66793,"comment_status":"open","ping_status":"open","sticky":false,"template":"","format":"standard","meta":{"content-type":"","jetpack_post_was_ever_published":false,"_jetpack_newsletter_access":"","_jetpack_dont_email_post_to_subs":false,"_jetpack_newsletter_tier_id":0,"_jetpack_memberships_contains_paywalled_content":false,"_jetpack_memberships_contains_paid_content":false,"footnotes":""},"categories":[1],"tags":[1343],"class_list":["post-66792","post","type-post","status-publish","format-standard","has-post-thumbnail","hentry","category-sin-categoria","tag-joe-biden"],"jetpack_featured_media_url":"https:\/\/lasprimeras.com.do\/wp-content\/uploads\/2023\/11\/WhatsApp-Image-2023-11-09-at-1.32.38-PM-4-5.jpeg","jetpack-related-posts":[{"id":77510,"url":"https:\/\/lasprimeras.com.do\/index.php\/2024\/02\/21\/biden-supera-a-trump-por-4-puntos-para-las-presidenciales-segun-una-nueva-encuesta\/","url_meta":{"origin":66792,"position":0},"title":"Biden supera a Trump por 4 puntos para las presidenciales, seg\u00fan una nueva encuesta","author":"Nelson Feliz","date":"21 de febrero de 2024","format":false,"excerpt":"El 67% de los votantes piensa que Biden, de 81 a\u00f1os, es demasiado mayor para cumplir otros cuatro a\u00f1os en la Casa Blanca. En cambio, el 57% piensa que Trump no es demasiado mayor, seg\u00fan una encuesta de la Universidad Quinnipiac. Por Ra\u00fal Castillo El presidente Joe Biden supera al\u2026","rel":"","context":"En \u00abSin categor\u00eda\u00bb","block_context":{"text":"Sin categor\u00eda","link":"https:\/\/lasprimeras.com.do\/index.php\/category\/sin-categoria\/"},"img":{"alt_text":"Joe Biden y Donald Trump","src":"https:\/\/i0.wp.com\/lasprimeras.com.do\/wp-content\/uploads\/2024\/02\/Joe-Biden-y-Donald-Trump.jpg?resize=350%2C200&ssl=1","width":350,"height":200,"srcset":"https:\/\/i0.wp.com\/lasprimeras.com.do\/wp-content\/uploads\/2024\/02\/Joe-Biden-y-Donald-Trump.jpg?resize=350%2C200&ssl=1 1x, https:\/\/i0.wp.com\/lasprimeras.com.do\/wp-content\/uploads\/2024\/02\/Joe-Biden-y-Donald-Trump.jpg?resize=525%2C300&ssl=1 1.5x, https:\/\/i0.wp.com\/lasprimeras.com.do\/wp-content\/uploads\/2024\/02\/Joe-Biden-y-Donald-Trump.jpg?resize=700%2C400&ssl=1 2x"},"classes":[]},{"id":53396,"url":"https:\/\/lasprimeras.com.do\/index.php\/2023\/06\/26\/trump-aumenta-su-liderazgo-en-encuestas-tras-las-imputaciones-de-este-mes\/","url_meta":{"origin":66792,"position":1},"title":"Trump aumenta su liderazgo en encuestas tras las imputaciones de este mes","author":"Nelson Feliz","date":"26 de junio de 2023","format":false,"excerpt":"El expresidente se adelant\u00f3 frente a sus rivales republicanos tras ser acusado por el Departamento de Justicia. Donald Trump casi ha duplicado su ventaja sobre su oponente republicano m\u00e1s cercano para la nominaci\u00f3n presidencial del partido en 2024 desde que el exmandatario de EE.UU. fue imputado con cargos federales a\u2026","rel":"","context":"En \u00abSin categor\u00eda\u00bb","block_context":{"text":"Sin categor\u00eda","link":"https:\/\/lasprimeras.com.do\/index.php\/category\/sin-categoria\/"},"img":{"alt_text":"Donald Trump","src":"https:\/\/i0.wp.com\/lasprimeras.com.do\/wp-content\/uploads\/2023\/06\/Donald-Trump.jpg?resize=350%2C200&ssl=1","width":350,"height":200,"srcset":"https:\/\/i0.wp.com\/lasprimeras.com.do\/wp-content\/uploads\/2023\/06\/Donald-Trump.jpg?resize=350%2C200&ssl=1 1x, https:\/\/i0.wp.com\/lasprimeras.com.do\/wp-content\/uploads\/2023\/06\/Donald-Trump.jpg?resize=525%2C300&ssl=1 1.5x, https:\/\/i0.wp.com\/lasprimeras.com.do\/wp-content\/uploads\/2023\/06\/Donald-Trump.jpg?resize=700%2C400&ssl=1 2x, https:\/\/i0.wp.com\/lasprimeras.com.do\/wp-content\/uploads\/2023\/06\/Donald-Trump.jpg?resize=1050%2C600&ssl=1 3x"},"classes":[]},{"id":87006,"url":"https:\/\/lasprimeras.com.do\/index.php\/2024\/08\/05\/kamala-harris-esta-a-punto-de-conseguir-la-nominacion-presidencial-democrata\/","url_meta":{"origin":66792,"position":2},"title":"Kamala Harris est\u00e1 a punto de conseguir la nominaci\u00f3n presidencial dem\u00f3crata","author":"Nelson Feliz","date":"5 de agosto de 2024","format":false,"excerpt":"By SEUNG MIN KIM WASHINGTON (AP) \u2014 La vicepresidenta Kamala Harris, hija de migrantes que ascendi\u00f3 en el escalaf\u00f3n pol\u00edtico y policial de California hasta convertirse en la primera mujer en ocupar la vicepresidencia en la historia de Estados Unidos, est\u00e1 a punto de conseguir el lunes la nominaci\u00f3n presidencial\u2026","rel":"","context":"En \u00abPORTADA\u00bb","block_context":{"text":"PORTADA","link":"https:\/\/lasprimeras.com.do\/index.php\/category\/portada\/"},"img":{"alt_text":"Kamala Harris","src":"https:\/\/i0.wp.com\/lasprimeras.com.do\/wp-content\/uploads\/2024\/08\/Kamala-Harris.jpg?resize=350%2C200&ssl=1","width":350,"height":200,"srcset":"https:\/\/i0.wp.com\/lasprimeras.com.do\/wp-content\/uploads\/2024\/08\/Kamala-Harris.jpg?resize=350%2C200&ssl=1 1x, https:\/\/i0.wp.com\/lasprimeras.com.do\/wp-content\/uploads\/2024\/08\/Kamala-Harris.jpg?resize=525%2C300&ssl=1 1.5x, https:\/\/i0.wp.com\/lasprimeras.com.do\/wp-content\/uploads\/2024\/08\/Kamala-Harris.jpg?resize=700%2C400&ssl=1 2x"},"classes":[]},{"id":87895,"url":"https:\/\/lasprimeras.com.do\/index.php\/2024\/08\/19\/kamala-harris-supera-a-donald-trump-encuestas-muestran-5-puntos-de-diferencia\/","url_meta":{"origin":66792,"position":3},"title":"Kamala Harris supera a Donald Trump; encuestas muestran 5 puntos de diferencia","author":"Nelson Feliz","date":"19 de agosto de 2024","format":false,"excerpt":"Grethell Anguiano Mon\u00e1rrez Kamala Harris ha tomado la delantera sobre Donald Trump en las encuestas de cara a las elecciones presidenciales en Estados Unidos. Nuevas encuestas fechadas este domingo 18 de agosto indican que la candidata dem\u00f3crata tiene una ventaja del 50% frente al 45% del republicano Trump. La diferencia\u2026","rel":"","context":"En \u00abSin categor\u00eda\u00bb","block_context":{"text":"Sin categor\u00eda","link":"https:\/\/lasprimeras.com.do\/index.php\/category\/sin-categoria\/"},"img":{"alt_text":"Kamala Harris supera a Donald Trump","src":"https:\/\/i0.wp.com\/lasprimeras.com.do\/wp-content\/uploads\/2024\/08\/Kamala-Harris-supera-a-Donald-Trump.jpg?resize=350%2C200&ssl=1","width":350,"height":200,"srcset":"https:\/\/i0.wp.com\/lasprimeras.com.do\/wp-content\/uploads\/2024\/08\/Kamala-Harris-supera-a-Donald-Trump.jpg?resize=350%2C200&ssl=1 1x, https:\/\/i0.wp.com\/lasprimeras.com.do\/wp-content\/uploads\/2024\/08\/Kamala-Harris-supera-a-Donald-Trump.jpg?resize=525%2C300&ssl=1 1.5x"},"classes":[]},{"id":83474,"url":"https:\/\/lasprimeras.com.do\/index.php\/2024\/05\/16\/biden-y-trump-intercambiando-criticas-acuerdan-2-debates-presidenciales-en-junio-y-septiembre\/","url_meta":{"origin":66792,"position":4},"title":"Biden y Trump, intercambiando cr\u00edticas, acuerdan 2 debates presidenciales, en junio y septiembre","author":"Nelson Feliz","date":"16 de mayo de 2024","format":false,"excerpt":"POR JOSH BOAK,ZEKE MILLER Y JILL COLVIN WASHINGTON (AP) \u2014 El presidente Joe Biden y el expresidente Donald Trump acordaron el mi\u00e9rcoles celebrar dos debates de campa\u00f1a, el primero el 27 de junio presentado por CNN y el segundo el 10 de septiembre presentado por ABC, preparando el escenario para\u2026","rel":"","context":"En \u00abSin categor\u00eda\u00bb","block_context":{"text":"Sin categor\u00eda","link":"https:\/\/lasprimeras.com.do\/index.php\/category\/sin-categoria\/"},"img":{"alt_text":"El presidente Joe Biden y Donald Trump acordaron participar en dos debates electorales generales, uno en junio y otro en septiembre.","src":"https:\/\/i0.wp.com\/lasprimeras.com.do\/wp-content\/uploads\/2024\/05\/El-presidente-Joe-Biden-y-Donald-Trump-acordaron-participar-en-dos-debates-electorales-generales-uno-en-junio-y-otro-en-septiembre.jpg?resize=350%2C200&ssl=1","width":350,"height":200,"srcset":"https:\/\/i0.wp.com\/lasprimeras.com.do\/wp-content\/uploads\/2024\/05\/El-presidente-Joe-Biden-y-Donald-Trump-acordaron-participar-en-dos-debates-electorales-generales-uno-en-junio-y-otro-en-septiembre.jpg?resize=350%2C200&ssl=1 1x, https:\/\/i0.wp.com\/lasprimeras.com.do\/wp-content\/uploads\/2024\/05\/El-presidente-Joe-Biden-y-Donald-Trump-acordaron-participar-en-dos-debates-electorales-generales-uno-en-junio-y-otro-en-septiembre.jpg?resize=525%2C300&ssl=1 1.5x, https:\/\/i0.wp.com\/lasprimeras.com.do\/wp-content\/uploads\/2024\/05\/El-presidente-Joe-Biden-y-Donald-Trump-acordaron-participar-en-dos-debates-electorales-generales-uno-en-junio-y-otro-en-septiembre.jpg?resize=700%2C400&ssl=1 2x"},"classes":[]},{"id":73763,"url":"https:\/\/lasprimeras.com.do\/index.php\/2024\/01\/16\/trump-lidera-la-marcha-del-partido-republicano-en-iowa\/","url_meta":{"origin":66792,"position":5},"title":"Trump lidera la marcha del Partido Republicano en Iowa","author":"Nelson Feliz","date":"16 de enero de 2024","format":false,"excerpt":"POR NICHOLAS RICCARDI Y BRIAN SLODYSKO WASHINGTON (AP) \u2014 El f\u00e9rreo control de Donald Trump sobre el Partido Republicano ha quedado claro desde el d\u00eda en que anunci\u00f3 que se postular\u00eda nuevamente para la Casa Blanca hace 14 meses. Se puede ver en el giro ideol\u00f3gico del partido a\u00fan m\u00e1s\u2026","rel":"","context":"En \u00abSin categor\u00eda\u00bb","block_context":{"text":"Sin categor\u00eda","link":"https:\/\/lasprimeras.com.do\/index.php\/category\/sin-categoria\/"},"img":{"alt_text":"Donald Trump","src":"https:\/\/i0.wp.com\/lasprimeras.com.do\/wp-content\/uploads\/2024\/01\/Donald-Trump-2-1.jpg?resize=350%2C200&ssl=1","width":350,"height":200,"srcset":"https:\/\/i0.wp.com\/lasprimeras.com.do\/wp-content\/uploads\/2024\/01\/Donald-Trump-2-1.jpg?resize=350%2C200&ssl=1 1x, https:\/\/i0.wp.com\/lasprimeras.com.do\/wp-content\/uploads\/2024\/01\/Donald-Trump-2-1.jpg?resize=525%2C300&ssl=1 1.5x, https:\/\/i0.wp.com\/lasprimeras.com.do\/wp-content\/uploads\/2024\/01\/Donald-Trump-2-1.jpg?resize=700%2C400&ssl=1 2x"},"classes":[]}],"jetpack_sharing_enabled":true,"_links":{"self":[{"href":"https:\/\/lasprimeras.com.do\/index.php\/wp-json\/wp\/v2\/posts\/66792","targetHints":{"allow":["GET"]}}],"collection":[{"href":"https:\/\/lasprimeras.com.do\/index.php\/wp-json\/wp\/v2\/posts"}],"about":[{"href":"https:\/\/lasprimeras.com.do\/index.php\/wp-json\/wp\/v2\/types\/post"}],"author":[{"embeddable":true,"href":"https:\/\/lasprimeras.com.do\/index.php\/wp-json\/wp\/v2\/users\/3"}],"replies":[{"embeddable":true,"href":"https:\/\/lasprimeras.com.do\/index.php\/wp-json\/wp\/v2\/comments?post=66792"}],"version-history":[{"count":1,"href":"https:\/\/lasprimeras.com.do\/index.php\/wp-json\/wp\/v2\/posts\/66792\/revisions"}],"predecessor-version":[{"id":66794,"href":"https:\/\/lasprimeras.com.do\/index.php\/wp-json\/wp\/v2\/posts\/66792\/revisions\/66794"}],"wp:featuredmedia":[{"embeddable":true,"href":"https:\/\/lasprimeras.com.do\/index.php\/wp-json\/wp\/v2\/media\/66793"}],"wp:attachment":[{"href":"https:\/\/lasprimeras.com.do\/index.php\/wp-json\/wp\/v2\/media?parent=66792"}],"wp:term":[{"taxonomy":"category","embeddable":true,"href":"https:\/\/lasprimeras.com.do\/index.php\/wp-json\/wp\/v2\/categories?post=66792"},{"taxonomy":"post_tag","embeddable":true,"href":"https:\/\/lasprimeras.com.do\/index.php\/wp-json\/wp\/v2\/tags?post=66792"}],"curies":[{"name":"wp","href":"https:\/\/api.w.org\/{rel}","templated":true}]}}