{"id":66813,"date":"2023-11-09T15:44:00","date_gmt":"2023-11-09T19:44:00","guid":{"rendered":"https:\/\/lasprimeras.com.do\/?p=66813"},"modified":"2023-11-09T23:49:04","modified_gmt":"2023-11-10T03:49:04","slug":"presidente-abinader-recibe-a-la-ministra-de-relaciones-exteriores-de-jamaica","status":"publish","type":"post","link":"https:\/\/lasprimeras.com.do\/index.php\/2023\/11\/09\/presidente-abinader-recibe-a-la-ministra-de-relaciones-exteriores-de-jamaica\/","title":{"rendered":"Presidente Abinader recibe a la ministra de Relaciones Exteriores de Jamaica"},"content":{"rendered":"\n<p class=\"wp-block-paragraph\">El presidente de la Rep\u00fablica, Luis Abinader, recibi\u00f3 este jueves a la ministra de Relaciones Exteriores y Comercio Exterior de Jamaica, Kamina Johnson Smith, durante un encuentro en el Palacio Nacional.<\/p>\n\n\n\n<p class=\"wp-block-paragraph\">La visita de Johnson Smith se enmarca dentro de la estrategia del Gobierno de Luis Abinader de tener un mayor acercamiento con los pa\u00edses del Caribe, contemplada en el plan de su pol\u00edtica exterior.<\/p>\n\n\n\n<p class=\"wp-block-paragraph\">En la reuni\u00f3n tambi\u00e9n estuvo presente, por parte del Gobierno dominicano, el canciller Roberto \u00c1lvarez.<\/p>\n\n\n\n<p class=\"wp-block-paragraph\">Smith sostuvo el mi\u00e9rcoles un encuentro privado con su hom\u00f3logo y anfitri\u00f3n, Roberto \u00c1lvarez, y ese d\u00eda encabez\u00f3 una reuni\u00f3n bilateral ampliada a puertas cerradas.<\/p>\n\n\n\n<p class=\"wp-block-paragraph\">Sobre Kamina Johnson Smith<\/p>\n\n\n\n<p class=\"wp-block-paragraph\">La Senadora, la Honorable Kamina Johnson Smith es la ministra de Asuntos Exteriores y Comercio Exterior.<\/p>\n\n\n\n<p class=\"wp-block-paragraph\">Fue reelegida el 7 de septiembre de 2020, por el Partido Laborista de Jamaica en las elecciones generales celebradas el 3 de septiembre de 2020.<\/p>\n\n\n\n<p class=\"wp-block-paragraph\">La Senadora Johnson Smith tambi\u00e9n fue reelegida L\u00edder de Asuntos Gubernamentales en el Senado, cargo que ocupa desde 2016. simult\u00e1neamente con su funci\u00f3n como ministra de Relaciones Exteriores.<\/p>\n\n\n\n<p class=\"wp-block-paragraph\">En particular, la senadora Johnson Smith es la primera ministra de Asuntos Exteriores y Comercio Exterior de Jamaica y la primera nacida despu\u00e9s de la independencia de la naci\u00f3n.<\/p>\n\n\n\n<p class=\"wp-block-paragraph\">Como ministra de Relaciones Exteriores, Johnson Smith ha representado a Jamaica y la regi\u00f3n en numerosos foros bilaterales, regionales, hemisf\u00e9ricos e internacionales. Ha reafirmado el compromiso de Jamaica con el multilateralismo y una pol\u00edtica exterior basada en principios, asegurando que se lleve a cabo en consonancia con los objetivos de desarrollo nacional de Jamaica y el papel del pa\u00eds como buen ciudadano global.<\/p>\n\n\n\n<p class=\"wp-block-paragraph\">En cumplimiento de su compromiso de aumentar la influencia y visibilidad de Jamaica, la ministra Johnson Smith, entre otras iniciativas, ha presidido varias reuniones de alto nivel y ha ocupado puestos de liderazgo cruciales.<\/p>\n\n\n\n<p class=\"wp-block-paragraph\">En su primer a\u00f1o en el cargo (2016 y 2017), presidi\u00f3 el grupo CARIFORUM y, en esa capacidad, lider\u00f3 la apertura de conversaciones con el Reino Unido sobre los acuerdos comerciales posteriores al Brexit. En 2018, se desempe\u00f1\u00f3 como presidenta del Consejo de ministros de la ACP, presidiendo el proceso que asegur\u00f3 el mandato de negociaci\u00f3n de la ACP para un Acuerdo posterior a Coton\u00fa con la UE. Ese mismo a\u00f1o, tambi\u00e9n<\/p>\n\n\n\n<p class=\"wp-block-paragraph\">En 2018, Johnson Smith presidi\u00f3 el Consejo de ministros de Relaciones Exteriores de CARICOM y fue la primera ministra de Relaciones Exteriores de Jamaica invitada a las reuniones del G7 y del G20.<\/p>\n\n\n\n<p class=\"wp-block-paragraph\">Johnson Smith abogada de profesi\u00f3n que trabaj\u00f3 anteriormente en la pr\u00e1ctica privada y como abogado interno corporativo. Tiene una Licenciatura en Franc\u00e9s de la Universidad de las Indias Occidentales (Mona), una Licenciatura en Derecho de la Universidad de las Indias Occidentales (Cave Hill) y una Maestr\u00eda en Derecho Comercial de la Escuela de Econom\u00eda y Pol\u00edtica de Londres.<\/p>\n","protected":false},"excerpt":{"rendered":"<p>El presidente de la Rep\u00fablica, Luis Abinader, recibi\u00f3 este jueves a la ministra de Relaciones Exteriores y Comercio Exterior de Jamaica, Kamina Johnson Smith, durante un encuentro en el Palacio&hellip;<\/p>\n","protected":false},"author":2,"featured_media":66814,"comment_status":"open","ping_status":"open","sticky":false,"template":"","format":"standard","meta":{"content-type":"","_jetpack_newsletter_access":"","_jetpack_dont_email_post_to_subs":false,"_jetpack_newsletter_tier_id":0,"_jetpack_memberships_contains_paywalled_content":false,"_jetpack_feature_clip_id":0,"_jetpack_memberships_contains_paid_content":false,"footnotes":"","jetpack_post_was_ever_published":false},"categories":[35,25],"tags":[5520,67,9320,5263],"class_list":["post-66813","post","type-post","status-publish","format-standard","has-post-thumbnail","hentry","category-nacionales","category-portada","tag-jamaica","tag-luis-abinader","tag-ministra","tag-relaciones-exteriores"],"jetpack-related-posts":[{"id":67105,"url":"https:\/\/lasprimeras.com.do\/index.php\/2023\/11\/13\/ministra-de-relaciones-exteriores-de-jamaica-visitara-primer-ministro-andrew-holness\/","url_meta":{"origin":66813,"position":0},"title":"Ministra de Relaciones Exteriores de Jamaica visitara primer ministro Andrew Holness","author":"Nelson Feliz","date":"13 de noviembre de 2023","format":false,"excerpt":"La ministra de Relaciones Exteriores y Comercio Exterior de Jamaica, Kamina Johnson revel\u00f3 los detalles de su visita a la Rep\u00fablica Dominicana donde se reuni\u00f3 con el presidente Luis Abinader y el canciller Roberto \u00c1lvarez. Kamina Johnson, indic\u00f3 que en su reuni\u00f3n en el Palacio Nacional con el presidente Luis\u2026","rel":"","context":"En \u00abPORTADA\u00bb","block_context":{"text":"PORTADA","link":"https:\/\/lasprimeras.com.do\/index.php\/category\/portada\/"},"img":{"alt_text":"Kamina Johnson","src":"https:\/\/i0.wp.com\/lasprimeras.com.do\/wp-content\/uploads\/2023\/11\/WhatsApp-Image-2023-11-13-at-10.51.55-AM.jpeg?resize=350%2C200&ssl=1","width":350,"height":200,"srcset":"https:\/\/i0.wp.com\/lasprimeras.com.do\/wp-content\/uploads\/2023\/11\/WhatsApp-Image-2023-11-13-at-10.51.55-AM.jpeg?resize=350%2C200&ssl=1 1x, https:\/\/i0.wp.com\/lasprimeras.com.do\/wp-content\/uploads\/2023\/11\/WhatsApp-Image-2023-11-13-at-10.51.55-AM.jpeg?resize=525%2C300&ssl=1 1.5x, https:\/\/i0.wp.com\/lasprimeras.com.do\/wp-content\/uploads\/2023\/11\/WhatsApp-Image-2023-11-13-at-10.51.55-AM.jpeg?resize=700%2C400&ssl=1 2x, https:\/\/i0.wp.com\/lasprimeras.com.do\/wp-content\/uploads\/2023\/11\/WhatsApp-Image-2023-11-13-at-10.51.55-AM.jpeg?resize=1050%2C600&ssl=1 3x"},"classes":[]},{"id":51892,"url":"https:\/\/lasprimeras.com.do\/index.php\/2023\/06\/04\/rd-designa-su-primera-embajadora-en-las-bahamas-angie-martinez\/","url_meta":{"origin":66813,"position":1},"title":"RD designa su primera embajadora en Las Bahamas, Angie Mart\u00ednez","author":"prenxa100","date":"4 de junio de 2023","format":false,"excerpt":"El primer ministro bahame\u00f1o agradeci\u00f3 la ayuda dominicana al extraer su personal diplom\u00e1tico de Hait\u00ed y declar\u00f3 ser un gran amigo de la Rep\u00fablica Dominicana. La embajadora de carrera del Ministerio de Relaciones Exteriores, Angie Mart\u00ednez, present\u00f3 oficialmente sus cartas credenciales al gobernador de Las Bahamas, Cornelius Alvin Smith, representante\u2026","rel":"","context":"En \u00abNACIONALES\u00bb","block_context":{"text":"NACIONALES","link":"https:\/\/lasprimeras.com.do\/index.php\/category\/nacionales\/"},"img":{"alt_text":"","src":"","width":0,"height":0},"classes":[]},{"id":60838,"url":"https:\/\/lasprimeras.com.do\/index.php\/2023\/09\/19\/presidente-abinader-llega-a-la-onu-participa-en-apertura-del-debate-general\/","url_meta":{"origin":66813,"position":2},"title":"Presidente Abinader llega a la ONU; participa en apertura del debate general","author":"Nelson Feliz","date":"19 de septiembre de 2023","format":false,"excerpt":"Por Wilson P\u00e9rez New York.- El presidente Luis Abinader inici\u00f3 su agenda de este martes participando en la apertura de la 78 Asamblea General de la Organizaci\u00f3n de las Naciones Unidas (ONU), cuyas\u00a0palabras de bienvenida estuvieron a cargo del secretario general de la ONU, Antonio\u00a0Guterres. Acto seguido tom\u00f3 la palabra\u2026","rel":"","context":"En \u00abNACIONALES\u00bb","block_context":{"text":"NACIONALES","link":"https:\/\/lasprimeras.com.do\/index.php\/category\/nacionales\/"},"img":{"alt_text":"Elias Wessin Chavez","src":"https:\/\/i0.wp.com\/lasprimeras.com.do\/wp-content\/uploads\/2023\/09\/Elias-Wessin-Chavez-1.jpg?resize=350%2C200&ssl=1","width":350,"height":200,"srcset":"https:\/\/i0.wp.com\/lasprimeras.com.do\/wp-content\/uploads\/2023\/09\/Elias-Wessin-Chavez-1.jpg?resize=350%2C200&ssl=1 1x, https:\/\/i0.wp.com\/lasprimeras.com.do\/wp-content\/uploads\/2023\/09\/Elias-Wessin-Chavez-1.jpg?resize=525%2C300&ssl=1 1.5x, https:\/\/i0.wp.com\/lasprimeras.com.do\/wp-content\/uploads\/2023\/09\/Elias-Wessin-Chavez-1.jpg?resize=700%2C400&ssl=1 2x"},"classes":[]},{"id":92718,"url":"https:\/\/lasprimeras.com.do\/index.php\/2025\/01\/09\/edmundo-gonzalez-urrutia-llega-al-palacio-nacional-donde-sera-recibido-por-el-presidente-luis-abinader\/","url_meta":{"origin":66813,"position":3},"title":"Edmundo Gonz\u00e1lez Urrutia llega al Palacio Nacional donde ser\u00e1 recibido por el presidente Luis Abinader","author":"Nelson Feliz","date":"9 de enero de 2025","format":false,"excerpt":"El candidato de la coalici\u00f3n opositora de Venezuela, Edmundo Gonz\u00e1lez Urrutia, lleg\u00f3 este jueves al Palacio Nacional, donde ser\u00e1 recibido por el presidente Luis Abinader en un acto denominado \u201cApoyo a la democracia en Venezuela\u201d. La llegada de Gonz\u00e1lez Urrutia se produjo a las 11:10 de la ma\u00f1ana y de\u2026","rel":"","context":"En \u00abNACIONALES\u00bb","block_context":{"text":"NACIONALES","link":"https:\/\/lasprimeras.com.do\/index.php\/category\/nacionales\/"},"img":{"alt_text":"Edmundo Gonz\u00e1lez Urrutia","src":"https:\/\/i0.wp.com\/lasprimeras.com.do\/wp-content\/uploads\/2025\/01\/Edmundo-Gonzalez-Urrutia-1-1.jpg?resize=350%2C200&ssl=1","width":350,"height":200,"srcset":"https:\/\/i0.wp.com\/lasprimeras.com.do\/wp-content\/uploads\/2025\/01\/Edmundo-Gonzalez-Urrutia-1-1.jpg?resize=350%2C200&ssl=1 1x, https:\/\/i0.wp.com\/lasprimeras.com.do\/wp-content\/uploads\/2025\/01\/Edmundo-Gonzalez-Urrutia-1-1.jpg?resize=525%2C300&ssl=1 1.5x, https:\/\/i0.wp.com\/lasprimeras.com.do\/wp-content\/uploads\/2025\/01\/Edmundo-Gonzalez-Urrutia-1-1.jpg?resize=700%2C400&ssl=1 2x"},"classes":[]},{"id":132349,"url":"https:\/\/lasprimeras.com.do\/index.php\/2026\/06\/01\/presidente-abinader-recibe-a-su-homologa-de-surinam-jennifer-geerlings-simons-en-visita-oficial\/","url_meta":{"origin":66813,"position":4},"title":"Presidente Abinader recibe a su hom\u00f3loga de Surinam, Jennifer Geerlings-Simons, en visita oficial","author":"Nelson Feliz","date":"1 de junio de 2026","format":false,"excerpt":"Santo Domingo. -. El presidente Luis Abinader recibi\u00f3 este lunes a su hom\u00f3loga de la Rep\u00fablica de Surinam, Jennifer Geerlings-Simons, quien realiza una visita oficial al pa\u00eds para fortalecer las relaciones bilaterales y ampliar los espacios de cooperaci\u00f3n entre ambas naciones. La ceremonia de recibimiento de la mandataria surinamesa estuvo\u2026","rel":"","context":"En \u00abNACIONALES\u00bb","block_context":{"text":"NACIONALES","link":"https:\/\/lasprimeras.com.do\/index.php\/category\/nacionales\/"},"img":{"alt_text":"","src":"https:\/\/i0.wp.com\/lasprimeras.com.do\/wp-content\/uploads\/2026\/06\/IMG-20260601-WA0390-scaled.jpg?resize=350%2C200&ssl=1","width":350,"height":200,"srcset":"https:\/\/i0.wp.com\/lasprimeras.com.do\/wp-content\/uploads\/2026\/06\/IMG-20260601-WA0390-scaled.jpg?resize=350%2C200&ssl=1 1x, https:\/\/i0.wp.com\/lasprimeras.com.do\/wp-content\/uploads\/2026\/06\/IMG-20260601-WA0390-scaled.jpg?resize=525%2C300&ssl=1 1.5x, https:\/\/i0.wp.com\/lasprimeras.com.do\/wp-content\/uploads\/2026\/06\/IMG-20260601-WA0390-scaled.jpg?resize=700%2C400&ssl=1 2x, https:\/\/i0.wp.com\/lasprimeras.com.do\/wp-content\/uploads\/2026\/06\/IMG-20260601-WA0390-scaled.jpg?resize=1050%2C600&ssl=1 3x, https:\/\/i0.wp.com\/lasprimeras.com.do\/wp-content\/uploads\/2026\/06\/IMG-20260601-WA0390-scaled.jpg?resize=1400%2C800&ssl=1 4x"},"classes":[]},{"id":137436,"url":"https:\/\/lasprimeras.com.do\/index.php\/2026\/08\/16\/alvarez-resalta-su-gestion-diplomatica-tras-seis-anos-al-frente-del-mirex\/","url_meta":{"origin":66813,"position":5},"title":"\u00c1lvarez resalta su gesti\u00f3n diplom\u00e1tica tras seis a\u00f1os al frente del Mirex","author":"Nelson Feliz","date":"16 de agosto de 2026","format":false,"excerpt":"Santo Domingo.\u2014 Como parte de las reestructuraciones dispuestas por el Poder Ejecutivo este domingo, el presidente Luis Abinader design\u00f3 a V\u00edctor \"Ito\" Bison\u00f3 Haza como nuevo ministro de Relaciones Exteriores mediante el Decreto 554-26. Bison\u00f3 Haza asume la conducci\u00f3n de la Canciller\u00eda en sustituci\u00f3n de Roberto \u00c1lvarez, quien dimiti\u00f3 del\u2026","rel":"","context":"En \u00abNACIONALES\u00bb","block_context":{"text":"NACIONALES","link":"https:\/\/lasprimeras.com.do\/index.php\/category\/nacionales\/"},"img":{"alt_text":"Roberto \u00c1lvarez","src":"https:\/\/i0.wp.com\/lasprimeras.com.do\/wp-content\/uploads\/2023\/10\/Roberto-Alvarez.jpeg?resize=350%2C200&ssl=1","width":350,"height":200,"srcset":"https:\/\/i0.wp.com\/lasprimeras.com.do\/wp-content\/uploads\/2023\/10\/Roberto-Alvarez.jpeg?resize=350%2C200&ssl=1 1x, https:\/\/i0.wp.com\/lasprimeras.com.do\/wp-content\/uploads\/2023\/10\/Roberto-Alvarez.jpeg?resize=525%2C300&ssl=1 1.5x, https:\/\/i0.wp.com\/lasprimeras.com.do\/wp-content\/uploads\/2023\/10\/Roberto-Alvarez.jpeg?resize=700%2C400&ssl=1 2x"},"classes":[]}],"jetpack_sharing_enabled":true,"jetpack_featured_media_url":"https:\/\/lasprimeras.com.do\/wp-content\/uploads\/2023\/11\/Luis-Abinader-vs-Kamina-Johnson-Smith.jpg","_links":{"self":[{"href":"https:\/\/lasprimeras.com.do\/index.php\/wp-json\/wp\/v2\/posts\/66813","targetHints":{"allow":["GET"]}}],"collection":[{"href":"https:\/\/lasprimeras.com.do\/index.php\/wp-json\/wp\/v2\/posts"}],"about":[{"href":"https:\/\/lasprimeras.com.do\/index.php\/wp-json\/wp\/v2\/types\/post"}],"author":[{"embeddable":true,"href":"https:\/\/lasprimeras.com.do\/index.php\/wp-json\/wp\/v2\/users\/2"}],"replies":[{"embeddable":true,"href":"https:\/\/lasprimeras.com.do\/index.php\/wp-json\/wp\/v2\/comments?post=66813"}],"version-history":[{"count":1,"href":"https:\/\/lasprimeras.com.do\/index.php\/wp-json\/wp\/v2\/posts\/66813\/revisions"}],"predecessor-version":[{"id":66815,"href":"https:\/\/lasprimeras.com.do\/index.php\/wp-json\/wp\/v2\/posts\/66813\/revisions\/66815"}],"wp:featuredmedia":[{"embeddable":true,"href":"https:\/\/lasprimeras.com.do\/index.php\/wp-json\/wp\/v2\/media\/66814"}],"wp:attachment":[{"href":"https:\/\/lasprimeras.com.do\/index.php\/wp-json\/wp\/v2\/media?parent=66813"}],"wp:term":[{"taxonomy":"category","embeddable":true,"href":"https:\/\/lasprimeras.com.do\/index.php\/wp-json\/wp\/v2\/categories?post=66813"},{"taxonomy":"post_tag","embeddable":true,"href":"https:\/\/lasprimeras.com.do\/index.php\/wp-json\/wp\/v2\/tags?post=66813"}],"curies":[{"name":"wp","href":"https:\/\/api.w.org\/{rel}","templated":true}]}}