{"id":66947,"date":"2023-11-11T17:32:46","date_gmt":"2023-11-11T21:32:46","guid":{"rendered":"https:\/\/lasprimeras.com.do\/?p=66947"},"modified":"2023-11-11T17:32:47","modified_gmt":"2023-11-11T21:32:47","slug":"perfil-academico-e-historia-policial-del-general-francisco-osoria-nuevo-director-de-la-digesett","status":"publish","type":"post","link":"https:\/\/lasprimeras.com.do\/index.php\/2023\/11\/11\/perfil-academico-e-historia-policial-del-general-francisco-osoria-nuevo-director-de-la-digesett\/","title":{"rendered":"Perfil acad\u00e9mico e historia policial del general Francisco Osoria nuevo director de la DIGESETT"},"content":{"rendered":"\n<p class=\"wp-block-paragraph\">Por Martin Restituyo<\/p>\n\n\n\n<p class=\"wp-block-paragraph\">FRANCISCO OSORIA DE LA CRUZ es un oficial profesional, que ingreso el 1 de marzo 1987 en la escuela de entrenamiento del campamento operaciones especiales polic\u00eda Nacional. realizo los estudios en la Universidad Tecnol\u00f3gica de Santiago (UTESA), Lic. En Derecho (1993), 809-752-6662, C\u00e9dula 001-1184362-9 E-mail:franosoria@gmail.com<\/p>\n\n\n\n<p class=\"wp-block-paragraph\">DIRECCI\u00d3N Av. Rep\u00fablica de Colombia, Manzana C, EDF 11 APTO. 201 Ciudad Real II, Arroyo Hondo Tercero.<\/p>\n\n\n\n<p class=\"wp-block-paragraph\">Hizo el curso de idioma Espa\u00f1ol , REFERENCIAS Lic. Jes\u00fas Antonio V\u00e1squez Martin\u00e9s , Tel: 809-330-1335 , Ing. Eligio J\u00e1quez Tel: 809-299-7276 , Universidad Aut\u00f3noma de Santo Domingo (UASD) , Posgrado en Derecho Penal<\/p>\n\n\n\n<p class=\"wp-block-paragraph\">Otros estudio como Diplomado En Ciencias Sociales, Pol\u00edtica y Globalizaci\u00f3n en (UASD), Aplicaci\u00f3n y Procedimiento del C\u00f3digo Laboral Dominicano \u2013 (ARZOBISPADO DE SANTO DOMINGO), Derecho Internacional y Local Para los Refugiados con el Alto Comisionado de las Naciones Unidas \u2013 (ACNUR), Telecomunicaciones y Tecnolog\u00eda de la Informaci\u00f3n \u2013 (INSTITUTO DOMINICANO DE TELECOMUNICACIONES), \u00c9tica Deberes y Derechos del Servidor P\u00fablico \u2013 (INSTITUTO NACIONAL DE ADMINISTRACION PUBLICA), T\u00e9cnico en Inform\u00e1tica \u2013 (CENTU) Cursos de capacitaci\u00f3n policial, Diplomado En Altos Estudios Policiales \u2013 (Instituto Policial De Estudio Superiores \u2013 IPES) , Comando y Administraci\u00f3n de Compa\u00f1\u00edas \u2013 (Instituto Policial De Estudio Superiores \u2013 IPES) , Curso B\u00e1sico de Infanter\u00eda Para Oficiales \u2013 (Escuela de Infanter\u00eda para Oficiales \u2013 Ejercito Nacional) Inteligencia y Crimen Internacional Organizado \u2013 (Departamento Nacional de Investigaciones \u2013 DNI).<\/p>\n\n\n\n<p class=\"wp-block-paragraph\">-Protecci\u00f3n de Dignatarios (VIP) \u2013 (Departamento Nacional de<br>Investigaciones \u2013 DNI)<\/p>\n\n\n\n<p class=\"wp-block-paragraph\">-Curso Avanzado Para Oficiales Superiores \u2013 (Instituto Policial De<br>Estudio Superiores \u2013 IPES)<\/p>\n\n\n\n<p class=\"wp-block-paragraph\">-Comando y Operaciones Policiales \u2013 (Instituto Policial De Estudio<br>Superiores \u2013 IPES)<\/p>\n\n\n\n<p class=\"wp-block-paragraph\">-Delincuencia En La Rep. Dom., Motivaciones y Factores<br>Agravantes \u2013 (Oficina de Seguridad Ciudadana)<\/p>\n\n\n\n<p class=\"wp-block-paragraph\">-Prevenci\u00f3n de Drogodependencias \u2013 (Consejo Nacional de Drogas)<br>-Actualizaci\u00f3n E Interdicciones Policiales \u2013 (Direcci\u00f3n Central de<br>Educaci\u00f3n y Entrenamiento)<\/p>\n\n\n\n<p class=\"wp-block-paragraph\">-B\u00e1sico Nivelaci\u00f3n Policial Judicial \u2013 (Direcci\u00f3n y Entrenamiento,<br>P.N)- Dignidad Humana y Policial \u2013 (Instituto De Dignidad Humana \u2013<br>IDIH)<\/p>\n\n\n\n<p class=\"wp-block-paragraph\">Funciones Ocupadas Como Oficial General<\/p>\n\n\n\n<ul class=\"wp-block-list\">\n<li>Director Central de Operaciones Policiales<\/li>\n\n\n\n<li>Director Regional Noreste<\/li>\n\n\n\n<li>Director Regional Este<\/li>\n\n\n\n<li>Director Central de Asuntos Internos de la Polic\u00eda Nacional<br>Funciones Como Oficial Superior<br>Comandante Departamentos:<\/li>\n<\/ul>\n\n\n\n<p class=\"wp-block-paragraph\">Hato Mayor del Rey<br>Santa Cruz del Seibo<br>Dajab\u00f3n<\/p>\n\n\n\n<p class=\"wp-block-paragraph\">Comandante del Municipio Yamas\u00e1 Provincia Monte Plata<\/p>\n\n\n\n<p class=\"wp-block-paragraph\">Comandante del Municipio Villa Hermosa Provincia La Romana<\/p>\n\n\n\n<p class=\"wp-block-paragraph\">Comandante del Municipio de Bayaguana Provincia Monte Plata<\/p>\n\n\n\n<p class=\"wp-block-paragraph\">Oficial Ejecutivo del Campamento de Operaciones Especiales Polic\u00eda<br>Nacional<\/p>\n\n\n\n<p class=\"wp-block-paragraph\">Comandante del Municipio de Tenares Provincia Hermanas Mirabal<\/p>\n\n\n\n<p class=\"wp-block-paragraph\">Comandante del Municipio de Cabarete Provincia Puerto Plata<\/p>\n\n\n\n<p class=\"wp-block-paragraph\">Subdirector de la Direcci\u00f3n Central de Anti Narc\u00f3ticos Provincia<br>Puerto Plata<\/p>\n\n\n\n<p class=\"wp-block-paragraph\">Subdirector de la Direcci\u00f3n Central de Anti Narc\u00f3ticos Provincia<br>Santiago<\/p>\n\n\n\n<p class=\"wp-block-paragraph\">Subdirector de la Direcci\u00f3n Central de Anti Narc\u00f3ticos Provincia La<br>Romana<\/p>\n\n\n\n<p class=\"wp-block-paragraph\">Subdirector de la Direcci\u00f3n Central de Anti Narc\u00f3ticos Provincia<br>Duarte<\/p>\n\n\n\n<p class=\"wp-block-paragraph\">Subdirector de la Direcci\u00f3n Central de Anti Narc\u00f3ticos Santo<br>Domingo Norte<\/p>\n\n\n\n<p class=\"wp-block-paragraph\">Subdirector de la Direcci\u00f3n Central de Anti Narc\u00f3ticos Provincia San<br>Pedro de Macor\u00eds<\/p>\n\n\n\n<p class=\"wp-block-paragraph\">Subdirector de la Direcci\u00f3n Central de Investigaci\u00f3n Criminales<br>(DCRIM), Santo Domingo Oeste<\/p>\n\n\n\n<p class=\"wp-block-paragraph\">Subdirector de la Direcci\u00f3n Central Asuntos Internos, San Francisco<br>de Macor\u00eds<\/p>\n\n\n\n<p class=\"wp-block-paragraph\">Subdirector de la Direcci\u00f3n Central Asuntos Internos, Monse\u00f1or<br>Nouel<\/p>\n\n\n\n<p class=\"wp-block-paragraph\">Subdirector de la Direcci\u00f3n Central Asuntos Internos, San Juan<\/p>\n\n\n\n<p class=\"wp-block-paragraph\">Subdirector de la Direcci\u00f3n Central Asuntos Internos, Barahona<\/p>\n\n\n\n<p class=\"wp-block-paragraph\">Funciones Ocupadas Como Oficial Subalterno<\/p>\n\n\n\n<p class=\"wp-block-paragraph\">Comandante de los siguientes destacamentos:<br>-Destacamento de San Carlos<br>-Destacamento Villa Francisca<br>-Destacamento Villa Consuelo<br>-Destacamento Comedor Econ\u00f3mico De Cristo Rey<br>-Destacamento La 40 de Cristo Rey<br>-Destacamento Villa Juana<br>-Destacamento Villa Liberaci\u00f3n Santo Domingo Este<\/p>\n\n\n\n<p class=\"wp-block-paragraph\">Encargado de redacci\u00f3n en la oficina de relaciones p\u00fablicas de la<br>polic\u00eda nacional.<\/p>\n\n\n\n<p class=\"wp-block-paragraph\">Encargado de Seguridad de la Contralor\u00eda General de la Republica<br>Comandante de las 32 Compa\u00f1\u00eda Provincia Mar\u00eda Trinidad S\u00e1nchez<br>Comandante de las 42 Compa\u00f1\u00eda Municipio Cabrera.<\/p>\n\n\n\n<p class=\"wp-block-paragraph\">Jefe de Seguridad del Presidente del SENADO Jes\u00fas Antonio<br>V\u00e1squez.<\/p>\n","protected":false},"excerpt":{"rendered":"<p>Por Martin Restituyo FRANCISCO OSORIA DE LA CRUZ es un oficial profesional, que ingreso el 1 de marzo 1987 en la escuela de entrenamiento del campamento operaciones especiales polic\u00eda Nacional.&hellip;<\/p>\n","protected":false},"author":2,"featured_media":66948,"comment_status":"open","ping_status":"open","sticky":false,"template":"","format":"standard","meta":{"content-type":"","_jetpack_newsletter_access":"","_jetpack_dont_email_post_to_subs":false,"_jetpack_newsletter_tier_id":0,"_jetpack_memberships_contains_paywalled_content":false,"_jetpack_feature_clip_id":0,"_jetpack_memberships_contains_paid_content":false,"footnotes":"","jetpack_post_was_ever_published":false},"categories":[35,25],"tags":[520,244,9360,960,9361,1266],"class_list":["post-66947","post","type-post","status-publish","format-standard","has-post-thumbnail","hentry","category-nacionales","category-portada","tag-academico","tag-digesett","tag-francisco-osoria","tag-historia","tag-perfil","tag-policial"],"jetpack-related-posts":[{"id":66692,"url":"https:\/\/lasprimeras.com.do\/index.php\/2023\/11\/08\/francisco-osoria-de-la-cruz-nuevo-director-de-la-digesett\/","url_meta":{"origin":66947,"position":0},"title":"Francisco Osoria de la Cruz, nuevo director de la Digesett","author":"BIMARY DE JES\u00daS Matos","date":"8 de noviembre de 2023","format":false,"excerpt":"Santo Domingo.-El presidente Luis Abinader design\u00f3 mediante decreto al general Francisco Osoria de la Cruz como nuevo director general de Seguridad de Tr\u00e1nsito y Transporte Terrestre (Digesett), en sustituci\u00f3n de Ram\u00f3n Antonio Guzm\u00e1n Peralta, quien fue designado mediante el mismo decreto como director de la Polic\u00eda Nacional. La designaci\u00f3n fechada\u2026","rel":"","context":"En \u00abNACIONALES\u00bb","block_context":{"text":"NACIONALES","link":"https:\/\/lasprimeras.com.do\/index.php\/category\/nacionales\/"},"img":{"alt_text":"","src":"https:\/\/i0.wp.com\/lasprimeras.com.do\/wp-content\/uploads\/2023\/11\/WhatsApp-Image-2023-11-08-at-2.23.52-PM-1.jpeg?resize=350%2C200&ssl=1","width":350,"height":200,"srcset":"https:\/\/i0.wp.com\/lasprimeras.com.do\/wp-content\/uploads\/2023\/11\/WhatsApp-Image-2023-11-08-at-2.23.52-PM-1.jpeg?resize=350%2C200&ssl=1 1x, https:\/\/i0.wp.com\/lasprimeras.com.do\/wp-content\/uploads\/2023\/11\/WhatsApp-Image-2023-11-08-at-2.23.52-PM-1.jpeg?resize=525%2C300&ssl=1 1.5x, https:\/\/i0.wp.com\/lasprimeras.com.do\/wp-content\/uploads\/2023\/11\/WhatsApp-Image-2023-11-08-at-2.23.52-PM-1.jpeg?resize=700%2C400&ssl=1 2x"},"classes":[]},{"id":66668,"url":"https:\/\/lasprimeras.com.do\/index.php\/2023\/11\/08\/abinader-designa-a-guzman-peralta-como-director-pn-then-pasa-a-retiro\/","url_meta":{"origin":66947,"position":1},"title":"Abinader designa a Guzm\u00e1n Peralta como director PN; Then pasa a retiro","author":"Nelson Feliz","date":"8 de noviembre de 2023","format":false,"excerpt":"Por Martin Restituyo El presidente de la Rep\u00fablica Luis Abinader, design\u00f3 al general Ram\u00f3n Antonio Guzm\u00e1n Peralta, P.N., como director general de la Polic\u00eda Nacional, mientras que el mayor general Eduardo Alberto Then, fue designado como asesor del presidente de la Rep\u00fablica. La designaci\u00f3n de Guzm\u00e1n Peralta est\u00e1 contenida en\u2026","rel":"","context":"En \u00abMILITARES\u00bb","block_context":{"text":"MILITARES","link":"https:\/\/lasprimeras.com.do\/index.php\/category\/militares\/"},"img":{"alt_text":"Guzm\u00e1n Peralta","src":"https:\/\/i0.wp.com\/lasprimeras.com.do\/wp-content\/uploads\/2023\/11\/Guzman.jpg?resize=350%2C200&ssl=1","width":350,"height":200,"srcset":"https:\/\/i0.wp.com\/lasprimeras.com.do\/wp-content\/uploads\/2023\/11\/Guzman.jpg?resize=350%2C200&ssl=1 1x, https:\/\/i0.wp.com\/lasprimeras.com.do\/wp-content\/uploads\/2023\/11\/Guzman.jpg?resize=525%2C300&ssl=1 1.5x, https:\/\/i0.wp.com\/lasprimeras.com.do\/wp-content\/uploads\/2023\/11\/Guzman.jpg?resize=700%2C400&ssl=1 2x"},"classes":[]},{"id":79651,"url":"https:\/\/lasprimeras.com.do\/index.php\/2024\/03\/29\/director-de-la-digesett-supervisa-la-zona-este-del-pais\/","url_meta":{"origin":66947,"position":2},"title":"Director de la DIGESETT supervisa la zona Este del pa\u00eds","author":"Nelson Feliz","date":"29 de marzo de 2024","format":false,"excerpt":"El general Osoria entrega kit de primeros auxilios, casco protector y manuales de prevenci\u00f3n a conductores en los distintos peajes. Por Martin Restituyo El director de la Direcci\u00f3n General de Seguridad de Tr\u00e1nsito y Transporte Terrestre (DIGESETT), general Francisco Osoria de la Cruz, realiz\u00f3 un recorrido por la zona Este\u2026","rel":"","context":"En \u00abMILITARES\u00bb","block_context":{"text":"MILITARES","link":"https:\/\/lasprimeras.com.do\/index.php\/category\/militares\/"},"img":{"alt_text":"Francisco Osoria","src":"https:\/\/i0.wp.com\/lasprimeras.com.do\/wp-content\/uploads\/2024\/03\/Francisco-Osoria-1.jpg?resize=350%2C200&ssl=1","width":350,"height":200,"srcset":"https:\/\/i0.wp.com\/lasprimeras.com.do\/wp-content\/uploads\/2024\/03\/Francisco-Osoria-1.jpg?resize=350%2C200&ssl=1 1x, https:\/\/i0.wp.com\/lasprimeras.com.do\/wp-content\/uploads\/2024\/03\/Francisco-Osoria-1.jpg?resize=525%2C300&ssl=1 1.5x, https:\/\/i0.wp.com\/lasprimeras.com.do\/wp-content\/uploads\/2024\/03\/Francisco-Osoria-1.jpg?resize=700%2C400&ssl=1 2x"},"classes":[]},{"id":75124,"url":"https:\/\/lasprimeras.com.do\/index.php\/2024\/01\/29\/digesett-detiene-motocicletas-corredoras-y-vehiculos-en-carreras-clandestinas\/","url_meta":{"origin":66947,"position":3},"title":"DIGESETT detiene motocicletas corredoras y veh\u00edculos en carreras clandestinas","author":"BIMARY DE JES\u00daS Matos","date":"29 de enero de 2024","format":false,"excerpt":"Martin Restituyo Santo DomingoEn coordinaci\u00f3n con la Polic\u00eda Preventiva y el departamento de Inteligencia Vial de la Direcci\u00f3n General de Seguridad de Tr\u00e1nsito y Transporte Terrestre (DIGESETT) se logr\u00f3 detener cinco (5) motocicletas conocidas como \"corredoras\" y tres (3) veh\u00edculos utilizados como transporte en las carreras clandestinas. Estas motocicletas, que\u2026","rel":"","context":"En \u00abPORTADA\u00bb","block_context":{"text":"PORTADA","link":"https:\/\/lasprimeras.com.do\/index.php\/category\/portada\/"},"img":{"alt_text":"","src":"https:\/\/i0.wp.com\/lasprimeras.com.do\/wp-content\/uploads\/2024\/01\/WhatsApp-Image-2024-01-29-at-3.07.47-PM.jpeg?resize=350%2C200&ssl=1","width":350,"height":200,"srcset":"https:\/\/i0.wp.com\/lasprimeras.com.do\/wp-content\/uploads\/2024\/01\/WhatsApp-Image-2024-01-29-at-3.07.47-PM.jpeg?resize=350%2C200&ssl=1 1x, https:\/\/i0.wp.com\/lasprimeras.com.do\/wp-content\/uploads\/2024\/01\/WhatsApp-Image-2024-01-29-at-3.07.47-PM.jpeg?resize=525%2C300&ssl=1 1.5x, https:\/\/i0.wp.com\/lasprimeras.com.do\/wp-content\/uploads\/2024\/01\/WhatsApp-Image-2024-01-29-at-3.07.47-PM.jpeg?resize=700%2C400&ssl=1 2x, https:\/\/i0.wp.com\/lasprimeras.com.do\/wp-content\/uploads\/2024\/01\/WhatsApp-Image-2024-01-29-at-3.07.47-PM.jpeg?resize=1050%2C600&ssl=1 3x"},"classes":[]},{"id":79080,"url":"https:\/\/lasprimeras.com.do\/index.php\/2024\/03\/23\/digesett-sigue-firme-con-los-operativos-para-hacer-cumplir-la-ley-de-transito\/","url_meta":{"origin":66947,"position":4},"title":"Digesett sigue firme con los operativos para hacer cumplir la ley de tr\u00e1nsito","author":"Juana Mercedes","date":"23 de marzo de 2024","format":false,"excerpt":"El director de la Direcci\u00f3n General de Seguridad de Tr\u00e1nsito y Transperrestre\u00a0(Digesett) general\u00a0Francisco Osoria de la Cruz,\u00a0garantiz\u00f3 que la entidad, implementa\u00a0operativos\u00a0para disminuir los\u00a0accidentes de tr\u00e1nsito\u00a0y hacer cumplir la\u00a0Ley 63-17 en la Rep\u00fablica Dominicana. La entidad revel\u00f3 en datos estad\u00edsticos que en los operativos realizados por los agentes de la Digesett\u2026","rel":"","context":"En \u00abMILITARES\u00bb","block_context":{"text":"MILITARES","link":"https:\/\/lasprimeras.com.do\/index.php\/category\/militares\/"},"img":{"alt_text":"Francisco Osoria de la Cruz","src":"https:\/\/i0.wp.com\/lasprimeras.com.do\/wp-content\/uploads\/2023\/12\/Francisco-Osoria-de-la-Cruz.jpg?resize=350%2C200&ssl=1","width":350,"height":200,"srcset":"https:\/\/i0.wp.com\/lasprimeras.com.do\/wp-content\/uploads\/2023\/12\/Francisco-Osoria-de-la-Cruz.jpg?resize=350%2C200&ssl=1 1x, https:\/\/i0.wp.com\/lasprimeras.com.do\/wp-content\/uploads\/2023\/12\/Francisco-Osoria-de-la-Cruz.jpg?resize=525%2C300&ssl=1 1.5x, https:\/\/i0.wp.com\/lasprimeras.com.do\/wp-content\/uploads\/2023\/12\/Francisco-Osoria-de-la-Cruz.jpg?resize=700%2C400&ssl=1 2x"},"classes":[]},{"id":72207,"url":"https:\/\/lasprimeras.com.do\/index.php\/2023\/12\/27\/director-de-la-digesett-dispone-cambios-en-dotacion-completa-de-yamasa\/","url_meta":{"origin":66947,"position":5},"title":"Director de la DIGESETT dispone cambios en dotaci\u00f3n completa de Yamas\u00e1","author":"Nelson Feliz","date":"27 de diciembre de 2023","format":false,"excerpt":"Por Martin Restituyo El director de la Direcci\u00f3n General de Seguridad de Tr\u00e1nsito y Transporte Terrestre (DIGESETT), general Francisco Osoria de la Cruz, dispuso el cambio de la dotaci\u00f3n completa del municipio de Yamas\u00e1, provincia Monte Plata. Esta decisi\u00f3n se produjo a ra\u00edz de estos permitir que un conductor abordara\u2026","rel":"","context":"En \u00abMILITARES\u00bb","block_context":{"text":"MILITARES","link":"https:\/\/lasprimeras.com.do\/index.php\/category\/militares\/"},"img":{"alt_text":"Francisco Osoria de la Cruz","src":"https:\/\/i0.wp.com\/lasprimeras.com.do\/wp-content\/uploads\/2023\/12\/Francisco-Osoria-de-la-Cruz.jpg?resize=350%2C200&ssl=1","width":350,"height":200,"srcset":"https:\/\/i0.wp.com\/lasprimeras.com.do\/wp-content\/uploads\/2023\/12\/Francisco-Osoria-de-la-Cruz.jpg?resize=350%2C200&ssl=1 1x, https:\/\/i0.wp.com\/lasprimeras.com.do\/wp-content\/uploads\/2023\/12\/Francisco-Osoria-de-la-Cruz.jpg?resize=525%2C300&ssl=1 1.5x, https:\/\/i0.wp.com\/lasprimeras.com.do\/wp-content\/uploads\/2023\/12\/Francisco-Osoria-de-la-Cruz.jpg?resize=700%2C400&ssl=1 2x"},"classes":[]}],"jetpack_sharing_enabled":true,"jetpack_featured_media_url":"https:\/\/lasprimeras.com.do\/wp-content\/uploads\/2023\/11\/osoria.jpg","_links":{"self":[{"href":"https:\/\/lasprimeras.com.do\/index.php\/wp-json\/wp\/v2\/posts\/66947","targetHints":{"allow":["GET"]}}],"collection":[{"href":"https:\/\/lasprimeras.com.do\/index.php\/wp-json\/wp\/v2\/posts"}],"about":[{"href":"https:\/\/lasprimeras.com.do\/index.php\/wp-json\/wp\/v2\/types\/post"}],"author":[{"embeddable":true,"href":"https:\/\/lasprimeras.com.do\/index.php\/wp-json\/wp\/v2\/users\/2"}],"replies":[{"embeddable":true,"href":"https:\/\/lasprimeras.com.do\/index.php\/wp-json\/wp\/v2\/comments?post=66947"}],"version-history":[{"count":1,"href":"https:\/\/lasprimeras.com.do\/index.php\/wp-json\/wp\/v2\/posts\/66947\/revisions"}],"predecessor-version":[{"id":66949,"href":"https:\/\/lasprimeras.com.do\/index.php\/wp-json\/wp\/v2\/posts\/66947\/revisions\/66949"}],"wp:featuredmedia":[{"embeddable":true,"href":"https:\/\/lasprimeras.com.do\/index.php\/wp-json\/wp\/v2\/media\/66948"}],"wp:attachment":[{"href":"https:\/\/lasprimeras.com.do\/index.php\/wp-json\/wp\/v2\/media?parent=66947"}],"wp:term":[{"taxonomy":"category","embeddable":true,"href":"https:\/\/lasprimeras.com.do\/index.php\/wp-json\/wp\/v2\/categories?post=66947"},{"taxonomy":"post_tag","embeddable":true,"href":"https:\/\/lasprimeras.com.do\/index.php\/wp-json\/wp\/v2\/tags?post=66947"}],"curies":[{"name":"wp","href":"https:\/\/api.w.org\/{rel}","templated":true}]}}