{"id":66950,"date":"2023-11-11T17:54:38","date_gmt":"2023-11-11T21:54:38","guid":{"rendered":"https:\/\/lasprimeras.com.do\/?p=66950"},"modified":"2023-11-11T17:54:40","modified_gmt":"2023-11-11T21:54:40","slug":"comerciantes-mayoristas-exhortan-dar-marcha-atras-a-huelga-convocada-este-lunes-en-el-cibao","status":"publish","type":"post","link":"https:\/\/lasprimeras.com.do\/index.php\/2023\/11\/11\/comerciantes-mayoristas-exhortan-dar-marcha-atras-a-huelga-convocada-este-lunes-en-el-cibao\/","title":{"rendered":"Comerciantes Mayoristas exhortan dar marcha atr\u00e1s a huelga convocada este lunes en el Cibao"},"content":{"rendered":"\n<p class=\"wp-block-paragraph\">La Asociaci\u00f3n de Comerciantes Mayoristas de Provisiones de Santo Domingo (AMAPROSADO), consider\u00f3 inoportuna la manifestaci\u00f3n e inst\u00f3 a los grupos populares convocantes\u00a0 a huelga este lunes 13 de noviembre en la regi\u00f3n del Cibao, a dejar sin efecto dicha manifestaci\u00f3n.<\/p>\n\n\n\n<p class=\"wp-block-paragraph\">En tal sentido, Andr\u00e9s Cosma, presidente de AMAPROSADO, exhort\u00f3 a sus integrantes en la regi\u00f3n del Cibao, a no acogerse al llamado a manifestaci\u00f3n y abrir sus puertas, tras indicar que de por s\u00ed el comercio ha sido impactado negativamente por la crisis haitiana y las confrontaciones que mantiene la vecina naci\u00f3n con la Rep\u00fablica Dominicana.<\/p>\n\n\n\n<p class=\"wp-block-paragraph\">Consider\u00f3, que no es propicia la ocasi\u00f3n para acatar el llamado a paro convocado por organizaciones sociales en la regi\u00f3n del Cibao, tras advertir que esa situaci\u00f3n afectar\u00e1 considerablemente al sector comercio y a los consumidores en sentido general.<\/p>\n\n\n\n<p class=\"wp-block-paragraph\">De igual manera, Andr\u00e9s Cosma, record\u00f3 que &#8220;el sector comercio se ha visto sensiblemente afectado por el cierre de la frontera con Hait\u00ed y los&nbsp; conflictos subsiguientes, entonces, atendiendo a esa realidad, no podemos seguir entorpeciendo nuestras operaciones, ya que en resumida cuenta, lo que hace es perjudicarnos&#8221; dijo.<\/p>\n\n\n\n<p class=\"wp-block-paragraph\">Ante esta situaci\u00f3n, reiter\u00f3 el llamado a sus aliados e integrantes en la zona norte del pa\u00eds, para que contin\u00faen laborando de manera cotidiana, para evitar m\u00e1s p\u00e9rdidas, al considerar inoportuna la manifestaci\u00f3n convocada.<\/p>\n\n\n\n<p class=\"wp-block-paragraph\">Dirigentes sociales y organizaciones populares, han convocado para este lunes 13 de noviembre a manifestaciones colectivas en varias provincias de la Regi\u00f3n del Cibao y la l\u00ednea Noroeste, en una jornada de huelga y movilizaci\u00f3n&nbsp; que ha Sido rechazada por distintos sectores de la vida nacional.<\/p>\n","protected":false},"excerpt":{"rendered":"<p>La Asociaci\u00f3n de Comerciantes Mayoristas de Provisiones de Santo Domingo (AMAPROSADO), consider\u00f3 inoportuna la manifestaci\u00f3n e inst\u00f3 a los grupos populares convocantes\u00a0 a huelga este lunes 13 de noviembre en&hellip;<\/p>\n","protected":false},"author":2,"featured_media":52793,"comment_status":"open","ping_status":"open","sticky":false,"template":"","format":"standard","meta":{"content-type":"","_jetpack_newsletter_access":"","_jetpack_dont_email_post_to_subs":false,"_jetpack_newsletter_tier_id":0,"_jetpack_memberships_contains_paywalled_content":false,"_jetpack_feature_clip_id":0,"_jetpack_memberships_contains_paid_content":false,"footnotes":"","jetpack_post_was_ever_published":false},"categories":[39,25],"tags":[2966,1449,1132,80,4526],"class_list":["post-66950","post","type-post","status-publish","format-standard","has-post-thumbnail","hentry","category-economia","category-portada","tag-cibao","tag-comerciantes","tag-huelga","tag-marcha","tag-mayoristas"],"jetpack-related-posts":[{"id":66921,"url":"https:\/\/lasprimeras.com.do\/index.php\/2023\/11\/10\/cncp-se-opone-a-huelga-convocada-en-el-cibao\/","url_meta":{"origin":66950,"position":0},"title":"CNCP se opone a huelga convocada en el Cibao","author":"Nelson Feliz","date":"10 de noviembre de 2023","format":false,"excerpt":"Pide autoridades garantizar seguridad de comerciantes. El Consejo Nacional del Comercio en Provisiones (CNCP) manifest\u00f3 su oposici\u00f3n al llamado a huelga en la regi\u00f3n del Cibao realizado por grupos populares para el pr\u00f3ximo lunes 13 de noviembre. El Comit\u00e9 Ejecutivo del CNCP, encabezado por el presidente de esa instituci\u00f3n, Alberto\u2026","rel":"","context":"En \u00abECONOM\u00cdA\u00bb","block_context":{"text":"ECONOM\u00cdA","link":"https:\/\/lasprimeras.com.do\/index.php\/category\/economia\/"},"img":{"alt_text":"Alberto Leroux","src":"https:\/\/i0.wp.com\/lasprimeras.com.do\/wp-content\/uploads\/2023\/11\/Alberto-Leroux.jpg?resize=350%2C200&ssl=1","width":350,"height":200,"srcset":"https:\/\/i0.wp.com\/lasprimeras.com.do\/wp-content\/uploads\/2023\/11\/Alberto-Leroux.jpg?resize=350%2C200&ssl=1 1x, https:\/\/i0.wp.com\/lasprimeras.com.do\/wp-content\/uploads\/2023\/11\/Alberto-Leroux.jpg?resize=525%2C300&ssl=1 1.5x, https:\/\/i0.wp.com\/lasprimeras.com.do\/wp-content\/uploads\/2023\/11\/Alberto-Leroux.jpg?resize=700%2C400&ssl=1 2x"},"classes":[]},{"id":134763,"url":"https:\/\/lasprimeras.com.do\/index.php\/2026\/07\/16\/asociaciones-comerciales-reconocen-gestion-de-abinader-en-el-hospedaje-yaque\/","url_meta":{"origin":66950,"position":1},"title":"Asociaciones comerciales reconocen gesti\u00f3n de Abinader en el Hospedaje Yaque","author":"Nelson Feliz","date":"16 de julio de 2026","format":false,"excerpt":"Mandatario reitera que seguir\u00e1 escuchando a los sectores productivos y priorizando las obras que impulsen el desarrollo y mejoren la calidad de vida de la poblaci\u00f3n. Santiago.\u2013 El presidente Luis Abinader recibi\u00f3 este mi\u00e9rcoles un reconocimiento de la Asociaci\u00f3n de Mayoristas en Provisiones de Santiago (Amaprosan), junto con las principales\u2026","rel":"","context":"En \u00abECONOM\u00cdA\u00bb","block_context":{"text":"ECONOM\u00cdA","link":"https:\/\/lasprimeras.com.do\/index.php\/category\/economia\/"},"img":{"alt_text":"","src":"https:\/\/i0.wp.com\/lasprimeras.com.do\/wp-content\/uploads\/2026\/07\/Luis-Abinader-12.jpg?resize=350%2C200&ssl=1","width":350,"height":200,"srcset":"https:\/\/i0.wp.com\/lasprimeras.com.do\/wp-content\/uploads\/2026\/07\/Luis-Abinader-12.jpg?resize=350%2C200&ssl=1 1x, https:\/\/i0.wp.com\/lasprimeras.com.do\/wp-content\/uploads\/2026\/07\/Luis-Abinader-12.jpg?resize=525%2C300&ssl=1 1.5x, https:\/\/i0.wp.com\/lasprimeras.com.do\/wp-content\/uploads\/2026\/07\/Luis-Abinader-12.jpg?resize=700%2C400&ssl=1 2x"},"classes":[]},{"id":128307,"url":"https:\/\/lasprimeras.com.do\/index.php\/2026\/04\/21\/osvaldo-brito-anunciara-convocatoria-a-huelga-en-el-cibao\/","url_meta":{"origin":66950,"position":2},"title":"Osvaldo Brito anunciara convocatoria a huelga en el Cibao","author":"Nelson Feliz","date":"21 de abril de 2026","format":false,"excerpt":"El vocero de la Coalici\u00f3n del Cibao, Osvaldo Brito, ofrecer\u00e1 detalles sobre el llamado a huelga, movilizaciones y protestas convocadas en la regi\u00f3n norte del pa\u00eds, a traves del programa Licey Informativo. Durante la entrevista, Brito abordar\u00e1 las razones que han llevado a la Coalici\u00f3n de Organizaciones Populares del Cibao\u2026","rel":"","context":"En \u00abNACIONALES\u00bb","block_context":{"text":"NACIONALES","link":"https:\/\/lasprimeras.com.do\/index.php\/category\/nacionales\/"},"img":{"alt_text":"","src":"https:\/\/i0.wp.com\/lasprimeras.com.do\/wp-content\/uploads\/2026\/04\/Osvaldo-Brito.jpg?resize=350%2C200&ssl=1","width":350,"height":200,"srcset":"https:\/\/i0.wp.com\/lasprimeras.com.do\/wp-content\/uploads\/2026\/04\/Osvaldo-Brito.jpg?resize=350%2C200&ssl=1 1x, https:\/\/i0.wp.com\/lasprimeras.com.do\/wp-content\/uploads\/2026\/04\/Osvaldo-Brito.jpg?resize=525%2C300&ssl=1 1.5x, https:\/\/i0.wp.com\/lasprimeras.com.do\/wp-content\/uploads\/2026\/04\/Osvaldo-Brito.jpg?resize=700%2C400&ssl=1 2x"},"classes":[]},{"id":66988,"url":"https:\/\/lasprimeras.com.do\/index.php\/2023\/11\/12\/comerciantes-y-diversos-sectores-anuncian-no-suspenderan-labores-por-huelga\/","url_meta":{"origin":66950,"position":3},"title":"Comerciantes y diversos sectores anuncian no suspender\u00e1n labores por huelga","author":"Nelson Feliz","date":"12 de noviembre de 2023","format":false,"excerpt":"Gobierno garantiza seguridad con tropas que llegar\u00e1n a SFM este domingo. La C\u00e1mara de Comercio de la Provincia Duarte, la Asociaci\u00f3n de Comerciantes, ch\u00f3feres y otras entidades anunciaron estar\u00e1n ofreciendo sus servicios este lunes, en rechazo a los m\u00e9todos utilizados por los convocantes a la huelga, mientras que el refuerzo\u2026","rel":"","context":"En \u00abNACIONALES\u00bb","block_context":{"text":"NACIONALES","link":"https:\/\/lasprimeras.com.do\/index.php\/category\/nacionales\/"},"img":{"alt_text":"comerciantes","src":"https:\/\/i0.wp.com\/lasprimeras.com.do\/wp-content\/uploads\/2023\/11\/comerciantes-1.jpg?resize=350%2C200&ssl=1","width":350,"height":200,"srcset":"https:\/\/i0.wp.com\/lasprimeras.com.do\/wp-content\/uploads\/2023\/11\/comerciantes-1.jpg?resize=350%2C200&ssl=1 1x, https:\/\/i0.wp.com\/lasprimeras.com.do\/wp-content\/uploads\/2023\/11\/comerciantes-1.jpg?resize=525%2C300&ssl=1 1.5x"},"classes":[]},{"id":107305,"url":"https:\/\/lasprimeras.com.do\/index.php\/2025\/08\/25\/movimiento-popular-convoca-velatorio-contra-edenorte-apagones-y-alzas-en-tarifas-electricas-en-moca\/","url_meta":{"origin":66950,"position":4},"title":"Movimiento Popular convoca velatorio contra Edenorte, apagones y alzas en tarifas el\u00e9ctricas en Moca","author":"Nelson Feliz","date":"25 de agosto de 2025","format":false,"excerpt":"El pr\u00f3ximo martes 26, a las 10:00 de la ma\u00f1ana, se llevar\u00e1 a cabo una manifestaci\u00f3n simb\u00f3lica denominada \u201cVelatorio de Edenorte, por los prolongados apagones y los aumentos de las tarifas el\u00e9ctricas\u201d, frente a las oficinas de Edenorte en Moca. La actividad es organizada por el Movimiento Popular Los Peregrinos\u2026","rel":"","context":"En \u00abNACIONALES\u00bb","block_context":{"text":"NACIONALES","link":"https:\/\/lasprimeras.com.do\/index.php\/category\/nacionales\/"},"img":{"alt_text":"","src":"https:\/\/i0.wp.com\/lasprimeras.com.do\/wp-content\/uploads\/2025\/08\/velas.jpg?resize=350%2C200&ssl=1","width":350,"height":200,"srcset":"https:\/\/i0.wp.com\/lasprimeras.com.do\/wp-content\/uploads\/2025\/08\/velas.jpg?resize=350%2C200&ssl=1 1x, https:\/\/i0.wp.com\/lasprimeras.com.do\/wp-content\/uploads\/2025\/08\/velas.jpg?resize=525%2C300&ssl=1 1.5x"},"classes":[]},{"id":135282,"url":"https:\/\/lasprimeras.com.do\/index.php\/2026\/07\/22\/amaprosan-concluye-exitosamente-y-gran-asistencia-la-feria-expo-amaprosan-2026\/","url_meta":{"origin":66950,"position":5},"title":"AMAPROSAN concluye \u00e9xitosamente y gran asistencia la feria &#8220;Expo Amaprosan 2026&#8221;","author":"Nelson Feliz","date":"22 de julio de 2026","format":false,"excerpt":"SANTIAGO .- La Asociaci\u00f3n de Mayoristas en Provisiones de Santiago (AMAPROSAN) concluy\u00f3 exitosamente la trig\u00e9sima quinta edici\u00f3n de \"Expo Amaprosan 2026\" , celebrada durante cinco d\u00edas en el Parque Central. La actividad recibi\u00f3 a miles de visitantes de Santiago y de distintas provincias del pa\u00eds, superando la asistencia registrada en\u2026","rel":"","context":"En \u00abECONOM\u00cdA\u00bb","block_context":{"text":"ECONOM\u00cdA","link":"https:\/\/lasprimeras.com.do\/index.php\/category\/economia\/"},"img":{"alt_text":"","src":"https:\/\/i0.wp.com\/lasprimeras.com.do\/wp-content\/uploads\/2026\/07\/AMAPROSAN.jpg?resize=350%2C200&ssl=1","width":350,"height":200,"srcset":"https:\/\/i0.wp.com\/lasprimeras.com.do\/wp-content\/uploads\/2026\/07\/AMAPROSAN.jpg?resize=350%2C200&ssl=1 1x, https:\/\/i0.wp.com\/lasprimeras.com.do\/wp-content\/uploads\/2026\/07\/AMAPROSAN.jpg?resize=525%2C300&ssl=1 1.5x, https:\/\/i0.wp.com\/lasprimeras.com.do\/wp-content\/uploads\/2026\/07\/AMAPROSAN.jpg?resize=700%2C400&ssl=1 2x"},"classes":[]}],"jetpack_sharing_enabled":true,"jetpack_featured_media_url":"https:\/\/lasprimeras.com.do\/wp-content\/uploads\/2023\/06\/amaprosado-solicita-al-gobierno-posponer-implementacion-de-factura-electronica-a-mipymes.jpg","_links":{"self":[{"href":"https:\/\/lasprimeras.com.do\/index.php\/wp-json\/wp\/v2\/posts\/66950","targetHints":{"allow":["GET"]}}],"collection":[{"href":"https:\/\/lasprimeras.com.do\/index.php\/wp-json\/wp\/v2\/posts"}],"about":[{"href":"https:\/\/lasprimeras.com.do\/index.php\/wp-json\/wp\/v2\/types\/post"}],"author":[{"embeddable":true,"href":"https:\/\/lasprimeras.com.do\/index.php\/wp-json\/wp\/v2\/users\/2"}],"replies":[{"embeddable":true,"href":"https:\/\/lasprimeras.com.do\/index.php\/wp-json\/wp\/v2\/comments?post=66950"}],"version-history":[{"count":1,"href":"https:\/\/lasprimeras.com.do\/index.php\/wp-json\/wp\/v2\/posts\/66950\/revisions"}],"predecessor-version":[{"id":66951,"href":"https:\/\/lasprimeras.com.do\/index.php\/wp-json\/wp\/v2\/posts\/66950\/revisions\/66951"}],"wp:featuredmedia":[{"embeddable":true,"href":"https:\/\/lasprimeras.com.do\/index.php\/wp-json\/wp\/v2\/media\/52793"}],"wp:attachment":[{"href":"https:\/\/lasprimeras.com.do\/index.php\/wp-json\/wp\/v2\/media?parent=66950"}],"wp:term":[{"taxonomy":"category","embeddable":true,"href":"https:\/\/lasprimeras.com.do\/index.php\/wp-json\/wp\/v2\/categories?post=66950"},{"taxonomy":"post_tag","embeddable":true,"href":"https:\/\/lasprimeras.com.do\/index.php\/wp-json\/wp\/v2\/tags?post=66950"}],"curies":[{"name":"wp","href":"https:\/\/api.w.org\/{rel}","templated":true}]}}