{"id":66994,"date":"2023-11-12T14:19:08","date_gmt":"2023-11-12T18:19:08","guid":{"rendered":"https:\/\/lasprimeras.com.do\/?p=66994"},"modified":"2023-11-12T14:28:47","modified_gmt":"2023-11-12T18:28:47","slug":"anuncian-en-madrid-construccion-del-primer-vertipuerto-para-autogiro-en-rd","status":"publish","type":"post","link":"https:\/\/lasprimeras.com.do\/index.php\/2023\/11\/12\/anuncian-en-madrid-construccion-del-primer-vertipuerto-para-autogiro-en-rd\/","title":{"rendered":"Anuncian en Madrid construcci\u00f3n del primer vertipuerto para Autogiro en\u00a0 RD"},"content":{"rendered":"\n<p><strong>Empresa espa\u00f1ola ELA Aviaci\u00f3n construir\u00e1 el vertipuerto en las antiguas instalaciones de Helidosa.<\/strong><\/p>\n\n\n\n<p><strong>Madrid.-<\/strong> La empresa espa\u00f1ola ELA Aviaci\u00f3n anunci\u00f3 que dentro de su plan de expansi\u00f3n internacional iniciar\u00e1 en los pr\u00f3ximos meses la construcci\u00f3n del primer vertipuerto para autogiros o giroc\u00f3pteros en la Rep\u00fablica Dominicana.<\/p>\n\n\n\n<p>La encargada de Expansi\u00f3n Internacional de ELA Aviaci\u00f3n, Adriana Campillo, revel\u00f3 que construcci\u00f3n del vertipuerto se realizar\u00e1 en las antiguas instalaciones de HELIDOSA.<\/p>\n\n\n\n<p>Sostuvo que el autogiro es la nueva movilidad a\u00e9rea sostenible y servir\u00e1 para marcar un antes y un despu\u00e9s en el desplazamiento a\u00e9reo en Rep\u00fablica Dominicana,<\/p>\n\n\n\n<p>\u201cEstamos aqu\u00ed en el Global Mobility Call presentando al mundo el autogiro, que es la nueva movilidad a\u00e9rea sostenible. Estamos mostrando al mundo que esta es la mejor manera de volar, la m\u00e1s segura y confiable y mucho m\u00e1s amigable con el medio ambiente que otros medios de transporte \u201cindic\u00f3 Adriana Campillo al ser entrevistada por Mois\u00e9s Gonz\u00e1lez del programa Despertar Nacional.<\/p>\n\n\n\n<p>La empresaria espa\u00f1ola sostuvo que ELA Aviaci\u00f3n es una empresa con 30 a\u00f1os fabricando autogiros con una presencia a nivel global.<\/p>\n\n\n\n<p>\u201cEstamos muy contentos con anunciar que dentro de nuestro plan de expansi\u00f3n vamos a tener primer vertipuerto para llevar nuestros autogiros en las antiguas instalaciones de Helidosa, en un pa\u00eds tan incre\u00edble como lo es la Rep\u00fablica Dominicana\u201d, resalt\u00f3.<\/p>\n\n\n\n<p>Adriana Campillo indic\u00f3 que est\u00e1 convencida de que el autogiro ser\u00e1 un \u00e9xito en la Rep\u00fablica Dominicana por el potencial tur\u00edstico de ese pa\u00eds caribe\u00f1o y por el m\u00faltiple uso que se le puede brindar.<\/p>\n\n\n\n<p>\u201cEl autogiro es una aeronave muy vers\u00e1til, muy perfecta para vuelos tur\u00edsticos, para patrullaje a\u00e9reo, para uso privado, para uso gubernamental, es muy eficiente y econ\u00f3mica de usar y lo m\u00e1s importante, que es muy segura y muy f\u00e1cil de aprender a volar\u201d ELA Aviaci\u00f3n nace hace unos 30 a\u00f1os, y vende a 47 pa\u00edses por el mundo entero y llevamos m\u00e1s de 1.200 unidades vendidas.<\/p>\n\n\n\n<p><strong>Sobre el Global Mobility Call<\/strong><\/p>\n\n\n\n<p>El congreso Global Mobility Call de movilidad sostenible, organizada por Ifema Madrid y Smobhub, del 24 al 25 de octubre cerr\u00f3 su segunda edici\u00f3n con 8.000 visitantes, un 42 % m\u00e1s que el a\u00f1o pasado, en un encuentro que ha reunido a 500 conferenciantes y en el que se han discutido de diversos temas en 120 mesas y encuentros multisectoriales.<\/p>\n\n\n\n<p>En la Rep\u00fablica Dominicana varias empresas est\u00e1n impulsando la movilidad sostenible tales como AES Dominicana, Evergo, Zero Emisi\u00f3n RD.<\/p>\n\n\n\n<figure class=\"wp-block-embed is-type-video is-provider-youtube wp-block-embed-youtube wp-embed-aspect-16-9 wp-has-aspect-ratio\"><div class=\"wp-block-embed__wrapper\">\n<iframe title=\"Anuncian en Madrid construcci\u00f3n del primer vertipuerto para Autogiro en  RD\" width=\"500\" height=\"281\" src=\"https:\/\/www.youtube.com\/embed\/uWAGveHISlc?feature=oembed\" frameborder=\"0\" allow=\"accelerometer; autoplay; clipboard-write; encrypted-media; gyroscope; picture-in-picture; web-share\" referrerpolicy=\"strict-origin-when-cross-origin\" allowfullscreen><\/iframe>\n<\/div><\/figure>\n","protected":false},"excerpt":{"rendered":"<p>Empresa espa\u00f1ola ELA Aviaci\u00f3n construir\u00e1 el vertipuerto en las antiguas instalaciones de Helidosa. Madrid.- La empresa espa\u00f1ola ELA Aviaci\u00f3n anunci\u00f3 que dentro de su plan de expansi\u00f3n internacional iniciar\u00e1 en&hellip;<\/p>\n","protected":false},"author":2,"featured_media":66995,"comment_status":"open","ping_status":"open","sticky":false,"template":"","format":"standard","meta":{"content-type":"","jetpack_post_was_ever_published":false,"_jetpack_newsletter_access":"","_jetpack_dont_email_post_to_subs":false,"_jetpack_newsletter_tier_id":0,"_jetpack_memberships_contains_paywalled_content":false,"_jetpack_memberships_contains_paid_content":false,"footnotes":""},"categories":[25],"tags":[9374,970,670,1226,9373],"class_list":["post-66994","post","type-post","status-publish","format-standard","has-post-thumbnail","hentry","category-portada","tag-autogiro","tag-construccion","tag-madrid","tag-republica-dominicana","tag-vertipuerto"],"jetpack_featured_media_url":"https:\/\/lasprimeras.com.do\/wp-content\/uploads\/2023\/11\/ELA.jpg","jetpack-related-posts":[{"id":107928,"url":"https:\/\/lasprimeras.com.do\/index.php\/2025\/09\/01\/abinader-presenta-logros-que-consolidan-rd-como-hub-aereo-y-logistico-a-nivel-regional\/","url_meta":{"origin":66994,"position":0},"title":"Abinader presenta logros que consolidan RD como hub a\u00e9reo y log\u00edstico a nivel regional","author":"Nelson Feliz","date":"1 de septiembre de 2025","format":false,"excerpt":"RD es segundo pa\u00eds con mayor \u00edndice de conectividad a\u00e9rea en Latinoam\u00e9rica pasando de 878 a 1,096 rutas a\u00e9reas operadas entre 2020-2025 Se proyecta que la aviaci\u00f3n genere: US$15 mil millones en ingresos directos e indirectos; un 11% del PIB de aporte en vinculaci\u00f3n con el turismo para fines de\u2026","rel":"","context":"En \u00abECONOM\u00cdA\u00bb","block_context":{"text":"ECONOM\u00cdA","link":"https:\/\/lasprimeras.com.do\/index.php\/category\/economia\/"},"img":{"alt_text":"","src":"https:\/\/i0.wp.com\/lasprimeras.com.do\/wp-content\/uploads\/2025\/09\/Luis-Abinader-1.jpg?resize=350%2C200&ssl=1","width":350,"height":200,"srcset":"https:\/\/i0.wp.com\/lasprimeras.com.do\/wp-content\/uploads\/2025\/09\/Luis-Abinader-1.jpg?resize=350%2C200&ssl=1 1x, https:\/\/i0.wp.com\/lasprimeras.com.do\/wp-content\/uploads\/2025\/09\/Luis-Abinader-1.jpg?resize=525%2C300&ssl=1 1.5x, https:\/\/i0.wp.com\/lasprimeras.com.do\/wp-content\/uploads\/2025\/09\/Luis-Abinader-1.jpg?resize=700%2C400&ssl=1 2x"},"classes":[]},{"id":120906,"url":"https:\/\/lasprimeras.com.do\/index.php\/2026\/01\/29\/rd-promueve-la-liberalizacion-aerea-y-el-fortalecimiento-de-la-carga-en-foro-internacional-en-la-india\/","url_meta":{"origin":66994,"position":1},"title":"RD promueve la liberalizaci\u00f3n a\u00e9rea y el fortalecimiento de la carga en foro internacional en la India","author":"Nelson Feliz","date":"29 de enero de 2026","format":false,"excerpt":"Hyderabad, India.- En la Conferencia Wings India 2026, el presidente de la Junta de Aviaci\u00f3n Civil de la Rep\u00fablica Dominicana (JAC), llam\u00f3 a impulsar pol\u00edticas de cielos abiertos y a otorgar mayor protagonismo al transporte a\u00e9reo de carga, al destacar su papel estrat\u00e9gico como habilitador del comercio y del desarrollo\u2026","rel":"","context":"En \u00abINTERNACIONALES\u00bb","block_context":{"text":"INTERNACIONALES","link":"https:\/\/lasprimeras.com.do\/index.php\/category\/sin-categoria\/internacionales\/"},"img":{"alt_text":"","src":"https:\/\/i0.wp.com\/lasprimeras.com.do\/wp-content\/uploads\/2026\/01\/IMG-20260129-WA0238.jpg?resize=350%2C200&ssl=1","width":350,"height":200,"srcset":"https:\/\/i0.wp.com\/lasprimeras.com.do\/wp-content\/uploads\/2026\/01\/IMG-20260129-WA0238.jpg?resize=350%2C200&ssl=1 1x, https:\/\/i0.wp.com\/lasprimeras.com.do\/wp-content\/uploads\/2026\/01\/IMG-20260129-WA0238.jpg?resize=525%2C300&ssl=1 1.5x, https:\/\/i0.wp.com\/lasprimeras.com.do\/wp-content\/uploads\/2026\/01\/IMG-20260129-WA0238.jpg?resize=700%2C400&ssl=1 2x, https:\/\/i0.wp.com\/lasprimeras.com.do\/wp-content\/uploads\/2026\/01\/IMG-20260129-WA0238.jpg?resize=1050%2C600&ssl=1 3x"},"classes":[]},{"id":120528,"url":"https:\/\/lasprimeras.com.do\/index.php\/2026\/01\/25\/rd-registra-cifras-historicas-en-turismo-y-aviacion-civil-desde-2020\/","url_meta":{"origin":66994,"position":2},"title":"RD registra cifras hist\u00f3ricas en turismo y aviaci\u00f3n civil desde 2020","author":"Nelson Feliz","date":"25 de enero de 2026","format":false,"excerpt":"Igor Rodr\u00edguez Dur\u00e1n","rel":"","context":"En \u00abTURISMO\u00bb","block_context":{"text":"TURISMO","link":"https:\/\/lasprimeras.com.do\/index.php\/category\/turismo\/"},"img":{"alt_text":"Igor Rodr\u00edguez Dur\u00e1n","src":"https:\/\/i0.wp.com\/lasprimeras.com.do\/wp-content\/uploads\/2026\/01\/Igor-Rodriguez-Duran.jpg?resize=350%2C200&ssl=1","width":350,"height":200,"srcset":"https:\/\/i0.wp.com\/lasprimeras.com.do\/wp-content\/uploads\/2026\/01\/Igor-Rodriguez-Duran.jpg?resize=350%2C200&ssl=1 1x, https:\/\/i0.wp.com\/lasprimeras.com.do\/wp-content\/uploads\/2026\/01\/Igor-Rodriguez-Duran.jpg?resize=525%2C300&ssl=1 1.5x, https:\/\/i0.wp.com\/lasprimeras.com.do\/wp-content\/uploads\/2026\/01\/Igor-Rodriguez-Duran.jpg?resize=700%2C400&ssl=1 2x"},"classes":[]},{"id":114092,"url":"https:\/\/lasprimeras.com.do\/index.php\/2025\/11\/10\/abinader-dice-sin-conectividad-aerea-no-hay-exito-en-turismo\/","url_meta":{"origin":66994,"position":3},"title":"Abinader dice \u201csin conectividad a\u00e9rea no hay \u00e9xito en turismo\u201d","author":"Nelson Feliz","date":"10 de noviembre de 2025","format":false,"excerpt":"Presidente reitera firme posici\u00f3n de RD como referente regional en aviaci\u00f3n civil. Organizaci\u00f3n Internacional de Aviaci\u00f3n Civil hace un llamado a pa\u00edses miembros para imitar la pol\u00edtica de liberalizaci\u00f3n que existe en la Rep\u00fablica Dominicana. El presidente Luis Abinader reiter\u00f3 que la aviaci\u00f3n civil de la Rep\u00fablica Dominicana es referente\u2026","rel":"","context":"En \u00abPORTADA\u00bb","block_context":{"text":"PORTADA","link":"https:\/\/lasprimeras.com.do\/index.php\/category\/portada\/"},"img":{"alt_text":"","src":"https:\/\/i0.wp.com\/lasprimeras.com.do\/wp-content\/uploads\/2025\/11\/Luis-Abinader-3.jpg?resize=350%2C200&ssl=1","width":350,"height":200,"srcset":"https:\/\/i0.wp.com\/lasprimeras.com.do\/wp-content\/uploads\/2025\/11\/Luis-Abinader-3.jpg?resize=350%2C200&ssl=1 1x, https:\/\/i0.wp.com\/lasprimeras.com.do\/wp-content\/uploads\/2025\/11\/Luis-Abinader-3.jpg?resize=525%2C300&ssl=1 1.5x, https:\/\/i0.wp.com\/lasprimeras.com.do\/wp-content\/uploads\/2025\/11\/Luis-Abinader-3.jpg?resize=700%2C400&ssl=1 2x"},"classes":[]},{"id":74825,"url":"https:\/\/lasprimeras.com.do\/index.php\/2024\/01\/26\/turismo-construira-el-malecon-de-pedernales\/","url_meta":{"origin":66994,"position":4},"title":"Turismo construir\u00e1 el Malec\u00f3n de Pedernales","author":"Nelson Feliz","date":"26 de enero de 2024","format":false,"excerpt":"David Collado explic\u00f3 que el retraso de la construcci\u00f3n del malec\u00f3n se debi\u00f3 a una litis, y que ya se convoc\u00f3 a una nueva licitaci\u00f3n. La construcci\u00f3n del malec\u00f3n de la provincia de Pedernales se encuentra en un proceso de licitaci\u00f3n, por lo que inmediatamente culmine esa etapa el Ministerio\u2026","rel":"","context":"En \u00abPORTADA\u00bb","block_context":{"text":"PORTADA","link":"https:\/\/lasprimeras.com.do\/index.php\/category\/portada\/"},"img":{"alt_text":"David Collado","src":"https:\/\/i0.wp.com\/lasprimeras.com.do\/wp-content\/uploads\/2023\/08\/David-Collado.jpg?resize=350%2C200&ssl=1","width":350,"height":200,"srcset":"https:\/\/i0.wp.com\/lasprimeras.com.do\/wp-content\/uploads\/2023\/08\/David-Collado.jpg?resize=350%2C200&ssl=1 1x, https:\/\/i0.wp.com\/lasprimeras.com.do\/wp-content\/uploads\/2023\/08\/David-Collado.jpg?resize=525%2C300&ssl=1 1.5x, https:\/\/i0.wp.com\/lasprimeras.com.do\/wp-content\/uploads\/2023\/08\/David-Collado.jpg?resize=700%2C400&ssl=1 2x"},"classes":[]},{"id":99593,"url":"https:\/\/lasprimeras.com.do\/index.php\/2025\/05\/23\/reducen-vuelos-aeropuerto-newark-hasta-octubre-por-retrasos-y-fallas-de-equipos-dominicanos-se-afectarian\/","url_meta":{"origin":66994,"position":5},"title":"Reducen vuelos aeropuerto Newark hasta octubre por retrasos y fallas de equipos; dominicanos se afectar\u00edan","author":"Nelson Feliz","date":"23 de mayo de 2025","format":false,"excerpt":"Por Ram\u00f3n Mercedes NUEVA JERSEY.- La Administraci\u00f3n Federal de Aviaci\u00f3n (FAA) de los Estados Unidos orden\u00f3 en esta semana reducir los vuelos a\u00e9reos en el Aeropuerto Internacional Newark, Nueva Jersey, hasta final del pr\u00f3ximo mes de octubre. La medida es por fallas de equipos, la construcci\u00f3n de pista, la escasez\u2026","rel":"","context":"En \u00abINTERNACIONALES\u00bb","block_context":{"text":"INTERNACIONALES","link":"https:\/\/lasprimeras.com.do\/index.php\/category\/sin-categoria\/internacionales\/"},"img":{"alt_text":"Reducen vuelos aeropuerto Newark hasta octubre por retrasos","src":"https:\/\/i0.wp.com\/lasprimeras.com.do\/wp-content\/uploads\/2025\/05\/WhatsApp-Image-2025-05-23-at-6.44.52-AM-3.jpeg?resize=350%2C200&ssl=1","width":350,"height":200,"srcset":"https:\/\/i0.wp.com\/lasprimeras.com.do\/wp-content\/uploads\/2025\/05\/WhatsApp-Image-2025-05-23-at-6.44.52-AM-3.jpeg?resize=350%2C200&ssl=1 1x, https:\/\/i0.wp.com\/lasprimeras.com.do\/wp-content\/uploads\/2025\/05\/WhatsApp-Image-2025-05-23-at-6.44.52-AM-3.jpeg?resize=525%2C300&ssl=1 1.5x, https:\/\/i0.wp.com\/lasprimeras.com.do\/wp-content\/uploads\/2025\/05\/WhatsApp-Image-2025-05-23-at-6.44.52-AM-3.jpeg?resize=700%2C400&ssl=1 2x"},"classes":[]}],"jetpack_sharing_enabled":true,"_links":{"self":[{"href":"https:\/\/lasprimeras.com.do\/index.php\/wp-json\/wp\/v2\/posts\/66994","targetHints":{"allow":["GET"]}}],"collection":[{"href":"https:\/\/lasprimeras.com.do\/index.php\/wp-json\/wp\/v2\/posts"}],"about":[{"href":"https:\/\/lasprimeras.com.do\/index.php\/wp-json\/wp\/v2\/types\/post"}],"author":[{"embeddable":true,"href":"https:\/\/lasprimeras.com.do\/index.php\/wp-json\/wp\/v2\/users\/2"}],"replies":[{"embeddable":true,"href":"https:\/\/lasprimeras.com.do\/index.php\/wp-json\/wp\/v2\/comments?post=66994"}],"version-history":[{"count":2,"href":"https:\/\/lasprimeras.com.do\/index.php\/wp-json\/wp\/v2\/posts\/66994\/revisions"}],"predecessor-version":[{"id":66997,"href":"https:\/\/lasprimeras.com.do\/index.php\/wp-json\/wp\/v2\/posts\/66994\/revisions\/66997"}],"wp:featuredmedia":[{"embeddable":true,"href":"https:\/\/lasprimeras.com.do\/index.php\/wp-json\/wp\/v2\/media\/66995"}],"wp:attachment":[{"href":"https:\/\/lasprimeras.com.do\/index.php\/wp-json\/wp\/v2\/media?parent=66994"}],"wp:term":[{"taxonomy":"category","embeddable":true,"href":"https:\/\/lasprimeras.com.do\/index.php\/wp-json\/wp\/v2\/categories?post=66994"},{"taxonomy":"post_tag","embeddable":true,"href":"https:\/\/lasprimeras.com.do\/index.php\/wp-json\/wp\/v2\/tags?post=66994"}],"curies":[{"name":"wp","href":"https:\/\/api.w.org\/{rel}","templated":true}]}}