{"id":66998,"date":"2023-11-12T14:38:21","date_gmt":"2023-11-12T18:38:21","guid":{"rendered":"https:\/\/lasprimeras.com.do\/?p=66998"},"modified":"2023-11-12T14:38:22","modified_gmt":"2023-11-12T18:38:22","slug":"moradores-de-cristo-rey-celebran-y-disfrutan-de-las-instalaciones-que-ofrece-el-cristo-park","status":"publish","type":"post","link":"https:\/\/lasprimeras.com.do\/index.php\/2023\/11\/12\/moradores-de-cristo-rey-celebran-y-disfrutan-de-las-instalaciones-que-ofrece-el-cristo-park\/","title":{"rendered":"Moradores de Cristo Rey celebran y disfrutan de las instalaciones que ofrece el Cristo Park"},"content":{"rendered":"\n<p><strong>El parque fue inaugurado el pasado mi\u00e9rcoles por el presidente Luis Abinader y Fellito Suberv\u00ed, director de la CAASD<\/strong><\/p>\n\n\n\n<p>Decenas de ni\u00f1os, j\u00f3venes, adultos y adultos mayores est\u00e1n disfrutando de las nuevas instalaciones que ofrece el espacio ambiental Cristo Park, inaugurado recientemente por el presidente de la Rep\u00fablica, Luis Abinader y el director general de la Corporaci\u00f3n del Acueducto y Alcantarillado de Santo Domingo (CAASD), Fellito Suberv\u00ed, en la populosa barriada de Cristo Rey.<\/p>\n\n\n\n<p>Residentes del lugar y de zonas cercanas participaron en las diferentes actividades festivas que prepar\u00f3 la instituci\u00f3n durante los d\u00edas posteriores a la apertura oficial, con m\u00fasica en vivo, globos inflables, payasos, juegos deportivos, entretenimiento y, por las noches, un cierre con fuegos artificiales.<\/p>\n\n\n\n<p>Fellito Suberv\u00ed dijo sentirse muy contento de haber resuelto un problema ambiental y de salubridad que afectaba esta \u00e1rea por d\u00e9cadas, sin que ning\u00fan gobierno anterior le diera soluci\u00f3n. \u201cHoy, este espacio degradado es el escenario de un moderno, digno y seguro parque de entretenimiento para el disfrute de toda la familia\u201d.<\/p>\n\n\n\n<p>El funcionario pidi\u00f3 a los comunitarios cuidar el espacio y mantenerlo limpio de desechos s\u00f3lidos para que puedan aprovecharlo siempre. \u201cLe dejamos un parque con todas las herramientas para que se mantenga limpio y aporte a una mejor calidad de vida f\u00edsica y mental de la gente que vive en estos entornos\u201d, precis\u00f3 Fellito.<\/p>\n\n\n\n<p>Cristo Park fue construido encima de la ca\u00f1ada Tiradentes de 1.5 kil\u00f3metros de largo que, por a\u00f1os, fue un nido de v\u00e1ndalos, aguas residuales, basura y escombros, convertido en un atractivo parque para la posteridad.<\/p>\n\n\n\n<p>Cuenta con canchas de voleibol, basquetbol, soccer, gimnasio, \u00e1reas de juegos infantiles, ciclov\u00eda, glorieta, anfiteatro, vivero, destacamento de polic\u00edas, ba\u00f1os y parqueos.<\/p>\n\n\n\n<p>Tambi\u00e9n cuenta con imbornales, cisterna, pozo, aspersores de riego, \u00e1rboles de varias especies y una vista panor\u00e1mica vibrante, compuesta por los asentamientos urbanos de la zona, cuyas fachadas de las casas fueron pintadas en colores que impregnan luz y alegr\u00eda al lugar.<\/p>\n","protected":false},"excerpt":{"rendered":"<p>El parque fue inaugurado el pasado mi\u00e9rcoles por el presidente Luis Abinader y Fellito Suberv\u00ed, director de la CAASD Decenas de ni\u00f1os, j\u00f3venes, adultos y adultos mayores est\u00e1n disfrutando de&hellip;<\/p>\n","protected":false},"author":2,"featured_media":66999,"comment_status":"open","ping_status":"open","sticky":false,"template":"","format":"standard","meta":{"content-type":"","jetpack_post_was_ever_published":false,"_jetpack_newsletter_access":"","_jetpack_dont_email_post_to_subs":false,"_jetpack_newsletter_tier_id":0,"_jetpack_memberships_contains_paywalled_content":false,"_jetpack_memberships_contains_paid_content":false,"footnotes":""},"categories":[84,25],"tags":[9288,2166,9375,2931],"class_list":["post-66998","post","type-post","status-publish","format-standard","has-post-thumbnail","hentry","category-entretenimiento","category-portada","tag-cristo-park","tag-cristo-rey","tag-disfrutan","tag-moradores"],"jetpack_featured_media_url":"https:\/\/lasprimeras.com.do\/wp-content\/uploads\/2023\/11\/Cristo-Park.jpg","jetpack-related-posts":[{"id":91048,"url":"https:\/\/lasprimeras.com.do\/index.php\/2024\/11\/08\/cristo-park-el-espacio-que-le-cambio-la-vida-a-la-gente-de-cristo-rey\/","url_meta":{"origin":66998,"position":0},"title":"Cristo Park, el espacio que le cambi\u00f3 la vida a la gente de Cristo Rey","author":"Nelson Feliz","date":"8 de noviembre de 2024","format":false,"excerpt":"Este parque que combina elementos ambientales y recreativos cumpli\u00f3 su primer a\u00f1o de inaugurado Aunque no se tiene registrada la cantidad de personas que ha disfrutado del Cristo Park en su primer a\u00f1o, lo cierto es que este espacio dej\u00f3 atr\u00e1s 50 a\u00f1os de desidia y abandono en la que\u2026","rel":"","context":"En \u00abNACIONALES\u00bb","block_context":{"text":"NACIONALES","link":"https:\/\/lasprimeras.com.do\/index.php\/category\/nacionales\/"},"img":{"alt_text":"","src":"https:\/\/i0.wp.com\/lasprimeras.com.do\/wp-content\/uploads\/2024\/11\/Fellito-Subervi-7.jpg?resize=350%2C200&ssl=1","width":350,"height":200,"srcset":"https:\/\/i0.wp.com\/lasprimeras.com.do\/wp-content\/uploads\/2024\/11\/Fellito-Subervi-7.jpg?resize=350%2C200&ssl=1 1x, https:\/\/i0.wp.com\/lasprimeras.com.do\/wp-content\/uploads\/2024\/11\/Fellito-Subervi-7.jpg?resize=525%2C300&ssl=1 1.5x, https:\/\/i0.wp.com\/lasprimeras.com.do\/wp-content\/uploads\/2024\/11\/Fellito-Subervi-7.jpg?resize=700%2C400&ssl=1 2x"},"classes":[]},{"id":66661,"url":"https:\/\/lasprimeras.com.do\/index.php\/2023\/11\/08\/abinader-inaugura-cristo-park-en-beneficio-de-mas-de-350-mil-personas\/","url_meta":{"origin":66998,"position":1},"title":"Abinader inaugura \u201cCristo Park\u201d en beneficio de m\u00e1s de 350 mil personas","author":"Nelson Feliz","date":"8 de noviembre de 2023","format":false,"excerpt":"La moderna obra \u00fanica en el pa\u00eds se realiz\u00f3 encima de la Ca\u00f1ada Tiradentes dejando atr\u00e1s las preocupaciones de los moradores del lugar. El presidente de la Rep\u00fablica, Luis Abinader junto al director general de la Corporaci\u00f3n del Acueducto y Alcantarillado de Santo Domingo (CAASD), Felipe Suberv\u00ed (Fellito), dej\u00f3 inaugurado\u2026","rel":"","context":"En \u00abECONOM\u00cdA\u00bb","block_context":{"text":"ECONOM\u00cdA","link":"https:\/\/lasprimeras.com.do\/index.php\/category\/economia\/"},"img":{"alt_text":"Luis Abinader","src":"https:\/\/i0.wp.com\/lasprimeras.com.do\/wp-content\/uploads\/2023\/11\/Luis-Abinader-1.jpg?resize=350%2C200&ssl=1","width":350,"height":200,"srcset":"https:\/\/i0.wp.com\/lasprimeras.com.do\/wp-content\/uploads\/2023\/11\/Luis-Abinader-1.jpg?resize=350%2C200&ssl=1 1x, https:\/\/i0.wp.com\/lasprimeras.com.do\/wp-content\/uploads\/2023\/11\/Luis-Abinader-1.jpg?resize=525%2C300&ssl=1 1.5x, https:\/\/i0.wp.com\/lasprimeras.com.do\/wp-content\/uploads\/2023\/11\/Luis-Abinader-1.jpg?resize=700%2C400&ssl=1 2x"},"classes":[]},{"id":66705,"url":"https:\/\/lasprimeras.com.do\/index.php\/2023\/11\/09\/presidente-inaugura-cristo-park-un-nuevo-parque-ambiental-y-recreativo-en-cristo-rey\/","url_meta":{"origin":66998,"position":2},"title":"Presidente inaugura &#8216;Cristo Park&#8217;, un nuevo parque ambiental y recreativo en Cristo Rey","author":"BIMARY DE JES\u00daS Matos","date":"9 de noviembre de 2023","format":false,"excerpt":"Santo Domingo.-El presidente Luis Abinader, acompa\u00f1ado del director de la Corporaci\u00f3n del Acueducto y Alcantarillado de Santo Domingo (CAASD), Felipe Suberv\u00ed (Fellito), inaugur\u00f3 este mi\u00e9rcoles el parque ambiental y recreativo Cristo Park, en el sector de Cristo Rey, en el Distrito Nacional. Pensado como el \u2018Central Park\u2019 de la ciudad\u2026","rel":"","context":"En \u00abPORTADA\u00bb","block_context":{"text":"PORTADA","link":"https:\/\/lasprimeras.com.do\/index.php\/category\/portada\/"},"img":{"alt_text":"","src":"https:\/\/i0.wp.com\/lasprimeras.com.do\/wp-content\/uploads\/2023\/11\/WhatsApp-Image-2023-11-08-at-2.23.52-PM-2.jpeg?resize=350%2C200&ssl=1","width":350,"height":200,"srcset":"https:\/\/i0.wp.com\/lasprimeras.com.do\/wp-content\/uploads\/2023\/11\/WhatsApp-Image-2023-11-08-at-2.23.52-PM-2.jpeg?resize=350%2C200&ssl=1 1x, https:\/\/i0.wp.com\/lasprimeras.com.do\/wp-content\/uploads\/2023\/11\/WhatsApp-Image-2023-11-08-at-2.23.52-PM-2.jpeg?resize=525%2C300&ssl=1 1.5x"},"classes":[]},{"id":127282,"url":"https:\/\/lasprimeras.com.do\/index.php\/2026\/04\/09\/fellito-subervi-defiende-las-obras-entregadas-desde-la-caasd\/","url_meta":{"origin":66998,"position":3},"title":"Fellito Suberv\u00ed defiende las obras entregadas desde la CAASD","author":"Nelson Feliz","date":"9 de abril de 2026","format":false,"excerpt":"Anunci\u00f3 la intervenci\u00f3n este a\u00f1o de 17 kil\u00f3metros de ca\u00f1adas que sumar\u00edan un total de 63 kil\u00f3metros en el GSD El director general de la Corporaci\u00f3n del Acueducto y Alcantarillado de Santo Domingo (CAASD), Felipe -Fellito- Suberv\u00ed, anuncio este jueves la intervenci\u00f3n de 17 kil\u00f3metros m\u00e1s de ca\u00f1adas, agregados a\u2026","rel":"","context":"En \u00abNACIONALES\u00bb","block_context":{"text":"NACIONALES","link":"https:\/\/lasprimeras.com.do\/index.php\/category\/nacionales\/"},"img":{"alt_text":"Felipe -Fellito- Suberv\u00ed","src":"https:\/\/i0.wp.com\/lasprimeras.com.do\/wp-content\/uploads\/2026\/04\/FELLITO.jpg?resize=350%2C200&ssl=1","width":350,"height":200,"srcset":"https:\/\/i0.wp.com\/lasprimeras.com.do\/wp-content\/uploads\/2026\/04\/FELLITO.jpg?resize=350%2C200&ssl=1 1x, https:\/\/i0.wp.com\/lasprimeras.com.do\/wp-content\/uploads\/2026\/04\/FELLITO.jpg?resize=525%2C300&ssl=1 1.5x, https:\/\/i0.wp.com\/lasprimeras.com.do\/wp-content\/uploads\/2026\/04\/FELLITO.jpg?resize=700%2C400&ssl=1 2x"},"classes":[]},{"id":96321,"url":"https:\/\/lasprimeras.com.do\/index.php\/2025\/03\/29\/fellito-subervi-encabeza-el-gobierno-en-las-provincias-en-el-distrito-nacional\/","url_meta":{"origin":66998,"position":4},"title":"Fellito Suberv\u00ed encabeza \u201cEl Gobierno en las Provincias\u201d en el Distrito Nacional","author":"Nelson Feliz","date":"29 de marzo de 2025","format":false,"excerpt":"El director general de la Corporaci\u00f3n del Acueducto y Alcantarillado de Santo Domingo (CAASD), Felipe \"Fellito\" Suberv\u00ed, encabez\u00f3 la jornada \u201cEl Gobierno en las Provincias\u201d en la circunscripci\u00f3n 2 del Distrito Nacional. Durante la actividad, Suberv\u00ed destac\u00f3 el compromiso del presidente Luis Abinader con una administraci\u00f3n p\u00fablica cada vez m\u00e1s\u2026","rel":"","context":"En \u00abNACIONALES\u00bb","block_context":{"text":"NACIONALES","link":"https:\/\/lasprimeras.com.do\/index.php\/category\/nacionales\/"},"img":{"alt_text":"Fellito Suberv\u00ed","src":"https:\/\/i0.wp.com\/lasprimeras.com.do\/wp-content\/uploads\/2025\/03\/Fellito-Subervi.jpg?resize=350%2C200&ssl=1","width":350,"height":200,"srcset":"https:\/\/i0.wp.com\/lasprimeras.com.do\/wp-content\/uploads\/2025\/03\/Fellito-Subervi.jpg?resize=350%2C200&ssl=1 1x, https:\/\/i0.wp.com\/lasprimeras.com.do\/wp-content\/uploads\/2025\/03\/Fellito-Subervi.jpg?resize=525%2C300&ssl=1 1.5x, https:\/\/i0.wp.com\/lasprimeras.com.do\/wp-content\/uploads\/2025\/03\/Fellito-Subervi.jpg?resize=700%2C400&ssl=1 2x"},"classes":[]},{"id":128742,"url":"https:\/\/lasprimeras.com.do\/index.php\/2026\/04\/26\/fellito-subervi-caasd-pondra-fin-a-inundacion-canada-juan-valdez-en-los-rios\/","url_meta":{"origin":66998,"position":5},"title":"Fellito Suberv\u00ed: CAASD pondr\u00e1 fin a inundaci\u00f3n ca\u00f1ada Juan Valdez en Los R\u00edos","author":"Nelson Feliz","date":"26 de abril de 2026","format":false,"excerpt":"El director de la CAASD concluy\u00f3 este fin de semana un recorrido que abarc\u00f3 los 27.55 kil\u00f3metros de ca\u00f1adas en proceso de saneamiento, donde observ\u00f3 c\u00famulos de basuras en tramos que provocan inundaciones por las obstrucciones de los cauces de estos afluentes. Reitera llamado a la conciencia ciudadana ante impacto\u2026","rel":"","context":"En \u00abNACIONALES\u00bb","block_context":{"text":"NACIONALES","link":"https:\/\/lasprimeras.com.do\/index.php\/category\/nacionales\/"},"img":{"alt_text":"Felipe -Fellito- Suberv\u00ed","src":"https:\/\/i0.wp.com\/lasprimeras.com.do\/wp-content\/uploads\/2026\/04\/Fellito-2.jpg?resize=350%2C200&ssl=1","width":350,"height":200,"srcset":"https:\/\/i0.wp.com\/lasprimeras.com.do\/wp-content\/uploads\/2026\/04\/Fellito-2.jpg?resize=350%2C200&ssl=1 1x, https:\/\/i0.wp.com\/lasprimeras.com.do\/wp-content\/uploads\/2026\/04\/Fellito-2.jpg?resize=525%2C300&ssl=1 1.5x, https:\/\/i0.wp.com\/lasprimeras.com.do\/wp-content\/uploads\/2026\/04\/Fellito-2.jpg?resize=700%2C400&ssl=1 2x"},"classes":[]}],"jetpack_sharing_enabled":true,"_links":{"self":[{"href":"https:\/\/lasprimeras.com.do\/index.php\/wp-json\/wp\/v2\/posts\/66998","targetHints":{"allow":["GET"]}}],"collection":[{"href":"https:\/\/lasprimeras.com.do\/index.php\/wp-json\/wp\/v2\/posts"}],"about":[{"href":"https:\/\/lasprimeras.com.do\/index.php\/wp-json\/wp\/v2\/types\/post"}],"author":[{"embeddable":true,"href":"https:\/\/lasprimeras.com.do\/index.php\/wp-json\/wp\/v2\/users\/2"}],"replies":[{"embeddable":true,"href":"https:\/\/lasprimeras.com.do\/index.php\/wp-json\/wp\/v2\/comments?post=66998"}],"version-history":[{"count":1,"href":"https:\/\/lasprimeras.com.do\/index.php\/wp-json\/wp\/v2\/posts\/66998\/revisions"}],"predecessor-version":[{"id":67000,"href":"https:\/\/lasprimeras.com.do\/index.php\/wp-json\/wp\/v2\/posts\/66998\/revisions\/67000"}],"wp:featuredmedia":[{"embeddable":true,"href":"https:\/\/lasprimeras.com.do\/index.php\/wp-json\/wp\/v2\/media\/66999"}],"wp:attachment":[{"href":"https:\/\/lasprimeras.com.do\/index.php\/wp-json\/wp\/v2\/media?parent=66998"}],"wp:term":[{"taxonomy":"category","embeddable":true,"href":"https:\/\/lasprimeras.com.do\/index.php\/wp-json\/wp\/v2\/categories?post=66998"},{"taxonomy":"post_tag","embeddable":true,"href":"https:\/\/lasprimeras.com.do\/index.php\/wp-json\/wp\/v2\/tags?post=66998"}],"curies":[{"name":"wp","href":"https:\/\/api.w.org\/{rel}","templated":true}]}}