{"id":67010,"date":"2023-11-12T15:31:11","date_gmt":"2023-11-12T19:31:11","guid":{"rendered":"https:\/\/lasprimeras.com.do\/?p=67010"},"modified":"2023-11-12T15:31:11","modified_gmt":"2023-11-12T19:31:11","slug":"abel-presentara-su-plan-de-seguridad-este-martes-el-del-gobierno-fracaso","status":"publish","type":"post","link":"https:\/\/lasprimeras.com.do\/index.php\/2023\/11\/12\/abel-presentara-su-plan-de-seguridad-este-martes-el-del-gobierno-fracaso\/","title":{"rendered":"Abel presentar\u00e1 su plan de seguridad este martes; \u201cEl del Gobierno fracas\u00f3\u201d"},"content":{"rendered":"\n<p>El candidato presidencial del Partido de la Liberaci\u00f3n Dominicana (PLD), Abel Mart\u00ednez, llam\u00f3 a los dominicanos y dominicanas a estar atentos al plan de seguridad que presentar\u00e1 el pr\u00f3ximo martes 14, a las 10 de la ma\u00f1ana, en la Casa Nacional de esa organizaci\u00f3n pol\u00edtica.<\/p>\n\n\n\n<p>El l\u00edder de la oposici\u00f3n se\u00f1al\u00f3 que la seguridad es primordial para el pa\u00eds y que actualmente en la poblaci\u00f3n hay incertidumbre porque la paz ha desaparecido de los hogares.<\/p>\n\n\n\n<p>\u201cLa delincuencia, la criminalidad, los homicidios, la tasa de atracos, cada d\u00eda es mayor. El plan de Abinader, el plan de este Gobierno, ha fracasado; el plan Giuliani, el plan de los tanques de guerra, el de las ruedas de prensa todos los d\u00edas y de las visitas a la Polic\u00eda, todo eso ha fracasado\u201d, declar\u00f3.<\/p>\n\n\n\n<p>Abel Mart\u00ednez adelant\u00f3 que el martes pr\u00f3ximo presentar\u00e1 a la poblaci\u00f3n el plan \u201cTransformaci\u00f3n de la Seguridad\u201d, uno de los cinco ejes de transformaci\u00f3n en el pa\u00eds, que contempla su programa de Gobierno.<\/p>\n\n\n\n<p>\u201cEse es el plan que va a funcionar, porque le daremos de frente a la delincuencia, a la criminalidad, con acciones responsables, concretas, con inteligencia ante la delincuencia, que tiene que ver con muchos factores y eso lo estaremos presentando el pr\u00f3ximo martes\u201d, a\u00f1adi\u00f3 el candidato presidencial.<\/p>\n\n\n\n<p>El anuncio de Abel Mart\u00ednez se transmitir\u00e1 en vivo, a trav\u00e9s del canal de YouTube PLD en l\u00ednea (youtube.com\/@PLDenlinea) y las redes sociales del candidato (linktr.ee\/abel24rd).<\/p>\n\n\n\n<figure class=\"wp-block-embed is-type-rich is-provider-twitter wp-block-embed-twitter\"><div class=\"wp-block-embed__wrapper\">\n<div class=\"embed-twitter\"><blockquote class=\"twitter-tweet\" data-width=\"500\" data-dnt=\"true\"><p lang=\"es\" dir=\"ltr\">Abel llama al pueblo dominicano a estar atento a su plan de seguridad que presentar\u00e1 este martes; \u201cEl del Gobierno fracas\u00f3\u201d. <a href=\"https:\/\/t.co\/hAmmKTme2l\">pic.twitter.com\/hAmmKTme2l<\/a><\/p>&mdash; PLD (@PLDenlinea) <a href=\"https:\/\/twitter.com\/PLDenlinea\/status\/1723718231469224053?ref_src=twsrc%5Etfw\">November 12, 2023<\/a><\/blockquote><script async src=\"https:\/\/platform.twitter.com\/widgets.js\" charset=\"utf-8\"><\/script><\/div>\n<\/div><\/figure>\n","protected":false},"excerpt":{"rendered":"<p>El candidato presidencial del Partido de la Liberaci\u00f3n Dominicana (PLD), Abel Mart\u00ednez, llam\u00f3 a los dominicanos y dominicanas a estar atentos al plan de seguridad que presentar\u00e1 el pr\u00f3ximo martes&hellip;<\/p>\n","protected":false},"author":2,"featured_media":67011,"comment_status":"open","ping_status":"open","sticky":false,"template":"","format":"standard","meta":{"content-type":"","jetpack_post_was_ever_published":false,"_jetpack_newsletter_access":"","_jetpack_dont_email_post_to_subs":false,"_jetpack_newsletter_tier_id":0,"_jetpack_memberships_contains_paywalled_content":false,"_jetpack_memberships_contains_paid_content":false,"footnotes":""},"categories":[25],"tags":[822,9379,171,9378,269],"class_list":["post-67010","post","type-post","status-publish","format-standard","has-post-thumbnail","hentry","category-portada","tag-abel-martinez","tag-fracaso-2","tag-gobierno","tag-plan-de-seguridad","tag-pld"],"jetpack_featured_media_url":"https:\/\/lasprimeras.com.do\/wp-content\/uploads\/2023\/11\/Abel-Martinez.jpg","jetpack-related-posts":[{"id":73685,"url":"https:\/\/lasprimeras.com.do\/index.php\/2024\/01\/15\/abel-martinez-asegura-el-prm-ha-sido-el-gobierno-de-los-fracasos\/","url_meta":{"origin":67010,"position":0},"title":"Abel Mart\u00ednez asegura el PRM ha sido el Gobierno de los fracasos","author":"Nelson Feliz","date":"15 de enero de 2024","format":false,"excerpt":"El candidato presidencial del Partido de la Liberaci\u00f3n Dominicana (PLD), Abel Mart\u00ednez, defini\u00f3 al actual Gobierno del Partido Revolucionario Moderno (PRM) como el mayor fracaso que ha vivido el pa\u00eds. Asegur\u00f3 que sus acciones s\u00f3lo representan retroceso, incertidumbre, inestabilidad, arrabalizaci\u00f3n y p\u00e9rdida en la calidad de vida de los dominicanos.\u2026","rel":"","context":"En \u00abPORTADA\u00bb","block_context":{"text":"PORTADA","link":"https:\/\/lasprimeras.com.do\/index.php\/category\/portada\/"},"img":{"alt_text":"Abel Mart\u00ednez","src":"https:\/\/i0.wp.com\/lasprimeras.com.do\/wp-content\/uploads\/2024\/01\/Abel-Martinez.jpeg?resize=350%2C200&ssl=1","width":350,"height":200,"srcset":"https:\/\/i0.wp.com\/lasprimeras.com.do\/wp-content\/uploads\/2024\/01\/Abel-Martinez.jpeg?resize=350%2C200&ssl=1 1x, https:\/\/i0.wp.com\/lasprimeras.com.do\/wp-content\/uploads\/2024\/01\/Abel-Martinez.jpeg?resize=525%2C300&ssl=1 1.5x, https:\/\/i0.wp.com\/lasprimeras.com.do\/wp-content\/uploads\/2024\/01\/Abel-Martinez.jpeg?resize=700%2C400&ssl=1 2x"},"classes":[]},{"id":118460,"url":"https:\/\/lasprimeras.com.do\/index.php\/2025\/12\/30\/abel-martinez-llama-al-gobierno-a-intervenir-de-urgencia-ante-crisis-de-agua-que-afecta-a-santiago\/","url_meta":{"origin":67010,"position":1},"title":"Abel Mart\u00ednez llama al Gobierno a intervenir de urgencia ante crisis de agua que afecta a Santiago","author":"Nelson Feliz","date":"30 de diciembre de 2025","format":false,"excerpt":"El exalcalde de Santiago, Abel Mart\u00ednez, hizo un llamado urgente al Gobierno central para que intervenga de manera inmediata y directa ante la grave crisis de agua potable que afecta a amplios sectores de la ciudad, tras el colapso de una tuber\u00eda principal en la zona de Sabana Iglesia. Mart\u00ednez,\u2026","rel":"","context":"En \u00abPOLITICA\u00bb","block_context":{"text":"POLITICA","link":"https:\/\/lasprimeras.com.do\/index.php\/category\/politica\/"},"img":{"alt_text":"Abel Mart\u00ednez","src":"https:\/\/i0.wp.com\/lasprimeras.com.do\/wp-content\/uploads\/2025\/12\/Abel-Martinez-1.jpg?resize=350%2C200&ssl=1","width":350,"height":200,"srcset":"https:\/\/i0.wp.com\/lasprimeras.com.do\/wp-content\/uploads\/2025\/12\/Abel-Martinez-1.jpg?resize=350%2C200&ssl=1 1x, https:\/\/i0.wp.com\/lasprimeras.com.do\/wp-content\/uploads\/2025\/12\/Abel-Martinez-1.jpg?resize=525%2C300&ssl=1 1.5x, https:\/\/i0.wp.com\/lasprimeras.com.do\/wp-content\/uploads\/2025\/12\/Abel-Martinez-1.jpg?resize=700%2C400&ssl=1 2x"},"classes":[]},{"id":68804,"url":"https:\/\/lasprimeras.com.do\/index.php\/2023\/11\/27\/abel-martinez-presentara-plan-de-recuperacion-de-la-agropecuaria\/","url_meta":{"origin":67010,"position":2},"title":"Abel Mart\u00ednez presentar\u00e1 plan de recuperaci\u00f3n de la agropecuaria","author":"Nelson Feliz","date":"27 de noviembre de 2023","format":false,"excerpt":"El candidato presidencial del Partido de la Liberaci\u00f3n Dominicana (PLD), Abel Mart\u00ednez, presentar\u00e1 este martes su propuesta para la Transformaci\u00f3n de la Agropecuaria Nacional para hacer frente al descalabro del sector, fruto de las deficiencias del Gobierno y el maltrato a productores, profesionales y labriegos. Desde sus inicios, el gobierno\u2026","rel":"","context":"En \u00abPORTADA\u00bb","block_context":{"text":"PORTADA","link":"https:\/\/lasprimeras.com.do\/index.php\/category\/portada\/"},"img":{"alt_text":"Abel Mart\u00ednez","src":"https:\/\/i0.wp.com\/lasprimeras.com.do\/wp-content\/uploads\/2023\/11\/Abel-Martinez-2-1.jpg?resize=350%2C200&ssl=1","width":350,"height":200,"srcset":"https:\/\/i0.wp.com\/lasprimeras.com.do\/wp-content\/uploads\/2023\/11\/Abel-Martinez-2-1.jpg?resize=350%2C200&ssl=1 1x, https:\/\/i0.wp.com\/lasprimeras.com.do\/wp-content\/uploads\/2023\/11\/Abel-Martinez-2-1.jpg?resize=525%2C300&ssl=1 1.5x, https:\/\/i0.wp.com\/lasprimeras.com.do\/wp-content\/uploads\/2023\/11\/Abel-Martinez-2-1.jpg?resize=700%2C400&ssl=1 2x"},"classes":[]},{"id":111705,"url":"https:\/\/lasprimeras.com.do\/index.php\/2025\/10\/12\/abel-martinez-este-gobierno-llego-como-el-cambio-y-va-a-salir-como-el-fallo\/","url_meta":{"origin":67010,"position":3},"title":"Abel Mart\u00ednez: \u201cEste gobierno lleg\u00f3 como \u201cel cambio\u201d y va a salir como \u201cel fallo\u201d","author":"Nelson Feliz","date":"12 de octubre de 2025","format":false,"excerpt":"El miembro del Comit\u00e9 Politico del Partido de la Liberaci\u00f3n Dominicana (PLD), Abel Martinez, lament\u00f3 la dif\u00edcil situaci\u00f3n que enfrenta el pueblo dominicano como consecuencia de las malas ejecutorias de un gobierno ineficaz e indolente que, se visti\u00f3 de cambio y ha resultado un gran fallo, llevando al pa\u00eds por\u2026","rel":"","context":"En \u00abPOLITICA\u00bb","block_context":{"text":"POLITICA","link":"https:\/\/lasprimeras.com.do\/index.php\/category\/politica\/"},"img":{"alt_text":"","src":"https:\/\/i0.wp.com\/lasprimeras.com.do\/wp-content\/uploads\/2025\/10\/Abel-Martinez-1-1.jpg?resize=350%2C200&ssl=1","width":350,"height":200,"srcset":"https:\/\/i0.wp.com\/lasprimeras.com.do\/wp-content\/uploads\/2025\/10\/Abel-Martinez-1-1.jpg?resize=350%2C200&ssl=1 1x, https:\/\/i0.wp.com\/lasprimeras.com.do\/wp-content\/uploads\/2025\/10\/Abel-Martinez-1-1.jpg?resize=525%2C300&ssl=1 1.5x, https:\/\/i0.wp.com\/lasprimeras.com.do\/wp-content\/uploads\/2025\/10\/Abel-Martinez-1-1.jpg?resize=700%2C400&ssl=1 2x"},"classes":[]},{"id":104644,"url":"https:\/\/lasprimeras.com.do\/index.php\/2025\/07\/25\/abel-martinez-asegura-que-la-mejor-coyuntura-para-el-regreso-del-pld-al-poder-es-ahora\/","url_meta":{"origin":67010,"position":4},"title":"Abel Mart\u00ednez asegura que la mejor coyuntura para el regreso del PLD al poder es ahora","author":"Nelson Feliz","date":"25 de julio de 2025","format":false,"excerpt":"El miembro del Comit\u00e9 Pol\u00edtico del PLD , Abel Mart\u00ednez, considera que, con el reencuentro en 2028 entre el PLD y el pueblo dominicano, se cerrar\u00e1 el paso de las actuales promesas incumplidas, regresando las soluciones reales a los problemas que enfrenta RD.,\u00abLa historia nos da una nueva oportunidad, y\u2026","rel":"","context":"En \u00abPOLITICA\u00bb","block_context":{"text":"POLITICA","link":"https:\/\/lasprimeras.com.do\/index.php\/category\/politica\/"},"img":{"alt_text":"","src":"https:\/\/i0.wp.com\/lasprimeras.com.do\/wp-content\/uploads\/2024\/09\/ABEL-MARTINEZ.jpg?resize=350%2C200&ssl=1","width":350,"height":200,"srcset":"https:\/\/i0.wp.com\/lasprimeras.com.do\/wp-content\/uploads\/2024\/09\/ABEL-MARTINEZ.jpg?resize=350%2C200&ssl=1 1x, https:\/\/i0.wp.com\/lasprimeras.com.do\/wp-content\/uploads\/2024\/09\/ABEL-MARTINEZ.jpg?resize=525%2C300&ssl=1 1.5x, https:\/\/i0.wp.com\/lasprimeras.com.do\/wp-content\/uploads\/2024\/09\/ABEL-MARTINEZ.jpg?resize=700%2C400&ssl=1 2x"},"classes":[]},{"id":67467,"url":"https:\/\/lasprimeras.com.do\/index.php\/2023\/11\/15\/abel-martinez-un-plan-para-vivir-en-paz-en-republica-dominicana\/","url_meta":{"origin":67010,"position":5},"title":"Abel Mart\u00ednez: Un plan para vivir en paz en Rep\u00fablica Dominicana","author":"Nelson Feliz","date":"15 de noviembre de 2023","format":false,"excerpt":"Somos el cuarto pa\u00eds de Am\u00e9rica Latina en crecimiento de la delincuencia, afirma Abel Mart\u00ednez al presentar el Plan de \u00abTransformaci\u00f3n de la Seguridad\u00bb. El candidato presidencial del Partido de la Liberaci\u00f3n Dominicana (PLD), Abel Mart\u00ednez, present\u00f3 su plan de \u00abTransformaci\u00f3n de la Seguridad\u00bb, compuesto por diez puntos para \u00abhacer\u2026","rel":"","context":"En \u00abSin categor\u00eda\u00bb","block_context":{"text":"Sin categor\u00eda","link":"https:\/\/lasprimeras.com.do\/index.php\/category\/sin-categoria\/"},"img":{"alt_text":"Abel Mart\u00ednez","src":"https:\/\/i0.wp.com\/lasprimeras.com.do\/wp-content\/uploads\/2023\/11\/Abel-Martinez-1-1.jpg?resize=350%2C200&ssl=1","width":350,"height":200,"srcset":"https:\/\/i0.wp.com\/lasprimeras.com.do\/wp-content\/uploads\/2023\/11\/Abel-Martinez-1-1.jpg?resize=350%2C200&ssl=1 1x, https:\/\/i0.wp.com\/lasprimeras.com.do\/wp-content\/uploads\/2023\/11\/Abel-Martinez-1-1.jpg?resize=525%2C300&ssl=1 1.5x"},"classes":[]}],"jetpack_sharing_enabled":true,"_links":{"self":[{"href":"https:\/\/lasprimeras.com.do\/index.php\/wp-json\/wp\/v2\/posts\/67010","targetHints":{"allow":["GET"]}}],"collection":[{"href":"https:\/\/lasprimeras.com.do\/index.php\/wp-json\/wp\/v2\/posts"}],"about":[{"href":"https:\/\/lasprimeras.com.do\/index.php\/wp-json\/wp\/v2\/types\/post"}],"author":[{"embeddable":true,"href":"https:\/\/lasprimeras.com.do\/index.php\/wp-json\/wp\/v2\/users\/2"}],"replies":[{"embeddable":true,"href":"https:\/\/lasprimeras.com.do\/index.php\/wp-json\/wp\/v2\/comments?post=67010"}],"version-history":[{"count":1,"href":"https:\/\/lasprimeras.com.do\/index.php\/wp-json\/wp\/v2\/posts\/67010\/revisions"}],"predecessor-version":[{"id":67012,"href":"https:\/\/lasprimeras.com.do\/index.php\/wp-json\/wp\/v2\/posts\/67010\/revisions\/67012"}],"wp:featuredmedia":[{"embeddable":true,"href":"https:\/\/lasprimeras.com.do\/index.php\/wp-json\/wp\/v2\/media\/67011"}],"wp:attachment":[{"href":"https:\/\/lasprimeras.com.do\/index.php\/wp-json\/wp\/v2\/media?parent=67010"}],"wp:term":[{"taxonomy":"category","embeddable":true,"href":"https:\/\/lasprimeras.com.do\/index.php\/wp-json\/wp\/v2\/categories?post=67010"},{"taxonomy":"post_tag","embeddable":true,"href":"https:\/\/lasprimeras.com.do\/index.php\/wp-json\/wp\/v2\/tags?post=67010"}],"curies":[{"name":"wp","href":"https:\/\/api.w.org\/{rel}","templated":true}]}}