{"id":67024,"date":"2023-11-12T18:01:37","date_gmt":"2023-11-12T22:01:37","guid":{"rendered":"https:\/\/lasprimeras.com.do\/?p=67024"},"modified":"2023-11-12T18:01:38","modified_gmt":"2023-11-12T22:01:38","slug":"the-marvels-se-derrumba-en-taquilla-y-marca-un-nuevo-minimo-para-el-mcu","status":"publish","type":"post","link":"https:\/\/lasprimeras.com.do\/index.php\/2023\/11\/12\/the-marvels-se-derrumba-en-taquilla-y-marca-un-nuevo-minimo-para-el-mcu\/","title":{"rendered":"&#8216;The Marvels&#8217; se derrumba en taquilla y marca un nuevo m\u00ednimo para el MCU"},"content":{"rendered":"\n<p>POR JAKE COYLE<\/p>\n\n\n\n<p>NUEVA YORK (AP) \u2014 Desde \u201cIron Man\u201d de 2008, la m\u00e1quina Marvel ha sido una de las fuerzas m\u00e1s imparables en la historia de la taquilla. Ahora, sin embargo, esa aura de invencibilidad est\u00e1 mostrando signos de desgaste.<\/p>\n\n\n\n<p>La f\u00e1brica de superh\u00e9roes alcanz\u00f3 un nuevo m\u00ednimo con el lanzamiento del fin de semana de \u201cThe Marvels\u201d, que se inaugur\u00f3 con s\u00f3lo 47 millones de d\u00f3lares, seg\u00fan estimaciones de los estudios del domingo.<\/p>\n\n\n\n<p>La entrega n\u00famero 33 del Universo Cinematogr\u00e1fico de Marvel, una secuela de \u201cCapitana Marvel\u201d dirigida por Brie Larson de 2019, administr\u00f3 menos de un tercio de los 153,4 millones de d\u00f3lares con los que lanz\u00f3 su predecesor antes de recaudar finalmente 1.130 millones de d\u00f3lares en todo el mundo.<\/p>\n\n\n\n<p>Se supone que las secuelas, especialmente en Marvel Land, no deben caer por un precipicio.<\/p>\n\n\n\n<p>Sin embargo, \u201cThe Marvels\u201d debut\u00f3 con m\u00e1s de 100 millones de d\u00f3lares menos que \u201cCaptain Marvel\u201d, algo que ninguna secuela antes hab\u00eda hecho. David A. Gross, que dirige la consultora cinematogr\u00e1fica Franchise Research Entertainment, lo calific\u00f3 como \u201cun colapso de taquilla de Marvel sin precedentes\u201d.<\/p>\n\n\n\n<p>El m\u00ednimo anterior para una pel\u00edcula de Marvel propiedad de Walt Disney Co. fue \u201cAnt-Man\u201d, que recaud\u00f3 57,2 millones de d\u00f3lares en 2015.<\/p>\n\n\n\n<p>De lo contrario, hay que salir del MCU de Disney para encontrar un comienzo tan lento para una pel\u00edcula de Marvel: estrenos como \u201cEl Incre\u00edble Hulk\u201d de Universal con 55,4 millones de d\u00f3lares en 2008, \u201cMorbius\u201d de Sony con 39 millones de d\u00f3lares en 2022 o el reinicio de \u201cLos Cuatro Fant\u00e1sticos\u201d de 20th Century Fox con 25,6 millones de d\u00f3lares en 2015.<\/p>\n\n\n\n<p>Pero \u201cThe Marvels\u201d fue una secuela de m\u00e1s de 200 millones de d\u00f3lares de un \u00e9xito de taquilla de mil millones de d\u00f3lares. Tambi\u00e9n fue un lanzamiento de Marvel excepcional en muchos sentidos. La pel\u00edcula, dirigida por Nia DaCosta, fue el primer estreno del MCU dirigido por una mujer negra. Tambi\u00e9n fue la rara pel\u00edcula de Marvel dirigida por tres mujeres: Larson, Teyonah Parris e Iman Vellani.<\/p>\n\n\n\n<p>Las cr\u00edticas no fueron s\u00f3lidas (62% nuevas en Rotten Tomatoes) y tampoco lo fue la reacci\u00f3n de la audiencia. \u201cThe Marvels\u201d es apenas el tercer estreno del MCU que recibe una calificaci\u00f3n CinemaScore \u201cB\u201d de los cin\u00e9filos, despu\u00e9s de \u201cEternals\u201d y \u201cAnt-Man and the Wasp: Quantamania\u201d.<\/p>\n\n\n\n<p>\u201cThe Marvels\u201d, que sum\u00f3 63,3 millones de d\u00f3lares en ventas de entradas en el extranjero, puede convertirse en un punto de inflexi\u00f3n en el MCU. A lo largo de los a\u00f1os, la franquicia ha recaudado 33.000 millones de d\u00f3lares a nivel mundial, un punto que Disney destac\u00f3 al informar sus ingresos brutos el domingo.<\/p>\n\n\n\n<p>Pero con las pantallas de cine y las plataformas de streaming cada vez m\u00e1s repletas de pel\u00edculas y series de superh\u00e9roes, algunos analistas han detectado una nueva fatiga en el p\u00fablico.<\/p>\n\n\n\n<p>El propio director ejecutivo de Disney, Bob Iger, ha hablado de una posible sobresaturaci\u00f3n de Marvel.<\/p>\n\n\n\n<p>&#8220;Durante los \u00faltimos tres a\u00f1os y medio, el crecimiento del g\u00e9nero se ha detenido&#8221;, escribi\u00f3 Gross en un bolet\u00edn informativo el domingo.<\/p>\n\n\n\n<p>De cualquier manera, algo est\u00e1 cambiando para los superh\u00e9roes. La corona de taquilla de este a\u00f1o parece asegurada para &#8220;Barbie&#8221;, el mayor \u00e9xito del a\u00f1o con m\u00e1s de 1.400 millones de d\u00f3lares en todo el mundo para Warner Bros.<\/p>\n\n\n\n<p>Marvel todav\u00eda ha producido \u00e9xitos recientes. \u201cGuardianes de la Galaxia Vol. 3\u201d se lanz\u00f3 este verano con 118 millones de d\u00f3lares antes de finalmente recaudar 845,6 millones de d\u00f3lares en todo el mundo.<\/p>\n\n\n\n<p>\u201cSpider-Man: Across the Spider-Verse\u201d de Sony recaud\u00f3 690,5 millones de d\u00f3lares a nivel mundial y, tras excelentes cr\u00edticas, se espera que sea una candidata al Oscar.<\/p>\n\n\n\n<p>La huelga de actores tampoco le hizo ning\u00fan favor a \u201cThe Marvels\u201d. Al elenco de la pel\u00edcula no se le permiti\u00f3 promocionar la pel\u00edcula hasta que la huelga fue cancelada el mi\u00e9rcoles por la noche cuando SAG-AFTRA y los estudios llegaron a un acuerdo.<\/p>\n\n\n\n<p>Larson y compa\u00f1\u00eda r\u00e1pidamente saltaron a las redes sociales e hicieron apariciones sorpresa en los cines. Y Larson apareci\u00f3 como invitado en \u201cThe Tonight Show\u201d el viernes.<\/p>\n","protected":false},"excerpt":{"rendered":"<p>POR JAKE COYLE NUEVA YORK (AP) \u2014 Desde \u201cIron Man\u201d de 2008, la m\u00e1quina Marvel ha sido una de las fuerzas m\u00e1s imparables en la historia de la taquilla. Ahora,&hellip;<\/p>\n","protected":false},"author":2,"featured_media":67025,"comment_status":"open","ping_status":"open","sticky":false,"template":"","format":"standard","meta":{"content-type":"","jetpack_post_was_ever_published":false,"_jetpack_newsletter_access":"","_jetpack_dont_email_post_to_subs":false,"_jetpack_newsletter_tier_id":0,"_jetpack_memberships_contains_paywalled_content":false,"_jetpack_memberships_contains_paid_content":false,"footnotes":""},"categories":[84],"tags":[9391,5400,9392,218,9389,9390],"class_list":["post-67024","post","type-post","status-publish","format-standard","has-post-thumbnail","hentry","category-entretenimiento","tag-derrumba","tag-marca","tag-mcu","tag-minimo","tag-taquilla","tag-the-marvels"],"jetpack_featured_media_url":"https:\/\/lasprimeras.com.do\/wp-content\/uploads\/2023\/11\/The-Marvels.jpg","jetpack-related-posts":[{"id":108485,"url":"https:\/\/lasprimeras.com.do\/index.php\/2025\/09\/07\/nueva-entrega-de-el-conjuro-lidera-la-taquilla-para-el-genero-de-terror\/","url_meta":{"origin":67024,"position":0},"title":"Nueva entrega de \u201cEl Conjuro\u201d lidera la taquilla para el g\u00e9nero de terror","author":"Nelson Feliz","date":"7 de septiembre de 2025","format":false,"excerpt":"POR ITZEL LUNA LOS \u00c1NGELES (AP) \u2014 Es el a\u00f1o del horror y \u201cEl Conjuro\u201d no fue la excepci\u00f3n. El fin de semana que se estren\u00f3 \u201cThe Conjuring: Last Rites\u201d llev\u00f3 al g\u00e9nero a superar los 1.000 millones de d\u00f3lares en ganancias en la taquilla norteamericana de este a\u00f1o. La\u2026","rel":"","context":"En \u00abENTRETENIMIENTO\u00bb","block_context":{"text":"ENTRETENIMIENTO","link":"https:\/\/lasprimeras.com.do\/index.php\/category\/entretenimiento\/"},"img":{"alt_text":"","src":"https:\/\/i0.wp.com\/lasprimeras.com.do\/wp-content\/uploads\/2025\/09\/CONJURO.jpg?resize=350%2C200&ssl=1","width":350,"height":200,"srcset":"https:\/\/i0.wp.com\/lasprimeras.com.do\/wp-content\/uploads\/2025\/09\/CONJURO.jpg?resize=350%2C200&ssl=1 1x, https:\/\/i0.wp.com\/lasprimeras.com.do\/wp-content\/uploads\/2025\/09\/CONJURO.jpg?resize=525%2C300&ssl=1 1.5x, https:\/\/i0.wp.com\/lasprimeras.com.do\/wp-content\/uploads\/2025\/09\/CONJURO.jpg?resize=700%2C400&ssl=1 2x"},"classes":[]},{"id":78689,"url":"https:\/\/lasprimeras.com.do\/index.php\/2024\/03\/19\/kung-fu-panda-4-primer-lugar-de-las-taquillas\/","url_meta":{"origin":67024,"position":1},"title":"\u201cKung fu panda 4\u201d, primer lugar de las taquillas","author":"BIMARY DE JES\u00daS Matos","date":"19 de marzo de 2024","format":false,"excerpt":"\u201cKung fu panda 4\u201d se mantuvo en el primer lugar de las taquillas en los cines de Norteam\u00e9rica en su segundo fin de semana de estreno. La pel\u00edcula de Universal y DreamWorks Animation gan\u00f3 30 millones de d\u00f3lares en ventas de entradas, seg\u00fan estimaciones de los estudios del domingo.","rel":"","context":"En \u00abENTRETENIMIENTO\u00bb","block_context":{"text":"ENTRETENIMIENTO","link":"https:\/\/lasprimeras.com.do\/index.php\/category\/entretenimiento\/"},"img":{"alt_text":"","src":"https:\/\/i0.wp.com\/lasprimeras.com.do\/wp-content\/uploads\/2024\/03\/13_Espectaculos_18_2p01.jpg?resize=350%2C200&ssl=1","width":350,"height":200},"classes":[]},{"id":117106,"url":"https:\/\/lasprimeras.com.do\/index.php\/2025\/12\/07\/five-nights-at-freddys-sigue-impulsando-la-taquilla-en-eeuu\/","url_meta":{"origin":67024,"position":2},"title":"\u201cFive Nights at Freddy\u2019s\u201d sigue impulsando la taquilla en EEUU","author":"Nelson Feliz","date":"7 de diciembre de 2025","format":false,"excerpt":"POR LINDSEY BAHR \u201cFive Nights at Freddy\u2019s\u201d ha impulsado una vez m\u00e1s la taquilla. La secuela se estren\u00f3 en 3.412 cines en Estados Unidos y Canad\u00e1 este fin de semana y super\u00f3 con creces las expectativas con 63 millones de d\u00f3lares en ventas de entradas, seg\u00fan estimaciones del estudio el\u2026","rel":"","context":"En \u00abENTRETENIMIENTO\u00bb","block_context":{"text":"ENTRETENIMIENTO","link":"https:\/\/lasprimeras.com.do\/index.php\/category\/entretenimiento\/"},"img":{"alt_text":"Five Nights at Freddy\u2019s","src":"https:\/\/i0.wp.com\/lasprimeras.com.do\/wp-content\/uploads\/2025\/12\/Five-Nights-at-Freddys.jpg?resize=350%2C200&ssl=1","width":350,"height":200,"srcset":"https:\/\/i0.wp.com\/lasprimeras.com.do\/wp-content\/uploads\/2025\/12\/Five-Nights-at-Freddys.jpg?resize=350%2C200&ssl=1 1x, https:\/\/i0.wp.com\/lasprimeras.com.do\/wp-content\/uploads\/2025\/12\/Five-Nights-at-Freddys.jpg?resize=525%2C300&ssl=1 1.5x, https:\/\/i0.wp.com\/lasprimeras.com.do\/wp-content\/uploads\/2025\/12\/Five-Nights-at-Freddys.jpg?resize=700%2C400&ssl=1 2x"},"classes":[]},{"id":118933,"url":"https:\/\/lasprimeras.com.do\/index.php\/2026\/01\/04\/hollywood-inicia-2026-con-avatar-fire-and-ash-al-tope-de-la-taquilla\/","url_meta":{"origin":67024,"position":3},"title":"Hollywood inicia 2026 con \u201cAvatar: Fire and Ash\u201d al tope de la taquilla","author":"Nelson Feliz","date":"4 de enero de 2026","format":false,"excerpt":"De izq a der: Jamie Flatters, Jemaine Clement, Oona Castilla Chaplin, Sigourney Weaver, Stephen Lang y David Thewlis en el estreno brit\u00e1nico de \u201cAvatar: Fire and Ash\u201d en Londres el 11 de diciembre del 2025. (Scott A Garfitt\/Invision\/AP)","rel":"","context":"En \u00abENTRETENIMIENTO\u00bb","block_context":{"text":"ENTRETENIMIENTO","link":"https:\/\/lasprimeras.com.do\/index.php\/category\/entretenimiento\/"},"img":{"alt_text":"De izq a der: Jamie Flatters, Jemaine Clement, Oona Castilla Chaplin, Sigourney Weaver, Stephen Lang y David Thewlis en el estreno brit\u00e1nico de \u201cAvatar: Fire and Ash\u201d en Londres el 11 de diciembre del 2025. (Scott A Garfitt\/Invision\/AP)","src":"https:\/\/i0.wp.com\/lasprimeras.com.do\/wp-content\/uploads\/2026\/01\/Avatar-Fire-and-Ash.jpg?resize=350%2C200&ssl=1","width":350,"height":200,"srcset":"https:\/\/i0.wp.com\/lasprimeras.com.do\/wp-content\/uploads\/2026\/01\/Avatar-Fire-and-Ash.jpg?resize=350%2C200&ssl=1 1x, https:\/\/i0.wp.com\/lasprimeras.com.do\/wp-content\/uploads\/2026\/01\/Avatar-Fire-and-Ash.jpg?resize=525%2C300&ssl=1 1.5x, https:\/\/i0.wp.com\/lasprimeras.com.do\/wp-content\/uploads\/2026\/01\/Avatar-Fire-and-Ash.jpg?resize=700%2C400&ssl=1 2x"},"classes":[]},{"id":80752,"url":"https:\/\/lasprimeras.com.do\/index.php\/2024\/04\/12\/universal-pictures-muestra-escenas-de-wicked-y-anuncia-five-nights-at-freddys-2\/","url_meta":{"origin":67024,"position":4},"title":"Universal Pictures muestra escenas de &#8216;Wicked&#8217; y anuncia &#8216;Five Nights at Freddy&#8217;s 2&#8217;","author":"BIMARY DE JES\u00daS Matos","date":"12 de abril de 2024","format":false,"excerpt":"Con el polvo asentado tras un gran 2023, ganando la mejor pel\u00edcula y encabezando la taquilla , Universal Pictures mira hacia el futuro. Los pr\u00f3ximos lanzamientos del estudio incluyen la adaptaci\u00f3n a la pantalla grande de \u201cWicked\u201d, \u201cTwisters\u201d y la reci\u00e9n anunciada secuela de \u201cFive Nights at Freddy's\u201d. Universal trajo\u2026","rel":"","context":"En \u00abENTRETENIMIENTO\u00bb","block_context":{"text":"ENTRETENIMIENTO","link":"https:\/\/lasprimeras.com.do\/index.php\/category\/entretenimiento\/"},"img":{"alt_text":"","src":"https:\/\/i0.wp.com\/lasprimeras.com.do\/wp-content\/uploads\/2024\/04\/DANILO-CRUZ-PICHARDO-1-800x500-2.webp?resize=350%2C200&ssl=1","width":350,"height":200,"srcset":"https:\/\/i0.wp.com\/lasprimeras.com.do\/wp-content\/uploads\/2024\/04\/DANILO-CRUZ-PICHARDO-1-800x500-2.webp?resize=350%2C200&ssl=1 1x, https:\/\/i0.wp.com\/lasprimeras.com.do\/wp-content\/uploads\/2024\/04\/DANILO-CRUZ-PICHARDO-1-800x500-2.webp?resize=525%2C300&ssl=1 1.5x"},"classes":[]},{"id":48569,"url":"https:\/\/lasprimeras.com.do\/index.php\/2023\/05\/02\/salario-minimo-de-haiti-se-posiciona-en-unos-116-dolares-sube-un-37-en-medio-de-la-crisis\/","url_meta":{"origin":67024,"position":5},"title":"Salario m\u00ednimo de Hait\u00ed se posiciona en unos 116 d\u00f3lares; sube un 37 % en medio de la crisis","author":"prenxa100","date":"2 de mayo de 2023","format":false,"excerpt":"Hait\u00ed, EFE.-. El salario m\u00ednimo de los trabajadores en Hait\u00ed subi\u00f3 en 2022 un 37 %, en medio de la crisis generalizada que vive este pa\u00eds, el m\u00e1s pobre de Am\u00e9rica, seg\u00fan datos de Oxfam Intermon divulgados este lunes con motivo del D\u00eda de las Personas Trabajadoras. De acuerdo con\u2026","rel":"","context":"En \u00abECONOM\u00cdA\u00bb","block_context":{"text":"ECONOM\u00cdA","link":"https:\/\/lasprimeras.com.do\/index.php\/category\/economia\/"},"img":{"alt_text":"","src":"","width":0,"height":0},"classes":[]}],"jetpack_sharing_enabled":true,"_links":{"self":[{"href":"https:\/\/lasprimeras.com.do\/index.php\/wp-json\/wp\/v2\/posts\/67024","targetHints":{"allow":["GET"]}}],"collection":[{"href":"https:\/\/lasprimeras.com.do\/index.php\/wp-json\/wp\/v2\/posts"}],"about":[{"href":"https:\/\/lasprimeras.com.do\/index.php\/wp-json\/wp\/v2\/types\/post"}],"author":[{"embeddable":true,"href":"https:\/\/lasprimeras.com.do\/index.php\/wp-json\/wp\/v2\/users\/2"}],"replies":[{"embeddable":true,"href":"https:\/\/lasprimeras.com.do\/index.php\/wp-json\/wp\/v2\/comments?post=67024"}],"version-history":[{"count":1,"href":"https:\/\/lasprimeras.com.do\/index.php\/wp-json\/wp\/v2\/posts\/67024\/revisions"}],"predecessor-version":[{"id":67026,"href":"https:\/\/lasprimeras.com.do\/index.php\/wp-json\/wp\/v2\/posts\/67024\/revisions\/67026"}],"wp:featuredmedia":[{"embeddable":true,"href":"https:\/\/lasprimeras.com.do\/index.php\/wp-json\/wp\/v2\/media\/67025"}],"wp:attachment":[{"href":"https:\/\/lasprimeras.com.do\/index.php\/wp-json\/wp\/v2\/media?parent=67024"}],"wp:term":[{"taxonomy":"category","embeddable":true,"href":"https:\/\/lasprimeras.com.do\/index.php\/wp-json\/wp\/v2\/categories?post=67024"},{"taxonomy":"post_tag","embeddable":true,"href":"https:\/\/lasprimeras.com.do\/index.php\/wp-json\/wp\/v2\/tags?post=67024"}],"curies":[{"name":"wp","href":"https:\/\/api.w.org\/{rel}","templated":true}]}}