{"id":67040,"date":"2023-11-12T19:38:18","date_gmt":"2023-11-12T23:38:18","guid":{"rendered":"https:\/\/lasprimeras.com.do\/?p=67040"},"modified":"2023-11-12T19:38:19","modified_gmt":"2023-11-12T23:38:19","slug":"phd-celebra-aniversario-y-proclama-abinader-como-candidato-presidencial","status":"publish","type":"post","link":"https:\/\/lasprimeras.com.do\/index.php\/2023\/11\/12\/phd-celebra-aniversario-y-proclama-abinader-como-candidato-presidencial\/","title":{"rendered":"PHD celebra Aniversario y proclama Abinader como candidato presidencial"},"content":{"rendered":"\n<p>En un emotivo acto, el presidente del Partido Humanista Dominicano (PHD), Ram\u00f3n Emilio Goris Taveras, anunci\u00f3 la celebraci\u00f3n del aniversario de la organizaci\u00f3n pol\u00edtica, coincidiendo con la proclamaci\u00f3n de Luis Abinader como su candidato presidencial para las elecciones del 2024.<\/p>\n\n\n\n<p>Este evento conmemora la determinaci\u00f3n y valent\u00eda de mujeres y hombres que, bajo un pensamiento ideol\u00f3gico y filos\u00f3fico compartido, fundaron el PHD con el objetivo de impulsar cambios hacia una sociedad y modelo de gobierno m\u00e1s justo, \u00e9tico y humano.<\/p>\n\n\n\n<p>La firme determinaci\u00f3n de cambiar el rumbo de la naci\u00f3n hacia el progreso y el desarrollo social ha sido el motor que ha impulsado al partido desde su fundaci\u00f3n.<\/p>\n\n\n\n<p>El PHD se destaca como una pieza vital en la democracia del sistema de partidos en la Rep\u00fablica Dominicana. Representa con firmeza los matices de su significado, basado en una filosof\u00eda de vida que abarca la libertad, \u00e9tica y autonom\u00eda de elegir y ser elegido.<\/p>\n\n\n\n<p>Busca incidir directamente en el desarrollo de la naci\u00f3n, defendiendo los derechos fundamentales de toda persona y promoviendo una sociedad cada d\u00eda m\u00e1s justa.<\/p>\n\n\n\n<p>La celebraci\u00f3n no solo conmemora el aniversario de la fundaci\u00f3n del Partido Humanista Dominicano, sino que tambi\u00e9n destaca la importancia de la democracia, la libertad y el derecho de la organizaci\u00f3n pol\u00edtica a dar pasos para transformar la sociedad desde una \u00f3ptica de justicia y equidad, dentro del sistema democr\u00e1tico dominicano.<\/p>\n\n\n\n<p>El PHD, como pilar y fuente de valores en un sistema pol\u00edtico a menudo carente de principios morales y \u00e9ticos, se compromete a promover una buena pol\u00edtica p\u00fablica y la administraci\u00f3n eficiente de los recursos del estado.<\/p>\n\n\n\n<p>Busca alcanzar metas de desarrollo en cada rinc\u00f3n de la rep\u00fablica, reafirmando su posici\u00f3n como una organizaci\u00f3n cada d\u00eda m\u00e1s fuerte, con un solo norte: un compromiso humano.<\/p>\n\n\n\n<p>Felicidades a todos los humanistas que han contribuido a este camino de ideales y transformaci\u00f3n.<\/p>\n","protected":false},"excerpt":{"rendered":"<p>En un emotivo acto, el presidente del Partido Humanista Dominicano (PHD), Ram\u00f3n Emilio Goris Taveras, anunci\u00f3 la celebraci\u00f3n del aniversario de la organizaci\u00f3n pol\u00edtica, coincidiendo con la proclamaci\u00f3n de Luis&hellip;<\/p>\n","protected":false},"author":2,"featured_media":67041,"comment_status":"open","ping_status":"open","sticky":false,"template":"","format":"standard","meta":{"content-type":"","jetpack_post_was_ever_published":false,"_jetpack_newsletter_access":"","_jetpack_dont_email_post_to_subs":false,"_jetpack_newsletter_tier_id":0,"_jetpack_memberships_contains_paywalled_content":false,"_jetpack_memberships_contains_paid_content":false,"footnotes":""},"categories":[25],"tags":[1320,1526,1304,67,41,2588,7969],"class_list":["post-67040","post","type-post","status-publish","format-standard","has-post-thumbnail","hentry","category-portada","tag-aniversario","tag-candidato","tag-celebra","tag-luis-abinader","tag-phd","tag-presidencial","tag-proclamacion"],"jetpack_featured_media_url":"https:\/\/lasprimeras.com.do\/wp-content\/uploads\/2023\/11\/PHD-1.jpg","jetpack-related-posts":[{"id":66963,"url":"https:\/\/lasprimeras.com.do\/index.php\/2023\/11\/11\/abinader-dice-en-proxima-gestion-profundizaria-el-cambio-en-la-rd\/","url_meta":{"origin":67040,"position":0},"title":"Abinader dice en pr\u00f3xima gesti\u00f3n profundizar\u00eda el \u201ccambio\u201d en la RD","author":"BIMARY DE JES\u00daS Matos","date":"11 de noviembre de 2023","format":false,"excerpt":"Santo Domingo. \u2013 El Partido Humanista Dominicano (PHD),\u00f1 proclam\u00f3 este s\u00e1bado a Luis Abinader como su candidato presidencial para las elecciones de mayo del 2024. Al tomarle el juramento el presidente del PHD, Ramon Emilio Goris, pidi\u00f3 \u201ccuatro a\u00f1os m\u00e1s par profundizar el cambio en todo el sentido de la\u2026","rel":"","context":"En \u00abSin categor\u00eda\u00bb","block_context":{"text":"Sin categor\u00eda","link":"https:\/\/lasprimeras.com.do\/index.php\/category\/sin-categoria\/"},"img":{"alt_text":"","src":"https:\/\/i0.wp.com\/lasprimeras.com.do\/wp-content\/uploads\/2023\/11\/WhatsApp-Image-2023-11-11-at-2.52.50-PM.jpeg?resize=350%2C200&ssl=1","width":350,"height":200,"srcset":"https:\/\/i0.wp.com\/lasprimeras.com.do\/wp-content\/uploads\/2023\/11\/WhatsApp-Image-2023-11-11-at-2.52.50-PM.jpeg?resize=350%2C200&ssl=1 1x, https:\/\/i0.wp.com\/lasprimeras.com.do\/wp-content\/uploads\/2023\/11\/WhatsApp-Image-2023-11-11-at-2.52.50-PM.jpeg?resize=525%2C300&ssl=1 1.5x, https:\/\/i0.wp.com\/lasprimeras.com.do\/wp-content\/uploads\/2023\/11\/WhatsApp-Image-2023-11-11-at-2.52.50-PM.jpeg?resize=700%2C400&ssl=1 2x, https:\/\/i0.wp.com\/lasprimeras.com.do\/wp-content\/uploads\/2023\/11\/WhatsApp-Image-2023-11-11-at-2.52.50-PM.jpeg?resize=1050%2C600&ssl=1 3x, https:\/\/i0.wp.com\/lasprimeras.com.do\/wp-content\/uploads\/2023\/11\/WhatsApp-Image-2023-11-11-at-2.52.50-PM.jpeg?resize=1400%2C800&ssl=1 4x"},"classes":[]},{"id":82008,"url":"https:\/\/lasprimeras.com.do\/index.php\/2024\/04\/27\/ramon-emilio-goris-declara-a-guillermo-como-senador-en-el-phd\/","url_meta":{"origin":67040,"position":1},"title":"Ram\u00f3n Emilio Goris declara a Guillermo como Senador en el PHD","author":"Nelson Feliz","date":"27 de abril de 2024","format":false,"excerpt":"El presidente del Partido Humanista Dominicano (PHD) Ing. Ram\u00f3n Emilio Goris, anunci\u00f3 su respaldo total al Dr. Guillermo Moreno como candidato a Senador por el Distrito Nacional. Goris recibi\u00f3 a Moreno con entusiasmo y en su discurso destac\u00f3 la integridad y el compromiso \u00e9tico del candidato, quien est\u00e1 formalmente inscrito\u2026","rel":"","context":"En \u00abSin categor\u00eda\u00bb","block_context":{"text":"Sin categor\u00eda","link":"https:\/\/lasprimeras.com.do\/index.php\/category\/sin-categoria\/"},"img":{"alt_text":"PHD","src":"https:\/\/i0.wp.com\/lasprimeras.com.do\/wp-content\/uploads\/2024\/04\/PHD.jpg?resize=350%2C200&ssl=1","width":350,"height":200,"srcset":"https:\/\/i0.wp.com\/lasprimeras.com.do\/wp-content\/uploads\/2024\/04\/PHD.jpg?resize=350%2C200&ssl=1 1x, https:\/\/i0.wp.com\/lasprimeras.com.do\/wp-content\/uploads\/2024\/04\/PHD.jpg?resize=525%2C300&ssl=1 1.5x, https:\/\/i0.wp.com\/lasprimeras.com.do\/wp-content\/uploads\/2024\/04\/PHD.jpg?resize=700%2C400&ssl=1 2x"},"classes":[]},{"id":73256,"url":"https:\/\/lasprimeras.com.do\/index.php\/2024\/01\/08\/phd-afirma-que-a-la-politica-hay-que-ponerle-contenido-a-favor-del-electorado\/","url_meta":{"origin":67040,"position":2},"title":"PHD afirma que a la pol\u00edtica hay que ponerle contenido a favor del electorado","author":"Nelson Feliz","date":"8 de enero de 2024","format":false,"excerpt":"El presidente del Partido Humanista Dominicano (PHD), Ram\u00f3n Emilio Goris, sugiri\u00f3 a los candidatos y candidatas a cargos electivos de su organizaci\u00f3n ponerle contenido pol\u00edtico y social a sus planes y propuestas para enriquecer el debate y atraer una mayor participaci\u00f3n de votantes en las pr\u00f3ximas elecciones de febrero y\u2026","rel":"","context":"En \u00abPORTADA\u00bb","block_context":{"text":"PORTADA","link":"https:\/\/lasprimeras.com.do\/index.php\/category\/portada\/"},"img":{"alt_text":"Ram\u00f3n Emilio Goris Taveras","src":"https:\/\/i0.wp.com\/lasprimeras.com.do\/wp-content\/uploads\/2023\/06\/Ramon-Emilio-Goris-Taveras.jpg?resize=350%2C200&ssl=1","width":350,"height":200,"srcset":"https:\/\/i0.wp.com\/lasprimeras.com.do\/wp-content\/uploads\/2023\/06\/Ramon-Emilio-Goris-Taveras.jpg?resize=350%2C200&ssl=1 1x, https:\/\/i0.wp.com\/lasprimeras.com.do\/wp-content\/uploads\/2023\/06\/Ramon-Emilio-Goris-Taveras.jpg?resize=525%2C300&ssl=1 1.5x, https:\/\/i0.wp.com\/lasprimeras.com.do\/wp-content\/uploads\/2023\/06\/Ramon-Emilio-Goris-Taveras.jpg?resize=700%2C400&ssl=1 2x"},"classes":[]},{"id":65128,"url":"https:\/\/lasprimeras.com.do\/index.php\/2023\/10\/25\/phd-llega-acuerdo-con-el-prm\/","url_meta":{"origin":67040,"position":3},"title":"PHD llega acuerdo con el PRM","author":"Nelson Feliz","date":"25 de octubre de 2023","format":false,"excerpt":"\"Hemos llegado a una mayor aproximaci\u00f3n para la posibilidad de una alianza pol\u00edtica con el PRM\", asegura, el dirigente pol\u00edtico. Roberto Moncl\u00fas El presidente del Partido Humanista Dominicano, Ram\u00f3n Emilio Goris Taveras, en un comunicado emitido hoy, ha destacado la importancia de que las actuales autoridades contin\u00faen avanzando en la\u2026","rel":"","context":"En \u00abSin categor\u00eda\u00bb","block_context":{"text":"Sin categor\u00eda","link":"https:\/\/lasprimeras.com.do\/index.php\/category\/sin-categoria\/"},"img":{"alt_text":"Ram\u00f3n Emilio Goris","src":"https:\/\/i0.wp.com\/lasprimeras.com.do\/wp-content\/uploads\/2023\/10\/Ramon-Emilio-Goris-Taveras.jpg?resize=350%2C200&ssl=1","width":350,"height":200,"srcset":"https:\/\/i0.wp.com\/lasprimeras.com.do\/wp-content\/uploads\/2023\/10\/Ramon-Emilio-Goris-Taveras.jpg?resize=350%2C200&ssl=1 1x, https:\/\/i0.wp.com\/lasprimeras.com.do\/wp-content\/uploads\/2023\/10\/Ramon-Emilio-Goris-Taveras.jpg?resize=525%2C300&ssl=1 1.5x, https:\/\/i0.wp.com\/lasprimeras.com.do\/wp-content\/uploads\/2023\/10\/Ramon-Emilio-Goris-Taveras.jpg?resize=700%2C400&ssl=1 2x"},"classes":[]},{"id":63772,"url":"https:\/\/lasprimeras.com.do\/index.php\/2023\/10\/15\/otorgan-poderes-al-phd-para-concerta-alianza-con-cualquier-organizacion-politica\/","url_meta":{"origin":67040,"position":4},"title":"Otorgan poderes al PHD para concerta alianza con cualquier organizaci\u00f3n pol\u00edtica","author":"Nelson Feliz","date":"15 de octubre de 2023","format":false,"excerpt":"PHD celebra convenci\u00f3n y escoge candidatos a cargos electivos para 2024 El Partido Humanista Dominicano (PHD) celebr\u00f3 este domingo su VII Convenci\u00f3n Nacional Extraordinaria donde refrend\u00f3 su pol\u00edtica de alianzas y present\u00f3 sus candidatos a cargos electivos para las elecciones municipales y congresionales del pr\u00f3ximo a\u00f1o, seg\u00fan inform\u00f3 su presidente\u2026","rel":"","context":"En \u00abPORTADA\u00bb","block_context":{"text":"PORTADA","link":"https:\/\/lasprimeras.com.do\/index.php\/category\/portada\/"},"img":{"alt_text":"PHD","src":"https:\/\/i0.wp.com\/lasprimeras.com.do\/wp-content\/uploads\/2023\/10\/PHD-1.jpg?resize=350%2C200&ssl=1","width":350,"height":200,"srcset":"https:\/\/i0.wp.com\/lasprimeras.com.do\/wp-content\/uploads\/2023\/10\/PHD-1.jpg?resize=350%2C200&ssl=1 1x, https:\/\/i0.wp.com\/lasprimeras.com.do\/wp-content\/uploads\/2023\/10\/PHD-1.jpg?resize=525%2C300&ssl=1 1.5x, https:\/\/i0.wp.com\/lasprimeras.com.do\/wp-content\/uploads\/2023\/10\/PHD-1.jpg?resize=700%2C400&ssl=1 2x"},"classes":[]},{"id":54377,"url":"https:\/\/lasprimeras.com.do\/index.php\/2023\/07\/10\/phd-pospone-conocimiento-de-alianza-presidencial\/","url_meta":{"origin":67040,"position":5},"title":"PHD pospone conocimiento de alianza presidencial","author":"Nelson Feliz","date":"10 de julio de 2023","format":false,"excerpt":"El Partido Humanista Dominicano ominicano (PHD) posterg\u00f3 la decisi\u00f3n de conocer la propuesta para posible alianza y selecci\u00f3n del candidatos presidencial que llevar\u00e1 esta organizaci\u00f3n pol\u00edtica de caras a participar en el pr\u00f3ximo torneo electoral de la Rep\u00fablica Dominicana. El presidente del PHD, Ram\u00f3n Emilio Goris , explic\u00f3 que la\u2026","rel":"","context":"En \u00abPORTADA\u00bb","block_context":{"text":"PORTADA","link":"https:\/\/lasprimeras.com.do\/index.php\/category\/portada\/"},"img":{"alt_text":"Ram\u00f3n Emilio Goris Taveras","src":"https:\/\/i0.wp.com\/lasprimeras.com.do\/wp-content\/uploads\/2023\/06\/Ramon-Emilio-Goris-Taveras.jpg?resize=350%2C200&ssl=1","width":350,"height":200,"srcset":"https:\/\/i0.wp.com\/lasprimeras.com.do\/wp-content\/uploads\/2023\/06\/Ramon-Emilio-Goris-Taveras.jpg?resize=350%2C200&ssl=1 1x, https:\/\/i0.wp.com\/lasprimeras.com.do\/wp-content\/uploads\/2023\/06\/Ramon-Emilio-Goris-Taveras.jpg?resize=525%2C300&ssl=1 1.5x, https:\/\/i0.wp.com\/lasprimeras.com.do\/wp-content\/uploads\/2023\/06\/Ramon-Emilio-Goris-Taveras.jpg?resize=700%2C400&ssl=1 2x"},"classes":[]}],"jetpack_sharing_enabled":true,"_links":{"self":[{"href":"https:\/\/lasprimeras.com.do\/index.php\/wp-json\/wp\/v2\/posts\/67040","targetHints":{"allow":["GET"]}}],"collection":[{"href":"https:\/\/lasprimeras.com.do\/index.php\/wp-json\/wp\/v2\/posts"}],"about":[{"href":"https:\/\/lasprimeras.com.do\/index.php\/wp-json\/wp\/v2\/types\/post"}],"author":[{"embeddable":true,"href":"https:\/\/lasprimeras.com.do\/index.php\/wp-json\/wp\/v2\/users\/2"}],"replies":[{"embeddable":true,"href":"https:\/\/lasprimeras.com.do\/index.php\/wp-json\/wp\/v2\/comments?post=67040"}],"version-history":[{"count":1,"href":"https:\/\/lasprimeras.com.do\/index.php\/wp-json\/wp\/v2\/posts\/67040\/revisions"}],"predecessor-version":[{"id":67042,"href":"https:\/\/lasprimeras.com.do\/index.php\/wp-json\/wp\/v2\/posts\/67040\/revisions\/67042"}],"wp:featuredmedia":[{"embeddable":true,"href":"https:\/\/lasprimeras.com.do\/index.php\/wp-json\/wp\/v2\/media\/67041"}],"wp:attachment":[{"href":"https:\/\/lasprimeras.com.do\/index.php\/wp-json\/wp\/v2\/media?parent=67040"}],"wp:term":[{"taxonomy":"category","embeddable":true,"href":"https:\/\/lasprimeras.com.do\/index.php\/wp-json\/wp\/v2\/categories?post=67040"},{"taxonomy":"post_tag","embeddable":true,"href":"https:\/\/lasprimeras.com.do\/index.php\/wp-json\/wp\/v2\/tags?post=67040"}],"curies":[{"name":"wp","href":"https:\/\/api.w.org\/{rel}","templated":true}]}}